{"id":2526,"date":"2013-10-03T07:37:30","date_gmt":"2013-10-03T05:37:30","guid":{"rendered":"http:\/\/www.tafeldeko.de\/news\/?p=2526"},"modified":"2023-02-23T13:05:31","modified_gmt":"2023-02-23T12:05:31","slug":"vasen-fuer-die-ausdrucksstarken-akzente-auf-dem-weihnachtlich-gedeckten-tisch","status":"publish","type":"post","link":"https:\/\/www.tafeldeko.de\/news\/vasen-fuer-die-ausdrucksstarken-akzente-auf-dem-weihnachtlich-gedeckten-tisch\/","title":{"rendered":"Vasen f\u00fcr die ausdrucksstarken Akzente auf dem weihnachtlich gedeckten Tisch"},"content":{"rendered":"<p>Vasen sorgen f\u00fcr die ausdrucksstarken Akzente. Auch wenn es noch einige Monate bis <b>Weihnachten <\/b>sind, die Zeit bis dahin vergeht schnell. In den Superm\u00e4rkten zeigen uns die ersten Lebkuchen und Weihnachtsm\u00e4nner, dass mit dem ankommenden Herbst die Saison f\u00fcr Weihnachten beginnt. Das hei\u00dft, bald nehmen tauschen wir die herbstliche Dekoration gegen die winterlich-weihnachtliche Deko aus, um f\u00fcr die sch\u00f6nen Akzente zu sorgen.<br \/>\nWinterlich-weihnachtliche Dekorationen zeigen sich sehr vielseitig und in verschiedenen Auspr\u00e4gungen. Von schlicht bis hin zu au\u00dfergew\u00f6hnlich und hinrei\u00dfend \u2013 je nachdem welche Accessoires man ausw\u00e4hlt, ist die Wirkung stets eine andere.<br \/>\nDekofiguren, Kunstblumen und <b><a title=\"Kerzen\" href=\"https:\/\/www.tafeldeko.de\/index.php\/cat\/c526_Kerzen---Kerzengl%C3%A4ser.html\">Kerzen<\/a><\/b> geh\u00f6ren zu den Dingen, die eine Tischdekoration perfektionieren und mit den sch\u00f6nen Akzenten versorgen.<\/p>\n<p><img decoding=\"async\" loading=\"lazy\" src=\"https:\/\/www.tafeldeko.de\/news\/wp-content\/uploads\/2014\/09\/vase_perlenkordel.JPG\" sizes=\"(max-width: 365px) 100vw, 365px\" srcset=\"https:\/\/www.tafeldeko.de\/news\/wp-content\/uploads\/2014\/09\/vase_perlenkordel.JPG 365w, https:\/\/www.tafeldeko.de\/news\/wp-content\/uploads\/2014\/09\/vase_perlenkordel-150x150.jpg 150w, https:\/\/www.tafeldeko.de\/news\/wp-content\/uploads\/2014\/09\/vase_perlenkordel-300x300.jpg 300w\" alt=\"Vasen ausdrucksstarke Akzente\" width=\"365\" height=\"365\" \/><\/p>\n<h2>Vasen sorgen f\u00fcr ausdrucksstarken Akzente<\/h2>\n<p>Zu diesen dekorativen Accessoires geh\u00f6rt auch die Vase mit Perlen und Kordel in Wei\u00df, ein echter Hingucker f\u00fcr die Weihnachtszeit. Eine Kombination aus Filz und Kunststoff, verziert mit silbernen Sternen, Muscheln und Perlen verleiht der Vase <b>den tollen Akzent<\/b>. Das Glas der Vase ist leicht marmoriert und das matte Wei\u00df leitet die Verbindung zu Schnee und zur Winterszeit ab. Ein wundervolles Accessoires, mit dem nicht nur die Tischdeko erg\u00e4nzt und versch\u00f6nert werden kann, sondern auch andere Dekorationen. <b><a title=\"Kunstblumen\" href=\"https:\/\/www.tafeldeko.de\/index.php\/cat\/c997_Kunstblumen.html\">Kunstblumen<\/a><\/b> wie Amaryllis, Allium oder Weihnachtssterne kommen in dieser Vase hervorragend zur Geltung.<br \/>\nNicht nur die Tischdeko kann mit einem solchen Vasen-Kunstblumen-Arrangement mit besonderen Effekten versch\u00f6nert werden, auch der Wohnzimmertisch, Schr\u00e4nke oder die Fensterbank. Und gerade zur Weihnachtszeit bieten sich gro\u00dfe Teller oder Schalen als Basis der Deko an, welche dann mit Vasen und Kunstblumen und Tannenzweigen ganz individuell ausgelegt und versch\u00f6nert werden.<br \/>\nGanz gleich, wie man die Vase mit Perlen und Kordel in Wei\u00df platziert und verwendet, sie ist ein <b>echter Blickfang<\/b> und ein toller Hingucker, der jede Art von Deko hervorragend erg\u00e4nzt.<\/p>\n<p><a role=\"button\" href=\"https:\/\/www.tafeldeko.de\/tischdeko-ideen\/weihnachts-tischdeko\/\"><br \/>\n&gt;&gt; Zu den Mustertischen &lt;&lt;<br \/>\n<\/a><\/p>\n<h2>Weitere Beitr\u00e4ge:<\/h2>\n<h2>Dekoartikel von A-Z<\/h2>\n<p><a href=\"https:\/\/www.tafeldeko.de\/tischdeko-artikel\/\"><br \/>\nJetzt entdecken <\/a><\/p>\n","protected":false},"excerpt":{"rendered":"<p>Auch wenn es noch einige Monate bis Weihnachten sind, die Zeit bis dahin vergeht schnell. In den Superm\u00e4rkten zeigen uns die ersten Lebkuchen und Weihnachtsm\u00e4nner, dass mit dem ankommenden Herbst die Saison f\u00fcr Weihnachten beginnt. Das hei\u00dft, bald nehmen tauschen wir die herbstliche Dekoration gegen die winterlich-weihnachtliche Deko aus, um f\u00fcr die sch\u00f6nen Akzente zu sorgen.<br \/>\nWinterlich-weihnachtliche Dekorationen zeigen sich sehr vielseitig und in verschiedenen Auspr\u00e4gungen. Von schlicht bis hin zu au\u00dfergew\u00f6hnlich und hinrei\u00dfend \u2013 je nachdem welche Accessoires man ausw\u00e4hlt, ist die Wirkung stets eine andere.<\/p>\n","protected":false},"author":2,"featured_media":2527,"comment_status":"open","ping_status":"open","sticky":false,"template":"","format":"standard","meta":{"footnotes":""},"categories":[1],"tags":[],"yoast_head":"<!-- This site is optimized with the Yoast SEO plugin v20.4 - https:\/\/yoast.com\/wordpress\/plugins\/seo\/ -->\n<title>Vasen f\u00fcr die ausdrucksstarken Akzente auf dem weihnachtlich gedeckten Tisch - Tafeldeko<\/title>\n<meta name=\"description\" content=\"Vasen sorgen f\u00fcr die ausdrucksstarken Akzente. Winterlich weihnachtliche Tischdekorationen verk\u00f6rpern das gewisse Etwas....\" \/>\n<meta name=\"robots\" content=\"index, follow, max-snippet:-1, max-image-preview:large, max-video-preview:-1\" \/>\n<link rel=\"canonical\" href=\"https:\/\/www.tafeldeko.de\/news\/vasen-fuer-die-ausdrucksstarken-akzente-auf-dem-weihnachtlich-gedeckten-tisch\/\" \/>\n<meta property=\"og:locale\" content=\"de_DE\" \/>\n<meta property=\"og:type\" content=\"article\" \/>\n<meta property=\"og:title\" content=\"Vasen f\u00fcr die ausdrucksstarken Akzente auf dem weihnachtlich gedeckten Tisch - Tafeldeko\" \/>\n<meta property=\"og:description\" content=\"Vasen sorgen f\u00fcr die ausdrucksstarken Akzente. Winterlich weihnachtliche Tischdekorationen verk\u00f6rpern das gewisse Etwas....\" \/>\n<meta property=\"og:url\" content=\"https:\/\/www.tafeldeko.de\/news\/vasen-fuer-die-ausdrucksstarken-akzente-auf-dem-weihnachtlich-gedeckten-tisch\/\" \/>\n<meta property=\"og:site_name\" content=\"Tafeldeko\" \/>\n<meta property=\"article:publisher\" content=\"https:\/\/www.facebook.com\/pages\/Tafeldeko-einzigartige-Tischdekoration\/174202655894\" \/>\n<meta property=\"article:published_time\" content=\"2013-10-03T05:37:30+00:00\" \/>\n<meta property=\"article:modified_time\" content=\"2023-02-23T12:05:31+00:00\" \/>\n<meta property=\"og:image\" content=\"https:\/\/www.tafeldeko.de\/news\/wp-content\/uploads\/2014\/09\/vase_perlenkordel.JPG\" \/>\n\t<meta property=\"og:image:width\" content=\"365\" \/>\n\t<meta property=\"og:image:height\" content=\"365\" \/>\n\t<meta property=\"og:image:type\" content=\"image\/jpeg\" \/>\n<meta name=\"author\" content=\"Christiane Stein\" \/>\n<meta name=\"twitter:label1\" content=\"Verfasst von\" \/>\n\t<meta name=\"twitter:data1\" content=\"Christiane Stein\" \/>\n\t<meta name=\"twitter:label2\" content=\"Gesch\u00e4tzte Lesezeit\" \/>\n\t<meta name=\"twitter:data2\" content=\"2 Minuten\" \/>\n<script type=\"application\/ld+json\" class=\"yoast-schema-graph\">{\"@context\":\"https:\/\/schema.org\",\"@graph\":[{\"@type\":\"WebPage\",\"@id\":\"https:\/\/www.tafeldeko.de\/news\/vasen-fuer-die-ausdrucksstarken-akzente-auf-dem-weihnachtlich-gedeckten-tisch\/\",\"url\":\"https:\/\/www.tafeldeko.de\/news\/vasen-fuer-die-ausdrucksstarken-akzente-auf-dem-weihnachtlich-gedeckten-tisch\/\",\"name\":\"Vasen f\u00fcr die ausdrucksstarken Akzente auf dem weihnachtlich gedeckten Tisch - Tafeldeko\",\"isPartOf\":{\"@id\":\"https:\/\/www.tafeldeko.de\/news\/#website\"},\"datePublished\":\"2013-10-03T05:37:30+00:00\",\"dateModified\":\"2023-02-23T12:05:31+00:00\",\"author\":{\"@id\":\"https:\/\/www.tafeldeko.de\/news\/#\/schema\/person\/d2acd86447ed0b6336089a8ba83164a0\"},\"description\":\"Vasen sorgen f\u00fcr die ausdrucksstarken Akzente. Winterlich weihnachtliche Tischdekorationen verk\u00f6rpern das gewisse Etwas....\",\"breadcrumb\":{\"@id\":\"https:\/\/www.tafeldeko.de\/news\/vasen-fuer-die-ausdrucksstarken-akzente-auf-dem-weihnachtlich-gedeckten-tisch\/#breadcrumb\"},\"inLanguage\":\"de-DE\",\"potentialAction\":[{\"@type\":\"ReadAction\",\"target\":[\"https:\/\/www.tafeldeko.de\/news\/vasen-fuer-die-ausdrucksstarken-akzente-auf-dem-weihnachtlich-gedeckten-tisch\/\"]}]},{\"@type\":\"BreadcrumbList\",\"@id\":\"https:\/\/www.tafeldeko.de\/news\/vasen-fuer-die-ausdrucksstarken-akzente-auf-dem-weihnachtlich-gedeckten-tisch\/#breadcrumb\",\"itemListElement\":[{\"@type\":\"ListItem\",\"position\":1,\"name\":\"Tafeldeko\",\"item\":\"https:\/\/www.tafeldeko.de\/news\/\"},{\"@type\":\"ListItem\",\"position\":2,\"name\":\"Alte Beitr\u00e4ge\",\"item\":\"https:\/\/www.tafeldeko.de\/news\/alte-beitraege\/\"},{\"@type\":\"ListItem\",\"position\":3,\"name\":\"Tischdeko - Blog\",\"item\":\"https:\/\/www.tafeldeko.de\/news\/alte-beitraege\/tischdeko-blog\/\"},{\"@type\":\"ListItem\",\"position\":4,\"name\":\"Vasen f\u00fcr die ausdrucksstarken Akzente auf dem weihnachtlich gedeckten Tisch\"}]},{\"@type\":\"WebSite\",\"@id\":\"https:\/\/www.tafeldeko.de\/news\/#website\",\"url\":\"https:\/\/www.tafeldeko.de\/news\/\",\"name\":\"Tafeldeko\",\"description\":\"Blog mit Tischdeko und Tischdekoration Ideen\",\"potentialAction\":[{\"@type\":\"SearchAction\",\"target\":{\"@type\":\"EntryPoint\",\"urlTemplate\":\"https:\/\/www.tafeldeko.de\/news\/?s={search_term_string}\"},\"query-input\":\"required name=search_term_string\"}],\"inLanguage\":\"de-DE\"},{\"@type\":\"Person\",\"@id\":\"https:\/\/www.tafeldeko.de\/news\/#\/schema\/person\/d2acd86447ed0b6336089a8ba83164a0\",\"name\":\"Christiane Stein\",\"image\":{\"@type\":\"ImageObject\",\"inLanguage\":\"de-DE\",\"@id\":\"https:\/\/www.tafeldeko.de\/news\/#\/schema\/person\/image\/\",\"url\":\"https:\/\/secure.gravatar.com\/avatar\/2054729fbfd1ebc9d3cf1fd55361d0b6?s=96&d=mm&r=g\",\"contentUrl\":\"https:\/\/secure.gravatar.com\/avatar\/2054729fbfd1ebc9d3cf1fd55361d0b6?s=96&d=mm&r=g\",\"caption\":\"Christiane Stein\"}}]}<\/script>\n<!-- \/ Yoast SEO plugin. -->","yoast_head_json":{"title":"Vasen f\u00fcr die ausdrucksstarken Akzente auf dem weihnachtlich gedeckten Tisch - Tafeldeko","description":"Vasen sorgen f\u00fcr die ausdrucksstarken Akzente. Winterlich weihnachtliche Tischdekorationen verk\u00f6rpern das gewisse Etwas....","robots":{"index":"index","follow":"follow","max-snippet":"max-snippet:-1","max-image-preview":"max-image-preview:large","max-video-preview":"max-video-preview:-1"},"canonical":"https:\/\/www.tafeldeko.de\/news\/vasen-fuer-die-ausdrucksstarken-akzente-auf-dem-weihnachtlich-gedeckten-tisch\/","og_locale":"de_DE","og_type":"article","og_title":"Vasen f\u00fcr die ausdrucksstarken Akzente auf dem weihnachtlich gedeckten Tisch - Tafeldeko","og_description":"Vasen sorgen f\u00fcr die ausdrucksstarken Akzente. Winterlich weihnachtliche Tischdekorationen verk\u00f6rpern das gewisse Etwas....","og_url":"https:\/\/www.tafeldeko.de\/news\/vasen-fuer-die-ausdrucksstarken-akzente-auf-dem-weihnachtlich-gedeckten-tisch\/","og_site_name":"Tafeldeko","article_publisher":"https:\/\/www.facebook.com\/pages\/Tafeldeko-einzigartige-Tischdekoration\/174202655894","article_published_time":"2013-10-03T05:37:30+00:00","article_modified_time":"2023-02-23T12:05:31+00:00","og_image":[{"width":365,"height":365,"url":"https:\/\/www.tafeldeko.de\/news\/wp-content\/uploads\/2014\/09\/vase_perlenkordel.JPG","type":"image\/jpeg"}],"author":"Christiane Stein","twitter_misc":{"Verfasst von":"Christiane Stein","Gesch\u00e4tzte Lesezeit":"2 Minuten"},"schema":{"@context":"https:\/\/schema.org","@graph":[{"@type":"WebPage","@id":"https:\/\/www.tafeldeko.de\/news\/vasen-fuer-die-ausdrucksstarken-akzente-auf-dem-weihnachtlich-gedeckten-tisch\/","url":"https:\/\/www.tafeldeko.de\/news\/vasen-fuer-die-ausdrucksstarken-akzente-auf-dem-weihnachtlich-gedeckten-tisch\/","name":"Vasen f\u00fcr die ausdrucksstarken Akzente auf dem weihnachtlich gedeckten Tisch - Tafeldeko","isPartOf":{"@id":"https:\/\/www.tafeldeko.de\/news\/#website"},"datePublished":"2013-10-03T05:37:30+00:00","dateModified":"2023-02-23T12:05:31+00:00","author":{"@id":"https:\/\/www.tafeldeko.de\/news\/#\/schema\/person\/d2acd86447ed0b6336089a8ba83164a0"},"description":"Vasen sorgen f\u00fcr die ausdrucksstarken Akzente. Winterlich weihnachtliche Tischdekorationen verk\u00f6rpern das gewisse Etwas....","breadcrumb":{"@id":"https:\/\/www.tafeldeko.de\/news\/vasen-fuer-die-ausdrucksstarken-akzente-auf-dem-weihnachtlich-gedeckten-tisch\/#breadcrumb"},"inLanguage":"de-DE","potentialAction":[{"@type":"ReadAction","target":["https:\/\/www.tafeldeko.de\/news\/vasen-fuer-die-ausdrucksstarken-akzente-auf-dem-weihnachtlich-gedeckten-tisch\/"]}]},{"@type":"BreadcrumbList","@id":"https:\/\/www.tafeldeko.de\/news\/vasen-fuer-die-ausdrucksstarken-akzente-auf-dem-weihnachtlich-gedeckten-tisch\/#breadcrumb","itemListElement":[{"@type":"ListItem","position":1,"name":"Tafeldeko","item":"https:\/\/www.tafeldeko.de\/news\/"},{"@type":"ListItem","position":2,"name":"Alte Beitr\u00e4ge","item":"https:\/\/www.tafeldeko.de\/news\/alte-beitraege\/"},{"@type":"ListItem","position":3,"name":"Tischdeko - Blog","item":"https:\/\/www.tafeldeko.de\/news\/alte-beitraege\/tischdeko-blog\/"},{"@type":"ListItem","position":4,"name":"Vasen f\u00fcr die ausdrucksstarken Akzente auf dem weihnachtlich gedeckten Tisch"}]},{"@type":"WebSite","@id":"https:\/\/www.tafeldeko.de\/news\/#website","url":"https:\/\/www.tafeldeko.de\/news\/","name":"Tafeldeko","description":"Blog mit Tischdeko und Tischdekoration Ideen","potentialAction":[{"@type":"SearchAction","target":{"@type":"EntryPoint","urlTemplate":"https:\/\/www.tafeldeko.de\/news\/?s={search_term_string}"},"query-input":"required name=search_term_string"}],"inLanguage":"de-DE"},{"@type":"Person","@id":"https:\/\/www.tafeldeko.de\/news\/#\/schema\/person\/d2acd86447ed0b6336089a8ba83164a0","name":"Christiane Stein","image":{"@type":"ImageObject","inLanguage":"de-DE","@id":"https:\/\/www.tafeldeko.de\/news\/#\/schema\/person\/image\/","url":"https:\/\/secure.gravatar.com\/avatar\/2054729fbfd1ebc9d3cf1fd55361d0b6?s=96&d=mm&r=g","contentUrl":"https:\/\/secure.gravatar.com\/avatar\/2054729fbfd1ebc9d3cf1fd55361d0b6?s=96&d=mm&r=g","caption":"Christiane Stein"}}]}},"_links":{"self":[{"href":"https:\/\/www.tafeldeko.de\/news\/wp-json\/wp\/v2\/posts\/2526"}],"collection":[{"href":"https:\/\/www.tafeldeko.de\/news\/wp-json\/wp\/v2\/posts"}],"about":[{"href":"https:\/\/www.tafeldeko.de\/news\/wp-json\/wp\/v2\/types\/post"}],"author":[{"embeddable":true,"href":"https:\/\/www.tafeldeko.de\/news\/wp-json\/wp\/v2\/users\/2"}],"replies":[{"embeddable":true,"href":"https:\/\/www.tafeldeko.de\/news\/wp-json\/wp\/v2\/comments?post=2526"}],"version-history":[{"count":15,"href":"https:\/\/www.tafeldeko.de\/news\/wp-json\/wp\/v2\/posts\/2526\/revisions"}],"predecessor-version":[{"id":24539,"href":"https:\/\/www.tafeldeko.de\/news\/wp-json\/wp\/v2\/posts\/2526\/revisions\/24539"}],"wp:featuredmedia":[{"embeddable":true,"href":"https:\/\/www.tafeldeko.de\/news\/wp-json\/wp\/v2\/media\/2527"}],"wp:attachment":[{"href":"https:\/\/www.tafeldeko.de\/news\/wp-json\/wp\/v2\/media?parent=2526"}],"wp:term":[{"taxonomy":"category","embeddable":true,"href":"https:\/\/www.tafeldeko.de\/news\/wp-json\/wp\/v2\/categories?post=2526"},{"taxonomy":"post_tag","embeddable":true,"href":"https:\/\/www.tafeldeko.de\/news\/wp-json\/wp\/v2\/tags?post=2526"}],"curies":[{"name":"wp","href":"https:\/\/api.w.org\/{rel}","templated":true}]}}