{"id":2520,"date":"2012-11-16T18:18:06","date_gmt":"2012-11-16T16:18:06","guid":{"rendered":"http:\/\/www.tafeldeko.de\/news\/?p=2520"},"modified":"2012-11-16T18:18:06","modified_gmt":"2012-11-16T16:18:06","slug":"aussergewoehnliche-adventskraenze-fuer-die-tischdeko-an-weihnachten","status":"publish","type":"post","link":"https:\/\/www.tafeldeko.de\/news\/aussergewoehnliche-adventskraenze-fuer-die-tischdeko-an-weihnachten\/","title":{"rendered":"Au\u00dfergew\u00f6hnliche Adventskr\u00e4nze f\u00fcr die Tischdeko an Weihnachten"},"content":{"rendered":"<div class=\"textumfliessenrechts\"><img decoding=\"async\" loading=\"lazy\" src=\"https:\/\/www.tafeldeko.de\/news\/media\/users\/schnurchristian\/kerzentablett_silber.jpg\" alt=\"Kerzentablett in Silber\" title=\"Kerzentablett in Silber\" width=\"231\" height=\"154\"\/><br \/><a href=\"https:\/\/www.tafeldeko.de\/product_info.php\/products_id\/6559_Kerzentablett-Set-in-silber-mit-Deko.html\" title=\"Au\u00dfergew\u00f6hnliche Accessoires\"><b>Au\u00dfergew\u00f6hnliche Accessoires<\/b><\/a><\/div>\n<p> Zu der Vorweihnachtszeit geh\u00f6rt neben einer sch\u00f6nen Dekoration in der Wohnung und eventuell im Au\u00dfenbereich ein Adventskranz.<br \/>\nDer Adventskranz steht als Symbol f\u00fcr die vier Adventssonntage, die wir vor dem eigentlichen Weihnachtsfest feiern. Mit vier <b><a href=\"https:\/\/www.tafeldeko.de\/index.php\/cat\/c528_Runde-Stumpenkerzen.html\" title=\"Kerzen\">Kerzen<\/a><\/b> best\u00fcckt, schm\u00fcckt er in der Regel den Esszimmer- oder Wohnzimmertisch. Als Klassiker in der Kategorie Adventskr\u00e4nze ist nat\u00fcrlich der runde Kranz aus Tannen, Kiefern, Efeu und Buchs zu nennen, der mit gro\u00dfen roten Kerzen versch\u00f6nert wurde. Rote Schleifen und vielleicht noch einige kleine Dekorationen \u2013 und fertig war der Adventskranz.<br \/>\nSchaut man sich heute die Adventskr\u00e4nze an, reichen diese von der eben genannten klassischen Variante \u00fcber Adventsgestecke in verschiedenen Formen bis hin zu <b>modernen Adventskr\u00e4nzen<\/b>. Diese bestehen oftmals aus trendigen Kerzentabletts mit Kerzengl\u00e4sern oder Steckern, auf die die Kerzen aufgesteckt werden.<br \/>\nEine tolle Erg\u00e4nzung f\u00fcr Ihre diesj\u00e4hrige Weihnachts Tischdeko ist das Kerzentablett Set in Silber mit Deko. Ein tolles Arrangement, mit dem der Adventskranz gezaubert werden kann. Mit ein paar Tannenzweigen und Efeuranken, Weihnachtskugeln in einer beliebigen Farbe erh\u00e4lt dieses wundersch\u00f6ne Tablett <b>das gewisse Etwas<\/b> und bildet einen interessanten Blickpunkt inmitten der Tischdeko.<br \/>\nMit diesem Kerzentablett als Basis Ihrer weihnachtlichen Tischdeko k\u00f6nnen Sie die verschiedensten Farben ausw\u00e4hlen, von gr\u00fcn \u00fcber blau bis hin zu rot und weitere Farben.<br \/>\nSelbst wenn Sie dieses Kerzentablett mit den im Lieferumfang enthaltenen Deko-Accessoires versch\u00f6nern, haben Sie einen tollen Adventskranz \u2013 eben modern und trendig.<br \/>\nUm der Weihnachts Tischdeko ein passendes Gesamtbild zu verleihen, werden die weiteren Accessoires, wie Streuteile, Tischb\u00e4ndern, Servietten, Dekofiguren und vieles mehr der Farbe der ausgew\u00e4hlten Kerzen angepasst. Gerade die <b><a href=\"https:\/\/www.tafeldeko.de\/index.php\/cat\/c474_Weihnacht-Streudeko.html\" title=\"Streudekoteile\">Streudekoteile<\/a> <\/b>k\u00f6nnen auf dem Tablett des Kerzenarrangements verteilt werden, setzen nochmals den einen oder anderen <b>Hingucker <\/b>innerhalb Ihrer Tischdekoration. <\/p>\n<p>\u00dcberraschen Sie Ihre Familie und G\u00e4ste in diesem Jahr mit einem au\u00dfergew\u00f6hnlichen Adventskranz-Arrangement, bereits in der Vorweihnachtszeit oder beim Weihnachtsessen. Sie werden garantiert von diesem glanzvollen Kerzentablett begeistert sein. <\/p>\n","protected":false},"excerpt":{"rendered":"<p>Zu der Vorweihnachtszeit geh\u00f6rt neben einer sch\u00f6nen Dekoration in der Wohnung und eventuell im Au\u00dfenbereich ein Adventskranz.<br \/>\nDer Adventskranz steht als Symbol f\u00fcr die vier Adventssonntage, die wir vor dem eigentlichen Weihnachtsfest feiern. Mit vier  best\u00fcckt, schm\u00fcckt er in der Regel den Esszimmer- oder Wohnzimmertisch. Als Klassiker in der Kategorie Adventskr\u00e4nze ist nat\u00fcrlich der runde Kranz aus Tannen, Kiefern, Efeu und Buchs zu nennen, der mit gro\u00dfen roten Kerzen versch\u00f6nert wurde. Rote Schleifen und vielleicht noch einige kleine Dekorationen \u2013 und fertig war der Adventskranz.<\/p>\n","protected":false},"author":2,"featured_media":2521,"comment_status":"open","ping_status":"open","sticky":false,"template":"","format":"standard","meta":{"footnotes":""},"categories":[1],"tags":[],"yoast_head":"<!-- This site is optimized with the Yoast SEO plugin v20.4 - https:\/\/yoast.com\/wordpress\/plugins\/seo\/ -->\n<title>Au\u00dfergew\u00f6hnliche Adventskr\u00e4nze f\u00fcr die Tischdeko an Weihnachten - Tafeldeko<\/title>\n<meta name=\"description\" content=\"Eine tolle Erg&#xE4;nzung f&#xFC;r die Weihnachts Tischdeko ist das Kerzentablett Set in Silber mit Deko. Ein tolles Arrangement, ein trendiger Adventskranz\" \/>\n<meta name=\"robots\" content=\"index, follow, max-snippet:-1, max-image-preview:large, max-video-preview:-1\" \/>\n<link rel=\"canonical\" href=\"https:\/\/www.tafeldeko.de\/news\/aussergewoehnliche-adventskraenze-fuer-die-tischdeko-an-weihnachten\/\" \/>\n<meta property=\"og:locale\" content=\"de_DE\" \/>\n<meta property=\"og:type\" content=\"article\" \/>\n<meta property=\"og:title\" content=\"Au\u00dfergew\u00f6hnliche Adventskr\u00e4nze f\u00fcr die Tischdeko an Weihnachten - Tafeldeko\" \/>\n<meta property=\"og:description\" content=\"Eine tolle Erg&#xE4;nzung f&#xFC;r die Weihnachts Tischdeko ist das Kerzentablett Set in Silber mit Deko. Ein tolles Arrangement, ein trendiger Adventskranz\" \/>\n<meta property=\"og:url\" content=\"https:\/\/www.tafeldeko.de\/news\/aussergewoehnliche-adventskraenze-fuer-die-tischdeko-an-weihnachten\/\" \/>\n<meta property=\"og:site_name\" content=\"Tafeldeko\" \/>\n<meta property=\"article:publisher\" content=\"https:\/\/www.facebook.com\/pages\/Tafeldeko-einzigartige-Tischdekoration\/174202655894\" \/>\n<meta property=\"article:published_time\" content=\"2012-11-16T16:18:06+00:00\" \/>\n<meta property=\"og:image\" content=\"https:\/\/www.tafeldeko.de\/news\/wp-content\/uploads\/2014\/09\/kerzentablett_silber.jpg\" \/>\n\t<meta property=\"og:image:width\" content=\"231\" \/>\n\t<meta property=\"og:image:height\" content=\"154\" \/>\n\t<meta property=\"og:image:type\" content=\"image\/jpeg\" \/>\n<meta name=\"author\" content=\"Christiane Stein\" \/>\n<meta name=\"twitter:label1\" content=\"Verfasst von\" \/>\n\t<meta name=\"twitter:data1\" content=\"Christiane Stein\" \/>\n\t<meta name=\"twitter:label2\" content=\"Gesch\u00e4tzte Lesezeit\" \/>\n\t<meta name=\"twitter:data2\" content=\"2 Minuten\" \/>\n<script type=\"application\/ld+json\" class=\"yoast-schema-graph\">{\"@context\":\"https:\/\/schema.org\",\"@graph\":[{\"@type\":\"WebPage\",\"@id\":\"https:\/\/www.tafeldeko.de\/news\/aussergewoehnliche-adventskraenze-fuer-die-tischdeko-an-weihnachten\/\",\"url\":\"https:\/\/www.tafeldeko.de\/news\/aussergewoehnliche-adventskraenze-fuer-die-tischdeko-an-weihnachten\/\",\"name\":\"Au\u00dfergew\u00f6hnliche Adventskr\u00e4nze f\u00fcr die Tischdeko an Weihnachten - Tafeldeko\",\"isPartOf\":{\"@id\":\"https:\/\/www.tafeldeko.de\/news\/#website\"},\"datePublished\":\"2012-11-16T16:18:06+00:00\",\"dateModified\":\"2012-11-16T16:18:06+00:00\",\"author\":{\"@id\":\"https:\/\/www.tafeldeko.de\/news\/#\/schema\/person\/d2acd86447ed0b6336089a8ba83164a0\"},\"description\":\"Eine tolle Erg&#xE4;nzung f&#xFC;r die Weihnachts Tischdeko ist das Kerzentablett Set in Silber mit Deko. Ein tolles Arrangement, ein trendiger Adventskranz\",\"breadcrumb\":{\"@id\":\"https:\/\/www.tafeldeko.de\/news\/aussergewoehnliche-adventskraenze-fuer-die-tischdeko-an-weihnachten\/#breadcrumb\"},\"inLanguage\":\"de-DE\",\"potentialAction\":[{\"@type\":\"ReadAction\",\"target\":[\"https:\/\/www.tafeldeko.de\/news\/aussergewoehnliche-adventskraenze-fuer-die-tischdeko-an-weihnachten\/\"]}]},{\"@type\":\"BreadcrumbList\",\"@id\":\"https:\/\/www.tafeldeko.de\/news\/aussergewoehnliche-adventskraenze-fuer-die-tischdeko-an-weihnachten\/#breadcrumb\",\"itemListElement\":[{\"@type\":\"ListItem\",\"position\":1,\"name\":\"Tafeldeko\",\"item\":\"https:\/\/www.tafeldeko.de\/news\/\"},{\"@type\":\"ListItem\",\"position\":2,\"name\":\"Alte Beitr\u00e4ge\",\"item\":\"https:\/\/www.tafeldeko.de\/news\/alte-beitraege\/\"},{\"@type\":\"ListItem\",\"position\":3,\"name\":\"Tischdeko - Blog\",\"item\":\"https:\/\/www.tafeldeko.de\/news\/alte-beitraege\/tischdeko-blog\/\"},{\"@type\":\"ListItem\",\"position\":4,\"name\":\"Au\u00dfergew\u00f6hnliche Adventskr\u00e4nze f\u00fcr die Tischdeko an Weihnachten\"}]},{\"@type\":\"WebSite\",\"@id\":\"https:\/\/www.tafeldeko.de\/news\/#website\",\"url\":\"https:\/\/www.tafeldeko.de\/news\/\",\"name\":\"Tafeldeko\",\"description\":\"Blog mit Tischdeko und Tischdekoration Ideen\",\"potentialAction\":[{\"@type\":\"SearchAction\",\"target\":{\"@type\":\"EntryPoint\",\"urlTemplate\":\"https:\/\/www.tafeldeko.de\/news\/?s={search_term_string}\"},\"query-input\":\"required name=search_term_string\"}],\"inLanguage\":\"de-DE\"},{\"@type\":\"Person\",\"@id\":\"https:\/\/www.tafeldeko.de\/news\/#\/schema\/person\/d2acd86447ed0b6336089a8ba83164a0\",\"name\":\"Christiane Stein\",\"image\":{\"@type\":\"ImageObject\",\"inLanguage\":\"de-DE\",\"@id\":\"https:\/\/www.tafeldeko.de\/news\/#\/schema\/person\/image\/\",\"url\":\"https:\/\/secure.gravatar.com\/avatar\/2054729fbfd1ebc9d3cf1fd55361d0b6?s=96&d=mm&r=g\",\"contentUrl\":\"https:\/\/secure.gravatar.com\/avatar\/2054729fbfd1ebc9d3cf1fd55361d0b6?s=96&d=mm&r=g\",\"caption\":\"Christiane Stein\"}}]}<\/script>\n<!-- \/ Yoast SEO plugin. -->","yoast_head_json":{"title":"Au\u00dfergew\u00f6hnliche Adventskr\u00e4nze f\u00fcr die Tischdeko an Weihnachten - Tafeldeko","description":"Eine tolle Erg&#xE4;nzung f&#xFC;r die Weihnachts Tischdeko ist das Kerzentablett Set in Silber mit Deko. Ein tolles Arrangement, ein trendiger Adventskranz","robots":{"index":"index","follow":"follow","max-snippet":"max-snippet:-1","max-image-preview":"max-image-preview:large","max-video-preview":"max-video-preview:-1"},"canonical":"https:\/\/www.tafeldeko.de\/news\/aussergewoehnliche-adventskraenze-fuer-die-tischdeko-an-weihnachten\/","og_locale":"de_DE","og_type":"article","og_title":"Au\u00dfergew\u00f6hnliche Adventskr\u00e4nze f\u00fcr die Tischdeko an Weihnachten - Tafeldeko","og_description":"Eine tolle Erg&#xE4;nzung f&#xFC;r die Weihnachts Tischdeko ist das Kerzentablett Set in Silber mit Deko. Ein tolles Arrangement, ein trendiger Adventskranz","og_url":"https:\/\/www.tafeldeko.de\/news\/aussergewoehnliche-adventskraenze-fuer-die-tischdeko-an-weihnachten\/","og_site_name":"Tafeldeko","article_publisher":"https:\/\/www.facebook.com\/pages\/Tafeldeko-einzigartige-Tischdekoration\/174202655894","article_published_time":"2012-11-16T16:18:06+00:00","og_image":[{"width":231,"height":154,"url":"https:\/\/www.tafeldeko.de\/news\/wp-content\/uploads\/2014\/09\/kerzentablett_silber.jpg","type":"image\/jpeg"}],"author":"Christiane Stein","twitter_misc":{"Verfasst von":"Christiane Stein","Gesch\u00e4tzte Lesezeit":"2 Minuten"},"schema":{"@context":"https:\/\/schema.org","@graph":[{"@type":"WebPage","@id":"https:\/\/www.tafeldeko.de\/news\/aussergewoehnliche-adventskraenze-fuer-die-tischdeko-an-weihnachten\/","url":"https:\/\/www.tafeldeko.de\/news\/aussergewoehnliche-adventskraenze-fuer-die-tischdeko-an-weihnachten\/","name":"Au\u00dfergew\u00f6hnliche Adventskr\u00e4nze f\u00fcr die Tischdeko an Weihnachten - Tafeldeko","isPartOf":{"@id":"https:\/\/www.tafeldeko.de\/news\/#website"},"datePublished":"2012-11-16T16:18:06+00:00","dateModified":"2012-11-16T16:18:06+00:00","author":{"@id":"https:\/\/www.tafeldeko.de\/news\/#\/schema\/person\/d2acd86447ed0b6336089a8ba83164a0"},"description":"Eine tolle Erg&#xE4;nzung f&#xFC;r die Weihnachts Tischdeko ist das Kerzentablett Set in Silber mit Deko. Ein tolles Arrangement, ein trendiger Adventskranz","breadcrumb":{"@id":"https:\/\/www.tafeldeko.de\/news\/aussergewoehnliche-adventskraenze-fuer-die-tischdeko-an-weihnachten\/#breadcrumb"},"inLanguage":"de-DE","potentialAction":[{"@type":"ReadAction","target":["https:\/\/www.tafeldeko.de\/news\/aussergewoehnliche-adventskraenze-fuer-die-tischdeko-an-weihnachten\/"]}]},{"@type":"BreadcrumbList","@id":"https:\/\/www.tafeldeko.de\/news\/aussergewoehnliche-adventskraenze-fuer-die-tischdeko-an-weihnachten\/#breadcrumb","itemListElement":[{"@type":"ListItem","position":1,"name":"Tafeldeko","item":"https:\/\/www.tafeldeko.de\/news\/"},{"@type":"ListItem","position":2,"name":"Alte Beitr\u00e4ge","item":"https:\/\/www.tafeldeko.de\/news\/alte-beitraege\/"},{"@type":"ListItem","position":3,"name":"Tischdeko - Blog","item":"https:\/\/www.tafeldeko.de\/news\/alte-beitraege\/tischdeko-blog\/"},{"@type":"ListItem","position":4,"name":"Au\u00dfergew\u00f6hnliche Adventskr\u00e4nze f\u00fcr die Tischdeko an Weihnachten"}]},{"@type":"WebSite","@id":"https:\/\/www.tafeldeko.de\/news\/#website","url":"https:\/\/www.tafeldeko.de\/news\/","name":"Tafeldeko","description":"Blog mit Tischdeko und Tischdekoration Ideen","potentialAction":[{"@type":"SearchAction","target":{"@type":"EntryPoint","urlTemplate":"https:\/\/www.tafeldeko.de\/news\/?s={search_term_string}"},"query-input":"required name=search_term_string"}],"inLanguage":"de-DE"},{"@type":"Person","@id":"https:\/\/www.tafeldeko.de\/news\/#\/schema\/person\/d2acd86447ed0b6336089a8ba83164a0","name":"Christiane Stein","image":{"@type":"ImageObject","inLanguage":"de-DE","@id":"https:\/\/www.tafeldeko.de\/news\/#\/schema\/person\/image\/","url":"https:\/\/secure.gravatar.com\/avatar\/2054729fbfd1ebc9d3cf1fd55361d0b6?s=96&d=mm&r=g","contentUrl":"https:\/\/secure.gravatar.com\/avatar\/2054729fbfd1ebc9d3cf1fd55361d0b6?s=96&d=mm&r=g","caption":"Christiane Stein"}}]}},"_links":{"self":[{"href":"https:\/\/www.tafeldeko.de\/news\/wp-json\/wp\/v2\/posts\/2520"}],"collection":[{"href":"https:\/\/www.tafeldeko.de\/news\/wp-json\/wp\/v2\/posts"}],"about":[{"href":"https:\/\/www.tafeldeko.de\/news\/wp-json\/wp\/v2\/types\/post"}],"author":[{"embeddable":true,"href":"https:\/\/www.tafeldeko.de\/news\/wp-json\/wp\/v2\/users\/2"}],"replies":[{"embeddable":true,"href":"https:\/\/www.tafeldeko.de\/news\/wp-json\/wp\/v2\/comments?post=2520"}],"version-history":[{"count":0,"href":"https:\/\/www.tafeldeko.de\/news\/wp-json\/wp\/v2\/posts\/2520\/revisions"}],"wp:featuredmedia":[{"embeddable":true,"href":"https:\/\/www.tafeldeko.de\/news\/wp-json\/wp\/v2\/media\/2521"}],"wp:attachment":[{"href":"https:\/\/www.tafeldeko.de\/news\/wp-json\/wp\/v2\/media?parent=2520"}],"wp:term":[{"taxonomy":"category","embeddable":true,"href":"https:\/\/www.tafeldeko.de\/news\/wp-json\/wp\/v2\/categories?post=2520"},{"taxonomy":"post_tag","embeddable":true,"href":"https:\/\/www.tafeldeko.de\/news\/wp-json\/wp\/v2\/tags?post=2520"}],"curies":[{"name":"wp","href":"https:\/\/api.w.org\/{rel}","templated":true}]}}