{"id":2516,"date":"2012-11-05T22:04:33","date_gmt":"2012-11-05T20:04:33","guid":{"rendered":"http:\/\/www.tafeldeko.de\/news\/?p=2516"},"modified":"2012-11-05T22:04:33","modified_gmt":"2012-11-05T20:04:33","slug":"weihnachtliche-servietten-falten-tolle-blickpunkte-fuer-die-tischdeko","status":"publish","type":"post","link":"https:\/\/www.tafeldeko.de\/news\/weihnachtliche-servietten-falten-tolle-blickpunkte-fuer-die-tischdeko\/","title":{"rendered":"Weihnachtliche Servietten falten \u2013 tolle Blickpunkte f\u00fcr die Tischdeko"},"content":{"rendered":"<div class=\"textumfliessenrechts\"><img decoding=\"async\" loading=\"lazy\" src=\"https:\/\/www.tafeldeko.de\/news\/media\/users\/schnurchristian\/palmwedel.jpg\" alt=\"Weihnachtlich gefaltete Servietten\" title=\"Weihnachtlich gefaltete Servietten\" width=\"339\" height=\"206\"\/><br \/><a href=\"https:\/\/www.tafeldeko.de\/servietten_falten\/index.html\" title=\"Weihnachtliche Tischdeko\"><b>Weihnachtliche Tischdeko<\/b><\/a><\/div>\n<p> Weihnachten bietet viele M\u00f6glichkeiten zum Feiern.<br \/>\nMittagessen mit der Familie, weihnachtlicher Brunch mit Freunden oder Abendessen mit allen sind nur einige der Varianten des weihnachtlichen Beisammenseins.<br \/>\nWer an Weihnachten Gastgeberin oder Gastgeber ist, m\u00f6chte seine G\u00e4ste nat\u00fcrlich auf besondere Weise \u00fcberraschen, ihnen nicht nur K\u00f6stlichkeiten f\u00fcr den Gaumen bieten, sondern auch mit einer <b>au\u00dfergew\u00f6hnlichen Tischdeko<\/b> \u00fcberraschen.<br \/>\nMit den Accessoires bieten sich viele Gestaltungsvarianten, doch Ihnen reicht das nicht aus? Sie m\u00f6chten Ihre G\u00e4ste mit etwas Besonderem empfangen, beispielsweise mit gefalteten Servietten, die das Weihnachtsfest auf sch\u00f6ne Art belegen?<br \/>\nWir haben vielleicht das Richtige f\u00fcr Sie und Ihre weihnachtliche Festtafel.<br \/>\nZum einen eine <b>eindrucksvolle Tischdekoration<\/b> und zum anderen zu einem Palmwedel gefaltete Servietten. Alles in allem zusammengefasst, ist diese Tischdeko etwas ganz Au\u00dfergew\u00f6hnliches. <\/p>\n<p><b>Weihnachtlicher Glanz in schwarz und gelb<\/b><br \/>\nDie Farben dieser weihnachtlichen Tischdeko vermitteln schon eine gewisse Besonderheit und Anmut \u2013 schwarz und gelb sind hier die Grundt\u00f6ne der Tischdekoration zu <b><a href=\"https:\/\/www.tafeldeko.de\/index.php\/cat\/c48_Tischdeko-Weihnachten.html\" title=\"Weihnachten\">Weihnachten<\/a><\/b>.<br \/>\nEine schwarze Tischdecke von Duni beispielsweise bildet die Basis, gelbe Duni Tischl\u00e4ufer \u201everbinden\u201c die gegen\u00fcberliegenden Sitzpl\u00e4tze der G\u00e4ste miteinander. Allein dieses Arrangement zeigt eine ganz besondere Wirkung und wird die G\u00e4ste bezaubern.<br \/>\nSoll die Tafel in einem ganz <b>edlen Glanz<\/b> erstrahlen, empfehlen wir Ihnen silberfarbene Platzteller. Auf diesen Tellern werden die weihnachtlich gefalteten Servietten aufgelegt. Um die Palmwedel zu falten, ben\u00f6tigen Sie schwarze Duni Servietten. Zum einen verleihen Sie mit den schwarzen Servietten Ihrer weihnachtlichen Tafel das gewisse Etwas und zum anderen tragen sie zu einem stimmigen Gesamtbild bei.<br \/>\nWie der Palmwedel gefaltet wird, entnehmen Sie unserer Schritt-f\u00fcr-Schritt-Anleitung.<br \/>\nAls Erg\u00e4nzung zu dieser Tischdeko mit weihnachtlich gefalteten Servietten sollten Sie gelbe Stumpenkerzen w\u00e4hlen, die auf silberfarbenen Untersetzern perfekt zum Gesamtbild passen. Und ein weihnachtlicher Blumengru\u00df stellt eine Amaryllisbl\u00fcte in einer schwarzen <b><a href=\"https:\/\/www.tafeldeko.de\/index.php\/cat\/c1644_Keramik.html\" title=\"Vase\">Vase<\/a><\/b> dar.<br \/>\nMit dieser au\u00dfergew\u00f6hnlichen Tischdekoration werden Sie Ihre G\u00e4ste an Weihnachten garantiert beeindrucken. <\/p>\n","protected":false},"excerpt":{"rendered":"<p>Weihnachten bietet viele M\u00f6glichkeiten zum Feiern.<br \/>\nMittagessen mit der Familie, weihnachtlicher Brunch mit Freunden oder Abendessen mit allen sind nur einige der Varianten des weihnachtlichen Beisammenseins.<br \/>\nWer an Weihnachten Gastgeberin oder Gastgeber ist, m\u00f6chte seine G\u00e4ste nat\u00fcrlich auf besondere Weise \u00fcberraschen, ihnen nicht nur K\u00f6stlichkeiten f\u00fcr den Gaumen bieten, sondern auch mit einer au\u00dfergew\u00f6hnlichen Tischdeko \u00fcberraschen.<\/p>\n","protected":false},"author":2,"featured_media":2517,"comment_status":"open","ping_status":"open","sticky":false,"template":"","format":"standard","meta":{"footnotes":""},"categories":[1],"tags":[],"yoast_head":"<!-- This site is optimized with the Yoast SEO plugin v20.4 - https:\/\/yoast.com\/wordpress\/plugins\/seo\/ -->\n<title>Weihnachtliche Servietten falten \u2013 tolle Blickpunkte f\u00fcr die Tischdeko - Tafeldeko<\/title>\n<meta name=\"description\" content=\"Die Farben dieser weihnachtlichen Tischdeko vermitteln schon eine gewisse Besonderheit und Anmut &#x2013; schwarz und gelb sind hier die Grundt&#xF6;ne der Tischdekoration\" \/>\n<meta name=\"robots\" content=\"index, follow, max-snippet:-1, max-image-preview:large, max-video-preview:-1\" \/>\n<link rel=\"canonical\" href=\"https:\/\/www.tafeldeko.de\/news\/weihnachtliche-servietten-falten-tolle-blickpunkte-fuer-die-tischdeko\/\" \/>\n<meta property=\"og:locale\" content=\"de_DE\" \/>\n<meta property=\"og:type\" content=\"article\" \/>\n<meta property=\"og:title\" content=\"Weihnachtliche Servietten falten \u2013 tolle Blickpunkte f\u00fcr die Tischdeko - Tafeldeko\" \/>\n<meta property=\"og:description\" content=\"Die Farben dieser weihnachtlichen Tischdeko vermitteln schon eine gewisse Besonderheit und Anmut &#x2013; schwarz und gelb sind hier die Grundt&#xF6;ne der Tischdekoration\" \/>\n<meta property=\"og:url\" content=\"https:\/\/www.tafeldeko.de\/news\/weihnachtliche-servietten-falten-tolle-blickpunkte-fuer-die-tischdeko\/\" \/>\n<meta property=\"og:site_name\" content=\"Tafeldeko\" \/>\n<meta property=\"article:publisher\" content=\"https:\/\/www.facebook.com\/pages\/Tafeldeko-einzigartige-Tischdekoration\/174202655894\" \/>\n<meta property=\"article:published_time\" content=\"2012-11-05T20:04:33+00:00\" \/>\n<meta property=\"og:image\" content=\"https:\/\/www.tafeldeko.de\/news\/wp-content\/uploads\/2014\/09\/palmwedel.jpg\" \/>\n\t<meta property=\"og:image:width\" content=\"539\" \/>\n\t<meta property=\"og:image:height\" content=\"226\" \/>\n\t<meta property=\"og:image:type\" content=\"image\/jpeg\" \/>\n<meta name=\"author\" content=\"Christiane Stein\" \/>\n<meta name=\"twitter:label1\" content=\"Verfasst von\" \/>\n\t<meta name=\"twitter:data1\" content=\"Christiane Stein\" \/>\n\t<meta name=\"twitter:label2\" content=\"Gesch\u00e4tzte Lesezeit\" \/>\n\t<meta name=\"twitter:data2\" content=\"2 Minuten\" \/>\n<script type=\"application\/ld+json\" class=\"yoast-schema-graph\">{\"@context\":\"https:\/\/schema.org\",\"@graph\":[{\"@type\":\"WebPage\",\"@id\":\"https:\/\/www.tafeldeko.de\/news\/weihnachtliche-servietten-falten-tolle-blickpunkte-fuer-die-tischdeko\/\",\"url\":\"https:\/\/www.tafeldeko.de\/news\/weihnachtliche-servietten-falten-tolle-blickpunkte-fuer-die-tischdeko\/\",\"name\":\"Weihnachtliche Servietten falten \u2013 tolle Blickpunkte f\u00fcr die Tischdeko - Tafeldeko\",\"isPartOf\":{\"@id\":\"https:\/\/www.tafeldeko.de\/news\/#website\"},\"datePublished\":\"2012-11-05T20:04:33+00:00\",\"dateModified\":\"2012-11-05T20:04:33+00:00\",\"author\":{\"@id\":\"https:\/\/www.tafeldeko.de\/news\/#\/schema\/person\/d2acd86447ed0b6336089a8ba83164a0\"},\"description\":\"Die Farben dieser weihnachtlichen Tischdeko vermitteln schon eine gewisse Besonderheit und Anmut &#x2013; schwarz und gelb sind hier die Grundt&#xF6;ne der Tischdekoration\",\"breadcrumb\":{\"@id\":\"https:\/\/www.tafeldeko.de\/news\/weihnachtliche-servietten-falten-tolle-blickpunkte-fuer-die-tischdeko\/#breadcrumb\"},\"inLanguage\":\"de-DE\",\"potentialAction\":[{\"@type\":\"ReadAction\",\"target\":[\"https:\/\/www.tafeldeko.de\/news\/weihnachtliche-servietten-falten-tolle-blickpunkte-fuer-die-tischdeko\/\"]}]},{\"@type\":\"BreadcrumbList\",\"@id\":\"https:\/\/www.tafeldeko.de\/news\/weihnachtliche-servietten-falten-tolle-blickpunkte-fuer-die-tischdeko\/#breadcrumb\",\"itemListElement\":[{\"@type\":\"ListItem\",\"position\":1,\"name\":\"Tafeldeko\",\"item\":\"https:\/\/www.tafeldeko.de\/news\/\"},{\"@type\":\"ListItem\",\"position\":2,\"name\":\"Alte Beitr\u00e4ge\",\"item\":\"https:\/\/www.tafeldeko.de\/news\/alte-beitraege\/\"},{\"@type\":\"ListItem\",\"position\":3,\"name\":\"Tischdeko - Blog\",\"item\":\"https:\/\/www.tafeldeko.de\/news\/alte-beitraege\/tischdeko-blog\/\"},{\"@type\":\"ListItem\",\"position\":4,\"name\":\"Weihnachtliche Servietten falten \u2013 tolle Blickpunkte f\u00fcr die Tischdeko\"}]},{\"@type\":\"WebSite\",\"@id\":\"https:\/\/www.tafeldeko.de\/news\/#website\",\"url\":\"https:\/\/www.tafeldeko.de\/news\/\",\"name\":\"Tafeldeko\",\"description\":\"Blog mit Tischdeko und Tischdekoration Ideen\",\"potentialAction\":[{\"@type\":\"SearchAction\",\"target\":{\"@type\":\"EntryPoint\",\"urlTemplate\":\"https:\/\/www.tafeldeko.de\/news\/?s={search_term_string}\"},\"query-input\":\"required name=search_term_string\"}],\"inLanguage\":\"de-DE\"},{\"@type\":\"Person\",\"@id\":\"https:\/\/www.tafeldeko.de\/news\/#\/schema\/person\/d2acd86447ed0b6336089a8ba83164a0\",\"name\":\"Christiane Stein\",\"image\":{\"@type\":\"ImageObject\",\"inLanguage\":\"de-DE\",\"@id\":\"https:\/\/www.tafeldeko.de\/news\/#\/schema\/person\/image\/\",\"url\":\"https:\/\/secure.gravatar.com\/avatar\/2054729fbfd1ebc9d3cf1fd55361d0b6?s=96&d=mm&r=g\",\"contentUrl\":\"https:\/\/secure.gravatar.com\/avatar\/2054729fbfd1ebc9d3cf1fd55361d0b6?s=96&d=mm&r=g\",\"caption\":\"Christiane Stein\"}}]}<\/script>\n<!-- \/ Yoast SEO plugin. -->","yoast_head_json":{"title":"Weihnachtliche Servietten falten \u2013 tolle Blickpunkte f\u00fcr die Tischdeko - Tafeldeko","description":"Die Farben dieser weihnachtlichen Tischdeko vermitteln schon eine gewisse Besonderheit und Anmut &#x2013; schwarz und gelb sind hier die Grundt&#xF6;ne der Tischdekoration","robots":{"index":"index","follow":"follow","max-snippet":"max-snippet:-1","max-image-preview":"max-image-preview:large","max-video-preview":"max-video-preview:-1"},"canonical":"https:\/\/www.tafeldeko.de\/news\/weihnachtliche-servietten-falten-tolle-blickpunkte-fuer-die-tischdeko\/","og_locale":"de_DE","og_type":"article","og_title":"Weihnachtliche Servietten falten \u2013 tolle Blickpunkte f\u00fcr die Tischdeko - Tafeldeko","og_description":"Die Farben dieser weihnachtlichen Tischdeko vermitteln schon eine gewisse Besonderheit und Anmut &#x2013; schwarz und gelb sind hier die Grundt&#xF6;ne der Tischdekoration","og_url":"https:\/\/www.tafeldeko.de\/news\/weihnachtliche-servietten-falten-tolle-blickpunkte-fuer-die-tischdeko\/","og_site_name":"Tafeldeko","article_publisher":"https:\/\/www.facebook.com\/pages\/Tafeldeko-einzigartige-Tischdekoration\/174202655894","article_published_time":"2012-11-05T20:04:33+00:00","og_image":[{"width":539,"height":226,"url":"https:\/\/www.tafeldeko.de\/news\/wp-content\/uploads\/2014\/09\/palmwedel.jpg","type":"image\/jpeg"}],"author":"Christiane Stein","twitter_misc":{"Verfasst von":"Christiane Stein","Gesch\u00e4tzte Lesezeit":"2 Minuten"},"schema":{"@context":"https:\/\/schema.org","@graph":[{"@type":"WebPage","@id":"https:\/\/www.tafeldeko.de\/news\/weihnachtliche-servietten-falten-tolle-blickpunkte-fuer-die-tischdeko\/","url":"https:\/\/www.tafeldeko.de\/news\/weihnachtliche-servietten-falten-tolle-blickpunkte-fuer-die-tischdeko\/","name":"Weihnachtliche Servietten falten \u2013 tolle Blickpunkte f\u00fcr die Tischdeko - Tafeldeko","isPartOf":{"@id":"https:\/\/www.tafeldeko.de\/news\/#website"},"datePublished":"2012-11-05T20:04:33+00:00","dateModified":"2012-11-05T20:04:33+00:00","author":{"@id":"https:\/\/www.tafeldeko.de\/news\/#\/schema\/person\/d2acd86447ed0b6336089a8ba83164a0"},"description":"Die Farben dieser weihnachtlichen Tischdeko vermitteln schon eine gewisse Besonderheit und Anmut &#x2013; schwarz und gelb sind hier die Grundt&#xF6;ne der Tischdekoration","breadcrumb":{"@id":"https:\/\/www.tafeldeko.de\/news\/weihnachtliche-servietten-falten-tolle-blickpunkte-fuer-die-tischdeko\/#breadcrumb"},"inLanguage":"de-DE","potentialAction":[{"@type":"ReadAction","target":["https:\/\/www.tafeldeko.de\/news\/weihnachtliche-servietten-falten-tolle-blickpunkte-fuer-die-tischdeko\/"]}]},{"@type":"BreadcrumbList","@id":"https:\/\/www.tafeldeko.de\/news\/weihnachtliche-servietten-falten-tolle-blickpunkte-fuer-die-tischdeko\/#breadcrumb","itemListElement":[{"@type":"ListItem","position":1,"name":"Tafeldeko","item":"https:\/\/www.tafeldeko.de\/news\/"},{"@type":"ListItem","position":2,"name":"Alte Beitr\u00e4ge","item":"https:\/\/www.tafeldeko.de\/news\/alte-beitraege\/"},{"@type":"ListItem","position":3,"name":"Tischdeko - Blog","item":"https:\/\/www.tafeldeko.de\/news\/alte-beitraege\/tischdeko-blog\/"},{"@type":"ListItem","position":4,"name":"Weihnachtliche Servietten falten \u2013 tolle Blickpunkte f\u00fcr die Tischdeko"}]},{"@type":"WebSite","@id":"https:\/\/www.tafeldeko.de\/news\/#website","url":"https:\/\/www.tafeldeko.de\/news\/","name":"Tafeldeko","description":"Blog mit Tischdeko und Tischdekoration Ideen","potentialAction":[{"@type":"SearchAction","target":{"@type":"EntryPoint","urlTemplate":"https:\/\/www.tafeldeko.de\/news\/?s={search_term_string}"},"query-input":"required name=search_term_string"}],"inLanguage":"de-DE"},{"@type":"Person","@id":"https:\/\/www.tafeldeko.de\/news\/#\/schema\/person\/d2acd86447ed0b6336089a8ba83164a0","name":"Christiane Stein","image":{"@type":"ImageObject","inLanguage":"de-DE","@id":"https:\/\/www.tafeldeko.de\/news\/#\/schema\/person\/image\/","url":"https:\/\/secure.gravatar.com\/avatar\/2054729fbfd1ebc9d3cf1fd55361d0b6?s=96&d=mm&r=g","contentUrl":"https:\/\/secure.gravatar.com\/avatar\/2054729fbfd1ebc9d3cf1fd55361d0b6?s=96&d=mm&r=g","caption":"Christiane Stein"}}]}},"_links":{"self":[{"href":"https:\/\/www.tafeldeko.de\/news\/wp-json\/wp\/v2\/posts\/2516"}],"collection":[{"href":"https:\/\/www.tafeldeko.de\/news\/wp-json\/wp\/v2\/posts"}],"about":[{"href":"https:\/\/www.tafeldeko.de\/news\/wp-json\/wp\/v2\/types\/post"}],"author":[{"embeddable":true,"href":"https:\/\/www.tafeldeko.de\/news\/wp-json\/wp\/v2\/users\/2"}],"replies":[{"embeddable":true,"href":"https:\/\/www.tafeldeko.de\/news\/wp-json\/wp\/v2\/comments?post=2516"}],"version-history":[{"count":0,"href":"https:\/\/www.tafeldeko.de\/news\/wp-json\/wp\/v2\/posts\/2516\/revisions"}],"wp:featuredmedia":[{"embeddable":true,"href":"https:\/\/www.tafeldeko.de\/news\/wp-json\/wp\/v2\/media\/2517"}],"wp:attachment":[{"href":"https:\/\/www.tafeldeko.de\/news\/wp-json\/wp\/v2\/media?parent=2516"}],"wp:term":[{"taxonomy":"category","embeddable":true,"href":"https:\/\/www.tafeldeko.de\/news\/wp-json\/wp\/v2\/categories?post=2516"},{"taxonomy":"post_tag","embeddable":true,"href":"https:\/\/www.tafeldeko.de\/news\/wp-json\/wp\/v2\/tags?post=2516"}],"curies":[{"name":"wp","href":"https:\/\/api.w.org\/{rel}","templated":true}]}}