{"id":2508,"date":"2012-10-04T19:57:54","date_gmt":"2012-10-04T17:57:54","guid":{"rendered":"http:\/\/www.tafeldeko.de\/news\/?p=2508"},"modified":"2012-10-04T19:57:54","modified_gmt":"2012-10-04T17:57:54","slug":"tischdeko-im-dezember-das-haus-erstrahlt-in-toller-pracht","status":"publish","type":"post","link":"https:\/\/www.tafeldeko.de\/news\/tischdeko-im-dezember-das-haus-erstrahlt-in-toller-pracht\/","title":{"rendered":"Tischdeko im Dezember &#8211; das Haus erstrahlt in toller Pracht"},"content":{"rendered":"<div class=\"textumfliessenrechts\"><img decoding=\"async\" loading=\"lazy\" src=\"https:\/\/www.tafeldeko.de\/news\/media\/users\/schnurchristian\/rebstern_rot.jpg\" alt=\"Kerzenhalter Rebstern rot\" title=\"Kerzenhalter Rebstern rot\" width=\"204\" height=\"204\"\/><br \/><a href=\"https:\/\/www.tafeldeko.de\/product_info.php\/products_id\/6582_Kerzenhalter-Rebstern-in-rot.html\" title=\"Hier Tischdeko im Dezember\"><b>Hier Tischdeko im Dezember<\/b><\/a><\/div>\n<p> Die feierliche Tischdeko kommt gerade im Dezember zum Einsatz, wenn es in gro\u00dfen Schritten auf Weihnachten zugeht.<br \/>\nIn der Vorweihnachtszeit beginnt man mit Pl\u00e4tzchen backen, Geschenk zu kaufen und vor allem zu dekorieren.<br \/>\nBei der Dekoration f\u00fcr zu Hause kann man seiner Fantasie freien Lauf lassen und nach Lust und Laune dekorieren. Manche haben ihre Lieblingsfarben, die man mit Weihnachten in Verbindung bringt, aber davon kann man sich auch durchaus l\u00f6sen. Auf die Abwechslung kommt es an und eine Ver\u00e4nderung kann einem vielerlei \u201eAha-Effekte\u201c bescheren.<br \/>\nDie <b>Tischdeko im Dezember <\/b>und somit f\u00fcr <b><a href=\"https:\/\/www.tafeldeko.de\/index.php\/cat\/c48_Tischdeko-Weihnachten.html\" title=\"Weihnachten\">Weihnachten<\/a><\/b>, h\u00e4lt die eine oder andere \u00dcberraschung f\u00fcr sich und seine G\u00e4ste parat.<br \/>\nMan kann seine Lieblingsst\u00fccke miteinander kombinieren, die einem in den Sinn kommen. So kann man zum Beispiel einen weihnachtlichen Kerzenhalter in Rot aus Reben in Form eines Sternes auf dem Tisch drapieren.<br \/>\nDer Clou des Sternes ist, dass er Platzhalter f\u00fcr vier <b><a href=\"https:\/\/www.tafeldeko.de\/index.php\/cat\/c528_Runde-Stumpenkerzen.html\" title=\"Kerzen\">Kerzen<\/a><\/b> hat und kann somit gleichzeitig als Adventskranz in Betracht gezogen werden. Bringt man die richtigen dekorativen Accessoires auf den Tisch, kann man eine einzigartige Tischdeko kreieren. Dar\u00fcber hinaus kann man nicht nur den Tisch in <b>ein winterliches Ambiente <\/b>verzaubern, sondern auch Fenster oder T\u00fcren k\u00f6nnen dementsprechend dekoriert werden. Fensterschmuck ist eine wunderbare M\u00f6glichkeit, um f\u00fcr einen tollen Ausblick zu sorgen und die vorweihnachtliche Zeit gem\u00fctlicher zu machen.<br \/>\nOb die Tischdeko im Dezember, der Fensterschmuck in der Weihnachtszeit oder eine sch\u00f6n dekorierte Wohnung &#8211; jede M\u00f6glichkeit sorgt f\u00fcr Wohnlichkeit und ein <b>sch\u00f6nes Feeling<\/b>. Jede Dekoration ist ihre Arbeit wert und sollte zu jedem Anlass ins rechte Licht ger\u00fcckt werden.<\/p>\n","protected":false},"excerpt":{"rendered":"<p>Die feierliche Tischdeko kommt gerade im Dezember zum Einsatz, wenn es in gro\u00dfen Schritten auf Weihnachten zugeht.<br \/>\nIn der Vorweihnachtszeit beginnt man mit Pl\u00e4tzchen backen, Geschenk zu kaufen und vor allem zu dekorieren.<br \/>\nBei der Dekoration f\u00fcr zu Hause kann man seiner Fantasie freien Lauf lassen und nach Lust und Laune dekorieren. Manche haben ihre Lieblingsfarben, die man mit Weihnachten in Verbindung bringt, aber davon kann man sich auch durchaus l\u00f6sen. Auf die Abwechslung kommt es an und eine Ver\u00e4nderung kann einem vielerlei \u201eAha-Effekte\u201c bescheren.<br \/>\nDie Tischdeko im Dezember und somit f\u00fcr , h\u00e4lt die eine oder andere \u00dcberraschung f\u00fcr sich und seine G\u00e4ste parat.<\/p>\n","protected":false},"author":2,"featured_media":2509,"comment_status":"open","ping_status":"open","sticky":false,"template":"","format":"standard","meta":{"footnotes":""},"categories":[1],"tags":[],"yoast_head":"<!-- This site is optimized with the Yoast SEO plugin v20.4 - https:\/\/yoast.com\/wordpress\/plugins\/seo\/ -->\n<title>Tischdeko im Dezember - das Haus erstrahlt in toller Pracht - Tafeldeko<\/title>\n<meta name=\"description\" content=\"Die Tischdeko im Dezember und somit f&#xFC;r Weihnachten, h&#xE4;lt die eine oder andere &#xDC;berraschung f&#xFC;r sich und seine G&#xE4;ste parat.\" \/>\n<meta name=\"robots\" content=\"index, follow, max-snippet:-1, max-image-preview:large, max-video-preview:-1\" \/>\n<link rel=\"canonical\" href=\"https:\/\/www.tafeldeko.de\/news\/tischdeko-im-dezember-das-haus-erstrahlt-in-toller-pracht\/\" \/>\n<meta property=\"og:locale\" content=\"de_DE\" \/>\n<meta property=\"og:type\" content=\"article\" \/>\n<meta property=\"og:title\" content=\"Tischdeko im Dezember - das Haus erstrahlt in toller Pracht - Tafeldeko\" \/>\n<meta property=\"og:description\" content=\"Die Tischdeko im Dezember und somit f&#xFC;r Weihnachten, h&#xE4;lt die eine oder andere &#xDC;berraschung f&#xFC;r sich und seine G&#xE4;ste parat.\" \/>\n<meta property=\"og:url\" content=\"https:\/\/www.tafeldeko.de\/news\/tischdeko-im-dezember-das-haus-erstrahlt-in-toller-pracht\/\" \/>\n<meta property=\"og:site_name\" content=\"Tafeldeko\" \/>\n<meta property=\"article:publisher\" content=\"https:\/\/www.facebook.com\/pages\/Tafeldeko-einzigartige-Tischdekoration\/174202655894\" \/>\n<meta property=\"article:published_time\" content=\"2012-10-04T17:57:54+00:00\" \/>\n<meta property=\"og:image\" content=\"https:\/\/www.tafeldeko.de\/news\/wp-content\/uploads\/2014\/09\/rebstern_rot.jpg\" \/>\n\t<meta property=\"og:image:width\" content=\"204\" \/>\n\t<meta property=\"og:image:height\" content=\"204\" \/>\n\t<meta property=\"og:image:type\" content=\"image\/jpeg\" \/>\n<meta name=\"author\" content=\"Christiane Stein\" \/>\n<meta name=\"twitter:label1\" content=\"Verfasst von\" \/>\n\t<meta name=\"twitter:data1\" content=\"Christiane Stein\" \/>\n\t<meta name=\"twitter:label2\" content=\"Gesch\u00e4tzte Lesezeit\" \/>\n\t<meta name=\"twitter:data2\" content=\"1 Minute\" \/>\n<script type=\"application\/ld+json\" class=\"yoast-schema-graph\">{\"@context\":\"https:\/\/schema.org\",\"@graph\":[{\"@type\":\"WebPage\",\"@id\":\"https:\/\/www.tafeldeko.de\/news\/tischdeko-im-dezember-das-haus-erstrahlt-in-toller-pracht\/\",\"url\":\"https:\/\/www.tafeldeko.de\/news\/tischdeko-im-dezember-das-haus-erstrahlt-in-toller-pracht\/\",\"name\":\"Tischdeko im Dezember - das Haus erstrahlt in toller Pracht - Tafeldeko\",\"isPartOf\":{\"@id\":\"https:\/\/www.tafeldeko.de\/news\/#website\"},\"datePublished\":\"2012-10-04T17:57:54+00:00\",\"dateModified\":\"2012-10-04T17:57:54+00:00\",\"author\":{\"@id\":\"https:\/\/www.tafeldeko.de\/news\/#\/schema\/person\/d2acd86447ed0b6336089a8ba83164a0\"},\"description\":\"Die Tischdeko im Dezember und somit f&#xFC;r Weihnachten, h&#xE4;lt die eine oder andere &#xDC;berraschung f&#xFC;r sich und seine G&#xE4;ste parat.\",\"breadcrumb\":{\"@id\":\"https:\/\/www.tafeldeko.de\/news\/tischdeko-im-dezember-das-haus-erstrahlt-in-toller-pracht\/#breadcrumb\"},\"inLanguage\":\"de-DE\",\"potentialAction\":[{\"@type\":\"ReadAction\",\"target\":[\"https:\/\/www.tafeldeko.de\/news\/tischdeko-im-dezember-das-haus-erstrahlt-in-toller-pracht\/\"]}]},{\"@type\":\"BreadcrumbList\",\"@id\":\"https:\/\/www.tafeldeko.de\/news\/tischdeko-im-dezember-das-haus-erstrahlt-in-toller-pracht\/#breadcrumb\",\"itemListElement\":[{\"@type\":\"ListItem\",\"position\":1,\"name\":\"Tafeldeko\",\"item\":\"https:\/\/www.tafeldeko.de\/news\/\"},{\"@type\":\"ListItem\",\"position\":2,\"name\":\"Alte Beitr\u00e4ge\",\"item\":\"https:\/\/www.tafeldeko.de\/news\/alte-beitraege\/\"},{\"@type\":\"ListItem\",\"position\":3,\"name\":\"Tischdeko - Blog\",\"item\":\"https:\/\/www.tafeldeko.de\/news\/alte-beitraege\/tischdeko-blog\/\"},{\"@type\":\"ListItem\",\"position\":4,\"name\":\"Tischdeko im Dezember &#8211; das Haus erstrahlt in toller Pracht\"}]},{\"@type\":\"WebSite\",\"@id\":\"https:\/\/www.tafeldeko.de\/news\/#website\",\"url\":\"https:\/\/www.tafeldeko.de\/news\/\",\"name\":\"Tafeldeko\",\"description\":\"Blog mit Tischdeko und Tischdekoration Ideen\",\"potentialAction\":[{\"@type\":\"SearchAction\",\"target\":{\"@type\":\"EntryPoint\",\"urlTemplate\":\"https:\/\/www.tafeldeko.de\/news\/?s={search_term_string}\"},\"query-input\":\"required name=search_term_string\"}],\"inLanguage\":\"de-DE\"},{\"@type\":\"Person\",\"@id\":\"https:\/\/www.tafeldeko.de\/news\/#\/schema\/person\/d2acd86447ed0b6336089a8ba83164a0\",\"name\":\"Christiane Stein\",\"image\":{\"@type\":\"ImageObject\",\"inLanguage\":\"de-DE\",\"@id\":\"https:\/\/www.tafeldeko.de\/news\/#\/schema\/person\/image\/\",\"url\":\"https:\/\/secure.gravatar.com\/avatar\/2054729fbfd1ebc9d3cf1fd55361d0b6?s=96&d=mm&r=g\",\"contentUrl\":\"https:\/\/secure.gravatar.com\/avatar\/2054729fbfd1ebc9d3cf1fd55361d0b6?s=96&d=mm&r=g\",\"caption\":\"Christiane Stein\"}}]}<\/script>\n<!-- \/ Yoast SEO plugin. -->","yoast_head_json":{"title":"Tischdeko im Dezember - das Haus erstrahlt in toller Pracht - Tafeldeko","description":"Die Tischdeko im Dezember und somit f&#xFC;r Weihnachten, h&#xE4;lt die eine oder andere &#xDC;berraschung f&#xFC;r sich und seine G&#xE4;ste parat.","robots":{"index":"index","follow":"follow","max-snippet":"max-snippet:-1","max-image-preview":"max-image-preview:large","max-video-preview":"max-video-preview:-1"},"canonical":"https:\/\/www.tafeldeko.de\/news\/tischdeko-im-dezember-das-haus-erstrahlt-in-toller-pracht\/","og_locale":"de_DE","og_type":"article","og_title":"Tischdeko im Dezember - das Haus erstrahlt in toller Pracht - Tafeldeko","og_description":"Die Tischdeko im Dezember und somit f&#xFC;r Weihnachten, h&#xE4;lt die eine oder andere &#xDC;berraschung f&#xFC;r sich und seine G&#xE4;ste parat.","og_url":"https:\/\/www.tafeldeko.de\/news\/tischdeko-im-dezember-das-haus-erstrahlt-in-toller-pracht\/","og_site_name":"Tafeldeko","article_publisher":"https:\/\/www.facebook.com\/pages\/Tafeldeko-einzigartige-Tischdekoration\/174202655894","article_published_time":"2012-10-04T17:57:54+00:00","og_image":[{"width":204,"height":204,"url":"https:\/\/www.tafeldeko.de\/news\/wp-content\/uploads\/2014\/09\/rebstern_rot.jpg","type":"image\/jpeg"}],"author":"Christiane Stein","twitter_misc":{"Verfasst von":"Christiane Stein","Gesch\u00e4tzte Lesezeit":"1 Minute"},"schema":{"@context":"https:\/\/schema.org","@graph":[{"@type":"WebPage","@id":"https:\/\/www.tafeldeko.de\/news\/tischdeko-im-dezember-das-haus-erstrahlt-in-toller-pracht\/","url":"https:\/\/www.tafeldeko.de\/news\/tischdeko-im-dezember-das-haus-erstrahlt-in-toller-pracht\/","name":"Tischdeko im Dezember - das Haus erstrahlt in toller Pracht - Tafeldeko","isPartOf":{"@id":"https:\/\/www.tafeldeko.de\/news\/#website"},"datePublished":"2012-10-04T17:57:54+00:00","dateModified":"2012-10-04T17:57:54+00:00","author":{"@id":"https:\/\/www.tafeldeko.de\/news\/#\/schema\/person\/d2acd86447ed0b6336089a8ba83164a0"},"description":"Die Tischdeko im Dezember und somit f&#xFC;r Weihnachten, h&#xE4;lt die eine oder andere &#xDC;berraschung f&#xFC;r sich und seine G&#xE4;ste parat.","breadcrumb":{"@id":"https:\/\/www.tafeldeko.de\/news\/tischdeko-im-dezember-das-haus-erstrahlt-in-toller-pracht\/#breadcrumb"},"inLanguage":"de-DE","potentialAction":[{"@type":"ReadAction","target":["https:\/\/www.tafeldeko.de\/news\/tischdeko-im-dezember-das-haus-erstrahlt-in-toller-pracht\/"]}]},{"@type":"BreadcrumbList","@id":"https:\/\/www.tafeldeko.de\/news\/tischdeko-im-dezember-das-haus-erstrahlt-in-toller-pracht\/#breadcrumb","itemListElement":[{"@type":"ListItem","position":1,"name":"Tafeldeko","item":"https:\/\/www.tafeldeko.de\/news\/"},{"@type":"ListItem","position":2,"name":"Alte Beitr\u00e4ge","item":"https:\/\/www.tafeldeko.de\/news\/alte-beitraege\/"},{"@type":"ListItem","position":3,"name":"Tischdeko - Blog","item":"https:\/\/www.tafeldeko.de\/news\/alte-beitraege\/tischdeko-blog\/"},{"@type":"ListItem","position":4,"name":"Tischdeko im Dezember &#8211; das Haus erstrahlt in toller Pracht"}]},{"@type":"WebSite","@id":"https:\/\/www.tafeldeko.de\/news\/#website","url":"https:\/\/www.tafeldeko.de\/news\/","name":"Tafeldeko","description":"Blog mit Tischdeko und Tischdekoration Ideen","potentialAction":[{"@type":"SearchAction","target":{"@type":"EntryPoint","urlTemplate":"https:\/\/www.tafeldeko.de\/news\/?s={search_term_string}"},"query-input":"required name=search_term_string"}],"inLanguage":"de-DE"},{"@type":"Person","@id":"https:\/\/www.tafeldeko.de\/news\/#\/schema\/person\/d2acd86447ed0b6336089a8ba83164a0","name":"Christiane Stein","image":{"@type":"ImageObject","inLanguage":"de-DE","@id":"https:\/\/www.tafeldeko.de\/news\/#\/schema\/person\/image\/","url":"https:\/\/secure.gravatar.com\/avatar\/2054729fbfd1ebc9d3cf1fd55361d0b6?s=96&d=mm&r=g","contentUrl":"https:\/\/secure.gravatar.com\/avatar\/2054729fbfd1ebc9d3cf1fd55361d0b6?s=96&d=mm&r=g","caption":"Christiane Stein"}}]}},"_links":{"self":[{"href":"https:\/\/www.tafeldeko.de\/news\/wp-json\/wp\/v2\/posts\/2508"}],"collection":[{"href":"https:\/\/www.tafeldeko.de\/news\/wp-json\/wp\/v2\/posts"}],"about":[{"href":"https:\/\/www.tafeldeko.de\/news\/wp-json\/wp\/v2\/types\/post"}],"author":[{"embeddable":true,"href":"https:\/\/www.tafeldeko.de\/news\/wp-json\/wp\/v2\/users\/2"}],"replies":[{"embeddable":true,"href":"https:\/\/www.tafeldeko.de\/news\/wp-json\/wp\/v2\/comments?post=2508"}],"version-history":[{"count":0,"href":"https:\/\/www.tafeldeko.de\/news\/wp-json\/wp\/v2\/posts\/2508\/revisions"}],"wp:featuredmedia":[{"embeddable":true,"href":"https:\/\/www.tafeldeko.de\/news\/wp-json\/wp\/v2\/media\/2509"}],"wp:attachment":[{"href":"https:\/\/www.tafeldeko.de\/news\/wp-json\/wp\/v2\/media?parent=2508"}],"wp:term":[{"taxonomy":"category","embeddable":true,"href":"https:\/\/www.tafeldeko.de\/news\/wp-json\/wp\/v2\/categories?post=2508"},{"taxonomy":"post_tag","embeddable":true,"href":"https:\/\/www.tafeldeko.de\/news\/wp-json\/wp\/v2\/tags?post=2508"}],"curies":[{"name":"wp","href":"https:\/\/api.w.org\/{rel}","templated":true}]}}