{"id":2507,"date":"2012-10-03T09:57:22","date_gmt":"2012-10-03T07:57:22","guid":{"rendered":"http:\/\/www.tafeldeko.de\/news\/?p=2507"},"modified":"2012-10-03T09:57:22","modified_gmt":"2012-10-03T07:57:22","slug":"die-etwas-andere-tischdekoration-zu-weihnachten-in-punkto-farbe-und-gestaltung","status":"publish","type":"post","link":"https:\/\/www.tafeldeko.de\/news\/die-etwas-andere-tischdekoration-zu-weihnachten-in-punkto-farbe-und-gestaltung\/","title":{"rendered":"Die etwas andere Tischdekoration zu Weihnachten in Punkto Farbe und Gestaltung"},"content":{"rendered":"<div class=\"textumfliessenrechts\"><img decoding=\"async\" loading=\"lazy\" src=\"https:\/\/www.tafeldeko.de\/news\/media\/users\/schnurchristian\/weihnachten_rosa.jpg\" alt=\"Weihnachts Tischdeko \" title=\"Weihnachts Tischdeko \" width=\"348\" height=\"222\"\/><br \/><a href=\"https:\/\/www.tafeldeko.de\/mustertische\/tischdeko-weihnachten\/Tisch-5.html\" title=\"Hier trendige Weihnachts Tischdeko\"><b>Hier trendige Weihnachts Tischdeko<\/b><\/a><\/div>\n<p> Ein wundersch\u00f6n gestalteter Tisch l\u00e4sst an Weihnachten die Herzen h\u00f6her schlagen. Weihnachten als das Fest der Liebe wird in der Regel im Kreise der Familie gefeiert, man trifft sich zum Weihnachtsessen und genie\u00dft die Ruhe.<br \/>\nWer zum Weihnachtsessen einl\u00e4dt, ben\u00f6tigt nat\u00fcrlich eine<b> weihnachtliche Tischdekoration<\/b>, die f\u00fcr den entsprechend feierlichen Rahmen sorgt.<br \/>\nKlassisch geht es in Rot-, Gold- und Silbert\u00f6nen einher, doch wie w\u00e4re es dieses Jahr an Weihnachten mit einer modernen Tischdekoration?<br \/>\nAls etwas andere Weihnachts Tischdeko kann man diesen Mustertisch bezeichnen. Alles andere als Standard und genau das macht diesen Tisch zu einem echten Hingucker.<br \/>\nIn Rosa und in silber-kariert zeigt sich dieser weihnachtlich gedeckte Tisch von seiner sch\u00f6nsten Seite. Accessoires wie ein silber-wei\u00df-kariertes Tischband und rosafarbener Organzastoff setzen die ersten <b>Akzente <\/b>in der Tischmitte. Ein Tannenkranz, der mit einer wei\u00dfen Christrose, rosafarbenen kleinen Schleifen und einem kleinen Dekovogel in creme-braun versch\u00f6nert wurde, bildet den Tischmittelpunkt. In dem Kranz kann zudem eine Kerzenvase mit einer wei\u00dfen <b><a href=\"https:\/\/www.tafeldeko.de\/index.php\/cat\/c897_Kugelkerzen.html\" title=\"Kugelkerze\">Kugelkerze<\/a><\/b> best\u00fcckt, f\u00fcr das feierliche Licht sorgen.<br \/>\nDesweiteren sorgen Glasteelichthalter innen in Antik-Gold f\u00fcr eine <b>stimmungsvolle Kerzenschein-Atmosph\u00e4re<\/b>.<br \/>\nDamit sich der silber-wei\u00dfe Karo-Look auch in den weiteren Elementen der Weihnachts Tischdeko wiederholt, werden wei\u00dfe Teller mit silber-wei\u00df-karierten Servietten belegt, obenauf zieren die Servietten Magic Balls rose das tolle Arrangement.<br \/>\nStilvoll wird die weihnachtliche Tischdeko mit Alu-Flitter-Sternen oder Engeln in silber best\u00fcckt, gl\u00e4nzende kleine <b>Blickf\u00e4nge <\/b>sind Ihnen damit garantiert. Der Kerzenschein bricht sich wundersch\u00f6n in den gl\u00e4nzenden Accessoires, verleiht dem Tisch das gewisse Etwas.<br \/>\nMit dieser etwas anderen <b><a href=\"https:\/\/www.tafeldeko.de\/index.php\/cat\/c48_Tischdeko-Weihnachten.html\" title=\"weihnachtlichen Tischdekoration\">weihnachtlichen Tischdekoration<\/a><\/b> werden Sie Ihre Familie und G\u00e4ste begeistern. Und es wird sich zeigen: es muss nicht immer der Klassiker unter den Farben sein, der den weihnachtlichen Tisch schm\u00fcckt. <\/p>\n","protected":false},"excerpt":{"rendered":"<p>Ein wundersch\u00f6n gestalteter Tisch l\u00e4sst an Weihnachten die Herzen h\u00f6her schlagen. Weihnachten als das Fest der Liebe wird in der Regel im Kreise der Familie gefeiert, man trifft sich zum Weihnachtsessen und genie\u00dft die Ruhe.<br \/>\nWer zum Weihnachtsessen einl\u00e4dt, ben\u00f6tigt nat\u00fcrlich eine weihnachtliche Tischdekoration, die f\u00fcr den entsprechend feierlichen Rahmen sorgt.<br \/>\nKlassisch geht es in Rot-, Gold- und Silbert\u00f6nen einher, doch wie w\u00e4re es dieses Jahr an Weihnachten mit einer modernen Tischdekoration?<\/p>\n","protected":false},"author":2,"featured_media":2502,"comment_status":"open","ping_status":"open","sticky":false,"template":"","format":"standard","meta":{"footnotes":""},"categories":[1],"tags":[],"yoast_head":"<!-- This site is optimized with the Yoast SEO plugin v20.4 - https:\/\/yoast.com\/wordpress\/plugins\/seo\/ -->\n<title>Die etwas andere Tischdekoration zu Weihnachten in Punkto Farbe und Gestaltung - Tafeldeko<\/title>\n<meta name=\"description\" content=\"Mit dieser etwas anderen weihnachtlichen Tischdekoration werden Sie Ihre Familie und G&#xE4;ste begeistern.\" \/>\n<meta name=\"robots\" content=\"index, follow, max-snippet:-1, max-image-preview:large, max-video-preview:-1\" \/>\n<link rel=\"canonical\" href=\"https:\/\/www.tafeldeko.de\/news\/die-etwas-andere-tischdekoration-zu-weihnachten-in-punkto-farbe-und-gestaltung\/\" \/>\n<meta property=\"og:locale\" content=\"de_DE\" \/>\n<meta property=\"og:type\" content=\"article\" \/>\n<meta property=\"og:title\" content=\"Die etwas andere Tischdekoration zu Weihnachten in Punkto Farbe und Gestaltung - Tafeldeko\" \/>\n<meta property=\"og:description\" content=\"Mit dieser etwas anderen weihnachtlichen Tischdekoration werden Sie Ihre Familie und G&#xE4;ste begeistern.\" \/>\n<meta property=\"og:url\" content=\"https:\/\/www.tafeldeko.de\/news\/die-etwas-andere-tischdekoration-zu-weihnachten-in-punkto-farbe-und-gestaltung\/\" \/>\n<meta property=\"og:site_name\" content=\"Tafeldeko\" \/>\n<meta property=\"article:publisher\" content=\"https:\/\/www.facebook.com\/pages\/Tafeldeko-einzigartige-Tischdekoration\/174202655894\" \/>\n<meta property=\"article:published_time\" content=\"2012-10-03T07:57:22+00:00\" \/>\n<meta property=\"og:image\" content=\"https:\/\/www.tafeldeko.de\/news\/wp-content\/uploads\/2014\/09\/weihnachten_rosa.jpg\" \/>\n\t<meta property=\"og:image:width\" content=\"448\" \/>\n\t<meta property=\"og:image:height\" content=\"282\" \/>\n\t<meta property=\"og:image:type\" content=\"image\/jpeg\" \/>\n<meta name=\"author\" content=\"Christiane Stein\" \/>\n<meta name=\"twitter:label1\" content=\"Verfasst von\" \/>\n\t<meta name=\"twitter:data1\" content=\"Christiane Stein\" \/>\n\t<meta name=\"twitter:label2\" content=\"Gesch\u00e4tzte Lesezeit\" \/>\n\t<meta name=\"twitter:data2\" content=\"2 Minuten\" \/>\n<script type=\"application\/ld+json\" class=\"yoast-schema-graph\">{\"@context\":\"https:\/\/schema.org\",\"@graph\":[{\"@type\":\"WebPage\",\"@id\":\"https:\/\/www.tafeldeko.de\/news\/die-etwas-andere-tischdekoration-zu-weihnachten-in-punkto-farbe-und-gestaltung\/\",\"url\":\"https:\/\/www.tafeldeko.de\/news\/die-etwas-andere-tischdekoration-zu-weihnachten-in-punkto-farbe-und-gestaltung\/\",\"name\":\"Die etwas andere Tischdekoration zu Weihnachten in Punkto Farbe und Gestaltung - Tafeldeko\",\"isPartOf\":{\"@id\":\"https:\/\/www.tafeldeko.de\/news\/#website\"},\"datePublished\":\"2012-10-03T07:57:22+00:00\",\"dateModified\":\"2012-10-03T07:57:22+00:00\",\"author\":{\"@id\":\"https:\/\/www.tafeldeko.de\/news\/#\/schema\/person\/d2acd86447ed0b6336089a8ba83164a0\"},\"description\":\"Mit dieser etwas anderen weihnachtlichen Tischdekoration werden Sie Ihre Familie und G&#xE4;ste begeistern.\",\"breadcrumb\":{\"@id\":\"https:\/\/www.tafeldeko.de\/news\/die-etwas-andere-tischdekoration-zu-weihnachten-in-punkto-farbe-und-gestaltung\/#breadcrumb\"},\"inLanguage\":\"de-DE\",\"potentialAction\":[{\"@type\":\"ReadAction\",\"target\":[\"https:\/\/www.tafeldeko.de\/news\/die-etwas-andere-tischdekoration-zu-weihnachten-in-punkto-farbe-und-gestaltung\/\"]}]},{\"@type\":\"BreadcrumbList\",\"@id\":\"https:\/\/www.tafeldeko.de\/news\/die-etwas-andere-tischdekoration-zu-weihnachten-in-punkto-farbe-und-gestaltung\/#breadcrumb\",\"itemListElement\":[{\"@type\":\"ListItem\",\"position\":1,\"name\":\"Tafeldeko\",\"item\":\"https:\/\/www.tafeldeko.de\/news\/\"},{\"@type\":\"ListItem\",\"position\":2,\"name\":\"Alte Beitr\u00e4ge\",\"item\":\"https:\/\/www.tafeldeko.de\/news\/alte-beitraege\/\"},{\"@type\":\"ListItem\",\"position\":3,\"name\":\"Tischdeko - Blog\",\"item\":\"https:\/\/www.tafeldeko.de\/news\/alte-beitraege\/tischdeko-blog\/\"},{\"@type\":\"ListItem\",\"position\":4,\"name\":\"Die etwas andere Tischdekoration zu Weihnachten in Punkto Farbe und Gestaltung\"}]},{\"@type\":\"WebSite\",\"@id\":\"https:\/\/www.tafeldeko.de\/news\/#website\",\"url\":\"https:\/\/www.tafeldeko.de\/news\/\",\"name\":\"Tafeldeko\",\"description\":\"Blog mit Tischdeko und Tischdekoration Ideen\",\"potentialAction\":[{\"@type\":\"SearchAction\",\"target\":{\"@type\":\"EntryPoint\",\"urlTemplate\":\"https:\/\/www.tafeldeko.de\/news\/?s={search_term_string}\"},\"query-input\":\"required name=search_term_string\"}],\"inLanguage\":\"de-DE\"},{\"@type\":\"Person\",\"@id\":\"https:\/\/www.tafeldeko.de\/news\/#\/schema\/person\/d2acd86447ed0b6336089a8ba83164a0\",\"name\":\"Christiane Stein\",\"image\":{\"@type\":\"ImageObject\",\"inLanguage\":\"de-DE\",\"@id\":\"https:\/\/www.tafeldeko.de\/news\/#\/schema\/person\/image\/\",\"url\":\"https:\/\/secure.gravatar.com\/avatar\/2054729fbfd1ebc9d3cf1fd55361d0b6?s=96&d=mm&r=g\",\"contentUrl\":\"https:\/\/secure.gravatar.com\/avatar\/2054729fbfd1ebc9d3cf1fd55361d0b6?s=96&d=mm&r=g\",\"caption\":\"Christiane Stein\"}}]}<\/script>\n<!-- \/ Yoast SEO plugin. -->","yoast_head_json":{"title":"Die etwas andere Tischdekoration zu Weihnachten in Punkto Farbe und Gestaltung - Tafeldeko","description":"Mit dieser etwas anderen weihnachtlichen Tischdekoration werden Sie Ihre Familie und G&#xE4;ste begeistern.","robots":{"index":"index","follow":"follow","max-snippet":"max-snippet:-1","max-image-preview":"max-image-preview:large","max-video-preview":"max-video-preview:-1"},"canonical":"https:\/\/www.tafeldeko.de\/news\/die-etwas-andere-tischdekoration-zu-weihnachten-in-punkto-farbe-und-gestaltung\/","og_locale":"de_DE","og_type":"article","og_title":"Die etwas andere Tischdekoration zu Weihnachten in Punkto Farbe und Gestaltung - Tafeldeko","og_description":"Mit dieser etwas anderen weihnachtlichen Tischdekoration werden Sie Ihre Familie und G&#xE4;ste begeistern.","og_url":"https:\/\/www.tafeldeko.de\/news\/die-etwas-andere-tischdekoration-zu-weihnachten-in-punkto-farbe-und-gestaltung\/","og_site_name":"Tafeldeko","article_publisher":"https:\/\/www.facebook.com\/pages\/Tafeldeko-einzigartige-Tischdekoration\/174202655894","article_published_time":"2012-10-03T07:57:22+00:00","og_image":[{"width":448,"height":282,"url":"https:\/\/www.tafeldeko.de\/news\/wp-content\/uploads\/2014\/09\/weihnachten_rosa.jpg","type":"image\/jpeg"}],"author":"Christiane Stein","twitter_misc":{"Verfasst von":"Christiane Stein","Gesch\u00e4tzte Lesezeit":"2 Minuten"},"schema":{"@context":"https:\/\/schema.org","@graph":[{"@type":"WebPage","@id":"https:\/\/www.tafeldeko.de\/news\/die-etwas-andere-tischdekoration-zu-weihnachten-in-punkto-farbe-und-gestaltung\/","url":"https:\/\/www.tafeldeko.de\/news\/die-etwas-andere-tischdekoration-zu-weihnachten-in-punkto-farbe-und-gestaltung\/","name":"Die etwas andere Tischdekoration zu Weihnachten in Punkto Farbe und Gestaltung - Tafeldeko","isPartOf":{"@id":"https:\/\/www.tafeldeko.de\/news\/#website"},"datePublished":"2012-10-03T07:57:22+00:00","dateModified":"2012-10-03T07:57:22+00:00","author":{"@id":"https:\/\/www.tafeldeko.de\/news\/#\/schema\/person\/d2acd86447ed0b6336089a8ba83164a0"},"description":"Mit dieser etwas anderen weihnachtlichen Tischdekoration werden Sie Ihre Familie und G&#xE4;ste begeistern.","breadcrumb":{"@id":"https:\/\/www.tafeldeko.de\/news\/die-etwas-andere-tischdekoration-zu-weihnachten-in-punkto-farbe-und-gestaltung\/#breadcrumb"},"inLanguage":"de-DE","potentialAction":[{"@type":"ReadAction","target":["https:\/\/www.tafeldeko.de\/news\/die-etwas-andere-tischdekoration-zu-weihnachten-in-punkto-farbe-und-gestaltung\/"]}]},{"@type":"BreadcrumbList","@id":"https:\/\/www.tafeldeko.de\/news\/die-etwas-andere-tischdekoration-zu-weihnachten-in-punkto-farbe-und-gestaltung\/#breadcrumb","itemListElement":[{"@type":"ListItem","position":1,"name":"Tafeldeko","item":"https:\/\/www.tafeldeko.de\/news\/"},{"@type":"ListItem","position":2,"name":"Alte Beitr\u00e4ge","item":"https:\/\/www.tafeldeko.de\/news\/alte-beitraege\/"},{"@type":"ListItem","position":3,"name":"Tischdeko - Blog","item":"https:\/\/www.tafeldeko.de\/news\/alte-beitraege\/tischdeko-blog\/"},{"@type":"ListItem","position":4,"name":"Die etwas andere Tischdekoration zu Weihnachten in Punkto Farbe und Gestaltung"}]},{"@type":"WebSite","@id":"https:\/\/www.tafeldeko.de\/news\/#website","url":"https:\/\/www.tafeldeko.de\/news\/","name":"Tafeldeko","description":"Blog mit Tischdeko und Tischdekoration Ideen","potentialAction":[{"@type":"SearchAction","target":{"@type":"EntryPoint","urlTemplate":"https:\/\/www.tafeldeko.de\/news\/?s={search_term_string}"},"query-input":"required name=search_term_string"}],"inLanguage":"de-DE"},{"@type":"Person","@id":"https:\/\/www.tafeldeko.de\/news\/#\/schema\/person\/d2acd86447ed0b6336089a8ba83164a0","name":"Christiane Stein","image":{"@type":"ImageObject","inLanguage":"de-DE","@id":"https:\/\/www.tafeldeko.de\/news\/#\/schema\/person\/image\/","url":"https:\/\/secure.gravatar.com\/avatar\/2054729fbfd1ebc9d3cf1fd55361d0b6?s=96&d=mm&r=g","contentUrl":"https:\/\/secure.gravatar.com\/avatar\/2054729fbfd1ebc9d3cf1fd55361d0b6?s=96&d=mm&r=g","caption":"Christiane Stein"}}]}},"_links":{"self":[{"href":"https:\/\/www.tafeldeko.de\/news\/wp-json\/wp\/v2\/posts\/2507"}],"collection":[{"href":"https:\/\/www.tafeldeko.de\/news\/wp-json\/wp\/v2\/posts"}],"about":[{"href":"https:\/\/www.tafeldeko.de\/news\/wp-json\/wp\/v2\/types\/post"}],"author":[{"embeddable":true,"href":"https:\/\/www.tafeldeko.de\/news\/wp-json\/wp\/v2\/users\/2"}],"replies":[{"embeddable":true,"href":"https:\/\/www.tafeldeko.de\/news\/wp-json\/wp\/v2\/comments?post=2507"}],"version-history":[{"count":0,"href":"https:\/\/www.tafeldeko.de\/news\/wp-json\/wp\/v2\/posts\/2507\/revisions"}],"wp:featuredmedia":[{"embeddable":true,"href":"https:\/\/www.tafeldeko.de\/news\/wp-json\/wp\/v2\/media\/2502"}],"wp:attachment":[{"href":"https:\/\/www.tafeldeko.de\/news\/wp-json\/wp\/v2\/media?parent=2507"}],"wp:term":[{"taxonomy":"category","embeddable":true,"href":"https:\/\/www.tafeldeko.de\/news\/wp-json\/wp\/v2\/categories?post=2507"},{"taxonomy":"post_tag","embeddable":true,"href":"https:\/\/www.tafeldeko.de\/news\/wp-json\/wp\/v2\/tags?post=2507"}],"curies":[{"name":"wp","href":"https:\/\/api.w.org\/{rel}","templated":true}]}}