{"id":2501,"date":"2012-09-05T19:29:26","date_gmt":"2012-09-05T17:29:26","guid":{"rendered":"http:\/\/www.tafeldeko.de\/news\/?p=2501"},"modified":"2012-09-05T19:29:26","modified_gmt":"2012-09-05T17:29:26","slug":"weihnachten-kann-kommen-die-mustertische-sind-schon-angerichtet","status":"publish","type":"post","link":"https:\/\/www.tafeldeko.de\/news\/weihnachten-kann-kommen-die-mustertische-sind-schon-angerichtet\/","title":{"rendered":"Weihnachten kann kommen \u2013 die Mustertische sind schon angerichtet"},"content":{"rendered":"<div class=\"textumfliessenrechts\"><img decoding=\"async\" loading=\"lazy\" src=\"https:\/\/www.tafeldeko.de\/news\/media\/users\/schnurchristian\/weihnachten_rosa.jpg\" alt=\"Weihnachts Tischdeko\" title=\"Weihnachts Tischdeko\" width=\"318\" height=\"222\"\/><br \/><a href=\"https:\/\/www.tafeldeko.de\/mustertische\/index.php?t=1&#038;c=2&#038;lang=2\" title=\"Tischdeko zu Weihnachten\"><b>Tischdeko zu Weihnachten<\/b><\/a><\/div>\n<p> In einigen Wochen sehen wir uns mit dem <b>1. Advent <\/b>\u201ekonfrontiert\u201c. Die Zeit rennt, sp\u00e4testens die Weihnachts- leckereien in den Superm\u00e4rkten zeigen uns, dass wir uns in Richtung Weihnachten bewegen. Weihnachtsm\u00e4nner, Geb\u00e4ck und Lebkuchen sind nun die ersten weihnachtlichen Vorboten, und einige Zeit nach Halloween erstrahlen die St\u00e4dte im weihnachtlichen Dekoglanz.<br \/>\nSp\u00e4testens dann werden auch die heimischen H\u00e4user und Wohnungen weihnachtlich geschm\u00fcckt. H\u00e4userfassaden, Fenster und die R\u00e4umlichkeiten erhalten weihnachtliche und winterliche Accessoires, um eine saisonal passende Stimmung zu erzielen.<br \/>\nSp\u00e4testens jetzt hei\u00dft es, sich um die Termine an Weihnachten zu k\u00fcmmern. L\u00e4dt man die Familie zum Weihnachtsessen ein? Kommen Freunde zum allj\u00e4hrlichen Essen oder ist man in diesem Jahr selbst einmal eingeladen.<br \/>\nRichtet man das Essen zum Weihnachtsfest aus, dann haben wir eine wundersch\u00f6ne Tischdeko f\u00fcr Sie.<br \/>\nWie w\u00e4re es mit einer festlich geschm\u00fcckten Tafel in schwarz-wei\u00df und rosa?<br \/>\nDer Mustertisch zeigt einen weihnachtlich gestalteten Tisch, aber auf eine ganz andere Art. Au\u00dfergew\u00f6hnlich und vom klassischen Standard weit entfernt.<br \/>\nAls Basis dieser weihnachtlichen Tischdeko dient eine wei\u00dfe Tischdecke, ein schwarz-wei\u00df-kariertes <b><a href=\"https:\/\/www.tafeldeko.de\/index.php\/cat\/c470_B%C3%A4nder.html\" title=\"Tischband\">Tischband<\/a><\/b> bildet den ersten Akzent. Auf diesem Tischband wurde rosafarbener Organzastoff arrangiert, der dem Tisch einen <b>wundersch\u00f6nen Effekt <\/b>verleiht. Die Servietten spiegeln genau diese Farbkombination in Karo und Rosa wieder, geben der Tischdeko das gewisse Etwas.<br \/>\nUnd einen ganz besonderen Glanz setzt der Glasteelichthalter innen antik-gold mit Henkel. Das Kerzenlicht wird zu einem wahren Erlebnis, bricht sich in dem Gold und zaubert so wundersch\u00f6ne Effekte.<br \/>\nMit dieser Tischdekoration, die zudem mit diversen <b><a href=\"https:\/\/www.tafeldeko.de\/index.php\/cat\/c474_Weihnacht-Streudeko.html\" title=\"Streudekoteilen\">Streudekoteilen<\/a> <\/b>noch erg\u00e4nzt werden kann, haben Sie eine au\u00dfergew\u00f6hnliche Tischdekoration, die Ihre G\u00e4ste verzaubern wird.<br \/>\n<b><a href=\"https:\/\/www.tafeldeko.de\/index.php\/cat\/c48_Tischdeko-Weihnachten.html\" title=\"Weihnachten\">Weihnachten<\/a><\/b> kann kommen, Ideen f\u00fcr die Tischdekorationen gibt es reichlich.<\/p>\n","protected":false},"excerpt":{"rendered":"<p>In einigen Wochen sehen wir uns mit dem 1. Advent \u201ekonfrontiert\u201c. Die Zeit rennt, sp\u00e4testens die Weihnachts- leckereien in den Superm\u00e4rkten zeigen uns, dass wir uns in Richtung Weihnachten bewegen. Weihnachtsm\u00e4nner, Geb\u00e4ck und Lebkuchen sind nun die ersten weihnachtlichen Vorboten, und einige Zeit nach Halloween erstrahlen die St\u00e4dte im weihnachtlichen Dekoglanz.<\/p>\n","protected":false},"author":2,"featured_media":2502,"comment_status":"open","ping_status":"open","sticky":false,"template":"","format":"standard","meta":{"footnotes":""},"categories":[1],"tags":[],"yoast_head":"<!-- This site is optimized with the Yoast SEO plugin v20.4 - https:\/\/yoast.com\/wordpress\/plugins\/seo\/ -->\n<title>Weihnachten kann kommen \u2013 die Mustertische sind schon angerichtet - Tafeldeko<\/title>\n<meta name=\"description\" content=\"Auf diesem Tischband wurde rosafarbener Organzastoff arrangiert, der dem Tisch zu Weihnachten einen wundersch&#xF6;nen Effekt verleiht.\" \/>\n<meta name=\"robots\" content=\"index, follow, max-snippet:-1, max-image-preview:large, max-video-preview:-1\" \/>\n<link rel=\"canonical\" href=\"https:\/\/www.tafeldeko.de\/news\/weihnachten-kann-kommen-die-mustertische-sind-schon-angerichtet\/\" \/>\n<meta property=\"og:locale\" content=\"de_DE\" \/>\n<meta property=\"og:type\" content=\"article\" \/>\n<meta property=\"og:title\" content=\"Weihnachten kann kommen \u2013 die Mustertische sind schon angerichtet - Tafeldeko\" \/>\n<meta property=\"og:description\" content=\"Auf diesem Tischband wurde rosafarbener Organzastoff arrangiert, der dem Tisch zu Weihnachten einen wundersch&#xF6;nen Effekt verleiht.\" \/>\n<meta property=\"og:url\" content=\"https:\/\/www.tafeldeko.de\/news\/weihnachten-kann-kommen-die-mustertische-sind-schon-angerichtet\/\" \/>\n<meta property=\"og:site_name\" content=\"Tafeldeko\" \/>\n<meta property=\"article:publisher\" content=\"https:\/\/www.facebook.com\/pages\/Tafeldeko-einzigartige-Tischdekoration\/174202655894\" \/>\n<meta property=\"article:published_time\" content=\"2012-09-05T17:29:26+00:00\" \/>\n<meta property=\"og:image\" content=\"https:\/\/www.tafeldeko.de\/news\/wp-content\/uploads\/2014\/09\/weihnachten_rosa.jpg\" \/>\n\t<meta property=\"og:image:width\" content=\"448\" \/>\n\t<meta property=\"og:image:height\" content=\"282\" \/>\n\t<meta property=\"og:image:type\" content=\"image\/jpeg\" \/>\n<meta name=\"author\" content=\"Christiane Stein\" \/>\n<meta name=\"twitter:label1\" content=\"Verfasst von\" \/>\n\t<meta name=\"twitter:data1\" content=\"Christiane Stein\" \/>\n\t<meta name=\"twitter:label2\" content=\"Gesch\u00e4tzte Lesezeit\" \/>\n\t<meta name=\"twitter:data2\" content=\"1 Minute\" \/>\n<script type=\"application\/ld+json\" class=\"yoast-schema-graph\">{\"@context\":\"https:\/\/schema.org\",\"@graph\":[{\"@type\":\"WebPage\",\"@id\":\"https:\/\/www.tafeldeko.de\/news\/weihnachten-kann-kommen-die-mustertische-sind-schon-angerichtet\/\",\"url\":\"https:\/\/www.tafeldeko.de\/news\/weihnachten-kann-kommen-die-mustertische-sind-schon-angerichtet\/\",\"name\":\"Weihnachten kann kommen \u2013 die Mustertische sind schon angerichtet - Tafeldeko\",\"isPartOf\":{\"@id\":\"https:\/\/www.tafeldeko.de\/news\/#website\"},\"datePublished\":\"2012-09-05T17:29:26+00:00\",\"dateModified\":\"2012-09-05T17:29:26+00:00\",\"author\":{\"@id\":\"https:\/\/www.tafeldeko.de\/news\/#\/schema\/person\/d2acd86447ed0b6336089a8ba83164a0\"},\"description\":\"Auf diesem Tischband wurde rosafarbener Organzastoff arrangiert, der dem Tisch zu Weihnachten einen wundersch&#xF6;nen Effekt verleiht.\",\"breadcrumb\":{\"@id\":\"https:\/\/www.tafeldeko.de\/news\/weihnachten-kann-kommen-die-mustertische-sind-schon-angerichtet\/#breadcrumb\"},\"inLanguage\":\"de-DE\",\"potentialAction\":[{\"@type\":\"ReadAction\",\"target\":[\"https:\/\/www.tafeldeko.de\/news\/weihnachten-kann-kommen-die-mustertische-sind-schon-angerichtet\/\"]}]},{\"@type\":\"BreadcrumbList\",\"@id\":\"https:\/\/www.tafeldeko.de\/news\/weihnachten-kann-kommen-die-mustertische-sind-schon-angerichtet\/#breadcrumb\",\"itemListElement\":[{\"@type\":\"ListItem\",\"position\":1,\"name\":\"Tafeldeko\",\"item\":\"https:\/\/www.tafeldeko.de\/news\/\"},{\"@type\":\"ListItem\",\"position\":2,\"name\":\"Alte Beitr\u00e4ge\",\"item\":\"https:\/\/www.tafeldeko.de\/news\/alte-beitraege\/\"},{\"@type\":\"ListItem\",\"position\":3,\"name\":\"Tischdeko - Blog\",\"item\":\"https:\/\/www.tafeldeko.de\/news\/alte-beitraege\/tischdeko-blog\/\"},{\"@type\":\"ListItem\",\"position\":4,\"name\":\"Weihnachten kann kommen \u2013 die Mustertische sind schon angerichtet\"}]},{\"@type\":\"WebSite\",\"@id\":\"https:\/\/www.tafeldeko.de\/news\/#website\",\"url\":\"https:\/\/www.tafeldeko.de\/news\/\",\"name\":\"Tafeldeko\",\"description\":\"Blog mit Tischdeko und Tischdekoration Ideen\",\"potentialAction\":[{\"@type\":\"SearchAction\",\"target\":{\"@type\":\"EntryPoint\",\"urlTemplate\":\"https:\/\/www.tafeldeko.de\/news\/?s={search_term_string}\"},\"query-input\":\"required name=search_term_string\"}],\"inLanguage\":\"de-DE\"},{\"@type\":\"Person\",\"@id\":\"https:\/\/www.tafeldeko.de\/news\/#\/schema\/person\/d2acd86447ed0b6336089a8ba83164a0\",\"name\":\"Christiane Stein\",\"image\":{\"@type\":\"ImageObject\",\"inLanguage\":\"de-DE\",\"@id\":\"https:\/\/www.tafeldeko.de\/news\/#\/schema\/person\/image\/\",\"url\":\"https:\/\/secure.gravatar.com\/avatar\/2054729fbfd1ebc9d3cf1fd55361d0b6?s=96&d=mm&r=g\",\"contentUrl\":\"https:\/\/secure.gravatar.com\/avatar\/2054729fbfd1ebc9d3cf1fd55361d0b6?s=96&d=mm&r=g\",\"caption\":\"Christiane Stein\"}}]}<\/script>\n<!-- \/ Yoast SEO plugin. -->","yoast_head_json":{"title":"Weihnachten kann kommen \u2013 die Mustertische sind schon angerichtet - Tafeldeko","description":"Auf diesem Tischband wurde rosafarbener Organzastoff arrangiert, der dem Tisch zu Weihnachten einen wundersch&#xF6;nen Effekt verleiht.","robots":{"index":"index","follow":"follow","max-snippet":"max-snippet:-1","max-image-preview":"max-image-preview:large","max-video-preview":"max-video-preview:-1"},"canonical":"https:\/\/www.tafeldeko.de\/news\/weihnachten-kann-kommen-die-mustertische-sind-schon-angerichtet\/","og_locale":"de_DE","og_type":"article","og_title":"Weihnachten kann kommen \u2013 die Mustertische sind schon angerichtet - Tafeldeko","og_description":"Auf diesem Tischband wurde rosafarbener Organzastoff arrangiert, der dem Tisch zu Weihnachten einen wundersch&#xF6;nen Effekt verleiht.","og_url":"https:\/\/www.tafeldeko.de\/news\/weihnachten-kann-kommen-die-mustertische-sind-schon-angerichtet\/","og_site_name":"Tafeldeko","article_publisher":"https:\/\/www.facebook.com\/pages\/Tafeldeko-einzigartige-Tischdekoration\/174202655894","article_published_time":"2012-09-05T17:29:26+00:00","og_image":[{"width":448,"height":282,"url":"https:\/\/www.tafeldeko.de\/news\/wp-content\/uploads\/2014\/09\/weihnachten_rosa.jpg","type":"image\/jpeg"}],"author":"Christiane Stein","twitter_misc":{"Verfasst von":"Christiane Stein","Gesch\u00e4tzte Lesezeit":"1 Minute"},"schema":{"@context":"https:\/\/schema.org","@graph":[{"@type":"WebPage","@id":"https:\/\/www.tafeldeko.de\/news\/weihnachten-kann-kommen-die-mustertische-sind-schon-angerichtet\/","url":"https:\/\/www.tafeldeko.de\/news\/weihnachten-kann-kommen-die-mustertische-sind-schon-angerichtet\/","name":"Weihnachten kann kommen \u2013 die Mustertische sind schon angerichtet - Tafeldeko","isPartOf":{"@id":"https:\/\/www.tafeldeko.de\/news\/#website"},"datePublished":"2012-09-05T17:29:26+00:00","dateModified":"2012-09-05T17:29:26+00:00","author":{"@id":"https:\/\/www.tafeldeko.de\/news\/#\/schema\/person\/d2acd86447ed0b6336089a8ba83164a0"},"description":"Auf diesem Tischband wurde rosafarbener Organzastoff arrangiert, der dem Tisch zu Weihnachten einen wundersch&#xF6;nen Effekt verleiht.","breadcrumb":{"@id":"https:\/\/www.tafeldeko.de\/news\/weihnachten-kann-kommen-die-mustertische-sind-schon-angerichtet\/#breadcrumb"},"inLanguage":"de-DE","potentialAction":[{"@type":"ReadAction","target":["https:\/\/www.tafeldeko.de\/news\/weihnachten-kann-kommen-die-mustertische-sind-schon-angerichtet\/"]}]},{"@type":"BreadcrumbList","@id":"https:\/\/www.tafeldeko.de\/news\/weihnachten-kann-kommen-die-mustertische-sind-schon-angerichtet\/#breadcrumb","itemListElement":[{"@type":"ListItem","position":1,"name":"Tafeldeko","item":"https:\/\/www.tafeldeko.de\/news\/"},{"@type":"ListItem","position":2,"name":"Alte Beitr\u00e4ge","item":"https:\/\/www.tafeldeko.de\/news\/alte-beitraege\/"},{"@type":"ListItem","position":3,"name":"Tischdeko - Blog","item":"https:\/\/www.tafeldeko.de\/news\/alte-beitraege\/tischdeko-blog\/"},{"@type":"ListItem","position":4,"name":"Weihnachten kann kommen \u2013 die Mustertische sind schon angerichtet"}]},{"@type":"WebSite","@id":"https:\/\/www.tafeldeko.de\/news\/#website","url":"https:\/\/www.tafeldeko.de\/news\/","name":"Tafeldeko","description":"Blog mit Tischdeko und Tischdekoration Ideen","potentialAction":[{"@type":"SearchAction","target":{"@type":"EntryPoint","urlTemplate":"https:\/\/www.tafeldeko.de\/news\/?s={search_term_string}"},"query-input":"required name=search_term_string"}],"inLanguage":"de-DE"},{"@type":"Person","@id":"https:\/\/www.tafeldeko.de\/news\/#\/schema\/person\/d2acd86447ed0b6336089a8ba83164a0","name":"Christiane Stein","image":{"@type":"ImageObject","inLanguage":"de-DE","@id":"https:\/\/www.tafeldeko.de\/news\/#\/schema\/person\/image\/","url":"https:\/\/secure.gravatar.com\/avatar\/2054729fbfd1ebc9d3cf1fd55361d0b6?s=96&d=mm&r=g","contentUrl":"https:\/\/secure.gravatar.com\/avatar\/2054729fbfd1ebc9d3cf1fd55361d0b6?s=96&d=mm&r=g","caption":"Christiane Stein"}}]}},"_links":{"self":[{"href":"https:\/\/www.tafeldeko.de\/news\/wp-json\/wp\/v2\/posts\/2501"}],"collection":[{"href":"https:\/\/www.tafeldeko.de\/news\/wp-json\/wp\/v2\/posts"}],"about":[{"href":"https:\/\/www.tafeldeko.de\/news\/wp-json\/wp\/v2\/types\/post"}],"author":[{"embeddable":true,"href":"https:\/\/www.tafeldeko.de\/news\/wp-json\/wp\/v2\/users\/2"}],"replies":[{"embeddable":true,"href":"https:\/\/www.tafeldeko.de\/news\/wp-json\/wp\/v2\/comments?post=2501"}],"version-history":[{"count":0,"href":"https:\/\/www.tafeldeko.de\/news\/wp-json\/wp\/v2\/posts\/2501\/revisions"}],"wp:featuredmedia":[{"embeddable":true,"href":"https:\/\/www.tafeldeko.de\/news\/wp-json\/wp\/v2\/media\/2502"}],"wp:attachment":[{"href":"https:\/\/www.tafeldeko.de\/news\/wp-json\/wp\/v2\/media?parent=2501"}],"wp:term":[{"taxonomy":"category","embeddable":true,"href":"https:\/\/www.tafeldeko.de\/news\/wp-json\/wp\/v2\/categories?post=2501"},{"taxonomy":"post_tag","embeddable":true,"href":"https:\/\/www.tafeldeko.de\/news\/wp-json\/wp\/v2\/tags?post=2501"}],"curies":[{"name":"wp","href":"https:\/\/api.w.org\/{rel}","templated":true}]}}