{"id":2500,"date":"2011-12-09T17:14:53","date_gmt":"2011-12-09T15:14:53","guid":{"rendered":"http:\/\/www.tafeldeko.de\/news\/?p=2500"},"modified":"2011-12-09T17:14:53","modified_gmt":"2011-12-09T15:14:53","slug":"die-tischdeko-mit-engeln-feierlich-schoen","status":"publish","type":"post","link":"https:\/\/www.tafeldeko.de\/news\/die-tischdeko-mit-engeln-feierlich-schoen\/","title":{"rendered":"Die Tischdeko mit Engeln \u2013 feierlich sch\u00f6n"},"content":{"rendered":"<div class=\"textumfliessenrechts\"><img decoding=\"async\" loading=\"lazy\" src=\"https:\/\/www.tafeldeko.de\/news\/media\/users\/schnurchristian\/duni-rephael.jpg\" alt=\"Duni Raphael\" title=\"Duni Raphael\" width=\"250\" height=\"175\" \/><br \/><a href=\"https:\/\/www.tafeldeko.de\/index.php\/cat\/c349_Duni-Weihnachten.html\" title=\"weihnachtliche Tischdeko\"><b>weihnachtliche Tischdeko<\/b><\/a><\/div>\n<p> Drau\u00dfen ist es k\u00fchl und winterlich und in den Wohnungen ist es angenehm warm und <b>wundersch\u00f6n dekoriert<\/b>. Der Winter und auch die Weihnachtszeit bringen nat\u00fcrlich k\u00fchle und vielleicht auch einige verschneite Tage mit sich und vor allem aber: <b>festliche Tage<\/b>.<br \/>\nAn Weihnachten trifft man sich oftmals mit der Familie, verbringt sch\u00f6ne und angenehme Stunden miteinander und freut sich \u00fcber die Geschenke, die man geschenkt bekommt.<br \/>\nIn vielen Familien hat das <b>Weihnachtsessen <\/b>Tradition und so laden entweder stets die Eltern zum Weihnachtsessen ein oder auch die Kinder. Man kocht etwas Leckeres, singt vielleicht vor der Bescherung einige Weihnachtslieder, was vor allen mit Kindern sch\u00f6n ist und dann verbringt man einen sch\u00f6nen Abend mit der Familie.<br \/>\nUnd eines darf nat\u00fcrlich bei einem Essen mit der Familie nicht fehlen: die <b><a href=\"https:\/\/www.tafeldeko.de\/index.php\/cat\/c48_Tischdeko-Weihnachten.html\" title=\"weihnachtliche Tischdeko\">weihnachtliche Tischdeko<\/a><\/b>.<br \/>\nNicht immer in klassischem Rot oder Gr\u00fcn ausgestattet, sondern vielleicht auch mal ganz feierlich, mit wundersch\u00f6nen, goldfarbenen Engeln.<br \/>\nDie Serie von Duni \u201eRaphael\u201c ist eine tolle Basis f\u00fcr die Tischdeko zu Weihnachten und in Kombination mit goldenen Accessoires wirkt diese Deko wundersch\u00f6n.<br \/>\nOb mit oder ohne Tischdecke kann die weihnachtliche Tischdeko sehr sch\u00f6n aussehen. Mit einer goldfarbenen Tischdecke als Grundlage, kombiniert mit einem Tischl\u00e4ufer Raphael, den man vielleicht sogar quer \u00fcber den Tisch legt, erh\u00e4lt man bereits den ersten Akzent in der Tischdeko.<br \/>\nDie Servietten Duni Raphael erg\u00e4nzen das sch\u00f6ne Bild und pr\u00e4sentieren kleine Engel an den Seiten. Diese Servietten sind sehr edel und durch die kleinen, dezenten Engel erh\u00e4lt die Tischdeko einen <b>ganz besonderen Effekt<\/b>. Gerade weil die Engel so dezent sind, wirkt die Deko zu Weihnachten nicht \u00fcberladen, sondern genau richtig.<br \/>\nGoldene Kerzen, beispielsweise in Form von goldenen Schwimmkerzen, die in kleine <b><a href=\"https:\/\/www.tafeldeko.de\/index.php\/cat\/c533_Teelichthalter.html\" title=\"Teelichtgl\u00e4ser\">Teelichtgl\u00e4ser<\/a> <\/b>gegeben werden, erg\u00e4nzen die Tischdeko mit Engeln wundersch\u00f6n. Mit kleinen goldfarbenen Engeln kann zudem noch etwas Abwechslung in die Deko gebracht werden, und die Tischdeko wirkt dadurch noch etwas edler. <\/p>\n","protected":false},"excerpt":{"rendered":"<p>Drau\u00dfen ist es k\u00fchl und winterlich und in den Wohnungen ist es angenehm warm und wundersch\u00f6n dekoriert. Der Winter und auch die Weihnachtszeit bringen nat\u00fcrlich k\u00fchle und vielleicht auch einige verschneite Tage mit sich und vor allem aber: festliche Tage.<br \/>\nAn Weihnachten trifft man sich oftmals mit der Familie, verbringt sch\u00f6ne und angenehme Stunden miteinander und freut sich \u00fcber die Geschenke, die man geschenkt bekommt.<\/p>\n","protected":false},"author":2,"featured_media":2405,"comment_status":"open","ping_status":"open","sticky":false,"template":"","format":"standard","meta":{"footnotes":""},"categories":[1],"tags":[],"yoast_head":"<!-- This site is optimized with the Yoast SEO plugin v20.4 - https:\/\/yoast.com\/wordpress\/plugins\/seo\/ -->\n<title>Die Tischdeko mit Engeln \u2013 feierlich sch\u00f6n - Tafeldeko<\/title>\n<meta name=\"description\" content=\"Ob mit oder ohne Tischdecke kann die weihnachtliche Tischdeko sehr sch&#xF6;n aussehen. Sie suchen nach Mustertischen? Wir haben sie.\" \/>\n<meta name=\"robots\" content=\"index, follow, max-snippet:-1, max-image-preview:large, max-video-preview:-1\" \/>\n<link rel=\"canonical\" href=\"https:\/\/www.tafeldeko.de\/news\/die-tischdeko-mit-engeln-feierlich-schoen\/\" \/>\n<meta property=\"og:locale\" content=\"de_DE\" \/>\n<meta property=\"og:type\" content=\"article\" \/>\n<meta property=\"og:title\" content=\"Die Tischdeko mit Engeln \u2013 feierlich sch\u00f6n - Tafeldeko\" \/>\n<meta property=\"og:description\" content=\"Ob mit oder ohne Tischdecke kann die weihnachtliche Tischdeko sehr sch&#xF6;n aussehen. Sie suchen nach Mustertischen? Wir haben sie.\" \/>\n<meta property=\"og:url\" content=\"https:\/\/www.tafeldeko.de\/news\/die-tischdeko-mit-engeln-feierlich-schoen\/\" \/>\n<meta property=\"og:site_name\" content=\"Tafeldeko\" \/>\n<meta property=\"article:publisher\" content=\"https:\/\/www.facebook.com\/pages\/Tafeldeko-einzigartige-Tischdekoration\/174202655894\" \/>\n<meta property=\"article:published_time\" content=\"2011-12-09T15:14:53+00:00\" \/>\n<meta property=\"og:image\" content=\"https:\/\/www.tafeldeko.de\/news\/wp-content\/uploads\/2014\/09\/duni-rephael.jpg\" \/>\n\t<meta property=\"og:image:width\" content=\"250\" \/>\n\t<meta property=\"og:image:height\" content=\"175\" \/>\n\t<meta property=\"og:image:type\" content=\"image\/jpeg\" \/>\n<meta name=\"author\" content=\"Christiane Stein\" \/>\n<meta name=\"twitter:label1\" content=\"Verfasst von\" \/>\n\t<meta name=\"twitter:data1\" content=\"Christiane Stein\" \/>\n\t<meta name=\"twitter:label2\" content=\"Gesch\u00e4tzte Lesezeit\" \/>\n\t<meta name=\"twitter:data2\" content=\"2 Minuten\" \/>\n<script type=\"application\/ld+json\" class=\"yoast-schema-graph\">{\"@context\":\"https:\/\/schema.org\",\"@graph\":[{\"@type\":\"WebPage\",\"@id\":\"https:\/\/www.tafeldeko.de\/news\/die-tischdeko-mit-engeln-feierlich-schoen\/\",\"url\":\"https:\/\/www.tafeldeko.de\/news\/die-tischdeko-mit-engeln-feierlich-schoen\/\",\"name\":\"Die Tischdeko mit Engeln \u2013 feierlich sch\u00f6n - Tafeldeko\",\"isPartOf\":{\"@id\":\"https:\/\/www.tafeldeko.de\/news\/#website\"},\"datePublished\":\"2011-12-09T15:14:53+00:00\",\"dateModified\":\"2011-12-09T15:14:53+00:00\",\"author\":{\"@id\":\"https:\/\/www.tafeldeko.de\/news\/#\/schema\/person\/d2acd86447ed0b6336089a8ba83164a0\"},\"description\":\"Ob mit oder ohne Tischdecke kann die weihnachtliche Tischdeko sehr sch&#xF6;n aussehen. Sie suchen nach Mustertischen? Wir haben sie.\",\"breadcrumb\":{\"@id\":\"https:\/\/www.tafeldeko.de\/news\/die-tischdeko-mit-engeln-feierlich-schoen\/#breadcrumb\"},\"inLanguage\":\"de-DE\",\"potentialAction\":[{\"@type\":\"ReadAction\",\"target\":[\"https:\/\/www.tafeldeko.de\/news\/die-tischdeko-mit-engeln-feierlich-schoen\/\"]}]},{\"@type\":\"BreadcrumbList\",\"@id\":\"https:\/\/www.tafeldeko.de\/news\/die-tischdeko-mit-engeln-feierlich-schoen\/#breadcrumb\",\"itemListElement\":[{\"@type\":\"ListItem\",\"position\":1,\"name\":\"Tafeldeko\",\"item\":\"https:\/\/www.tafeldeko.de\/news\/\"},{\"@type\":\"ListItem\",\"position\":2,\"name\":\"Alte Beitr\u00e4ge\",\"item\":\"https:\/\/www.tafeldeko.de\/news\/alte-beitraege\/\"},{\"@type\":\"ListItem\",\"position\":3,\"name\":\"Tischdeko - Blog\",\"item\":\"https:\/\/www.tafeldeko.de\/news\/alte-beitraege\/tischdeko-blog\/\"},{\"@type\":\"ListItem\",\"position\":4,\"name\":\"Die Tischdeko mit Engeln \u2013 feierlich sch\u00f6n\"}]},{\"@type\":\"WebSite\",\"@id\":\"https:\/\/www.tafeldeko.de\/news\/#website\",\"url\":\"https:\/\/www.tafeldeko.de\/news\/\",\"name\":\"Tafeldeko\",\"description\":\"Blog mit Tischdeko und Tischdekoration Ideen\",\"potentialAction\":[{\"@type\":\"SearchAction\",\"target\":{\"@type\":\"EntryPoint\",\"urlTemplate\":\"https:\/\/www.tafeldeko.de\/news\/?s={search_term_string}\"},\"query-input\":\"required name=search_term_string\"}],\"inLanguage\":\"de-DE\"},{\"@type\":\"Person\",\"@id\":\"https:\/\/www.tafeldeko.de\/news\/#\/schema\/person\/d2acd86447ed0b6336089a8ba83164a0\",\"name\":\"Christiane Stein\",\"image\":{\"@type\":\"ImageObject\",\"inLanguage\":\"de-DE\",\"@id\":\"https:\/\/www.tafeldeko.de\/news\/#\/schema\/person\/image\/\",\"url\":\"https:\/\/secure.gravatar.com\/avatar\/2054729fbfd1ebc9d3cf1fd55361d0b6?s=96&d=mm&r=g\",\"contentUrl\":\"https:\/\/secure.gravatar.com\/avatar\/2054729fbfd1ebc9d3cf1fd55361d0b6?s=96&d=mm&r=g\",\"caption\":\"Christiane Stein\"}}]}<\/script>\n<!-- \/ Yoast SEO plugin. -->","yoast_head_json":{"title":"Die Tischdeko mit Engeln \u2013 feierlich sch\u00f6n - Tafeldeko","description":"Ob mit oder ohne Tischdecke kann die weihnachtliche Tischdeko sehr sch&#xF6;n aussehen. Sie suchen nach Mustertischen? Wir haben sie.","robots":{"index":"index","follow":"follow","max-snippet":"max-snippet:-1","max-image-preview":"max-image-preview:large","max-video-preview":"max-video-preview:-1"},"canonical":"https:\/\/www.tafeldeko.de\/news\/die-tischdeko-mit-engeln-feierlich-schoen\/","og_locale":"de_DE","og_type":"article","og_title":"Die Tischdeko mit Engeln \u2013 feierlich sch\u00f6n - Tafeldeko","og_description":"Ob mit oder ohne Tischdecke kann die weihnachtliche Tischdeko sehr sch&#xF6;n aussehen. Sie suchen nach Mustertischen? Wir haben sie.","og_url":"https:\/\/www.tafeldeko.de\/news\/die-tischdeko-mit-engeln-feierlich-schoen\/","og_site_name":"Tafeldeko","article_publisher":"https:\/\/www.facebook.com\/pages\/Tafeldeko-einzigartige-Tischdekoration\/174202655894","article_published_time":"2011-12-09T15:14:53+00:00","og_image":[{"width":250,"height":175,"url":"https:\/\/www.tafeldeko.de\/news\/wp-content\/uploads\/2014\/09\/duni-rephael.jpg","type":"image\/jpeg"}],"author":"Christiane Stein","twitter_misc":{"Verfasst von":"Christiane Stein","Gesch\u00e4tzte Lesezeit":"2 Minuten"},"schema":{"@context":"https:\/\/schema.org","@graph":[{"@type":"WebPage","@id":"https:\/\/www.tafeldeko.de\/news\/die-tischdeko-mit-engeln-feierlich-schoen\/","url":"https:\/\/www.tafeldeko.de\/news\/die-tischdeko-mit-engeln-feierlich-schoen\/","name":"Die Tischdeko mit Engeln \u2013 feierlich sch\u00f6n - Tafeldeko","isPartOf":{"@id":"https:\/\/www.tafeldeko.de\/news\/#website"},"datePublished":"2011-12-09T15:14:53+00:00","dateModified":"2011-12-09T15:14:53+00:00","author":{"@id":"https:\/\/www.tafeldeko.de\/news\/#\/schema\/person\/d2acd86447ed0b6336089a8ba83164a0"},"description":"Ob mit oder ohne Tischdecke kann die weihnachtliche Tischdeko sehr sch&#xF6;n aussehen. Sie suchen nach Mustertischen? Wir haben sie.","breadcrumb":{"@id":"https:\/\/www.tafeldeko.de\/news\/die-tischdeko-mit-engeln-feierlich-schoen\/#breadcrumb"},"inLanguage":"de-DE","potentialAction":[{"@type":"ReadAction","target":["https:\/\/www.tafeldeko.de\/news\/die-tischdeko-mit-engeln-feierlich-schoen\/"]}]},{"@type":"BreadcrumbList","@id":"https:\/\/www.tafeldeko.de\/news\/die-tischdeko-mit-engeln-feierlich-schoen\/#breadcrumb","itemListElement":[{"@type":"ListItem","position":1,"name":"Tafeldeko","item":"https:\/\/www.tafeldeko.de\/news\/"},{"@type":"ListItem","position":2,"name":"Alte Beitr\u00e4ge","item":"https:\/\/www.tafeldeko.de\/news\/alte-beitraege\/"},{"@type":"ListItem","position":3,"name":"Tischdeko - Blog","item":"https:\/\/www.tafeldeko.de\/news\/alte-beitraege\/tischdeko-blog\/"},{"@type":"ListItem","position":4,"name":"Die Tischdeko mit Engeln \u2013 feierlich sch\u00f6n"}]},{"@type":"WebSite","@id":"https:\/\/www.tafeldeko.de\/news\/#website","url":"https:\/\/www.tafeldeko.de\/news\/","name":"Tafeldeko","description":"Blog mit Tischdeko und Tischdekoration Ideen","potentialAction":[{"@type":"SearchAction","target":{"@type":"EntryPoint","urlTemplate":"https:\/\/www.tafeldeko.de\/news\/?s={search_term_string}"},"query-input":"required name=search_term_string"}],"inLanguage":"de-DE"},{"@type":"Person","@id":"https:\/\/www.tafeldeko.de\/news\/#\/schema\/person\/d2acd86447ed0b6336089a8ba83164a0","name":"Christiane Stein","image":{"@type":"ImageObject","inLanguage":"de-DE","@id":"https:\/\/www.tafeldeko.de\/news\/#\/schema\/person\/image\/","url":"https:\/\/secure.gravatar.com\/avatar\/2054729fbfd1ebc9d3cf1fd55361d0b6?s=96&d=mm&r=g","contentUrl":"https:\/\/secure.gravatar.com\/avatar\/2054729fbfd1ebc9d3cf1fd55361d0b6?s=96&d=mm&r=g","caption":"Christiane Stein"}}]}},"_links":{"self":[{"href":"https:\/\/www.tafeldeko.de\/news\/wp-json\/wp\/v2\/posts\/2500"}],"collection":[{"href":"https:\/\/www.tafeldeko.de\/news\/wp-json\/wp\/v2\/posts"}],"about":[{"href":"https:\/\/www.tafeldeko.de\/news\/wp-json\/wp\/v2\/types\/post"}],"author":[{"embeddable":true,"href":"https:\/\/www.tafeldeko.de\/news\/wp-json\/wp\/v2\/users\/2"}],"replies":[{"embeddable":true,"href":"https:\/\/www.tafeldeko.de\/news\/wp-json\/wp\/v2\/comments?post=2500"}],"version-history":[{"count":0,"href":"https:\/\/www.tafeldeko.de\/news\/wp-json\/wp\/v2\/posts\/2500\/revisions"}],"wp:featuredmedia":[{"embeddable":true,"href":"https:\/\/www.tafeldeko.de\/news\/wp-json\/wp\/v2\/media\/2405"}],"wp:attachment":[{"href":"https:\/\/www.tafeldeko.de\/news\/wp-json\/wp\/v2\/media?parent=2500"}],"wp:term":[{"taxonomy":"category","embeddable":true,"href":"https:\/\/www.tafeldeko.de\/news\/wp-json\/wp\/v2\/categories?post=2500"},{"taxonomy":"post_tag","embeddable":true,"href":"https:\/\/www.tafeldeko.de\/news\/wp-json\/wp\/v2\/tags?post=2500"}],"curies":[{"name":"wp","href":"https:\/\/api.w.org\/{rel}","templated":true}]}}