{"id":2498,"date":"2011-12-03T17:16:59","date_gmt":"2011-12-03T15:16:59","guid":{"rendered":"http:\/\/www.tafeldeko.de\/news\/?p=2498"},"modified":"2011-12-03T17:16:59","modified_gmt":"2011-12-03T15:16:59","slug":"vorschlaege-fuer-die-tischdeko-am-adventskaffee","status":"publish","type":"post","link":"https:\/\/www.tafeldeko.de\/news\/vorschlaege-fuer-die-tischdeko-am-adventskaffee\/","title":{"rendered":"Vorschl\u00e4ge f\u00fcr die Tischdeko am Adventskaffee"},"content":{"rendered":"<div class=\"textumfliessenrechts\"><img decoding=\"async\" loading=\"lazy\" src=\"https:\/\/www.tafeldeko.de\/news\/media\/users\/schnurchristian\/duni_glanzeffekt.jpg\" alt=\"Duni Dunilin mit Glanzeffekt\" title=\"Duni Dunilin mit Glanzeffekt\" width=\"179\" height=\"179\" \/><br \/><a href=\"https:\/\/www.tafeldeko.de\/product_info.php\/products_id\/6322_Servietten-Duni-Dunilin-40-x-40-cm-mit-Glanzeffekt.html\" title=\"Tischdeko zum Adventskaffee\"><b>Tischdeko zum Adventskaffee<\/b><\/a><\/div>\n<p> Die Adventszeit \u2013 sie beschert uns auf gewisse Art und Weise einige besinnliche Stunden mit der Familie. An den vier Adventssonntagen werden die Kerzen auf dem Adventskranz angez\u00fcndet und man freut sich, dass nun bald schon <b><a href=\"https:\/\/www.tafeldeko.de\/index.php\/cat\/c48_Tischdeko-Weihnachten.html\" title=\"Weihnachten\">Weihnachten<\/a><\/b> vor der T\u00fcr steht.<br \/>\nUnd das Weihnachtsfest selbst verk\u00fcndet uns ebenfalls sch\u00f6ne Stunden, die wir gemeinsam mit der Familie verbringen. Man besucht die Gro\u00dfeltern, die Paten \u2013 wenn man Kinder hat \u2013 und verbringt so das Weihnachtsfest. Andere Familien entfliehen dem Trubel und fliegen in warme Gegenden, verbringen dort einige erholsame und sonnige Tage.<br \/>\nDoch die Adventszeit wird von den meisten genossen und auch die Tage vor Weihnachten werden genutzt, um mit Freunden und Bekannten die Zeit zu genie\u00dfen. Manche Tradition unter Freunden l\u00e4sst zum Adventskaffee einladen.<br \/>\nMit Kaffee und Kuchen und leckeren Pl\u00e4tzchen wird der Sonntagnachmittag gemeinsam verbracht und die Zeit miteinander genossen. Denn oftmals kommt die Zeit mit den Freunden zu kurz und deshalb sind diese Traditionen immer wieder sch\u00f6n und auch willkommen.<br \/>\nUnd zu dem Adventskaffee geh\u00f6rt auch etwas Tischdeko.<br \/>\n<b>Sch\u00f6ne Effekte<\/b> k\u00f6nnen zum Beispiel mit den Duni Dunilin mit Glanzeffekt erzielt werden. Zum einen pr\u00e4sentiert sich die Serviette durch ihre Qualit\u00e4t sehr ansprechend und gerade diese Serviette mit Glanzeffekt setzt auf gewisse Weise <b>weihnachtliche Akzente<\/b> in der Tischdeko.<br \/>\nIn verschiedenen Farben erh\u00e4ltlich, kann man die Farbe der Tischdeko anhand der vorhanden Farben der Servietten ausw\u00e4hlen und die Accessoires, die man f\u00fcr die Tischdeko verwendet, darauf abstimmen.<br \/>\nKerzen, Engel, Weihnachtsm\u00e4nner, Sterne, Dekoschnee und auch <b><a href=\"https:\/\/www.tafeldeko.de\/index.php\/cat\/c1330_Naturdeko-Rustikal.html\" title=\"Naturmaterialien\">Naturmaterialien<\/a><\/b> k\u00f6nnen als Erg\u00e4nzung bei der <b>Tischdeko zum Adventskaffee<\/b> dienen. Es muss nicht immer die \u00fcppige Deko sein, mit der man Tische ausrichtet, sondern die einfache und schlichte Deko ist teilweise sogar angenehmer. Vor allem dann, wenn man etwas Platz auf dem Tisch ben\u00f6tigt, um den G\u00e4sten die weihnachtlichen Leckereien zu servieren.<br \/>\nAlso nicht nur die Tischdeko anhand ihrer Sch\u00f6nheit ausw\u00e4hlen, sondern auch im Hinblick auf den ben\u00f6tigten Platz f\u00fcr die Pr\u00e4sentation der Speisen. <\/p>\n","protected":false},"excerpt":{"rendered":"<p>Die Adventszeit \u2013 sie beschert uns auf gewisse Art und Weise einige besinnliche Stunden mit der Familie. An den vier Adventssonntagen werden die Kerzen auf dem Adventskranz angez\u00fcndet und man freut sich, dass nun bald schon  vor der T\u00fcr steht.<br \/>\nUnd das Weihnachtsfest selbst verk\u00fcndet uns ebenfalls sch\u00f6ne Stunden, die wir gemeinsam mit der Familie verbringen. Man besucht die Gro\u00dfeltern, die Paten \u2013 wenn man Kinder hat \u2013 und verbringt so das Weihnachtsfest. Andere Familien entfliehen dem Trubel und fliegen in warme Gegenden, verbringen dort einige erholsame und sonnige Tage.<\/p>\n","protected":false},"author":2,"featured_media":2499,"comment_status":"open","ping_status":"open","sticky":false,"template":"","format":"standard","meta":{"footnotes":""},"categories":[1],"tags":[],"yoast_head":"<!-- This site is optimized with the Yoast SEO plugin v20.4 - https:\/\/yoast.com\/wordpress\/plugins\/seo\/ -->\n<title>Vorschl\u00e4ge f\u00fcr die Tischdeko am Adventskaffee - Tafeldeko<\/title>\n<meta name=\"description\" content=\"Naturmaterialien k&#xF6;nnen als Erg&#xE4;nzung bei der Tischdeko zum Adventskaffee dienen. Nat&#xFC;rliche Blickf&#xE4;nger sorgen f&#xFC;r Atmosph&#xE4;re.\" \/>\n<meta name=\"robots\" content=\"index, follow, max-snippet:-1, max-image-preview:large, max-video-preview:-1\" \/>\n<link rel=\"canonical\" href=\"https:\/\/www.tafeldeko.de\/news\/vorschlaege-fuer-die-tischdeko-am-adventskaffee\/\" \/>\n<meta property=\"og:locale\" content=\"de_DE\" \/>\n<meta property=\"og:type\" content=\"article\" \/>\n<meta property=\"og:title\" content=\"Vorschl\u00e4ge f\u00fcr die Tischdeko am Adventskaffee - Tafeldeko\" \/>\n<meta property=\"og:description\" content=\"Naturmaterialien k&#xF6;nnen als Erg&#xE4;nzung bei der Tischdeko zum Adventskaffee dienen. Nat&#xFC;rliche Blickf&#xE4;nger sorgen f&#xFC;r Atmosph&#xE4;re.\" \/>\n<meta property=\"og:url\" content=\"https:\/\/www.tafeldeko.de\/news\/vorschlaege-fuer-die-tischdeko-am-adventskaffee\/\" \/>\n<meta property=\"og:site_name\" content=\"Tafeldeko\" \/>\n<meta property=\"article:publisher\" content=\"https:\/\/www.facebook.com\/pages\/Tafeldeko-einzigartige-Tischdekoration\/174202655894\" \/>\n<meta property=\"article:published_time\" content=\"2011-12-03T15:16:59+00:00\" \/>\n<meta property=\"og:image\" content=\"https:\/\/www.tafeldeko.de\/news\/wp-content\/uploads\/2014\/09\/duni_glanzeffekt.jpg\" \/>\n\t<meta property=\"og:image:width\" content=\"179\" \/>\n\t<meta property=\"og:image:height\" content=\"179\" \/>\n\t<meta property=\"og:image:type\" content=\"image\/jpeg\" \/>\n<meta name=\"author\" content=\"Christiane Stein\" \/>\n<meta name=\"twitter:label1\" content=\"Verfasst von\" \/>\n\t<meta name=\"twitter:data1\" content=\"Christiane Stein\" \/>\n\t<meta name=\"twitter:label2\" content=\"Gesch\u00e4tzte Lesezeit\" \/>\n\t<meta name=\"twitter:data2\" content=\"2 Minuten\" \/>\n<script type=\"application\/ld+json\" class=\"yoast-schema-graph\">{\"@context\":\"https:\/\/schema.org\",\"@graph\":[{\"@type\":\"WebPage\",\"@id\":\"https:\/\/www.tafeldeko.de\/news\/vorschlaege-fuer-die-tischdeko-am-adventskaffee\/\",\"url\":\"https:\/\/www.tafeldeko.de\/news\/vorschlaege-fuer-die-tischdeko-am-adventskaffee\/\",\"name\":\"Vorschl\u00e4ge f\u00fcr die Tischdeko am Adventskaffee - Tafeldeko\",\"isPartOf\":{\"@id\":\"https:\/\/www.tafeldeko.de\/news\/#website\"},\"datePublished\":\"2011-12-03T15:16:59+00:00\",\"dateModified\":\"2011-12-03T15:16:59+00:00\",\"author\":{\"@id\":\"https:\/\/www.tafeldeko.de\/news\/#\/schema\/person\/d2acd86447ed0b6336089a8ba83164a0\"},\"description\":\"Naturmaterialien k&#xF6;nnen als Erg&#xE4;nzung bei der Tischdeko zum Adventskaffee dienen. Nat&#xFC;rliche Blickf&#xE4;nger sorgen f&#xFC;r Atmosph&#xE4;re.\",\"breadcrumb\":{\"@id\":\"https:\/\/www.tafeldeko.de\/news\/vorschlaege-fuer-die-tischdeko-am-adventskaffee\/#breadcrumb\"},\"inLanguage\":\"de-DE\",\"potentialAction\":[{\"@type\":\"ReadAction\",\"target\":[\"https:\/\/www.tafeldeko.de\/news\/vorschlaege-fuer-die-tischdeko-am-adventskaffee\/\"]}]},{\"@type\":\"BreadcrumbList\",\"@id\":\"https:\/\/www.tafeldeko.de\/news\/vorschlaege-fuer-die-tischdeko-am-adventskaffee\/#breadcrumb\",\"itemListElement\":[{\"@type\":\"ListItem\",\"position\":1,\"name\":\"Tafeldeko\",\"item\":\"https:\/\/www.tafeldeko.de\/news\/\"},{\"@type\":\"ListItem\",\"position\":2,\"name\":\"Alte Beitr\u00e4ge\",\"item\":\"https:\/\/www.tafeldeko.de\/news\/alte-beitraege\/\"},{\"@type\":\"ListItem\",\"position\":3,\"name\":\"Tischdeko - Blog\",\"item\":\"https:\/\/www.tafeldeko.de\/news\/alte-beitraege\/tischdeko-blog\/\"},{\"@type\":\"ListItem\",\"position\":4,\"name\":\"Vorschl\u00e4ge f\u00fcr die Tischdeko am Adventskaffee\"}]},{\"@type\":\"WebSite\",\"@id\":\"https:\/\/www.tafeldeko.de\/news\/#website\",\"url\":\"https:\/\/www.tafeldeko.de\/news\/\",\"name\":\"Tafeldeko\",\"description\":\"Blog mit Tischdeko und Tischdekoration Ideen\",\"potentialAction\":[{\"@type\":\"SearchAction\",\"target\":{\"@type\":\"EntryPoint\",\"urlTemplate\":\"https:\/\/www.tafeldeko.de\/news\/?s={search_term_string}\"},\"query-input\":\"required name=search_term_string\"}],\"inLanguage\":\"de-DE\"},{\"@type\":\"Person\",\"@id\":\"https:\/\/www.tafeldeko.de\/news\/#\/schema\/person\/d2acd86447ed0b6336089a8ba83164a0\",\"name\":\"Christiane Stein\",\"image\":{\"@type\":\"ImageObject\",\"inLanguage\":\"de-DE\",\"@id\":\"https:\/\/www.tafeldeko.de\/news\/#\/schema\/person\/image\/\",\"url\":\"https:\/\/secure.gravatar.com\/avatar\/2054729fbfd1ebc9d3cf1fd55361d0b6?s=96&d=mm&r=g\",\"contentUrl\":\"https:\/\/secure.gravatar.com\/avatar\/2054729fbfd1ebc9d3cf1fd55361d0b6?s=96&d=mm&r=g\",\"caption\":\"Christiane Stein\"}}]}<\/script>\n<!-- \/ Yoast SEO plugin. -->","yoast_head_json":{"title":"Vorschl\u00e4ge f\u00fcr die Tischdeko am Adventskaffee - Tafeldeko","description":"Naturmaterialien k&#xF6;nnen als Erg&#xE4;nzung bei der Tischdeko zum Adventskaffee dienen. Nat&#xFC;rliche Blickf&#xE4;nger sorgen f&#xFC;r Atmosph&#xE4;re.","robots":{"index":"index","follow":"follow","max-snippet":"max-snippet:-1","max-image-preview":"max-image-preview:large","max-video-preview":"max-video-preview:-1"},"canonical":"https:\/\/www.tafeldeko.de\/news\/vorschlaege-fuer-die-tischdeko-am-adventskaffee\/","og_locale":"de_DE","og_type":"article","og_title":"Vorschl\u00e4ge f\u00fcr die Tischdeko am Adventskaffee - Tafeldeko","og_description":"Naturmaterialien k&#xF6;nnen als Erg&#xE4;nzung bei der Tischdeko zum Adventskaffee dienen. Nat&#xFC;rliche Blickf&#xE4;nger sorgen f&#xFC;r Atmosph&#xE4;re.","og_url":"https:\/\/www.tafeldeko.de\/news\/vorschlaege-fuer-die-tischdeko-am-adventskaffee\/","og_site_name":"Tafeldeko","article_publisher":"https:\/\/www.facebook.com\/pages\/Tafeldeko-einzigartige-Tischdekoration\/174202655894","article_published_time":"2011-12-03T15:16:59+00:00","og_image":[{"width":179,"height":179,"url":"https:\/\/www.tafeldeko.de\/news\/wp-content\/uploads\/2014\/09\/duni_glanzeffekt.jpg","type":"image\/jpeg"}],"author":"Christiane Stein","twitter_misc":{"Verfasst von":"Christiane Stein","Gesch\u00e4tzte Lesezeit":"2 Minuten"},"schema":{"@context":"https:\/\/schema.org","@graph":[{"@type":"WebPage","@id":"https:\/\/www.tafeldeko.de\/news\/vorschlaege-fuer-die-tischdeko-am-adventskaffee\/","url":"https:\/\/www.tafeldeko.de\/news\/vorschlaege-fuer-die-tischdeko-am-adventskaffee\/","name":"Vorschl\u00e4ge f\u00fcr die Tischdeko am Adventskaffee - Tafeldeko","isPartOf":{"@id":"https:\/\/www.tafeldeko.de\/news\/#website"},"datePublished":"2011-12-03T15:16:59+00:00","dateModified":"2011-12-03T15:16:59+00:00","author":{"@id":"https:\/\/www.tafeldeko.de\/news\/#\/schema\/person\/d2acd86447ed0b6336089a8ba83164a0"},"description":"Naturmaterialien k&#xF6;nnen als Erg&#xE4;nzung bei der Tischdeko zum Adventskaffee dienen. Nat&#xFC;rliche Blickf&#xE4;nger sorgen f&#xFC;r Atmosph&#xE4;re.","breadcrumb":{"@id":"https:\/\/www.tafeldeko.de\/news\/vorschlaege-fuer-die-tischdeko-am-adventskaffee\/#breadcrumb"},"inLanguage":"de-DE","potentialAction":[{"@type":"ReadAction","target":["https:\/\/www.tafeldeko.de\/news\/vorschlaege-fuer-die-tischdeko-am-adventskaffee\/"]}]},{"@type":"BreadcrumbList","@id":"https:\/\/www.tafeldeko.de\/news\/vorschlaege-fuer-die-tischdeko-am-adventskaffee\/#breadcrumb","itemListElement":[{"@type":"ListItem","position":1,"name":"Tafeldeko","item":"https:\/\/www.tafeldeko.de\/news\/"},{"@type":"ListItem","position":2,"name":"Alte Beitr\u00e4ge","item":"https:\/\/www.tafeldeko.de\/news\/alte-beitraege\/"},{"@type":"ListItem","position":3,"name":"Tischdeko - Blog","item":"https:\/\/www.tafeldeko.de\/news\/alte-beitraege\/tischdeko-blog\/"},{"@type":"ListItem","position":4,"name":"Vorschl\u00e4ge f\u00fcr die Tischdeko am Adventskaffee"}]},{"@type":"WebSite","@id":"https:\/\/www.tafeldeko.de\/news\/#website","url":"https:\/\/www.tafeldeko.de\/news\/","name":"Tafeldeko","description":"Blog mit Tischdeko und Tischdekoration Ideen","potentialAction":[{"@type":"SearchAction","target":{"@type":"EntryPoint","urlTemplate":"https:\/\/www.tafeldeko.de\/news\/?s={search_term_string}"},"query-input":"required name=search_term_string"}],"inLanguage":"de-DE"},{"@type":"Person","@id":"https:\/\/www.tafeldeko.de\/news\/#\/schema\/person\/d2acd86447ed0b6336089a8ba83164a0","name":"Christiane Stein","image":{"@type":"ImageObject","inLanguage":"de-DE","@id":"https:\/\/www.tafeldeko.de\/news\/#\/schema\/person\/image\/","url":"https:\/\/secure.gravatar.com\/avatar\/2054729fbfd1ebc9d3cf1fd55361d0b6?s=96&d=mm&r=g","contentUrl":"https:\/\/secure.gravatar.com\/avatar\/2054729fbfd1ebc9d3cf1fd55361d0b6?s=96&d=mm&r=g","caption":"Christiane Stein"}}]}},"_links":{"self":[{"href":"https:\/\/www.tafeldeko.de\/news\/wp-json\/wp\/v2\/posts\/2498"}],"collection":[{"href":"https:\/\/www.tafeldeko.de\/news\/wp-json\/wp\/v2\/posts"}],"about":[{"href":"https:\/\/www.tafeldeko.de\/news\/wp-json\/wp\/v2\/types\/post"}],"author":[{"embeddable":true,"href":"https:\/\/www.tafeldeko.de\/news\/wp-json\/wp\/v2\/users\/2"}],"replies":[{"embeddable":true,"href":"https:\/\/www.tafeldeko.de\/news\/wp-json\/wp\/v2\/comments?post=2498"}],"version-history":[{"count":0,"href":"https:\/\/www.tafeldeko.de\/news\/wp-json\/wp\/v2\/posts\/2498\/revisions"}],"wp:featuredmedia":[{"embeddable":true,"href":"https:\/\/www.tafeldeko.de\/news\/wp-json\/wp\/v2\/media\/2499"}],"wp:attachment":[{"href":"https:\/\/www.tafeldeko.de\/news\/wp-json\/wp\/v2\/media?parent=2498"}],"wp:term":[{"taxonomy":"category","embeddable":true,"href":"https:\/\/www.tafeldeko.de\/news\/wp-json\/wp\/v2\/categories?post=2498"},{"taxonomy":"post_tag","embeddable":true,"href":"https:\/\/www.tafeldeko.de\/news\/wp-json\/wp\/v2\/tags?post=2498"}],"curies":[{"name":"wp","href":"https:\/\/api.w.org\/{rel}","templated":true}]}}