{"id":2497,"date":"2011-12-02T20:57:26","date_gmt":"2011-12-02T18:57:26","guid":{"rendered":"http:\/\/www.tafeldeko.de\/news\/?p=2497"},"modified":"2011-12-02T20:57:26","modified_gmt":"2011-12-02T18:57:26","slug":"schoene-tischdeko-fuer-den-advents-kaffee","status":"publish","type":"post","link":"https:\/\/www.tafeldeko.de\/news\/schoene-tischdeko-fuer-den-advents-kaffee\/","title":{"rendered":"Sch\u00f6ne Tischdeko f\u00fcr den Advents-Kaffee"},"content":{"rendered":"<div class=\"textumfliessenrechts\"><img decoding=\"async\" loading=\"lazy\" src=\"https:\/\/www.tafeldeko.de\/news\/media\/users\/schnurchristian\/teelicht_tuete.jpg\" alt=\"Deko-Teelicht-T\u00fcten\" title=\"Deko-Teelicht-T\u00fcten\" width=\"225\" height=\"225\" \/><br \/><a href=\"https:\/\/www.tafeldeko.de\/product_info.php\/products_id\/7207_Deko-Teelicht-T-te-mit-Herz.html\" title=\"Tischdeko zum Adventskaffee\"><b>Tischdeko zum Adventskaffee<\/b><\/a><\/div>\n<p> Die <b>Weihnachtszeit <\/b>ist oftmals mit vielen Einladungen verbunden. Einladungen zur Weihnachtsfeier im Verein, Einladungen zum Adventskaffee unter den Freundinnen oder Arbeitskollegen und diverse andere Einladungen stehen auf den Terminkalendern.<br \/>\nUnd vielleicht ist auch eine Einladung dabei, die man selbst ausspricht und als Gastgeberin im Einsatz ist. Freundinnen oder Arbeitskollegen werden zum <b>Adventskaffee <\/b>empfangen und man macht sich einen sch\u00f6nen Nachmittag, mit Kaffee und Kuchen, leckeren Weihnachtspl\u00e4tzchen oder belegten Br\u00f6tchen. Wie man den Advents-Kaffee gestaltet und ausrichtet, ist Ermessenssache und kann variieren. Eines sollte man jedoch auf jeden Fall bedenken: n\u00e4mlich die <b><a href=\"https:\/\/www.tafeldeko.de\" title=\"Tischdeko\">Tischdeko<\/a><\/b>.<br \/>\nDie G\u00e4ste mit einem sch\u00f6n dekorierten Tisch zu empfangen, ist f\u00fcr jeden etwas sch\u00f6nes. F\u00fcr die Gastgeberin, weil auch garantiert das eine oder andere Lob der Besucher kommt und auch f\u00fcr die G\u00e4ste, da sie sich inmitten einer sch\u00f6nen Deko auch meist recht wohl f\u00fchlen. Mit der Tischdeko hat man auf indirekte Weise schon einen Beitrag zum Gelingen des Advents-Kaffee geleistet.<br \/>\nDie Tischdeko zum Advents-Kaffee muss nicht aufwendig sein, es ist vollkommen ausreichend, wenn sch\u00f6ne Accessoires den Tisch schm\u00fccken und etwas an <b>weihnachtlicher Atmosph\u00e4re<\/b> vermitteln.<br \/>\nEine sch\u00f6ne M\u00f6glichkeit bieten die Deko-Teelicht-T\u00fcten mit Herz \u2013 stimmungsvolles Licht scheint durch die ausgeschnittenen Herzen der T\u00fcte. Diese Deko-Teelicht-T\u00fcten sind aus einem nicht entflammbaren Material, so dass nichts passieren kann, was gerade wenn man Kinder hat, sehr wichtig ist.<br \/>\nMan hat bestimmt auch schon selbst gebastelte Teelichtt\u00fcten gesehen, doch diese werden meistens mit Butterbrott\u00fcten hergestellt, welche sehr schnell entflammbar sind. Wer also eine gewisse Sicherheit haben m\u00f6chte, sollte auf jeden Fall die Deko-Teelicht-T\u00fcten mit Herz verwenden.<br \/>\nDazu werden kleine Tannen- und Efeuzweige auf dem Tisch drapiert, ein Tischband kann zum Beispiel die Tischmitte zieren und Streudekoteile mit weihnachtlichen Motiven verleihen der Adventstafel einen <b>weihnachtlichen Touch<\/b>.<br \/>\nMit wenigen Mitteln und Accessoires hat man eine sch\u00f6ne Tischdeko f\u00fcr den Advents-Kaffee gezaubert, denn schlie\u00dflich hat man noch andere Dinge vorzubereiten, damit die Freundinnen oder Arbeitskollegen einen sch\u00f6nen Nachmittag erhalten .<\/p>\n","protected":false},"excerpt":{"rendered":"<p>Die Weihnachtszeit ist oftmals mit vielen Einladungen verbunden. Einladungen zur Weihnachtsfeier im Verein, Einladungen zum Adventskaffee unter den Freundinnen oder Arbeitskollegen und diverse andere Einladungen stehen auf den Terminkalendern.<br \/>\nUnd vielleicht ist auch eine Einladung dabei, die man selbst ausspricht und als Gastgeberin im Einsatz ist. Freundinnen oder Arbeitskollegen werden zum Adventskaffee empfangen und man macht sich einen sch\u00f6nen Nachmittag, mit Kaffee und Kuchen, leckeren Weihnachtspl\u00e4tzchen oder belegten Br\u00f6tchen. Wie man den Advents-Kaffee gestaltet und ausrichtet, ist Ermessenssache und kann variieren. Eines sollte man jedoch auf jeden Fall bedenken: n\u00e4mlich die .<\/p>\n","protected":false},"author":2,"featured_media":954,"comment_status":"open","ping_status":"open","sticky":false,"template":"","format":"standard","meta":{"footnotes":""},"categories":[1],"tags":[],"yoast_head":"<!-- This site is optimized with the Yoast SEO plugin v20.4 - https:\/\/yoast.com\/wordpress\/plugins\/seo\/ -->\n<title>Sch\u00f6ne Tischdeko f\u00fcr den Advents-Kaffee - Tafeldeko<\/title>\n<meta name=\"description\" content=\"Mit wenigen Mitteln und Accessoires hat man eine sch&#xF6;ne Tischdeko f&#xFC;r den Advents-Kaffee gezaubert, denn schlie&#xDF;lich hat man noch andere Dinge vorzubereiten.\" \/>\n<meta name=\"robots\" content=\"index, follow, max-snippet:-1, max-image-preview:large, max-video-preview:-1\" \/>\n<link rel=\"canonical\" href=\"https:\/\/www.tafeldeko.de\/news\/schoene-tischdeko-fuer-den-advents-kaffee\/\" \/>\n<meta property=\"og:locale\" content=\"de_DE\" \/>\n<meta property=\"og:type\" content=\"article\" \/>\n<meta property=\"og:title\" content=\"Sch\u00f6ne Tischdeko f\u00fcr den Advents-Kaffee - Tafeldeko\" \/>\n<meta property=\"og:description\" content=\"Mit wenigen Mitteln und Accessoires hat man eine sch&#xF6;ne Tischdeko f&#xFC;r den Advents-Kaffee gezaubert, denn schlie&#xDF;lich hat man noch andere Dinge vorzubereiten.\" \/>\n<meta property=\"og:url\" content=\"https:\/\/www.tafeldeko.de\/news\/schoene-tischdeko-fuer-den-advents-kaffee\/\" \/>\n<meta property=\"og:site_name\" content=\"Tafeldeko\" \/>\n<meta property=\"article:publisher\" content=\"https:\/\/www.facebook.com\/pages\/Tafeldeko-einzigartige-Tischdekoration\/174202655894\" \/>\n<meta property=\"article:published_time\" content=\"2011-12-02T18:57:26+00:00\" \/>\n<meta property=\"og:image\" content=\"https:\/\/www.tafeldeko.de\/news\/wp-content\/uploads\/2014\/09\/teelicht_tuete.jpg\" \/>\n\t<meta property=\"og:image:width\" content=\"225\" \/>\n\t<meta property=\"og:image:height\" content=\"225\" \/>\n\t<meta property=\"og:image:type\" content=\"image\/jpeg\" \/>\n<meta name=\"author\" content=\"Christiane Stein\" \/>\n<meta name=\"twitter:label1\" content=\"Verfasst von\" \/>\n\t<meta name=\"twitter:data1\" content=\"Christiane Stein\" \/>\n\t<meta name=\"twitter:label2\" content=\"Gesch\u00e4tzte Lesezeit\" \/>\n\t<meta name=\"twitter:data2\" content=\"2 Minuten\" \/>\n<script type=\"application\/ld+json\" class=\"yoast-schema-graph\">{\"@context\":\"https:\/\/schema.org\",\"@graph\":[{\"@type\":\"WebPage\",\"@id\":\"https:\/\/www.tafeldeko.de\/news\/schoene-tischdeko-fuer-den-advents-kaffee\/\",\"url\":\"https:\/\/www.tafeldeko.de\/news\/schoene-tischdeko-fuer-den-advents-kaffee\/\",\"name\":\"Sch\u00f6ne Tischdeko f\u00fcr den Advents-Kaffee - Tafeldeko\",\"isPartOf\":{\"@id\":\"https:\/\/www.tafeldeko.de\/news\/#website\"},\"datePublished\":\"2011-12-02T18:57:26+00:00\",\"dateModified\":\"2011-12-02T18:57:26+00:00\",\"author\":{\"@id\":\"https:\/\/www.tafeldeko.de\/news\/#\/schema\/person\/d2acd86447ed0b6336089a8ba83164a0\"},\"description\":\"Mit wenigen Mitteln und Accessoires hat man eine sch&#xF6;ne Tischdeko f&#xFC;r den Advents-Kaffee gezaubert, denn schlie&#xDF;lich hat man noch andere Dinge vorzubereiten.\",\"breadcrumb\":{\"@id\":\"https:\/\/www.tafeldeko.de\/news\/schoene-tischdeko-fuer-den-advents-kaffee\/#breadcrumb\"},\"inLanguage\":\"de-DE\",\"potentialAction\":[{\"@type\":\"ReadAction\",\"target\":[\"https:\/\/www.tafeldeko.de\/news\/schoene-tischdeko-fuer-den-advents-kaffee\/\"]}]},{\"@type\":\"BreadcrumbList\",\"@id\":\"https:\/\/www.tafeldeko.de\/news\/schoene-tischdeko-fuer-den-advents-kaffee\/#breadcrumb\",\"itemListElement\":[{\"@type\":\"ListItem\",\"position\":1,\"name\":\"Tafeldeko\",\"item\":\"https:\/\/www.tafeldeko.de\/news\/\"},{\"@type\":\"ListItem\",\"position\":2,\"name\":\"Alte Beitr\u00e4ge\",\"item\":\"https:\/\/www.tafeldeko.de\/news\/alte-beitraege\/\"},{\"@type\":\"ListItem\",\"position\":3,\"name\":\"Tischdeko - Blog\",\"item\":\"https:\/\/www.tafeldeko.de\/news\/alte-beitraege\/tischdeko-blog\/\"},{\"@type\":\"ListItem\",\"position\":4,\"name\":\"Sch\u00f6ne Tischdeko f\u00fcr den Advents-Kaffee\"}]},{\"@type\":\"WebSite\",\"@id\":\"https:\/\/www.tafeldeko.de\/news\/#website\",\"url\":\"https:\/\/www.tafeldeko.de\/news\/\",\"name\":\"Tafeldeko\",\"description\":\"Blog mit Tischdeko und Tischdekoration Ideen\",\"potentialAction\":[{\"@type\":\"SearchAction\",\"target\":{\"@type\":\"EntryPoint\",\"urlTemplate\":\"https:\/\/www.tafeldeko.de\/news\/?s={search_term_string}\"},\"query-input\":\"required name=search_term_string\"}],\"inLanguage\":\"de-DE\"},{\"@type\":\"Person\",\"@id\":\"https:\/\/www.tafeldeko.de\/news\/#\/schema\/person\/d2acd86447ed0b6336089a8ba83164a0\",\"name\":\"Christiane Stein\",\"image\":{\"@type\":\"ImageObject\",\"inLanguage\":\"de-DE\",\"@id\":\"https:\/\/www.tafeldeko.de\/news\/#\/schema\/person\/image\/\",\"url\":\"https:\/\/secure.gravatar.com\/avatar\/2054729fbfd1ebc9d3cf1fd55361d0b6?s=96&d=mm&r=g\",\"contentUrl\":\"https:\/\/secure.gravatar.com\/avatar\/2054729fbfd1ebc9d3cf1fd55361d0b6?s=96&d=mm&r=g\",\"caption\":\"Christiane Stein\"}}]}<\/script>\n<!-- \/ Yoast SEO plugin. -->","yoast_head_json":{"title":"Sch\u00f6ne Tischdeko f\u00fcr den Advents-Kaffee - Tafeldeko","description":"Mit wenigen Mitteln und Accessoires hat man eine sch&#xF6;ne Tischdeko f&#xFC;r den Advents-Kaffee gezaubert, denn schlie&#xDF;lich hat man noch andere Dinge vorzubereiten.","robots":{"index":"index","follow":"follow","max-snippet":"max-snippet:-1","max-image-preview":"max-image-preview:large","max-video-preview":"max-video-preview:-1"},"canonical":"https:\/\/www.tafeldeko.de\/news\/schoene-tischdeko-fuer-den-advents-kaffee\/","og_locale":"de_DE","og_type":"article","og_title":"Sch\u00f6ne Tischdeko f\u00fcr den Advents-Kaffee - Tafeldeko","og_description":"Mit wenigen Mitteln und Accessoires hat man eine sch&#xF6;ne Tischdeko f&#xFC;r den Advents-Kaffee gezaubert, denn schlie&#xDF;lich hat man noch andere Dinge vorzubereiten.","og_url":"https:\/\/www.tafeldeko.de\/news\/schoene-tischdeko-fuer-den-advents-kaffee\/","og_site_name":"Tafeldeko","article_publisher":"https:\/\/www.facebook.com\/pages\/Tafeldeko-einzigartige-Tischdekoration\/174202655894","article_published_time":"2011-12-02T18:57:26+00:00","og_image":[{"width":225,"height":225,"url":"https:\/\/www.tafeldeko.de\/news\/wp-content\/uploads\/2014\/09\/teelicht_tuete.jpg","type":"image\/jpeg"}],"author":"Christiane Stein","twitter_misc":{"Verfasst von":"Christiane Stein","Gesch\u00e4tzte Lesezeit":"2 Minuten"},"schema":{"@context":"https:\/\/schema.org","@graph":[{"@type":"WebPage","@id":"https:\/\/www.tafeldeko.de\/news\/schoene-tischdeko-fuer-den-advents-kaffee\/","url":"https:\/\/www.tafeldeko.de\/news\/schoene-tischdeko-fuer-den-advents-kaffee\/","name":"Sch\u00f6ne Tischdeko f\u00fcr den Advents-Kaffee - Tafeldeko","isPartOf":{"@id":"https:\/\/www.tafeldeko.de\/news\/#website"},"datePublished":"2011-12-02T18:57:26+00:00","dateModified":"2011-12-02T18:57:26+00:00","author":{"@id":"https:\/\/www.tafeldeko.de\/news\/#\/schema\/person\/d2acd86447ed0b6336089a8ba83164a0"},"description":"Mit wenigen Mitteln und Accessoires hat man eine sch&#xF6;ne Tischdeko f&#xFC;r den Advents-Kaffee gezaubert, denn schlie&#xDF;lich hat man noch andere Dinge vorzubereiten.","breadcrumb":{"@id":"https:\/\/www.tafeldeko.de\/news\/schoene-tischdeko-fuer-den-advents-kaffee\/#breadcrumb"},"inLanguage":"de-DE","potentialAction":[{"@type":"ReadAction","target":["https:\/\/www.tafeldeko.de\/news\/schoene-tischdeko-fuer-den-advents-kaffee\/"]}]},{"@type":"BreadcrumbList","@id":"https:\/\/www.tafeldeko.de\/news\/schoene-tischdeko-fuer-den-advents-kaffee\/#breadcrumb","itemListElement":[{"@type":"ListItem","position":1,"name":"Tafeldeko","item":"https:\/\/www.tafeldeko.de\/news\/"},{"@type":"ListItem","position":2,"name":"Alte Beitr\u00e4ge","item":"https:\/\/www.tafeldeko.de\/news\/alte-beitraege\/"},{"@type":"ListItem","position":3,"name":"Tischdeko - Blog","item":"https:\/\/www.tafeldeko.de\/news\/alte-beitraege\/tischdeko-blog\/"},{"@type":"ListItem","position":4,"name":"Sch\u00f6ne Tischdeko f\u00fcr den Advents-Kaffee"}]},{"@type":"WebSite","@id":"https:\/\/www.tafeldeko.de\/news\/#website","url":"https:\/\/www.tafeldeko.de\/news\/","name":"Tafeldeko","description":"Blog mit Tischdeko und Tischdekoration Ideen","potentialAction":[{"@type":"SearchAction","target":{"@type":"EntryPoint","urlTemplate":"https:\/\/www.tafeldeko.de\/news\/?s={search_term_string}"},"query-input":"required name=search_term_string"}],"inLanguage":"de-DE"},{"@type":"Person","@id":"https:\/\/www.tafeldeko.de\/news\/#\/schema\/person\/d2acd86447ed0b6336089a8ba83164a0","name":"Christiane Stein","image":{"@type":"ImageObject","inLanguage":"de-DE","@id":"https:\/\/www.tafeldeko.de\/news\/#\/schema\/person\/image\/","url":"https:\/\/secure.gravatar.com\/avatar\/2054729fbfd1ebc9d3cf1fd55361d0b6?s=96&d=mm&r=g","contentUrl":"https:\/\/secure.gravatar.com\/avatar\/2054729fbfd1ebc9d3cf1fd55361d0b6?s=96&d=mm&r=g","caption":"Christiane Stein"}}]}},"_links":{"self":[{"href":"https:\/\/www.tafeldeko.de\/news\/wp-json\/wp\/v2\/posts\/2497"}],"collection":[{"href":"https:\/\/www.tafeldeko.de\/news\/wp-json\/wp\/v2\/posts"}],"about":[{"href":"https:\/\/www.tafeldeko.de\/news\/wp-json\/wp\/v2\/types\/post"}],"author":[{"embeddable":true,"href":"https:\/\/www.tafeldeko.de\/news\/wp-json\/wp\/v2\/users\/2"}],"replies":[{"embeddable":true,"href":"https:\/\/www.tafeldeko.de\/news\/wp-json\/wp\/v2\/comments?post=2497"}],"version-history":[{"count":0,"href":"https:\/\/www.tafeldeko.de\/news\/wp-json\/wp\/v2\/posts\/2497\/revisions"}],"wp:featuredmedia":[{"embeddable":true,"href":"https:\/\/www.tafeldeko.de\/news\/wp-json\/wp\/v2\/media\/954"}],"wp:attachment":[{"href":"https:\/\/www.tafeldeko.de\/news\/wp-json\/wp\/v2\/media?parent=2497"}],"wp:term":[{"taxonomy":"category","embeddable":true,"href":"https:\/\/www.tafeldeko.de\/news\/wp-json\/wp\/v2\/categories?post=2497"},{"taxonomy":"post_tag","embeddable":true,"href":"https:\/\/www.tafeldeko.de\/news\/wp-json\/wp\/v2\/tags?post=2497"}],"curies":[{"name":"wp","href":"https:\/\/api.w.org\/{rel}","templated":true}]}}