{"id":2495,"date":"2011-11-29T21:18:09","date_gmt":"2011-11-29T19:18:09","guid":{"rendered":"http:\/\/www.tafeldeko.de\/news\/?p=2495"},"modified":"2011-11-29T21:18:09","modified_gmt":"2011-11-29T19:18:09","slug":"weihnachtliche-dekoration-mit-dem-dekovlies-tannenbaum-style-rot-gruen","status":"publish","type":"post","link":"https:\/\/www.tafeldeko.de\/news\/weihnachtliche-dekoration-mit-dem-dekovlies-tannenbaum-style-rot-gruen\/","title":{"rendered":"Weihnachtliche Dekoration mit dem Dekovlies Tannenbaum Style rot gr\u00fcn"},"content":{"rendered":"<div class=\"textumfliessenrechts\"><img decoding=\"async\" loading=\"lazy\" src=\"https:\/\/www.tafeldeko.de\/news\/media\/users\/schnurchristian\/deko_vlies_tannenbaum.jpg\" alt=\"Dekovlies Tannenbaum\" title=\"Dekovlies Tannenbaum\" width=\"225\" height=\"225\" \/><br \/><a href=\"https:\/\/www.tafeldeko.de\/product_info.php\/products_id\/3836_Deko-Vlies-Tannenbaum-Style-rot-gr-n.html\" title=\"Dekovlies Tannenbaum\"><b>Dekovlies Tannenbaum<\/b><\/a><\/div>\n<p> Wir befinden uns inmitten der <b>vorweihnachtlichen Zeit<\/b>, was f\u00fcr viele unter uns mit einigem Stress verbunden ist. Zum einen m\u00fcssen die Weihnachtsgeschenke f\u00fcr die Familienmitglieder gesucht und gekauft werden, zum anderen ist das Weihnachtsmen\u00fc ebenfalls ein Thema.<br \/>\nWeihnachten wird in der Regel mit der Familie verbracht, das hei\u00dft, man sitzt an Heiligabend, am 1. oder 2. Weihnachtstag zusammen und feiert auf eigene Art und Weise das Weihnachtsfest.<br \/>\nLange Traditionen werden \u00fcber die Jahre hinweg beibehalten und dadurch wird Weihnachten meist zu einem sch\u00f6nen Fest. F\u00fcr die Gastgeber ist <b><a href=\"https:\/\/www.tafeldeko.de\/index.php\/cat\/c48_Tischdeko-Weihnachten.html\" title=\"Weihnachten\">Weihnachten<\/a><\/b> nat\u00fcrlich etwas stressiger, da neben dem Weihnachtsmen\u00fc auch die Tischdeko f\u00fcr das Weihnachtsessen geplant werden muss.<br \/>\nF\u00fchrt man alte Traditionen weiter, so z\u00e4hlt vielleicht auch die Tischdeko dazu.<br \/>\nDoch oft ist es so, dass man jedes Jahr aufs Neue mit einer anderen <b>Tischdeko zu Weihnachten<\/b> die Familie beeindrucken m\u00f6chte. In einem Jahr sind es die modernen Farben, die die Tischdeko bestimmen, in anderen Jahren greift man auf die Klassiker in rot und gr\u00fcn zur\u00fcck.<br \/>\nBei letzterer Variante bietet sich das Dekovlies Tannenbaum Style rot gr\u00fcn an, das einen wundersch\u00f6nen Blickpunkt auf den Tisch zaubern kann. Mit einer Breite von knapp 29 Zentimetern bieten sich viele Deko-M\u00f6glichkeiten.<br \/>\nL\u00e4ngs in die Tischmitte gelegt oder auch quer \u00fcber den Tisch, jedoch dann in mehreren Bahnen, k\u00f6nnen <b>Akzente gesetzt<\/b> werden. Auch zum generellen Dekorieren eignet sich das Dekovlies Tannenbaum bestens. Schleifen f\u00fcr den T\u00fcrkranz, f\u00fcr den Adventskranz und andere Dekorationen k\u00f6nnen mit dem Dekovlies gebunden werden, so dass man f\u00fcr jede Deko einen entsprechenden Blickfang erh\u00e4lt.<br \/>\nDoch zur\u00fcck zur Tischdeko.<br \/>\nAuf dem Dekovlies Tannenbaum Style rot gr\u00fcn pr\u00e4sentieren sich modern gestaltete Tannenb\u00e4ume, die sich in ungew\u00f6hnlichen Darstellungen zeigen. Gestreift in rot und gr\u00fcn, etwas verziert mit gold \u2013 stellt dieses Vlies eine tolle Deko-M\u00f6glichkeit dar. Als Grundelement in der Tischdeko oder als eingearbeiteter Blickpunkt \u2013 mit dem Dekovlies Tannenbaum Style rot gr\u00fcn er\u00f6ffnen sich diverse M\u00f6glichkeiten. <\/p>\n","protected":false},"excerpt":{"rendered":"<p>Wir befinden uns inmitten der vorweihnachtlichen Zeit, was f\u00fcr viele unter uns mit einigem Stress verbunden ist. Zum einen m\u00fcssen die Weihnachtsgeschenke f\u00fcr die Familienmitglieder gesucht und gekauft werden, zum anderen ist das Weihnachtsmen\u00fc ebenfalls ein Thema.<br \/>\nWeihnachten wird in der Regel mit der Familie verbracht, das hei\u00dft, man sitzt an Heiligabend, am 1. oder 2. Weihnachtstag zusammen und feiert auf eigene Art und Weise das Weihnachtsfest.<\/p>\n","protected":false},"author":2,"featured_media":2496,"comment_status":"open","ping_status":"open","sticky":false,"template":"","format":"standard","meta":{"footnotes":""},"categories":[1],"tags":[],"yoast_head":"<!-- This site is optimized with the Yoast SEO plugin v20.4 - https:\/\/yoast.com\/wordpress\/plugins\/seo\/ -->\n<title>Weihnachtliche Dekoration mit dem Dekovlies Tannenbaum Style rot gr\u00fcn - Tafeldeko<\/title>\n<meta name=\"description\" content=\"Die Tischdeko an Weihnachten - sie kann ganz klassisch in Rot und Gr&#xFC;n gestaltet werden oder auch trendig in Lila und Aubergine.\" \/>\n<meta name=\"robots\" content=\"index, follow, max-snippet:-1, max-image-preview:large, max-video-preview:-1\" \/>\n<link rel=\"canonical\" href=\"https:\/\/www.tafeldeko.de\/news\/weihnachtliche-dekoration-mit-dem-dekovlies-tannenbaum-style-rot-gruen\/\" \/>\n<meta property=\"og:locale\" content=\"de_DE\" \/>\n<meta property=\"og:type\" content=\"article\" \/>\n<meta property=\"og:title\" content=\"Weihnachtliche Dekoration mit dem Dekovlies Tannenbaum Style rot gr\u00fcn - Tafeldeko\" \/>\n<meta property=\"og:description\" content=\"Die Tischdeko an Weihnachten - sie kann ganz klassisch in Rot und Gr&#xFC;n gestaltet werden oder auch trendig in Lila und Aubergine.\" \/>\n<meta property=\"og:url\" content=\"https:\/\/www.tafeldeko.de\/news\/weihnachtliche-dekoration-mit-dem-dekovlies-tannenbaum-style-rot-gruen\/\" \/>\n<meta property=\"og:site_name\" content=\"Tafeldeko\" \/>\n<meta property=\"article:publisher\" content=\"https:\/\/www.facebook.com\/pages\/Tafeldeko-einzigartige-Tischdekoration\/174202655894\" \/>\n<meta property=\"article:published_time\" content=\"2011-11-29T19:18:09+00:00\" \/>\n<meta property=\"og:image\" content=\"https:\/\/www.tafeldeko.de\/news\/wp-content\/uploads\/2014\/09\/deko_vlies_tannenbaum.jpg\" \/>\n\t<meta property=\"og:image:width\" content=\"225\" \/>\n\t<meta property=\"og:image:height\" content=\"225\" \/>\n\t<meta property=\"og:image:type\" content=\"image\/jpeg\" \/>\n<meta name=\"author\" content=\"Christiane Stein\" \/>\n<meta name=\"twitter:label1\" content=\"Verfasst von\" \/>\n\t<meta name=\"twitter:data1\" content=\"Christiane Stein\" \/>\n\t<meta name=\"twitter:label2\" content=\"Gesch\u00e4tzte Lesezeit\" \/>\n\t<meta name=\"twitter:data2\" content=\"2 Minuten\" \/>\n<script type=\"application\/ld+json\" class=\"yoast-schema-graph\">{\"@context\":\"https:\/\/schema.org\",\"@graph\":[{\"@type\":\"WebPage\",\"@id\":\"https:\/\/www.tafeldeko.de\/news\/weihnachtliche-dekoration-mit-dem-dekovlies-tannenbaum-style-rot-gruen\/\",\"url\":\"https:\/\/www.tafeldeko.de\/news\/weihnachtliche-dekoration-mit-dem-dekovlies-tannenbaum-style-rot-gruen\/\",\"name\":\"Weihnachtliche Dekoration mit dem Dekovlies Tannenbaum Style rot gr\u00fcn - Tafeldeko\",\"isPartOf\":{\"@id\":\"https:\/\/www.tafeldeko.de\/news\/#website\"},\"datePublished\":\"2011-11-29T19:18:09+00:00\",\"dateModified\":\"2011-11-29T19:18:09+00:00\",\"author\":{\"@id\":\"https:\/\/www.tafeldeko.de\/news\/#\/schema\/person\/d2acd86447ed0b6336089a8ba83164a0\"},\"description\":\"Die Tischdeko an Weihnachten - sie kann ganz klassisch in Rot und Gr&#xFC;n gestaltet werden oder auch trendig in Lila und Aubergine.\",\"breadcrumb\":{\"@id\":\"https:\/\/www.tafeldeko.de\/news\/weihnachtliche-dekoration-mit-dem-dekovlies-tannenbaum-style-rot-gruen\/#breadcrumb\"},\"inLanguage\":\"de-DE\",\"potentialAction\":[{\"@type\":\"ReadAction\",\"target\":[\"https:\/\/www.tafeldeko.de\/news\/weihnachtliche-dekoration-mit-dem-dekovlies-tannenbaum-style-rot-gruen\/\"]}]},{\"@type\":\"BreadcrumbList\",\"@id\":\"https:\/\/www.tafeldeko.de\/news\/weihnachtliche-dekoration-mit-dem-dekovlies-tannenbaum-style-rot-gruen\/#breadcrumb\",\"itemListElement\":[{\"@type\":\"ListItem\",\"position\":1,\"name\":\"Tafeldeko\",\"item\":\"https:\/\/www.tafeldeko.de\/news\/\"},{\"@type\":\"ListItem\",\"position\":2,\"name\":\"Alte Beitr\u00e4ge\",\"item\":\"https:\/\/www.tafeldeko.de\/news\/alte-beitraege\/\"},{\"@type\":\"ListItem\",\"position\":3,\"name\":\"Tischdeko - Blog\",\"item\":\"https:\/\/www.tafeldeko.de\/news\/alte-beitraege\/tischdeko-blog\/\"},{\"@type\":\"ListItem\",\"position\":4,\"name\":\"Weihnachtliche Dekoration mit dem Dekovlies Tannenbaum Style rot gr\u00fcn\"}]},{\"@type\":\"WebSite\",\"@id\":\"https:\/\/www.tafeldeko.de\/news\/#website\",\"url\":\"https:\/\/www.tafeldeko.de\/news\/\",\"name\":\"Tafeldeko\",\"description\":\"Blog mit Tischdeko und Tischdekoration Ideen\",\"potentialAction\":[{\"@type\":\"SearchAction\",\"target\":{\"@type\":\"EntryPoint\",\"urlTemplate\":\"https:\/\/www.tafeldeko.de\/news\/?s={search_term_string}\"},\"query-input\":\"required name=search_term_string\"}],\"inLanguage\":\"de-DE\"},{\"@type\":\"Person\",\"@id\":\"https:\/\/www.tafeldeko.de\/news\/#\/schema\/person\/d2acd86447ed0b6336089a8ba83164a0\",\"name\":\"Christiane Stein\",\"image\":{\"@type\":\"ImageObject\",\"inLanguage\":\"de-DE\",\"@id\":\"https:\/\/www.tafeldeko.de\/news\/#\/schema\/person\/image\/\",\"url\":\"https:\/\/secure.gravatar.com\/avatar\/2054729fbfd1ebc9d3cf1fd55361d0b6?s=96&d=mm&r=g\",\"contentUrl\":\"https:\/\/secure.gravatar.com\/avatar\/2054729fbfd1ebc9d3cf1fd55361d0b6?s=96&d=mm&r=g\",\"caption\":\"Christiane Stein\"}}]}<\/script>\n<!-- \/ Yoast SEO plugin. -->","yoast_head_json":{"title":"Weihnachtliche Dekoration mit dem Dekovlies Tannenbaum Style rot gr\u00fcn - Tafeldeko","description":"Die Tischdeko an Weihnachten - sie kann ganz klassisch in Rot und Gr&#xFC;n gestaltet werden oder auch trendig in Lila und Aubergine.","robots":{"index":"index","follow":"follow","max-snippet":"max-snippet:-1","max-image-preview":"max-image-preview:large","max-video-preview":"max-video-preview:-1"},"canonical":"https:\/\/www.tafeldeko.de\/news\/weihnachtliche-dekoration-mit-dem-dekovlies-tannenbaum-style-rot-gruen\/","og_locale":"de_DE","og_type":"article","og_title":"Weihnachtliche Dekoration mit dem Dekovlies Tannenbaum Style rot gr\u00fcn - Tafeldeko","og_description":"Die Tischdeko an Weihnachten - sie kann ganz klassisch in Rot und Gr&#xFC;n gestaltet werden oder auch trendig in Lila und Aubergine.","og_url":"https:\/\/www.tafeldeko.de\/news\/weihnachtliche-dekoration-mit-dem-dekovlies-tannenbaum-style-rot-gruen\/","og_site_name":"Tafeldeko","article_publisher":"https:\/\/www.facebook.com\/pages\/Tafeldeko-einzigartige-Tischdekoration\/174202655894","article_published_time":"2011-11-29T19:18:09+00:00","og_image":[{"width":225,"height":225,"url":"https:\/\/www.tafeldeko.de\/news\/wp-content\/uploads\/2014\/09\/deko_vlies_tannenbaum.jpg","type":"image\/jpeg"}],"author":"Christiane Stein","twitter_misc":{"Verfasst von":"Christiane Stein","Gesch\u00e4tzte Lesezeit":"2 Minuten"},"schema":{"@context":"https:\/\/schema.org","@graph":[{"@type":"WebPage","@id":"https:\/\/www.tafeldeko.de\/news\/weihnachtliche-dekoration-mit-dem-dekovlies-tannenbaum-style-rot-gruen\/","url":"https:\/\/www.tafeldeko.de\/news\/weihnachtliche-dekoration-mit-dem-dekovlies-tannenbaum-style-rot-gruen\/","name":"Weihnachtliche Dekoration mit dem Dekovlies Tannenbaum Style rot gr\u00fcn - Tafeldeko","isPartOf":{"@id":"https:\/\/www.tafeldeko.de\/news\/#website"},"datePublished":"2011-11-29T19:18:09+00:00","dateModified":"2011-11-29T19:18:09+00:00","author":{"@id":"https:\/\/www.tafeldeko.de\/news\/#\/schema\/person\/d2acd86447ed0b6336089a8ba83164a0"},"description":"Die Tischdeko an Weihnachten - sie kann ganz klassisch in Rot und Gr&#xFC;n gestaltet werden oder auch trendig in Lila und Aubergine.","breadcrumb":{"@id":"https:\/\/www.tafeldeko.de\/news\/weihnachtliche-dekoration-mit-dem-dekovlies-tannenbaum-style-rot-gruen\/#breadcrumb"},"inLanguage":"de-DE","potentialAction":[{"@type":"ReadAction","target":["https:\/\/www.tafeldeko.de\/news\/weihnachtliche-dekoration-mit-dem-dekovlies-tannenbaum-style-rot-gruen\/"]}]},{"@type":"BreadcrumbList","@id":"https:\/\/www.tafeldeko.de\/news\/weihnachtliche-dekoration-mit-dem-dekovlies-tannenbaum-style-rot-gruen\/#breadcrumb","itemListElement":[{"@type":"ListItem","position":1,"name":"Tafeldeko","item":"https:\/\/www.tafeldeko.de\/news\/"},{"@type":"ListItem","position":2,"name":"Alte Beitr\u00e4ge","item":"https:\/\/www.tafeldeko.de\/news\/alte-beitraege\/"},{"@type":"ListItem","position":3,"name":"Tischdeko - Blog","item":"https:\/\/www.tafeldeko.de\/news\/alte-beitraege\/tischdeko-blog\/"},{"@type":"ListItem","position":4,"name":"Weihnachtliche Dekoration mit dem Dekovlies Tannenbaum Style rot gr\u00fcn"}]},{"@type":"WebSite","@id":"https:\/\/www.tafeldeko.de\/news\/#website","url":"https:\/\/www.tafeldeko.de\/news\/","name":"Tafeldeko","description":"Blog mit Tischdeko und Tischdekoration Ideen","potentialAction":[{"@type":"SearchAction","target":{"@type":"EntryPoint","urlTemplate":"https:\/\/www.tafeldeko.de\/news\/?s={search_term_string}"},"query-input":"required name=search_term_string"}],"inLanguage":"de-DE"},{"@type":"Person","@id":"https:\/\/www.tafeldeko.de\/news\/#\/schema\/person\/d2acd86447ed0b6336089a8ba83164a0","name":"Christiane Stein","image":{"@type":"ImageObject","inLanguage":"de-DE","@id":"https:\/\/www.tafeldeko.de\/news\/#\/schema\/person\/image\/","url":"https:\/\/secure.gravatar.com\/avatar\/2054729fbfd1ebc9d3cf1fd55361d0b6?s=96&d=mm&r=g","contentUrl":"https:\/\/secure.gravatar.com\/avatar\/2054729fbfd1ebc9d3cf1fd55361d0b6?s=96&d=mm&r=g","caption":"Christiane Stein"}}]}},"_links":{"self":[{"href":"https:\/\/www.tafeldeko.de\/news\/wp-json\/wp\/v2\/posts\/2495"}],"collection":[{"href":"https:\/\/www.tafeldeko.de\/news\/wp-json\/wp\/v2\/posts"}],"about":[{"href":"https:\/\/www.tafeldeko.de\/news\/wp-json\/wp\/v2\/types\/post"}],"author":[{"embeddable":true,"href":"https:\/\/www.tafeldeko.de\/news\/wp-json\/wp\/v2\/users\/2"}],"replies":[{"embeddable":true,"href":"https:\/\/www.tafeldeko.de\/news\/wp-json\/wp\/v2\/comments?post=2495"}],"version-history":[{"count":0,"href":"https:\/\/www.tafeldeko.de\/news\/wp-json\/wp\/v2\/posts\/2495\/revisions"}],"wp:featuredmedia":[{"embeddable":true,"href":"https:\/\/www.tafeldeko.de\/news\/wp-json\/wp\/v2\/media\/2496"}],"wp:attachment":[{"href":"https:\/\/www.tafeldeko.de\/news\/wp-json\/wp\/v2\/media?parent=2495"}],"wp:term":[{"taxonomy":"category","embeddable":true,"href":"https:\/\/www.tafeldeko.de\/news\/wp-json\/wp\/v2\/categories?post=2495"},{"taxonomy":"post_tag","embeddable":true,"href":"https:\/\/www.tafeldeko.de\/news\/wp-json\/wp\/v2\/tags?post=2495"}],"curies":[{"name":"wp","href":"https:\/\/api.w.org\/{rel}","templated":true}]}}