{"id":2494,"date":"2011-11-25T18:41:04","date_gmt":"2011-11-25T16:41:04","guid":{"rendered":"http:\/\/www.tafeldeko.de\/news\/?p=2494"},"modified":"2011-11-25T18:41:04","modified_gmt":"2011-11-25T16:41:04","slug":"stimmungsvolle-tischdeko-zu-weihnachten","status":"publish","type":"post","link":"https:\/\/www.tafeldeko.de\/news\/stimmungsvolle-tischdeko-zu-weihnachten\/","title":{"rendered":"Stimmungsvolle Tischdeko zu Weihnachten"},"content":{"rendered":"<div class=\"textumfliessenrechts\"><img decoding=\"async\" loading=\"lazy\" src=\"https:\/\/www.tafeldeko.de\/news\/media\/users\/schnurchristian\/kerzenglas_vase.jpg\" alt=\"Kerzenglas Vase\" title=\"Kerzenglas Vase\" width=\"179\" height=\"179\" \/><br \/><a href=\"https:\/\/www.tafeldeko.de\/product_info.php\/products_id\/7671_Kerzenglas-Vase-f-r-Stumpenkerzen-und-Teelichter.html\"><b>stimmungsvolle Tischdeko<\/b><\/a><\/div>\n<p> Weihnachten \u2013 nicht nur das Fest der Liebe, sondern auch der Dekorationen. <b>Weihnachtsdekorationen <\/b>sind jedes Jahr aufs Neue gefragt und wenn man durch die St\u00e4dte, die Einkaufszentren und Wohngebiete schlendert, erwartet einen eine stimmungsvolle Dekoration, die sich oftmals \u00fcbertrifft.<br \/>\nWeihnachtliche Dekorationen, vor allem Lichterketten, Lichtervorh\u00e4nge und weihnachtliche Figuren mit Lichtern stehen hoch im Kurs \u2013 die Vorg\u00e4rten und Eingangsbereiche werden mit diesen und vielen anderen Deko-Accessoires wundersch\u00f6n geschm\u00fcckt.<br \/>\nAm Weihnachtsfest selbst strahlt auch in aller Regel der Tisch, an dem die Familie Platz f\u00fcr das Weihnachtsessen einnimmt, in wundersch\u00f6nem Lichterglanz und Dekoglanz. Diverse M\u00f6glichkeiten bieten sich Jahr f\u00fcr Jahr an und auch in Punkto Accessoires f\u00fcr die Weihnachten gibt es immer wieder etwas Neues.<br \/>\nDoch es gibt auch Accessoires, die man w\u00e4hrend des gesamten Jahres f\u00fcr die Deko verwenden kann. Lediglich die Bef\u00fcllung wird ge\u00e4ndert und so hat man eine Deko f\u00fcr Ostern und ebenso eine Deko zu Weihnachten.<br \/>\nEine dieser passenden Grundlagen ist das Kerzenglas Vase f\u00fcr Stumpenkerzen und <b><a href=\"https:\/\/www.tafeldeko.de\/index.php\/cat\/c958_Teelichter.html\" title=\"Teelichter\">Teelichter<\/a><\/b>. Vielseitig einsetzbar, entweder mit Teelichtern oder mit Stumpenkerzen best\u00fcckt oder als Vase verwendbar \u2013 die Deko-M\u00f6glichkeiten mit diesem tollen Glas sind wirklich vielseitig.<br \/>\nAuch die Tischdeko kann mit diesem sch\u00f6nen Kerzenglas erg\u00e4nzt werden. F\u00fcr weihnachtliche Anl\u00e4sse kann das Kerzenglas mit Engelshaar, kleinen Zweigen mit Beeren aus dem Garten und einer sch\u00f6nen Bl\u00fcte versch\u00f6nert werden \u2013 farblich auf die weihnachtliche Tischdeko abgestimmt.<br \/>\nEine andere Variante, die Tischdeko <b>stimmungsvoll <\/b>zu erg\u00e4nzen, ist, dass dieses Kerzenglas mit Dekosand oder Dekonuggets bef\u00fcllt und mit einer Kerze best\u00fcckt wird. Ein schmales <b><a href=\"https:\/\/www.tafeldeko.de\/index.php\/cat\/c1958_Bast-B%C3%A4nder.html\" title=\"Bastband\">Bastband<\/a><\/b> oder eine weihnachtliche Schleife k\u00f6nnen das Kerzenglas von au\u00dfen verzieren oder ein Stern kann aufgeklebt werden. Mit etwas Fantasie und diesem Kerzenglas hat man eine tolle Grundlage f\u00fcr die stimmungsvolle <b>Tischdeko zu Weihnachten<\/b>.<br \/>\nUnd wenn dann Weihnachten vorbei ist, kann dieses Kerzenglas f\u00fcr andere Dekozwecke eingesetzt oder eben als Kerzenglas verwendet werden. <\/p>\n","protected":false},"excerpt":{"rendered":"<p>Weihnachten \u2013 nicht nur das Fest der Liebe, sondern auch der Dekorationen. Weihnachtsdekorationen sind jedes Jahr aufs Neue gefragt und wenn man durch die St\u00e4dte, die Einkaufszentren und Wohngebiete schlendert, erwartet einen eine stimmungsvolle Dekoration, die sich oftmals \u00fcbertrifft.<br \/>\nWeihnachtliche Dekorationen, vor allem Lichterketten, Lichtervorh\u00e4nge und weihnachtliche Figuren mit Lichtern stehen hoch im Kurs \u2013 die Vorg\u00e4rten und Eingangsbereiche werden mit diesen und vielen anderen Deko-Accessoires wundersch\u00f6n geschm\u00fcckt.<\/p>\n","protected":false},"author":2,"featured_media":375,"comment_status":"open","ping_status":"open","sticky":false,"template":"","format":"standard","meta":{"footnotes":""},"categories":[1],"tags":[],"yoast_head":"<!-- This site is optimized with the Yoast SEO plugin v20.4 - https:\/\/yoast.com\/wordpress\/plugins\/seo\/ -->\n<title>Stimmungsvolle Tischdeko zu Weihnachten - Tafeldeko<\/title>\n<meta name=\"description\" content=\"F&#xFC;r weihnachtliche Anl&#xE4;sse kann das Kerzenglas mit Engelshaar, kleinen Zweigen mit Beeren sch&#xF6;n geschm&#xFC;ckt werden.\" \/>\n<meta name=\"robots\" content=\"index, follow, max-snippet:-1, max-image-preview:large, max-video-preview:-1\" \/>\n<link rel=\"canonical\" href=\"https:\/\/www.tafeldeko.de\/news\/stimmungsvolle-tischdeko-zu-weihnachten\/\" \/>\n<meta property=\"og:locale\" content=\"de_DE\" \/>\n<meta property=\"og:type\" content=\"article\" \/>\n<meta property=\"og:title\" content=\"Stimmungsvolle Tischdeko zu Weihnachten - Tafeldeko\" \/>\n<meta property=\"og:description\" content=\"F&#xFC;r weihnachtliche Anl&#xE4;sse kann das Kerzenglas mit Engelshaar, kleinen Zweigen mit Beeren sch&#xF6;n geschm&#xFC;ckt werden.\" \/>\n<meta property=\"og:url\" content=\"https:\/\/www.tafeldeko.de\/news\/stimmungsvolle-tischdeko-zu-weihnachten\/\" \/>\n<meta property=\"og:site_name\" content=\"Tafeldeko\" \/>\n<meta property=\"article:publisher\" content=\"https:\/\/www.facebook.com\/pages\/Tafeldeko-einzigartige-Tischdekoration\/174202655894\" \/>\n<meta property=\"article:published_time\" content=\"2011-11-25T16:41:04+00:00\" \/>\n<meta property=\"og:image\" content=\"https:\/\/www.tafeldeko.de\/news\/wp-content\/uploads\/2014\/09\/kerzenglas_vase.jpg\" \/>\n\t<meta property=\"og:image:width\" content=\"179\" \/>\n\t<meta property=\"og:image:height\" content=\"179\" \/>\n\t<meta property=\"og:image:type\" content=\"image\/jpeg\" \/>\n<meta name=\"author\" content=\"Christiane Stein\" \/>\n<meta name=\"twitter:label1\" content=\"Verfasst von\" \/>\n\t<meta name=\"twitter:data1\" content=\"Christiane Stein\" \/>\n\t<meta name=\"twitter:label2\" content=\"Gesch\u00e4tzte Lesezeit\" \/>\n\t<meta name=\"twitter:data2\" content=\"2 Minuten\" \/>\n<script type=\"application\/ld+json\" class=\"yoast-schema-graph\">{\"@context\":\"https:\/\/schema.org\",\"@graph\":[{\"@type\":\"WebPage\",\"@id\":\"https:\/\/www.tafeldeko.de\/news\/stimmungsvolle-tischdeko-zu-weihnachten\/\",\"url\":\"https:\/\/www.tafeldeko.de\/news\/stimmungsvolle-tischdeko-zu-weihnachten\/\",\"name\":\"Stimmungsvolle Tischdeko zu Weihnachten - Tafeldeko\",\"isPartOf\":{\"@id\":\"https:\/\/www.tafeldeko.de\/news\/#website\"},\"datePublished\":\"2011-11-25T16:41:04+00:00\",\"dateModified\":\"2011-11-25T16:41:04+00:00\",\"author\":{\"@id\":\"https:\/\/www.tafeldeko.de\/news\/#\/schema\/person\/d2acd86447ed0b6336089a8ba83164a0\"},\"description\":\"F&#xFC;r weihnachtliche Anl&#xE4;sse kann das Kerzenglas mit Engelshaar, kleinen Zweigen mit Beeren sch&#xF6;n geschm&#xFC;ckt werden.\",\"breadcrumb\":{\"@id\":\"https:\/\/www.tafeldeko.de\/news\/stimmungsvolle-tischdeko-zu-weihnachten\/#breadcrumb\"},\"inLanguage\":\"de-DE\",\"potentialAction\":[{\"@type\":\"ReadAction\",\"target\":[\"https:\/\/www.tafeldeko.de\/news\/stimmungsvolle-tischdeko-zu-weihnachten\/\"]}]},{\"@type\":\"BreadcrumbList\",\"@id\":\"https:\/\/www.tafeldeko.de\/news\/stimmungsvolle-tischdeko-zu-weihnachten\/#breadcrumb\",\"itemListElement\":[{\"@type\":\"ListItem\",\"position\":1,\"name\":\"Tafeldeko\",\"item\":\"https:\/\/www.tafeldeko.de\/news\/\"},{\"@type\":\"ListItem\",\"position\":2,\"name\":\"Alte Beitr\u00e4ge\",\"item\":\"https:\/\/www.tafeldeko.de\/news\/alte-beitraege\/\"},{\"@type\":\"ListItem\",\"position\":3,\"name\":\"Tischdeko - Blog\",\"item\":\"https:\/\/www.tafeldeko.de\/news\/alte-beitraege\/tischdeko-blog\/\"},{\"@type\":\"ListItem\",\"position\":4,\"name\":\"Stimmungsvolle Tischdeko zu Weihnachten\"}]},{\"@type\":\"WebSite\",\"@id\":\"https:\/\/www.tafeldeko.de\/news\/#website\",\"url\":\"https:\/\/www.tafeldeko.de\/news\/\",\"name\":\"Tafeldeko\",\"description\":\"Blog mit Tischdeko und Tischdekoration Ideen\",\"potentialAction\":[{\"@type\":\"SearchAction\",\"target\":{\"@type\":\"EntryPoint\",\"urlTemplate\":\"https:\/\/www.tafeldeko.de\/news\/?s={search_term_string}\"},\"query-input\":\"required name=search_term_string\"}],\"inLanguage\":\"de-DE\"},{\"@type\":\"Person\",\"@id\":\"https:\/\/www.tafeldeko.de\/news\/#\/schema\/person\/d2acd86447ed0b6336089a8ba83164a0\",\"name\":\"Christiane Stein\",\"image\":{\"@type\":\"ImageObject\",\"inLanguage\":\"de-DE\",\"@id\":\"https:\/\/www.tafeldeko.de\/news\/#\/schema\/person\/image\/\",\"url\":\"https:\/\/secure.gravatar.com\/avatar\/2054729fbfd1ebc9d3cf1fd55361d0b6?s=96&d=mm&r=g\",\"contentUrl\":\"https:\/\/secure.gravatar.com\/avatar\/2054729fbfd1ebc9d3cf1fd55361d0b6?s=96&d=mm&r=g\",\"caption\":\"Christiane Stein\"}}]}<\/script>\n<!-- \/ Yoast SEO plugin. -->","yoast_head_json":{"title":"Stimmungsvolle Tischdeko zu Weihnachten - Tafeldeko","description":"F&#xFC;r weihnachtliche Anl&#xE4;sse kann das Kerzenglas mit Engelshaar, kleinen Zweigen mit Beeren sch&#xF6;n geschm&#xFC;ckt werden.","robots":{"index":"index","follow":"follow","max-snippet":"max-snippet:-1","max-image-preview":"max-image-preview:large","max-video-preview":"max-video-preview:-1"},"canonical":"https:\/\/www.tafeldeko.de\/news\/stimmungsvolle-tischdeko-zu-weihnachten\/","og_locale":"de_DE","og_type":"article","og_title":"Stimmungsvolle Tischdeko zu Weihnachten - Tafeldeko","og_description":"F&#xFC;r weihnachtliche Anl&#xE4;sse kann das Kerzenglas mit Engelshaar, kleinen Zweigen mit Beeren sch&#xF6;n geschm&#xFC;ckt werden.","og_url":"https:\/\/www.tafeldeko.de\/news\/stimmungsvolle-tischdeko-zu-weihnachten\/","og_site_name":"Tafeldeko","article_publisher":"https:\/\/www.facebook.com\/pages\/Tafeldeko-einzigartige-Tischdekoration\/174202655894","article_published_time":"2011-11-25T16:41:04+00:00","og_image":[{"width":179,"height":179,"url":"https:\/\/www.tafeldeko.de\/news\/wp-content\/uploads\/2014\/09\/kerzenglas_vase.jpg","type":"image\/jpeg"}],"author":"Christiane Stein","twitter_misc":{"Verfasst von":"Christiane Stein","Gesch\u00e4tzte Lesezeit":"2 Minuten"},"schema":{"@context":"https:\/\/schema.org","@graph":[{"@type":"WebPage","@id":"https:\/\/www.tafeldeko.de\/news\/stimmungsvolle-tischdeko-zu-weihnachten\/","url":"https:\/\/www.tafeldeko.de\/news\/stimmungsvolle-tischdeko-zu-weihnachten\/","name":"Stimmungsvolle Tischdeko zu Weihnachten - Tafeldeko","isPartOf":{"@id":"https:\/\/www.tafeldeko.de\/news\/#website"},"datePublished":"2011-11-25T16:41:04+00:00","dateModified":"2011-11-25T16:41:04+00:00","author":{"@id":"https:\/\/www.tafeldeko.de\/news\/#\/schema\/person\/d2acd86447ed0b6336089a8ba83164a0"},"description":"F&#xFC;r weihnachtliche Anl&#xE4;sse kann das Kerzenglas mit Engelshaar, kleinen Zweigen mit Beeren sch&#xF6;n geschm&#xFC;ckt werden.","breadcrumb":{"@id":"https:\/\/www.tafeldeko.de\/news\/stimmungsvolle-tischdeko-zu-weihnachten\/#breadcrumb"},"inLanguage":"de-DE","potentialAction":[{"@type":"ReadAction","target":["https:\/\/www.tafeldeko.de\/news\/stimmungsvolle-tischdeko-zu-weihnachten\/"]}]},{"@type":"BreadcrumbList","@id":"https:\/\/www.tafeldeko.de\/news\/stimmungsvolle-tischdeko-zu-weihnachten\/#breadcrumb","itemListElement":[{"@type":"ListItem","position":1,"name":"Tafeldeko","item":"https:\/\/www.tafeldeko.de\/news\/"},{"@type":"ListItem","position":2,"name":"Alte Beitr\u00e4ge","item":"https:\/\/www.tafeldeko.de\/news\/alte-beitraege\/"},{"@type":"ListItem","position":3,"name":"Tischdeko - Blog","item":"https:\/\/www.tafeldeko.de\/news\/alte-beitraege\/tischdeko-blog\/"},{"@type":"ListItem","position":4,"name":"Stimmungsvolle Tischdeko zu Weihnachten"}]},{"@type":"WebSite","@id":"https:\/\/www.tafeldeko.de\/news\/#website","url":"https:\/\/www.tafeldeko.de\/news\/","name":"Tafeldeko","description":"Blog mit Tischdeko und Tischdekoration Ideen","potentialAction":[{"@type":"SearchAction","target":{"@type":"EntryPoint","urlTemplate":"https:\/\/www.tafeldeko.de\/news\/?s={search_term_string}"},"query-input":"required name=search_term_string"}],"inLanguage":"de-DE"},{"@type":"Person","@id":"https:\/\/www.tafeldeko.de\/news\/#\/schema\/person\/d2acd86447ed0b6336089a8ba83164a0","name":"Christiane Stein","image":{"@type":"ImageObject","inLanguage":"de-DE","@id":"https:\/\/www.tafeldeko.de\/news\/#\/schema\/person\/image\/","url":"https:\/\/secure.gravatar.com\/avatar\/2054729fbfd1ebc9d3cf1fd55361d0b6?s=96&d=mm&r=g","contentUrl":"https:\/\/secure.gravatar.com\/avatar\/2054729fbfd1ebc9d3cf1fd55361d0b6?s=96&d=mm&r=g","caption":"Christiane Stein"}}]}},"_links":{"self":[{"href":"https:\/\/www.tafeldeko.de\/news\/wp-json\/wp\/v2\/posts\/2494"}],"collection":[{"href":"https:\/\/www.tafeldeko.de\/news\/wp-json\/wp\/v2\/posts"}],"about":[{"href":"https:\/\/www.tafeldeko.de\/news\/wp-json\/wp\/v2\/types\/post"}],"author":[{"embeddable":true,"href":"https:\/\/www.tafeldeko.de\/news\/wp-json\/wp\/v2\/users\/2"}],"replies":[{"embeddable":true,"href":"https:\/\/www.tafeldeko.de\/news\/wp-json\/wp\/v2\/comments?post=2494"}],"version-history":[{"count":0,"href":"https:\/\/www.tafeldeko.de\/news\/wp-json\/wp\/v2\/posts\/2494\/revisions"}],"wp:featuredmedia":[{"embeddable":true,"href":"https:\/\/www.tafeldeko.de\/news\/wp-json\/wp\/v2\/media\/375"}],"wp:attachment":[{"href":"https:\/\/www.tafeldeko.de\/news\/wp-json\/wp\/v2\/media?parent=2494"}],"wp:term":[{"taxonomy":"category","embeddable":true,"href":"https:\/\/www.tafeldeko.de\/news\/wp-json\/wp\/v2\/categories?post=2494"},{"taxonomy":"post_tag","embeddable":true,"href":"https:\/\/www.tafeldeko.de\/news\/wp-json\/wp\/v2\/tags?post=2494"}],"curies":[{"name":"wp","href":"https:\/\/api.w.org\/{rel}","templated":true}]}}