{"id":2492,"date":"2011-11-22T20:53:14","date_gmt":"2011-11-22T18:53:14","guid":{"rendered":"http:\/\/www.tafeldeko.de\/news\/?p=2492"},"modified":"2011-11-22T20:53:14","modified_gmt":"2011-11-22T18:53:14","slug":"deko-und-tischdeko-fuer-den-weihnachtsmarkt-zu-hause","status":"publish","type":"post","link":"https:\/\/www.tafeldeko.de\/news\/deko-und-tischdeko-fuer-den-weihnachtsmarkt-zu-hause\/","title":{"rendered":"Deko und Tischdeko f\u00fcr den \u201eWeihnachtsmarkt zu Hause\u201c"},"content":{"rendered":"<div class=\"textumfliessenrechts\"><img decoding=\"async\" loading=\"lazy\" src=\"https:\/\/www.tafeldeko.de\/news\/media\/users\/schnurchristian\/holz_teelicht_hirsch.jpg\" alt=\"Holz-Teelichthalter Hirsch\" title=\"Holz-Teelichthalter Hirsch\" width=\"166\" height=\"166\" \/><br \/><a href=\"https:\/\/www.tafeldeko.de\/index.php\/cat\/c48_Tischdeko-Weihnachten.html\" title=\"weihnachtliche Kerzen\"><b>weihnachtliche Kerzen<\/b><\/a><\/div>\n<p> Jetzt kommt wieder die Zeit, in der ein <b>Weihnachtsmarkt <\/b>nach dem anderen los geht. Bereits zum ersten Advent geht es mit den diversen Weihnachtsm\u00e4rkten in den St\u00e4dten und auch kleineren D\u00f6rfern und Gegenden los, die weihnachtliche Stimmung und das so genannte \u201e<b>Weihnachtsmarkt-Feeling<\/b>\u201c m\u00f6chte keiner missen.<br \/>\nSch\u00f6n und traumhaft ist ein Weihnachtsmarkt nat\u00fcrlich dann, wenn das Wetter mitspielt. Das hei\u00dft, wenn es drau\u00dfen trocken und kalt ist oder vielleicht sogar uns Schnee beschert wurde, ist dies f\u00fcr die Weihnachtsm\u00e4rkte ideal. Der Gl\u00fchwein schmeckt, man w\u00e4rmt sich mit warmen Getr\u00e4nken \u2013 mit und ohne Alkohol \u2013 etwas auf und genie\u00dft die Vorweihnachtszeit.<br \/>\nEin Weihnachtsmarkt muss nicht immer im gro\u00dfen Stil abgehalten werden, kleine, feine Weihnachtsm\u00e4rkte, wie beispielsweise der eigene Weihnachtsmarkt im Garten mit den Freunden, ist eine tolle Variante, die <b>vorweihnachtliche Zeit <\/b>zu genie\u00dfen.<br \/>\nStehtische bieten den G\u00e4sten im Gartenbereich die M\u00f6glichkeit, die k\u00f6stlichen, w\u00e4rmenden Getr\u00e4nke abzustellen und aus Lautsprechern rieselt leise weihnachtliche Musik. Vielleicht kann man sogar eine kleine H\u00fctte auftreiben, in der man Gl\u00fchwein, hei\u00dfen Kakao \u2013 mit und ohne Schuss \u2013 zubereiten und servieren kann. Tannenzweige und <b><a href=\"https:\/\/www.tafeldeko.de\/index.php\/cat\/c533_Teelichthalter.html\" title=\"Teelichthalter\">Teelichthalter<\/a><\/b> sind nur zwei von diversen Deko-Accessoires, die f\u00fcr die kleine Weihnachtsfeier verwendet werden k\u00f6nnen.<br \/>\nUnd damit es nicht ganz so kalt wird, wird mit einem Aztekenofen entsprechend den G\u00e4sten eingeheizt \u2013 ein Weihnachtsmarkt im kleinen Stil, der garantiert in den n\u00e4chsten Jahren wiederholt wird.<br \/>\nDoch auch bei diesem kleinen Weihnachtmarkt zu Hause sollte man nicht auf eine kleine Deko verzichten. Die Stehtische k\u00f6nnen mit Servietten versch\u00f6nert werden, und die Holz-Teelichthalter mit Hirsch in altgrau bieten eine tolle Erg\u00e4nzung zur <b>weihnachtlichen Deko<\/b>. Das Kerzenlicht schimmert durch das Glas, so dass auch hierdurch die weihnachtliche Stimmung hervorgerufen wird.<br \/>\nAls Servietten eignen sich \u2013 eben passend zur Weihnachtszeit \u2013 die, die weihnachtliche Motive beinhalten und so die weihnachtliche Tischdeko auf den Stehtischen erg\u00e4nzen. Tannen- und Mistelzweige k\u00f6nnen zudem auf den Stehtischen arrangiert werden. Auch selbst ausgeschnittene Sterne \u2013 in silber \u2013 ergeben in Kombination mit den <b><a href=\"https:\/\/www.tafeldeko.de\/index.php\/cat\/c1159_Weihnacht-Servietten.html\" title=\"Servietten\">Servietten<\/a><\/b> und den Teelichthaltern ein wundersch\u00f6nes Bild. <\/p>\n","protected":false},"excerpt":{"rendered":"<p>Jetzt kommt wieder die Zeit, in der ein Weihnachtsmarkt nach dem anderen los geht. Bereits zum ersten Advent geht es mit den diversen Weihnachtsm\u00e4rkten in den St\u00e4dten und auch kleineren D\u00f6rfern und Gegenden los, die weihnachtliche Stimmung und das so genannte \u201eWeihnachtsmarkt-Feeling\u201c m\u00f6chte keiner missen.<br \/>\nSch\u00f6n und traumhaft ist ein Weihnachtsmarkt nat\u00fcrlich dann, wenn das Wetter mitspielt. Das hei\u00dft, wenn es drau\u00dfen trocken und kalt ist oder vielleicht sogar uns Schnee beschert wurde, ist dies f\u00fcr die Weihnachtsm\u00e4rkte ideal. Der Gl\u00fchwein schmeckt, man w\u00e4rmt sich mit warmen Getr\u00e4nken \u2013 mit und ohne Alkohol \u2013 etwas auf und genie\u00dft die Vorweihnachtszeit.<\/p>\n","protected":false},"author":2,"featured_media":2493,"comment_status":"open","ping_status":"open","sticky":false,"template":"","format":"standard","meta":{"footnotes":""},"categories":[1],"tags":[],"yoast_head":"<!-- This site is optimized with the Yoast SEO plugin v20.4 - https:\/\/yoast.com\/wordpress\/plugins\/seo\/ -->\n<title>Deko und Tischdeko f\u00fcr den \u201eWeihnachtsmarkt zu Hause\u201c - Tafeldeko<\/title>\n<meta name=\"description\" content=\"Auch bei einem kleinen Weihnachtmarkt zu Hause sollte man nicht auf eine kleine Deko verzichten.\" \/>\n<meta name=\"robots\" content=\"index, follow, max-snippet:-1, max-image-preview:large, max-video-preview:-1\" \/>\n<link rel=\"canonical\" href=\"https:\/\/www.tafeldeko.de\/news\/deko-und-tischdeko-fuer-den-weihnachtsmarkt-zu-hause\/\" \/>\n<meta property=\"og:locale\" content=\"de_DE\" \/>\n<meta property=\"og:type\" content=\"article\" \/>\n<meta property=\"og:title\" content=\"Deko und Tischdeko f\u00fcr den \u201eWeihnachtsmarkt zu Hause\u201c - Tafeldeko\" \/>\n<meta property=\"og:description\" content=\"Auch bei einem kleinen Weihnachtmarkt zu Hause sollte man nicht auf eine kleine Deko verzichten.\" \/>\n<meta property=\"og:url\" content=\"https:\/\/www.tafeldeko.de\/news\/deko-und-tischdeko-fuer-den-weihnachtsmarkt-zu-hause\/\" \/>\n<meta property=\"og:site_name\" content=\"Tafeldeko\" \/>\n<meta property=\"article:publisher\" content=\"https:\/\/www.facebook.com\/pages\/Tafeldeko-einzigartige-Tischdekoration\/174202655894\" \/>\n<meta property=\"article:published_time\" content=\"2011-11-22T18:53:14+00:00\" \/>\n<meta property=\"og:image\" content=\"https:\/\/www.tafeldeko.de\/news\/wp-content\/uploads\/2014\/09\/holz_teelicht_hirsch.jpg\" \/>\n\t<meta property=\"og:image:width\" content=\"166\" \/>\n\t<meta property=\"og:image:height\" content=\"166\" \/>\n\t<meta property=\"og:image:type\" content=\"image\/jpeg\" \/>\n<meta name=\"author\" content=\"Christiane Stein\" \/>\n<meta name=\"twitter:label1\" content=\"Verfasst von\" \/>\n\t<meta name=\"twitter:data1\" content=\"Christiane Stein\" \/>\n\t<meta name=\"twitter:label2\" content=\"Gesch\u00e4tzte Lesezeit\" \/>\n\t<meta name=\"twitter:data2\" content=\"2 Minuten\" \/>\n<script type=\"application\/ld+json\" class=\"yoast-schema-graph\">{\"@context\":\"https:\/\/schema.org\",\"@graph\":[{\"@type\":\"WebPage\",\"@id\":\"https:\/\/www.tafeldeko.de\/news\/deko-und-tischdeko-fuer-den-weihnachtsmarkt-zu-hause\/\",\"url\":\"https:\/\/www.tafeldeko.de\/news\/deko-und-tischdeko-fuer-den-weihnachtsmarkt-zu-hause\/\",\"name\":\"Deko und Tischdeko f\u00fcr den \u201eWeihnachtsmarkt zu Hause\u201c - Tafeldeko\",\"isPartOf\":{\"@id\":\"https:\/\/www.tafeldeko.de\/news\/#website\"},\"datePublished\":\"2011-11-22T18:53:14+00:00\",\"dateModified\":\"2011-11-22T18:53:14+00:00\",\"author\":{\"@id\":\"https:\/\/www.tafeldeko.de\/news\/#\/schema\/person\/d2acd86447ed0b6336089a8ba83164a0\"},\"description\":\"Auch bei einem kleinen Weihnachtmarkt zu Hause sollte man nicht auf eine kleine Deko verzichten.\",\"breadcrumb\":{\"@id\":\"https:\/\/www.tafeldeko.de\/news\/deko-und-tischdeko-fuer-den-weihnachtsmarkt-zu-hause\/#breadcrumb\"},\"inLanguage\":\"de-DE\",\"potentialAction\":[{\"@type\":\"ReadAction\",\"target\":[\"https:\/\/www.tafeldeko.de\/news\/deko-und-tischdeko-fuer-den-weihnachtsmarkt-zu-hause\/\"]}]},{\"@type\":\"BreadcrumbList\",\"@id\":\"https:\/\/www.tafeldeko.de\/news\/deko-und-tischdeko-fuer-den-weihnachtsmarkt-zu-hause\/#breadcrumb\",\"itemListElement\":[{\"@type\":\"ListItem\",\"position\":1,\"name\":\"Tafeldeko\",\"item\":\"https:\/\/www.tafeldeko.de\/news\/\"},{\"@type\":\"ListItem\",\"position\":2,\"name\":\"Alte Beitr\u00e4ge\",\"item\":\"https:\/\/www.tafeldeko.de\/news\/alte-beitraege\/\"},{\"@type\":\"ListItem\",\"position\":3,\"name\":\"Tischdeko - Blog\",\"item\":\"https:\/\/www.tafeldeko.de\/news\/alte-beitraege\/tischdeko-blog\/\"},{\"@type\":\"ListItem\",\"position\":4,\"name\":\"Deko und Tischdeko f\u00fcr den \u201eWeihnachtsmarkt zu Hause\u201c\"}]},{\"@type\":\"WebSite\",\"@id\":\"https:\/\/www.tafeldeko.de\/news\/#website\",\"url\":\"https:\/\/www.tafeldeko.de\/news\/\",\"name\":\"Tafeldeko\",\"description\":\"Blog mit Tischdeko und Tischdekoration Ideen\",\"potentialAction\":[{\"@type\":\"SearchAction\",\"target\":{\"@type\":\"EntryPoint\",\"urlTemplate\":\"https:\/\/www.tafeldeko.de\/news\/?s={search_term_string}\"},\"query-input\":\"required name=search_term_string\"}],\"inLanguage\":\"de-DE\"},{\"@type\":\"Person\",\"@id\":\"https:\/\/www.tafeldeko.de\/news\/#\/schema\/person\/d2acd86447ed0b6336089a8ba83164a0\",\"name\":\"Christiane Stein\",\"image\":{\"@type\":\"ImageObject\",\"inLanguage\":\"de-DE\",\"@id\":\"https:\/\/www.tafeldeko.de\/news\/#\/schema\/person\/image\/\",\"url\":\"https:\/\/secure.gravatar.com\/avatar\/2054729fbfd1ebc9d3cf1fd55361d0b6?s=96&d=mm&r=g\",\"contentUrl\":\"https:\/\/secure.gravatar.com\/avatar\/2054729fbfd1ebc9d3cf1fd55361d0b6?s=96&d=mm&r=g\",\"caption\":\"Christiane Stein\"}}]}<\/script>\n<!-- \/ Yoast SEO plugin. -->","yoast_head_json":{"title":"Deko und Tischdeko f\u00fcr den \u201eWeihnachtsmarkt zu Hause\u201c - Tafeldeko","description":"Auch bei einem kleinen Weihnachtmarkt zu Hause sollte man nicht auf eine kleine Deko verzichten.","robots":{"index":"index","follow":"follow","max-snippet":"max-snippet:-1","max-image-preview":"max-image-preview:large","max-video-preview":"max-video-preview:-1"},"canonical":"https:\/\/www.tafeldeko.de\/news\/deko-und-tischdeko-fuer-den-weihnachtsmarkt-zu-hause\/","og_locale":"de_DE","og_type":"article","og_title":"Deko und Tischdeko f\u00fcr den \u201eWeihnachtsmarkt zu Hause\u201c - Tafeldeko","og_description":"Auch bei einem kleinen Weihnachtmarkt zu Hause sollte man nicht auf eine kleine Deko verzichten.","og_url":"https:\/\/www.tafeldeko.de\/news\/deko-und-tischdeko-fuer-den-weihnachtsmarkt-zu-hause\/","og_site_name":"Tafeldeko","article_publisher":"https:\/\/www.facebook.com\/pages\/Tafeldeko-einzigartige-Tischdekoration\/174202655894","article_published_time":"2011-11-22T18:53:14+00:00","og_image":[{"width":166,"height":166,"url":"https:\/\/www.tafeldeko.de\/news\/wp-content\/uploads\/2014\/09\/holz_teelicht_hirsch.jpg","type":"image\/jpeg"}],"author":"Christiane Stein","twitter_misc":{"Verfasst von":"Christiane Stein","Gesch\u00e4tzte Lesezeit":"2 Minuten"},"schema":{"@context":"https:\/\/schema.org","@graph":[{"@type":"WebPage","@id":"https:\/\/www.tafeldeko.de\/news\/deko-und-tischdeko-fuer-den-weihnachtsmarkt-zu-hause\/","url":"https:\/\/www.tafeldeko.de\/news\/deko-und-tischdeko-fuer-den-weihnachtsmarkt-zu-hause\/","name":"Deko und Tischdeko f\u00fcr den \u201eWeihnachtsmarkt zu Hause\u201c - Tafeldeko","isPartOf":{"@id":"https:\/\/www.tafeldeko.de\/news\/#website"},"datePublished":"2011-11-22T18:53:14+00:00","dateModified":"2011-11-22T18:53:14+00:00","author":{"@id":"https:\/\/www.tafeldeko.de\/news\/#\/schema\/person\/d2acd86447ed0b6336089a8ba83164a0"},"description":"Auch bei einem kleinen Weihnachtmarkt zu Hause sollte man nicht auf eine kleine Deko verzichten.","breadcrumb":{"@id":"https:\/\/www.tafeldeko.de\/news\/deko-und-tischdeko-fuer-den-weihnachtsmarkt-zu-hause\/#breadcrumb"},"inLanguage":"de-DE","potentialAction":[{"@type":"ReadAction","target":["https:\/\/www.tafeldeko.de\/news\/deko-und-tischdeko-fuer-den-weihnachtsmarkt-zu-hause\/"]}]},{"@type":"BreadcrumbList","@id":"https:\/\/www.tafeldeko.de\/news\/deko-und-tischdeko-fuer-den-weihnachtsmarkt-zu-hause\/#breadcrumb","itemListElement":[{"@type":"ListItem","position":1,"name":"Tafeldeko","item":"https:\/\/www.tafeldeko.de\/news\/"},{"@type":"ListItem","position":2,"name":"Alte Beitr\u00e4ge","item":"https:\/\/www.tafeldeko.de\/news\/alte-beitraege\/"},{"@type":"ListItem","position":3,"name":"Tischdeko - Blog","item":"https:\/\/www.tafeldeko.de\/news\/alte-beitraege\/tischdeko-blog\/"},{"@type":"ListItem","position":4,"name":"Deko und Tischdeko f\u00fcr den \u201eWeihnachtsmarkt zu Hause\u201c"}]},{"@type":"WebSite","@id":"https:\/\/www.tafeldeko.de\/news\/#website","url":"https:\/\/www.tafeldeko.de\/news\/","name":"Tafeldeko","description":"Blog mit Tischdeko und Tischdekoration Ideen","potentialAction":[{"@type":"SearchAction","target":{"@type":"EntryPoint","urlTemplate":"https:\/\/www.tafeldeko.de\/news\/?s={search_term_string}"},"query-input":"required name=search_term_string"}],"inLanguage":"de-DE"},{"@type":"Person","@id":"https:\/\/www.tafeldeko.de\/news\/#\/schema\/person\/d2acd86447ed0b6336089a8ba83164a0","name":"Christiane Stein","image":{"@type":"ImageObject","inLanguage":"de-DE","@id":"https:\/\/www.tafeldeko.de\/news\/#\/schema\/person\/image\/","url":"https:\/\/secure.gravatar.com\/avatar\/2054729fbfd1ebc9d3cf1fd55361d0b6?s=96&d=mm&r=g","contentUrl":"https:\/\/secure.gravatar.com\/avatar\/2054729fbfd1ebc9d3cf1fd55361d0b6?s=96&d=mm&r=g","caption":"Christiane Stein"}}]}},"_links":{"self":[{"href":"https:\/\/www.tafeldeko.de\/news\/wp-json\/wp\/v2\/posts\/2492"}],"collection":[{"href":"https:\/\/www.tafeldeko.de\/news\/wp-json\/wp\/v2\/posts"}],"about":[{"href":"https:\/\/www.tafeldeko.de\/news\/wp-json\/wp\/v2\/types\/post"}],"author":[{"embeddable":true,"href":"https:\/\/www.tafeldeko.de\/news\/wp-json\/wp\/v2\/users\/2"}],"replies":[{"embeddable":true,"href":"https:\/\/www.tafeldeko.de\/news\/wp-json\/wp\/v2\/comments?post=2492"}],"version-history":[{"count":0,"href":"https:\/\/www.tafeldeko.de\/news\/wp-json\/wp\/v2\/posts\/2492\/revisions"}],"wp:featuredmedia":[{"embeddable":true,"href":"https:\/\/www.tafeldeko.de\/news\/wp-json\/wp\/v2\/media\/2493"}],"wp:attachment":[{"href":"https:\/\/www.tafeldeko.de\/news\/wp-json\/wp\/v2\/media?parent=2492"}],"wp:term":[{"taxonomy":"category","embeddable":true,"href":"https:\/\/www.tafeldeko.de\/news\/wp-json\/wp\/v2\/categories?post=2492"},{"taxonomy":"post_tag","embeddable":true,"href":"https:\/\/www.tafeldeko.de\/news\/wp-json\/wp\/v2\/tags?post=2492"}],"curies":[{"name":"wp","href":"https:\/\/api.w.org\/{rel}","templated":true}]}}