{"id":2472,"date":"2011-10-26T08:37:00","date_gmt":"2011-10-26T06:37:00","guid":{"rendered":"http:\/\/www.tafeldeko.de\/news\/?p=2472"},"modified":"2023-07-12T12:11:00","modified_gmt":"2023-07-12T11:11:00","slug":"norwegische-tischdeko-zu-weihnachten","status":"publish","type":"post","link":"https:\/\/www.tafeldeko.de\/news\/norwegische-tischdeko-zu-weihnachten\/","title":{"rendered":"Norwegische Tischdeko zu Weihnachten"},"content":{"rendered":"<p>Norwegische Tischdeko &#8211; Schon gewusst\u00a0 <em>\u201eGledelig Jil\u201c\u00a0<\/em> oder\u00a0 <em>\u201eGod Jul\u201c<\/em>\u00a0 hei\u00dft\u00a0 <em>\u201eFrohe Weihnachten\u201c<\/em>\u00a0 auf Norwegisch. In Norwegen wird Weihnachten noch sehr traditionell gefeiert, den Weihnachtsbaum schm\u00fccken oft Ketten, die aus norwegischen Papierflaggen bestehen. K\u00f6nnt ihr euch vorstellen, dass an unseren Weihnachtsb\u00e4umen Ketten mit deutschen Papierflaggen h\u00e4ngen? Schon sehr au\u00dfergew\u00f6hnlich! Doch wenn wir uns anschauen, wie die Norweger traditionsgem\u00e4\u00df Weihnachten feiern, wird dieser Brauch schnell klar. Im gesamten Land l\u00e4uten am Heiligabend zwischen 17 und 18 Uhr die Glocken. Damit soll der Heilige Abend und die Gottesdienste eingeleitet werden. Hier scheinen wir gar nicht so verschieden zu sein.<\/p>\n<p>\t\t\t\t\t\t\t\t\t\t\t\t\t<a href=\"https:\/\/www.tafeldeko.de\/winterdeko-weihnachtsdeko-tanne\/\"><br \/>\n\t\t\t\t\t\t\t<img decoding=\"async\" width=\"800\" height=\"534\" src=\"https:\/\/www.tafeldeko.de\/news\/wp-content\/uploads\/2020\/11\/20211008_092622-1024x683.jpg\" alt=\"norwegische Tischdeko\" loading=\"lazy\" srcset=\"https:\/\/www.tafeldeko.de\/news\/wp-content\/uploads\/2020\/11\/20211008_092622-1024x683.jpg 1024w, https:\/\/www.tafeldeko.de\/news\/wp-content\/uploads\/2020\/11\/20211008_092622-300x200.jpg 300w, https:\/\/www.tafeldeko.de\/news\/wp-content\/uploads\/2020\/11\/20211008_092622-768x512.jpg 768w, https:\/\/www.tafeldeko.de\/news\/wp-content\/uploads\/2020\/11\/20211008_092622-1536x1024.jpg 1536w, https:\/\/www.tafeldeko.de\/news\/wp-content\/uploads\/2020\/11\/20211008_092622-640x427.jpg 640w, https:\/\/www.tafeldeko.de\/news\/wp-content\/uploads\/2020\/11\/20211008_092622.jpg 1920w\" sizes=\"(max-width: 800px) 100vw, 800px\" \/>\t\t\t\t\t\t\t\t<\/a><\/p>\n<h2><strong>Was h\u00e4ngt zudem am Weihnachtsbaum in Norwegen?<\/strong><\/h2>\n<p>Die Norweger sind sehr naturverbunden, weshalb wir auch den ein oder anderen Weihnachtsschmuck aus Naturmaterialien am Weihnachtsbaum entdecken w\u00fcrden. Ebenso finden auch selbstgebastelte Schmuckst\u00fccke immer wieder ihren Platz an Weihnachtsbaum. Was aber auch bei der norwegischen Weihnachtsdeko nicht fehlen darf, sind Lametta und Lichterketten. Diese und da werdet ihr mir hoffentlich zustimmen sind wohl \u00fcberall ein Must-have am Weihnachtsbaum, zumindest die Lichterketten. Zudem h\u00e4ngen die Norweger, am traditionellen Weihnachtsbaum, auch immer noch ihre Flagge auf.<\/p>\n<p>\u00a0<\/p>\n<h2><strong>Norwegische Tischdeko zu Weihnachten? <\/strong><\/h2>\n<p>Die norwegische Tischdeko zum Weihnachtsfest kann nat\u00fcrlich gerne in den T\u00f6nen der Nationalflagge gehalten sein. Das bedeutet die Farben rot und blau sind die Hauptt\u00f6ne der <a href=\"http:\/\/www.Tafeldeko.de\">Tischdekoration<\/a>. Welche Farbe ihr hier mehr in den Vordergrund r\u00fcckt ist euch \u00fcberlassen. Ihr k\u00f6nnt die Tischdeko aber nat\u00fcrlich auch in jeder anderen Farbe arrangieren. Was wir derzeit besonders m\u00f6gen, ist eine Tischdeko in Naturt\u00f6nen. Hier hat es uns besonders die Kombination aus verschiedenen Gr\u00fcnt\u00f6nen angetan. Diese passen meistens zumindest sehr gut zusammen und ergeben ein harmonisches Gesamtbild. Hier m\u00fcssen wir einfach an einen verschneiten, norwegischen Wald denken.<\/p>\n<p>Entsprechend des norwegischen Mottos darf auch das Weihnachtsessen ganz im Sinne von Norwegen stehen. Welche M\u00f6glichkeiten es gibt, traditionell auch das Essen auf Norwegen auszurichten, kann man nat\u00fcrlich im Internet nachlesen. Auch diverse Rezeptb\u00fccher, die sich nur mit den norwegischen Gerichten befassen, helfen hier weiter. Weihnachten im norwegischen Stil zu feiern, macht garantiert Freude und ist zu unseren Weihnachtsfeiern eine Abwechslung. Und nach dem Essen? In Norwegen ist es Tradition, dass sich alle an den H\u00e4nden fassen und den so genannten \u201eRundgang um den Tannenbaum\u201c machen. Dabei werden die verschiedensten Weihnachtslieder gesungen. Ein sch\u00f6nes Weihnachtsfest einmal anders.<\/p>\n<p>\t\t\t<a href=\"https:\/\/www.tafeldeko.de\/tischdeko-weihnachten\/\"><br \/>\n\t\t\t\t\t\tZum Shop<br \/>\n\t\t\t\t\t<\/a><\/p>\n<h2>Weitere Beitr\u00e4ge:<\/h2>\n<h2>Die Tafeldeko Weihnachtswelt<\/h2>\n<p>\t\t\t\t\t<a href=\"https:\/\/www.tafeldeko.de\/weihnachten-bei-tafeldeko\/\"><br \/>\n\t\t\t\t\t\tJetzt entdecken\t\t\t\t\t<\/a><\/p>\n<h2>Mustertische f\u00fcr Advent, Weihnachten &#038; die Winterzeit<\/h2>\n<p>\t\t\t\t\t<a href=\"https:\/\/www.tafeldeko.de\/tischdeko-ideen\/weihnachts-tischdeko\/\"><br \/>\n\t\t\t\t\t\tJetzt entdecken\t\t\t\t\t<\/a><\/p>\n","protected":false},"excerpt":{"rendered":"<p>\u201eGledelig Jil\u201c oder \u201eGod Jul\u201c hei\u00dft \u201eFrohe Weihnachten\u201c auf norwegisch.<br \/>\nIn Norwegen wird Weihnachten noch sehr traditionell gefeiert, den Weihnachtsbaum schm\u00fccken Ketten, die aus norwegischen Papierflaggen bestehen. Wo sonst findet man noch solch eine au\u00dfergew\u00f6hnliche Dekoration? Stellen Sie sich vor, Sie w\u00fcrden an dem Weihnachtsbaum eine Kette mit deutschen Papierflaggen aufh\u00e4ngen? Schon sehr au\u00dfergew\u00f6hnlich!<\/p>\n","protected":false},"author":2,"featured_media":14373,"comment_status":"open","ping_status":"open","sticky":false,"template":"","format":"standard","meta":{"footnotes":""},"categories":[504],"tags":[],"yoast_head":"<!-- This site is optimized with the Yoast SEO plugin v20.4 - https:\/\/yoast.com\/wordpress\/plugins\/seo\/ -->\n<title>Norwegische Tischdeko zu Weihnachten - Tafeldeko<\/title>\n<meta name=\"description\" content=\"Norwegische Tischdeko - In Norwegen wird Weihnachten noch sehr traditionell gefeiert, tolle Tischdeko mit allerlei tollen Accessoires.\" \/>\n<meta name=\"robots\" content=\"index, follow, max-snippet:-1, max-image-preview:large, max-video-preview:-1\" \/>\n<link rel=\"canonical\" href=\"https:\/\/www.tafeldeko.de\/news\/norwegische-tischdeko-zu-weihnachten\/\" \/>\n<meta property=\"og:locale\" content=\"de_DE\" \/>\n<meta property=\"og:type\" content=\"article\" \/>\n<meta property=\"og:title\" content=\"Norwegische Tischdeko zu Weihnachten - Tafeldeko\" \/>\n<meta property=\"og:description\" content=\"Norwegische Tischdeko - In Norwegen wird Weihnachten noch sehr traditionell gefeiert, tolle Tischdeko mit allerlei tollen Accessoires.\" \/>\n<meta property=\"og:url\" content=\"https:\/\/www.tafeldeko.de\/news\/norwegische-tischdeko-zu-weihnachten\/\" \/>\n<meta property=\"og:site_name\" content=\"Tafeldeko\" \/>\n<meta property=\"article:publisher\" content=\"https:\/\/www.facebook.com\/pages\/Tafeldeko-einzigartige-Tischdekoration\/174202655894\" \/>\n<meta property=\"article:published_time\" content=\"2011-10-26T06:37:00+00:00\" \/>\n<meta property=\"article:modified_time\" content=\"2023-07-12T11:11:00+00:00\" \/>\n<meta property=\"og:image\" content=\"https:\/\/www.tafeldeko.de\/news\/wp-content\/uploads\/2020\/11\/20211008_092622.jpg\" \/>\n\t<meta property=\"og:image:width\" content=\"1920\" \/>\n\t<meta property=\"og:image:height\" content=\"1280\" \/>\n\t<meta property=\"og:image:type\" content=\"image\/jpeg\" \/>\n<meta name=\"author\" content=\"Christiane Stein\" \/>\n<meta name=\"twitter:label1\" content=\"Verfasst von\" \/>\n\t<meta name=\"twitter:data1\" content=\"Christiane Stein\" \/>\n\t<meta name=\"twitter:label2\" content=\"Gesch\u00e4tzte Lesezeit\" \/>\n\t<meta name=\"twitter:data2\" content=\"4 Minuten\" \/>\n<script type=\"application\/ld+json\" class=\"yoast-schema-graph\">{\"@context\":\"https:\/\/schema.org\",\"@graph\":[{\"@type\":\"WebPage\",\"@id\":\"https:\/\/www.tafeldeko.de\/news\/norwegische-tischdeko-zu-weihnachten\/\",\"url\":\"https:\/\/www.tafeldeko.de\/news\/norwegische-tischdeko-zu-weihnachten\/\",\"name\":\"Norwegische Tischdeko zu Weihnachten - Tafeldeko\",\"isPartOf\":{\"@id\":\"https:\/\/www.tafeldeko.de\/news\/#website\"},\"datePublished\":\"2011-10-26T06:37:00+00:00\",\"dateModified\":\"2023-07-12T11:11:00+00:00\",\"author\":{\"@id\":\"https:\/\/www.tafeldeko.de\/news\/#\/schema\/person\/d2acd86447ed0b6336089a8ba83164a0\"},\"description\":\"Norwegische Tischdeko - In Norwegen wird Weihnachten noch sehr traditionell gefeiert, tolle Tischdeko mit allerlei tollen Accessoires.\",\"breadcrumb\":{\"@id\":\"https:\/\/www.tafeldeko.de\/news\/norwegische-tischdeko-zu-weihnachten\/#breadcrumb\"},\"inLanguage\":\"de-DE\",\"potentialAction\":[{\"@type\":\"ReadAction\",\"target\":[\"https:\/\/www.tafeldeko.de\/news\/norwegische-tischdeko-zu-weihnachten\/\"]}]},{\"@type\":\"BreadcrumbList\",\"@id\":\"https:\/\/www.tafeldeko.de\/news\/norwegische-tischdeko-zu-weihnachten\/#breadcrumb\",\"itemListElement\":[{\"@type\":\"ListItem\",\"position\":1,\"name\":\"Tafeldeko\",\"item\":\"https:\/\/www.tafeldeko.de\/news\/\"},{\"@type\":\"ListItem\",\"position\":2,\"name\":\"Anl\u00e4sse\",\"item\":\"https:\/\/www.tafeldeko.de\/news\/anlaesse\/\"},{\"@type\":\"ListItem\",\"position\":3,\"name\":\"Jahreszeiten\",\"item\":\"https:\/\/www.tafeldeko.de\/news\/jahreszeiten\/\"},{\"@type\":\"ListItem\",\"position\":4,\"name\":\"Wundersch\u00f6ne Weihnachtszeit\",\"item\":\"https:\/\/www.tafeldeko.de\/news\/wunderschoene-weihnachtszeit\/\"},{\"@type\":\"ListItem\",\"position\":5,\"name\":\"Norwegische Tischdeko zu Weihnachten\"}]},{\"@type\":\"WebSite\",\"@id\":\"https:\/\/www.tafeldeko.de\/news\/#website\",\"url\":\"https:\/\/www.tafeldeko.de\/news\/\",\"name\":\"Tafeldeko\",\"description\":\"Blog mit Tischdeko und Tischdekoration Ideen\",\"potentialAction\":[{\"@type\":\"SearchAction\",\"target\":{\"@type\":\"EntryPoint\",\"urlTemplate\":\"https:\/\/www.tafeldeko.de\/news\/?s={search_term_string}\"},\"query-input\":\"required name=search_term_string\"}],\"inLanguage\":\"de-DE\"},{\"@type\":\"Person\",\"@id\":\"https:\/\/www.tafeldeko.de\/news\/#\/schema\/person\/d2acd86447ed0b6336089a8ba83164a0\",\"name\":\"Christiane Stein\",\"image\":{\"@type\":\"ImageObject\",\"inLanguage\":\"de-DE\",\"@id\":\"https:\/\/www.tafeldeko.de\/news\/#\/schema\/person\/image\/\",\"url\":\"https:\/\/secure.gravatar.com\/avatar\/2054729fbfd1ebc9d3cf1fd55361d0b6?s=96&d=mm&r=g\",\"contentUrl\":\"https:\/\/secure.gravatar.com\/avatar\/2054729fbfd1ebc9d3cf1fd55361d0b6?s=96&d=mm&r=g\",\"caption\":\"Christiane Stein\"}}]}<\/script>\n<!-- \/ Yoast SEO plugin. -->","yoast_head_json":{"title":"Norwegische Tischdeko zu Weihnachten - Tafeldeko","description":"Norwegische Tischdeko - In Norwegen wird Weihnachten noch sehr traditionell gefeiert, tolle Tischdeko mit allerlei tollen Accessoires.","robots":{"index":"index","follow":"follow","max-snippet":"max-snippet:-1","max-image-preview":"max-image-preview:large","max-video-preview":"max-video-preview:-1"},"canonical":"https:\/\/www.tafeldeko.de\/news\/norwegische-tischdeko-zu-weihnachten\/","og_locale":"de_DE","og_type":"article","og_title":"Norwegische Tischdeko zu Weihnachten - Tafeldeko","og_description":"Norwegische Tischdeko - In Norwegen wird Weihnachten noch sehr traditionell gefeiert, tolle Tischdeko mit allerlei tollen Accessoires.","og_url":"https:\/\/www.tafeldeko.de\/news\/norwegische-tischdeko-zu-weihnachten\/","og_site_name":"Tafeldeko","article_publisher":"https:\/\/www.facebook.com\/pages\/Tafeldeko-einzigartige-Tischdekoration\/174202655894","article_published_time":"2011-10-26T06:37:00+00:00","article_modified_time":"2023-07-12T11:11:00+00:00","og_image":[{"width":1920,"height":1280,"url":"https:\/\/www.tafeldeko.de\/news\/wp-content\/uploads\/2020\/11\/20211008_092622.jpg","type":"image\/jpeg"}],"author":"Christiane Stein","twitter_misc":{"Verfasst von":"Christiane Stein","Gesch\u00e4tzte Lesezeit":"4 Minuten"},"schema":{"@context":"https:\/\/schema.org","@graph":[{"@type":"WebPage","@id":"https:\/\/www.tafeldeko.de\/news\/norwegische-tischdeko-zu-weihnachten\/","url":"https:\/\/www.tafeldeko.de\/news\/norwegische-tischdeko-zu-weihnachten\/","name":"Norwegische Tischdeko zu Weihnachten - Tafeldeko","isPartOf":{"@id":"https:\/\/www.tafeldeko.de\/news\/#website"},"datePublished":"2011-10-26T06:37:00+00:00","dateModified":"2023-07-12T11:11:00+00:00","author":{"@id":"https:\/\/www.tafeldeko.de\/news\/#\/schema\/person\/d2acd86447ed0b6336089a8ba83164a0"},"description":"Norwegische Tischdeko - In Norwegen wird Weihnachten noch sehr traditionell gefeiert, tolle Tischdeko mit allerlei tollen Accessoires.","breadcrumb":{"@id":"https:\/\/www.tafeldeko.de\/news\/norwegische-tischdeko-zu-weihnachten\/#breadcrumb"},"inLanguage":"de-DE","potentialAction":[{"@type":"ReadAction","target":["https:\/\/www.tafeldeko.de\/news\/norwegische-tischdeko-zu-weihnachten\/"]}]},{"@type":"BreadcrumbList","@id":"https:\/\/www.tafeldeko.de\/news\/norwegische-tischdeko-zu-weihnachten\/#breadcrumb","itemListElement":[{"@type":"ListItem","position":1,"name":"Tafeldeko","item":"https:\/\/www.tafeldeko.de\/news\/"},{"@type":"ListItem","position":2,"name":"Anl\u00e4sse","item":"https:\/\/www.tafeldeko.de\/news\/anlaesse\/"},{"@type":"ListItem","position":3,"name":"Jahreszeiten","item":"https:\/\/www.tafeldeko.de\/news\/jahreszeiten\/"},{"@type":"ListItem","position":4,"name":"Wundersch\u00f6ne Weihnachtszeit","item":"https:\/\/www.tafeldeko.de\/news\/wunderschoene-weihnachtszeit\/"},{"@type":"ListItem","position":5,"name":"Norwegische Tischdeko zu Weihnachten"}]},{"@type":"WebSite","@id":"https:\/\/www.tafeldeko.de\/news\/#website","url":"https:\/\/www.tafeldeko.de\/news\/","name":"Tafeldeko","description":"Blog mit Tischdeko und Tischdekoration Ideen","potentialAction":[{"@type":"SearchAction","target":{"@type":"EntryPoint","urlTemplate":"https:\/\/www.tafeldeko.de\/news\/?s={search_term_string}"},"query-input":"required name=search_term_string"}],"inLanguage":"de-DE"},{"@type":"Person","@id":"https:\/\/www.tafeldeko.de\/news\/#\/schema\/person\/d2acd86447ed0b6336089a8ba83164a0","name":"Christiane Stein","image":{"@type":"ImageObject","inLanguage":"de-DE","@id":"https:\/\/www.tafeldeko.de\/news\/#\/schema\/person\/image\/","url":"https:\/\/secure.gravatar.com\/avatar\/2054729fbfd1ebc9d3cf1fd55361d0b6?s=96&d=mm&r=g","contentUrl":"https:\/\/secure.gravatar.com\/avatar\/2054729fbfd1ebc9d3cf1fd55361d0b6?s=96&d=mm&r=g","caption":"Christiane Stein"}}]}},"_links":{"self":[{"href":"https:\/\/www.tafeldeko.de\/news\/wp-json\/wp\/v2\/posts\/2472"}],"collection":[{"href":"https:\/\/www.tafeldeko.de\/news\/wp-json\/wp\/v2\/posts"}],"about":[{"href":"https:\/\/www.tafeldeko.de\/news\/wp-json\/wp\/v2\/types\/post"}],"author":[{"embeddable":true,"href":"https:\/\/www.tafeldeko.de\/news\/wp-json\/wp\/v2\/users\/2"}],"replies":[{"embeddable":true,"href":"https:\/\/www.tafeldeko.de\/news\/wp-json\/wp\/v2\/comments?post=2472"}],"version-history":[{"count":17,"href":"https:\/\/www.tafeldeko.de\/news\/wp-json\/wp\/v2\/posts\/2472\/revisions"}],"predecessor-version":[{"id":25573,"href":"https:\/\/www.tafeldeko.de\/news\/wp-json\/wp\/v2\/posts\/2472\/revisions\/25573"}],"wp:featuredmedia":[{"embeddable":true,"href":"https:\/\/www.tafeldeko.de\/news\/wp-json\/wp\/v2\/media\/14373"}],"wp:attachment":[{"href":"https:\/\/www.tafeldeko.de\/news\/wp-json\/wp\/v2\/media?parent=2472"}],"wp:term":[{"taxonomy":"category","embeddable":true,"href":"https:\/\/www.tafeldeko.de\/news\/wp-json\/wp\/v2\/categories?post=2472"},{"taxonomy":"post_tag","embeddable":true,"href":"https:\/\/www.tafeldeko.de\/news\/wp-json\/wp\/v2\/tags?post=2472"}],"curies":[{"name":"wp","href":"https:\/\/api.w.org\/{rel}","templated":true}]}}