{"id":2412,"date":"2013-12-03T09:33:46","date_gmt":"2013-12-03T07:33:46","guid":{"rendered":"http:\/\/www.tafeldeko.de\/news\/?p=2412"},"modified":"2023-02-20T12:41:25","modified_gmt":"2023-02-20T11:41:25","slug":"wunderschoene-accessoires-fuer-die-weihnachtszeit","status":"publish","type":"post","link":"https:\/\/www.tafeldeko.de\/news\/wunderschoene-accessoires-fuer-die-weihnachtszeit\/","title":{"rendered":"Wundersch\u00f6ne Accessoires f\u00fcr die Weihnachtszeit"},"content":{"rendered":"<p>In den H\u00e4usern glitzert und leuchtet es wundersch\u00f6n. In den Gesch\u00e4ften und Einkaufsstra\u00dfen h\u00f6rt man im Hintergrund leise Weihnachtslieder und die vielen verschiedenen weihnachtlichen Boten wecken so langsam die Vorfreude auf Weihnachten. Haben Sie auch schon weihnachtlich geschm\u00fcckt?<br \/>Mit wundersch\u00f6nen Accessoires f\u00fcr die Weihnachtszeit lassen sich tolle <b><a title=\"Weihnachtsdeko\" href=\"http:\/\/https:\/\/www.tafeldeko.de\/index.php\/cat\/c48_Tischdeko-Weihnachten.html\">Weihnachtsdekorationen<\/a><\/b> zaubern &#8211; auf der Fensterbank, auf dem Tisch, auf M\u00f6beln, auf Treppenstufen und vielem mehr.<br \/>Tafeldeko hat eine gro\u00dfe Auswahl an schlichten, dezenten, farbenfrohen, au\u00dfergew\u00f6hnlichen, ausdrucksstarken und edlen Accessoires, mit denen Sie Ihre <b>weihnachtlichen Dekorationen<\/b> hervorragend in Szene setzen k\u00f6nnen.<br \/>Gerade an den Adventssonntagen geht es in vielen Familien besinnlich zu. Man steht in der K\u00fcche, die Weihnachtspl\u00e4tzchen werden gebacken, um dann gem\u00fctlich den Tag ausklingen zu lassen.<\/p>\n<p>\t\t\t\t\t\t\t\t\t\t\t\t<img decoding=\"async\" width=\"208\" height=\"208\" src=\"https:\/\/www.tafeldeko.de\/news\/wp-content\/uploads\/2014\/09\/haengeleuchter_4kerzen.JPG\" alt=\"Wundersch\u00f6ne Accessoires Weihnachtszeit\" loading=\"lazy\" srcset=\"https:\/\/www.tafeldeko.de\/news\/wp-content\/uploads\/2014\/09\/haengeleuchter_4kerzen.JPG 208w, https:\/\/www.tafeldeko.de\/news\/wp-content\/uploads\/2014\/09\/haengeleuchter_4kerzen-150x150.jpg 150w\" sizes=\"(max-width: 208px) 100vw, 208px\" \/>\t\t\t\t\t\t\t\t\t\t\t\t\t\t<\/p>\n<h2>Wundersch\u00f6ne Accessoires Weihnachtszeit<\/h2>\n<p>Eines der ausdrucksstarken Accessoires ist der H\u00e4ngeleuchter f\u00fcr Stabkerzen mit Kette. Hiermit k\u00f6nnen Sie wundersch\u00f6ne Dekorationen schaffen. \u00dcber dem Esszimmer- oder Wohnzimmertisch sieht dieser H\u00e4ngeleuchter garantiert hervorragend aus und sorgt f\u00fcr den etwas anderen <b>weihnachtlichen Akzent<\/b>. Bei der Farbauswahl der Kerzen hat man nat\u00fcrlich viele M\u00f6glichkeiten, so dass die Wirkung des Leuchters immer wieder anders sein kann. Wem die Kerzen als weitere Deko nicht reichen, kann mit weiteren Accessoires, beispielsweise kleinen H\u00e4ngefiguren dem Arrangement das gewisse Etwas verleihen. In Punkto Dekoration gibt es hier wohl kaum Grenzen und so k\u00f6nnen die tollsten und sch\u00f6nsten Ergebnisse f\u00fcr das weihnachtliche Ambiente sorgen.<br \/>Und w\u00e4hrend es \u00fcber dem Tisch mit dem H\u00e4ngeleuchter edel zugeht, ist auch der Tisch sch\u00f6n geschm\u00fcckt. Weihnachtliche Dekofiguren, <b><a title=\"Tischb\u00e4nder\" href=\"https:\/\/www.tafeldeko.de\/index.php\/cat\/c470_Tischb%C3%A4nder.html\">Tischb\u00e4nder<\/a><\/b>, Orangenstreu, Servietten und Kerzen sind f\u00fcr die <b><a title=\"Tischdeko Weihnachten\" href=\"https:\/\/www.tafeldeko.de\/weihnachts-tischdeko\/\">Tischdeko<\/a><\/b> verantwortlich und k\u00f6nnen &#8211; wenn sie farblich passend zu den Kerzen des H\u00e4ngeleuchters ausgew\u00e4hlt werden &#8211; f\u00fcr ein perfektes und harmonisches Gesamtbild sorgen.<br \/>Mit diesen Accessoires und M\u00f6glichkeiten ist die <b>weihnachtliche Deko<\/b> gar kein Problem. Schwerer ist es eher, die Entscheidung zu treffen, mit welchen Accessoires und in welchen Farben man die weihnachtliche Deko arrangieren m\u00f6chte.<\/p>\n<p>\t\t\t<a href=\"https:\/\/www.tafeldeko.de\/tischdeko-ideen\/weihnachts-tischdeko\/\" role=\"button\"><br \/>\n\t\t\t\t\t\t>> Zu den Mustertischen <<\n\t\t\t\t\t<\/a><\/p>\n<h2>Weitere Beitr\u00e4ge:<\/h2>\n<h2>Dekoartikel von A-Z<\/h2>\n<p>\t\t\t\t\t<a href=\"https:\/\/www.tafeldeko.de\/tischdeko-artikel\/\"><br \/>\n\t\t\t\t\t\tJetzt entdecken\t\t\t\t\t<\/a><\/p>\n","protected":false},"excerpt":{"rendered":"<p>In den H\u00e4usern glitzert und leuchtet es wundersch\u00f6n. In den Gesch\u00e4ften und Einkaufsstra\u00dfen h\u00f6rt man im Hintergrund leise Weihnachtslieder und die vielen verschiedenen weihnachtlichen Boten wecken so langsam die Vorfreude auf Weihnachten.<br \/>\nHaben Sie auch schon weihnachtlich geschm\u00fcckt?<br \/>\nMit wundersch\u00f6nen und au\u00dfergew\u00f6hnlichen Accessoires lassen sich tolle  zaubern &#8211; auf der Fensterbank, auf dem Tisch, auf M\u00f6beln, auf Treppenstufen und vielem mehr.<\/p>\n","protected":false},"author":2,"featured_media":2413,"comment_status":"open","ping_status":"open","sticky":false,"template":"","format":"standard","meta":{"footnotes":""},"categories":[1],"tags":[],"yoast_head":"<!-- This site is optimized with the Yoast SEO plugin v20.4 - https:\/\/yoast.com\/wordpress\/plugins\/seo\/ -->\n<title>Wundersch\u00f6ne Accessoires f\u00fcr die Weihnachtszeit - Tafeldeko<\/title>\n<meta name=\"description\" content=\"Mit wundersch\u00f6nen Accessoires wird die Weihnachtszeit zu einem absoluten Hingucker und somit ist die tolle Basis f\u00fcr Weihnachten geschaffen.\" \/>\n<meta name=\"robots\" content=\"index, follow, max-snippet:-1, max-image-preview:large, max-video-preview:-1\" \/>\n<link rel=\"canonical\" href=\"https:\/\/www.tafeldeko.de\/news\/wunderschoene-accessoires-fuer-die-weihnachtszeit\/\" \/>\n<meta property=\"og:locale\" content=\"de_DE\" \/>\n<meta property=\"og:type\" content=\"article\" \/>\n<meta property=\"og:title\" content=\"Wundersch\u00f6ne Accessoires f\u00fcr die Weihnachtszeit - Tafeldeko\" \/>\n<meta property=\"og:description\" content=\"Mit wundersch\u00f6nen Accessoires wird die Weihnachtszeit zu einem absoluten Hingucker und somit ist die tolle Basis f\u00fcr Weihnachten geschaffen.\" \/>\n<meta property=\"og:url\" content=\"https:\/\/www.tafeldeko.de\/news\/wunderschoene-accessoires-fuer-die-weihnachtszeit\/\" \/>\n<meta property=\"og:site_name\" content=\"Tafeldeko\" \/>\n<meta property=\"article:publisher\" content=\"https:\/\/www.facebook.com\/pages\/Tafeldeko-einzigartige-Tischdekoration\/174202655894\" \/>\n<meta property=\"article:published_time\" content=\"2013-12-03T07:33:46+00:00\" \/>\n<meta property=\"article:modified_time\" content=\"2023-02-20T11:41:25+00:00\" \/>\n<meta property=\"og:image\" content=\"https:\/\/www.tafeldeko.de\/news\/wp-content\/uploads\/2014\/09\/haengeleuchter_4kerzen.JPG\" \/>\n\t<meta property=\"og:image:width\" content=\"208\" \/>\n\t<meta property=\"og:image:height\" content=\"208\" \/>\n\t<meta property=\"og:image:type\" content=\"image\/jpeg\" \/>\n<meta name=\"author\" content=\"Christiane Stein\" \/>\n<meta name=\"twitter:label1\" content=\"Verfasst von\" \/>\n\t<meta name=\"twitter:data1\" content=\"Christiane Stein\" \/>\n\t<meta name=\"twitter:label2\" content=\"Gesch\u00e4tzte Lesezeit\" \/>\n\t<meta name=\"twitter:data2\" content=\"4 Minuten\" \/>\n<script type=\"application\/ld+json\" class=\"yoast-schema-graph\">{\"@context\":\"https:\/\/schema.org\",\"@graph\":[{\"@type\":\"WebPage\",\"@id\":\"https:\/\/www.tafeldeko.de\/news\/wunderschoene-accessoires-fuer-die-weihnachtszeit\/\",\"url\":\"https:\/\/www.tafeldeko.de\/news\/wunderschoene-accessoires-fuer-die-weihnachtszeit\/\",\"name\":\"Wundersch\u00f6ne Accessoires f\u00fcr die Weihnachtszeit - Tafeldeko\",\"isPartOf\":{\"@id\":\"https:\/\/www.tafeldeko.de\/news\/#website\"},\"datePublished\":\"2013-12-03T07:33:46+00:00\",\"dateModified\":\"2023-02-20T11:41:25+00:00\",\"author\":{\"@id\":\"https:\/\/www.tafeldeko.de\/news\/#\/schema\/person\/d2acd86447ed0b6336089a8ba83164a0\"},\"description\":\"Mit wundersch\u00f6nen Accessoires wird die Weihnachtszeit zu einem absoluten Hingucker und somit ist die tolle Basis f\u00fcr Weihnachten geschaffen.\",\"breadcrumb\":{\"@id\":\"https:\/\/www.tafeldeko.de\/news\/wunderschoene-accessoires-fuer-die-weihnachtszeit\/#breadcrumb\"},\"inLanguage\":\"de-DE\",\"potentialAction\":[{\"@type\":\"ReadAction\",\"target\":[\"https:\/\/www.tafeldeko.de\/news\/wunderschoene-accessoires-fuer-die-weihnachtszeit\/\"]}]},{\"@type\":\"BreadcrumbList\",\"@id\":\"https:\/\/www.tafeldeko.de\/news\/wunderschoene-accessoires-fuer-die-weihnachtszeit\/#breadcrumb\",\"itemListElement\":[{\"@type\":\"ListItem\",\"position\":1,\"name\":\"Tafeldeko\",\"item\":\"https:\/\/www.tafeldeko.de\/news\/\"},{\"@type\":\"ListItem\",\"position\":2,\"name\":\"Alte Beitr\u00e4ge\",\"item\":\"https:\/\/www.tafeldeko.de\/news\/alte-beitraege\/\"},{\"@type\":\"ListItem\",\"position\":3,\"name\":\"Tischdeko - Blog\",\"item\":\"https:\/\/www.tafeldeko.de\/news\/alte-beitraege\/tischdeko-blog\/\"},{\"@type\":\"ListItem\",\"position\":4,\"name\":\"Wundersch\u00f6ne Accessoires f\u00fcr die Weihnachtszeit\"}]},{\"@type\":\"WebSite\",\"@id\":\"https:\/\/www.tafeldeko.de\/news\/#website\",\"url\":\"https:\/\/www.tafeldeko.de\/news\/\",\"name\":\"Tafeldeko\",\"description\":\"Blog mit Tischdeko und Tischdekoration Ideen\",\"potentialAction\":[{\"@type\":\"SearchAction\",\"target\":{\"@type\":\"EntryPoint\",\"urlTemplate\":\"https:\/\/www.tafeldeko.de\/news\/?s={search_term_string}\"},\"query-input\":\"required name=search_term_string\"}],\"inLanguage\":\"de-DE\"},{\"@type\":\"Person\",\"@id\":\"https:\/\/www.tafeldeko.de\/news\/#\/schema\/person\/d2acd86447ed0b6336089a8ba83164a0\",\"name\":\"Christiane Stein\",\"image\":{\"@type\":\"ImageObject\",\"inLanguage\":\"de-DE\",\"@id\":\"https:\/\/www.tafeldeko.de\/news\/#\/schema\/person\/image\/\",\"url\":\"https:\/\/secure.gravatar.com\/avatar\/2054729fbfd1ebc9d3cf1fd55361d0b6?s=96&d=mm&r=g\",\"contentUrl\":\"https:\/\/secure.gravatar.com\/avatar\/2054729fbfd1ebc9d3cf1fd55361d0b6?s=96&d=mm&r=g\",\"caption\":\"Christiane Stein\"}}]}<\/script>\n<!-- \/ Yoast SEO plugin. -->","yoast_head_json":{"title":"Wundersch\u00f6ne Accessoires f\u00fcr die Weihnachtszeit - Tafeldeko","description":"Mit wundersch\u00f6nen Accessoires wird die Weihnachtszeit zu einem absoluten Hingucker und somit ist die tolle Basis f\u00fcr Weihnachten geschaffen.","robots":{"index":"index","follow":"follow","max-snippet":"max-snippet:-1","max-image-preview":"max-image-preview:large","max-video-preview":"max-video-preview:-1"},"canonical":"https:\/\/www.tafeldeko.de\/news\/wunderschoene-accessoires-fuer-die-weihnachtszeit\/","og_locale":"de_DE","og_type":"article","og_title":"Wundersch\u00f6ne Accessoires f\u00fcr die Weihnachtszeit - Tafeldeko","og_description":"Mit wundersch\u00f6nen Accessoires wird die Weihnachtszeit zu einem absoluten Hingucker und somit ist die tolle Basis f\u00fcr Weihnachten geschaffen.","og_url":"https:\/\/www.tafeldeko.de\/news\/wunderschoene-accessoires-fuer-die-weihnachtszeit\/","og_site_name":"Tafeldeko","article_publisher":"https:\/\/www.facebook.com\/pages\/Tafeldeko-einzigartige-Tischdekoration\/174202655894","article_published_time":"2013-12-03T07:33:46+00:00","article_modified_time":"2023-02-20T11:41:25+00:00","og_image":[{"width":208,"height":208,"url":"https:\/\/www.tafeldeko.de\/news\/wp-content\/uploads\/2014\/09\/haengeleuchter_4kerzen.JPG","type":"image\/jpeg"}],"author":"Christiane Stein","twitter_misc":{"Verfasst von":"Christiane Stein","Gesch\u00e4tzte Lesezeit":"4 Minuten"},"schema":{"@context":"https:\/\/schema.org","@graph":[{"@type":"WebPage","@id":"https:\/\/www.tafeldeko.de\/news\/wunderschoene-accessoires-fuer-die-weihnachtszeit\/","url":"https:\/\/www.tafeldeko.de\/news\/wunderschoene-accessoires-fuer-die-weihnachtszeit\/","name":"Wundersch\u00f6ne Accessoires f\u00fcr die Weihnachtszeit - Tafeldeko","isPartOf":{"@id":"https:\/\/www.tafeldeko.de\/news\/#website"},"datePublished":"2013-12-03T07:33:46+00:00","dateModified":"2023-02-20T11:41:25+00:00","author":{"@id":"https:\/\/www.tafeldeko.de\/news\/#\/schema\/person\/d2acd86447ed0b6336089a8ba83164a0"},"description":"Mit wundersch\u00f6nen Accessoires wird die Weihnachtszeit zu einem absoluten Hingucker und somit ist die tolle Basis f\u00fcr Weihnachten geschaffen.","breadcrumb":{"@id":"https:\/\/www.tafeldeko.de\/news\/wunderschoene-accessoires-fuer-die-weihnachtszeit\/#breadcrumb"},"inLanguage":"de-DE","potentialAction":[{"@type":"ReadAction","target":["https:\/\/www.tafeldeko.de\/news\/wunderschoene-accessoires-fuer-die-weihnachtszeit\/"]}]},{"@type":"BreadcrumbList","@id":"https:\/\/www.tafeldeko.de\/news\/wunderschoene-accessoires-fuer-die-weihnachtszeit\/#breadcrumb","itemListElement":[{"@type":"ListItem","position":1,"name":"Tafeldeko","item":"https:\/\/www.tafeldeko.de\/news\/"},{"@type":"ListItem","position":2,"name":"Alte Beitr\u00e4ge","item":"https:\/\/www.tafeldeko.de\/news\/alte-beitraege\/"},{"@type":"ListItem","position":3,"name":"Tischdeko - Blog","item":"https:\/\/www.tafeldeko.de\/news\/alte-beitraege\/tischdeko-blog\/"},{"@type":"ListItem","position":4,"name":"Wundersch\u00f6ne Accessoires f\u00fcr die Weihnachtszeit"}]},{"@type":"WebSite","@id":"https:\/\/www.tafeldeko.de\/news\/#website","url":"https:\/\/www.tafeldeko.de\/news\/","name":"Tafeldeko","description":"Blog mit Tischdeko und Tischdekoration Ideen","potentialAction":[{"@type":"SearchAction","target":{"@type":"EntryPoint","urlTemplate":"https:\/\/www.tafeldeko.de\/news\/?s={search_term_string}"},"query-input":"required name=search_term_string"}],"inLanguage":"de-DE"},{"@type":"Person","@id":"https:\/\/www.tafeldeko.de\/news\/#\/schema\/person\/d2acd86447ed0b6336089a8ba83164a0","name":"Christiane Stein","image":{"@type":"ImageObject","inLanguage":"de-DE","@id":"https:\/\/www.tafeldeko.de\/news\/#\/schema\/person\/image\/","url":"https:\/\/secure.gravatar.com\/avatar\/2054729fbfd1ebc9d3cf1fd55361d0b6?s=96&d=mm&r=g","contentUrl":"https:\/\/secure.gravatar.com\/avatar\/2054729fbfd1ebc9d3cf1fd55361d0b6?s=96&d=mm&r=g","caption":"Christiane Stein"}}]}},"_links":{"self":[{"href":"https:\/\/www.tafeldeko.de\/news\/wp-json\/wp\/v2\/posts\/2412"}],"collection":[{"href":"https:\/\/www.tafeldeko.de\/news\/wp-json\/wp\/v2\/posts"}],"about":[{"href":"https:\/\/www.tafeldeko.de\/news\/wp-json\/wp\/v2\/types\/post"}],"author":[{"embeddable":true,"href":"https:\/\/www.tafeldeko.de\/news\/wp-json\/wp\/v2\/users\/2"}],"replies":[{"embeddable":true,"href":"https:\/\/www.tafeldeko.de\/news\/wp-json\/wp\/v2\/comments?post=2412"}],"version-history":[{"count":10,"href":"https:\/\/www.tafeldeko.de\/news\/wp-json\/wp\/v2\/posts\/2412\/revisions"}],"predecessor-version":[{"id":23976,"href":"https:\/\/www.tafeldeko.de\/news\/wp-json\/wp\/v2\/posts\/2412\/revisions\/23976"}],"wp:featuredmedia":[{"embeddable":true,"href":"https:\/\/www.tafeldeko.de\/news\/wp-json\/wp\/v2\/media\/2413"}],"wp:attachment":[{"href":"https:\/\/www.tafeldeko.de\/news\/wp-json\/wp\/v2\/media?parent=2412"}],"wp:term":[{"taxonomy":"category","embeddable":true,"href":"https:\/\/www.tafeldeko.de\/news\/wp-json\/wp\/v2\/categories?post=2412"},{"taxonomy":"post_tag","embeddable":true,"href":"https:\/\/www.tafeldeko.de\/news\/wp-json\/wp\/v2\/tags?post=2412"}],"curies":[{"name":"wp","href":"https:\/\/api.w.org\/{rel}","templated":true}]}}