{"id":2366,"date":"2011-11-21T20:42:55","date_gmt":"2011-11-21T18:42:55","guid":{"rendered":"http:\/\/www.tafeldeko.de\/news\/?p=2366"},"modified":"2011-11-21T20:42:55","modified_gmt":"2011-11-21T18:42:55","slug":"deko-zu-silvester-mit-duni-salute-black","status":"publish","type":"post","link":"https:\/\/www.tafeldeko.de\/news\/deko-zu-silvester-mit-duni-salute-black\/","title":{"rendered":"Deko zu Silvester mit Duni Salute Black"},"content":{"rendered":"<div class=\"textumfliessenrechts\"><img decoding=\"async\" loading=\"lazy\" src=\"https:\/\/www.tafeldeko.de\/news\/media\/users\/schnurchristian\/salute_black.jpg\" alt=\"Duni Salute Black\" title=\"Duni Salute Black\" width=\"180\" height=\"142\" \/><br \/><a href=\"https:\/\/www.tafeldeko.de\/index.php\/cat\/c349_Duni-Weihnachten.html\" title=\"Duni Silvester\"><b>Duni Silvester<\/b><\/a><\/div>\n<p>Silvester \u2013 der Jahreswechsel wird j\u00e4hrlich mit gro\u00dfem Tamtam gefeiert. Silvesterfeiern sind Gang und Gebe und das nicht nur im gro\u00dfen Rahmen, sondern auch im Kreise von Freunden und Verwandten, in den eigenen vier W\u00e4nden.<br \/>\nUnd auch bei der <b>Silvesterfeier zu Hause<\/b> m\u00f6chte man sozusagen mit den \u201eGro\u00dfen\u201c mithalten. Das hei\u00dft, die Deko zu Silvester ist das A und O. Man m\u00f6chte in feierlichem Rahmen das alte Jahr verabschieden und das neue Jahr willkommen hei\u00dfen.<br \/>\nDie meisten Dekorationen zu Silvester sind partym\u00e4\u00dfig ausgerichtet, das hei\u00dft, Luftballons, Luftschlangen und allerlei Party-Dekomaterial wurde eingebracht. Doch in den eigenen vier W\u00e4nden m\u00f6chte man Silvester vielleicht feierlich angehen und dazu z\u00e4hlt eben auch eine feierliche Deko.<br \/>\nEine neue Art der Deko bietet uns Duni mit der Serie Salute Black.<br \/>\nEin Traum in grau, schwarz und Gold \u2013 Duni Salute Black ist genau die Basis f\u00fcr die Tischdeko f\u00fcr Silvester.<br \/>\nWie kann man die <b>Tischdeko f\u00fcr Silvester<\/b> anordnen, mit welchen Accessoires erzielt man eine ansprechende und feierliche Tischdeko?<br \/>\nUm bei der Dekoration der Tische zum einen einen Kontrast zu der Duni Serie Salute Black zu erzielen, sollte man eine goldene Tischdecke verwenden. Durch die Farbauswahl ergibt sich trotz des Kontrastes ein stimmiges Bild, das sich Ton-in-Ton pr\u00e4sentiert. Gerade dieser kleine Kontrast, der jedoch auch wiederum zu dem Goldton in den Servietten Salute Black passen, gibt der Tafel eine gewisse Feierlichkeit.<br \/>\nSchmale, dunkelgraue oder schwarze <b><a href=\"https:\/\/www.tafeldeko.de\/index.php\/cat\/c470_B%C3%A4nder.html\" title=\"Tischb\u00e4nder\">Tischb\u00e4nder<\/a><\/b> k\u00f6nnen die Tischmitte zieren, dazu werden Kerzengl\u00e4ser oder Teelichthalter auf den Tischen verteilt.<br \/>\nGanz toll sieht die Tischdeko nat\u00fcrlich aus, wenn man schwarze Teller verwendet. Diese stehen im starken Kontrast zur goldfarbenen <b><a href=\"https:\/\/www.tafeldeko.de\/index.php\/cat\/c525_Tischdecken.html\" title=\"Tischdecke\">Tischdecke<\/a><\/b>, bilden jedoch zu den Servietten Salute Black ein passendes Bild.<br \/>\nMit kleinen Spielereien in Punkto Farben hat man immer die M\u00f6glichkeit, Tischdekorationen zu perfektionieren, ihnen bestimmte Richtungen zu verleihen und dies funktioniert auch bei der Tischdeko zu Silvester mit Duni Salute Black.<\/p>\n","protected":false},"excerpt":{"rendered":"<p>Silvester \u2013 der Jahreswechsel wird j\u00e4hrlich mit gro\u00dfem Tamtam gefeiert. Silvesterfeiern sind Gang und Gebe und das nicht nur im gro\u00dfen Rahmen, sondern auch im Kreise von Freunden und Verwandten, in den eigenen vier W\u00e4nden.<br \/>\nUnd auch bei der Silvesterfeier zu Hause m\u00f6chte man sozusagen mit den \u201eGro\u00dfen\u201c mithalten. Das hei\u00dft, die Deko zu Silvester ist das A und O. Man m\u00f6chte in feierlichem Rahmen das alte Jahr verabschieden und das neue Jahr willkommen hei\u00dfen.<br \/>\nDie meisten Dekorationen zu Silvester sind partym\u00e4\u00dfig ausgerichtet, das hei\u00dft, Luftballons, Luftschlangen und allerlei Party-Dekomaterial wurde eingebracht. Doch in den eigenen vier W\u00e4nden m\u00f6chte man Silvester vielleicht feierlich angehen und dazu z\u00e4hlt eben auch eine feierliche Deko.<\/p>\n","protected":false},"author":2,"featured_media":2367,"comment_status":"open","ping_status":"open","sticky":false,"template":"","format":"standard","meta":{"footnotes":""},"categories":[1],"tags":[],"yoast_head":"<!-- This site is optimized with the Yoast SEO plugin v20.4 - https:\/\/yoast.com\/wordpress\/plugins\/seo\/ -->\n<title>Deko zu Silvester mit Duni Salute Black - Tafeldeko<\/title>\n<meta name=\"description\" content=\"Wie kann man die Tischdeko f&#xFC;r Silvester anordnen, mit welchen Accessoires erzielt man eine ansprechende und feierliche Tischdeko?\" \/>\n<meta name=\"robots\" content=\"index, follow, max-snippet:-1, max-image-preview:large, max-video-preview:-1\" \/>\n<link rel=\"canonical\" href=\"https:\/\/www.tafeldeko.de\/news\/deko-zu-silvester-mit-duni-salute-black\/\" \/>\n<meta property=\"og:locale\" content=\"de_DE\" \/>\n<meta property=\"og:type\" content=\"article\" \/>\n<meta property=\"og:title\" content=\"Deko zu Silvester mit Duni Salute Black - Tafeldeko\" \/>\n<meta property=\"og:description\" content=\"Wie kann man die Tischdeko f&#xFC;r Silvester anordnen, mit welchen Accessoires erzielt man eine ansprechende und feierliche Tischdeko?\" \/>\n<meta property=\"og:url\" content=\"https:\/\/www.tafeldeko.de\/news\/deko-zu-silvester-mit-duni-salute-black\/\" \/>\n<meta property=\"og:site_name\" content=\"Tafeldeko\" \/>\n<meta property=\"article:publisher\" content=\"https:\/\/www.facebook.com\/pages\/Tafeldeko-einzigartige-Tischdekoration\/174202655894\" \/>\n<meta property=\"article:published_time\" content=\"2011-11-21T18:42:55+00:00\" \/>\n<meta property=\"og:image\" content=\"https:\/\/www.tafeldeko.de\/news\/wp-content\/uploads\/2014\/09\/salute_black.jpg\" \/>\n\t<meta property=\"og:image:width\" content=\"160\" \/>\n\t<meta property=\"og:image:height\" content=\"112\" \/>\n\t<meta property=\"og:image:type\" content=\"image\/jpeg\" \/>\n<meta name=\"author\" content=\"Christiane Stein\" \/>\n<meta name=\"twitter:label1\" content=\"Verfasst von\" \/>\n\t<meta name=\"twitter:data1\" content=\"Christiane Stein\" \/>\n\t<meta name=\"twitter:label2\" content=\"Gesch\u00e4tzte Lesezeit\" \/>\n\t<meta name=\"twitter:data2\" content=\"2 Minuten\" \/>\n<script type=\"application\/ld+json\" class=\"yoast-schema-graph\">{\"@context\":\"https:\/\/schema.org\",\"@graph\":[{\"@type\":\"WebPage\",\"@id\":\"https:\/\/www.tafeldeko.de\/news\/deko-zu-silvester-mit-duni-salute-black\/\",\"url\":\"https:\/\/www.tafeldeko.de\/news\/deko-zu-silvester-mit-duni-salute-black\/\",\"name\":\"Deko zu Silvester mit Duni Salute Black - Tafeldeko\",\"isPartOf\":{\"@id\":\"https:\/\/www.tafeldeko.de\/news\/#website\"},\"datePublished\":\"2011-11-21T18:42:55+00:00\",\"dateModified\":\"2011-11-21T18:42:55+00:00\",\"author\":{\"@id\":\"https:\/\/www.tafeldeko.de\/news\/#\/schema\/person\/d2acd86447ed0b6336089a8ba83164a0\"},\"description\":\"Wie kann man die Tischdeko f&#xFC;r Silvester anordnen, mit welchen Accessoires erzielt man eine ansprechende und feierliche Tischdeko?\",\"breadcrumb\":{\"@id\":\"https:\/\/www.tafeldeko.de\/news\/deko-zu-silvester-mit-duni-salute-black\/#breadcrumb\"},\"inLanguage\":\"de-DE\",\"potentialAction\":[{\"@type\":\"ReadAction\",\"target\":[\"https:\/\/www.tafeldeko.de\/news\/deko-zu-silvester-mit-duni-salute-black\/\"]}]},{\"@type\":\"BreadcrumbList\",\"@id\":\"https:\/\/www.tafeldeko.de\/news\/deko-zu-silvester-mit-duni-salute-black\/#breadcrumb\",\"itemListElement\":[{\"@type\":\"ListItem\",\"position\":1,\"name\":\"Tafeldeko\",\"item\":\"https:\/\/www.tafeldeko.de\/news\/\"},{\"@type\":\"ListItem\",\"position\":2,\"name\":\"Alte Beitr\u00e4ge\",\"item\":\"https:\/\/www.tafeldeko.de\/news\/alte-beitraege\/\"},{\"@type\":\"ListItem\",\"position\":3,\"name\":\"Tischdeko - Blog\",\"item\":\"https:\/\/www.tafeldeko.de\/news\/alte-beitraege\/tischdeko-blog\/\"},{\"@type\":\"ListItem\",\"position\":4,\"name\":\"Deko zu Silvester mit Duni Salute Black\"}]},{\"@type\":\"WebSite\",\"@id\":\"https:\/\/www.tafeldeko.de\/news\/#website\",\"url\":\"https:\/\/www.tafeldeko.de\/news\/\",\"name\":\"Tafeldeko\",\"description\":\"Blog mit Tischdeko und Tischdekoration Ideen\",\"potentialAction\":[{\"@type\":\"SearchAction\",\"target\":{\"@type\":\"EntryPoint\",\"urlTemplate\":\"https:\/\/www.tafeldeko.de\/news\/?s={search_term_string}\"},\"query-input\":\"required name=search_term_string\"}],\"inLanguage\":\"de-DE\"},{\"@type\":\"Person\",\"@id\":\"https:\/\/www.tafeldeko.de\/news\/#\/schema\/person\/d2acd86447ed0b6336089a8ba83164a0\",\"name\":\"Christiane Stein\",\"image\":{\"@type\":\"ImageObject\",\"inLanguage\":\"de-DE\",\"@id\":\"https:\/\/www.tafeldeko.de\/news\/#\/schema\/person\/image\/\",\"url\":\"https:\/\/secure.gravatar.com\/avatar\/2054729fbfd1ebc9d3cf1fd55361d0b6?s=96&d=mm&r=g\",\"contentUrl\":\"https:\/\/secure.gravatar.com\/avatar\/2054729fbfd1ebc9d3cf1fd55361d0b6?s=96&d=mm&r=g\",\"caption\":\"Christiane Stein\"}}]}<\/script>\n<!-- \/ Yoast SEO plugin. -->","yoast_head_json":{"title":"Deko zu Silvester mit Duni Salute Black - Tafeldeko","description":"Wie kann man die Tischdeko f&#xFC;r Silvester anordnen, mit welchen Accessoires erzielt man eine ansprechende und feierliche Tischdeko?","robots":{"index":"index","follow":"follow","max-snippet":"max-snippet:-1","max-image-preview":"max-image-preview:large","max-video-preview":"max-video-preview:-1"},"canonical":"https:\/\/www.tafeldeko.de\/news\/deko-zu-silvester-mit-duni-salute-black\/","og_locale":"de_DE","og_type":"article","og_title":"Deko zu Silvester mit Duni Salute Black - Tafeldeko","og_description":"Wie kann man die Tischdeko f&#xFC;r Silvester anordnen, mit welchen Accessoires erzielt man eine ansprechende und feierliche Tischdeko?","og_url":"https:\/\/www.tafeldeko.de\/news\/deko-zu-silvester-mit-duni-salute-black\/","og_site_name":"Tafeldeko","article_publisher":"https:\/\/www.facebook.com\/pages\/Tafeldeko-einzigartige-Tischdekoration\/174202655894","article_published_time":"2011-11-21T18:42:55+00:00","og_image":[{"width":160,"height":112,"url":"https:\/\/www.tafeldeko.de\/news\/wp-content\/uploads\/2014\/09\/salute_black.jpg","type":"image\/jpeg"}],"author":"Christiane Stein","twitter_misc":{"Verfasst von":"Christiane Stein","Gesch\u00e4tzte Lesezeit":"2 Minuten"},"schema":{"@context":"https:\/\/schema.org","@graph":[{"@type":"WebPage","@id":"https:\/\/www.tafeldeko.de\/news\/deko-zu-silvester-mit-duni-salute-black\/","url":"https:\/\/www.tafeldeko.de\/news\/deko-zu-silvester-mit-duni-salute-black\/","name":"Deko zu Silvester mit Duni Salute Black - Tafeldeko","isPartOf":{"@id":"https:\/\/www.tafeldeko.de\/news\/#website"},"datePublished":"2011-11-21T18:42:55+00:00","dateModified":"2011-11-21T18:42:55+00:00","author":{"@id":"https:\/\/www.tafeldeko.de\/news\/#\/schema\/person\/d2acd86447ed0b6336089a8ba83164a0"},"description":"Wie kann man die Tischdeko f&#xFC;r Silvester anordnen, mit welchen Accessoires erzielt man eine ansprechende und feierliche Tischdeko?","breadcrumb":{"@id":"https:\/\/www.tafeldeko.de\/news\/deko-zu-silvester-mit-duni-salute-black\/#breadcrumb"},"inLanguage":"de-DE","potentialAction":[{"@type":"ReadAction","target":["https:\/\/www.tafeldeko.de\/news\/deko-zu-silvester-mit-duni-salute-black\/"]}]},{"@type":"BreadcrumbList","@id":"https:\/\/www.tafeldeko.de\/news\/deko-zu-silvester-mit-duni-salute-black\/#breadcrumb","itemListElement":[{"@type":"ListItem","position":1,"name":"Tafeldeko","item":"https:\/\/www.tafeldeko.de\/news\/"},{"@type":"ListItem","position":2,"name":"Alte Beitr\u00e4ge","item":"https:\/\/www.tafeldeko.de\/news\/alte-beitraege\/"},{"@type":"ListItem","position":3,"name":"Tischdeko - Blog","item":"https:\/\/www.tafeldeko.de\/news\/alte-beitraege\/tischdeko-blog\/"},{"@type":"ListItem","position":4,"name":"Deko zu Silvester mit Duni Salute Black"}]},{"@type":"WebSite","@id":"https:\/\/www.tafeldeko.de\/news\/#website","url":"https:\/\/www.tafeldeko.de\/news\/","name":"Tafeldeko","description":"Blog mit Tischdeko und Tischdekoration Ideen","potentialAction":[{"@type":"SearchAction","target":{"@type":"EntryPoint","urlTemplate":"https:\/\/www.tafeldeko.de\/news\/?s={search_term_string}"},"query-input":"required name=search_term_string"}],"inLanguage":"de-DE"},{"@type":"Person","@id":"https:\/\/www.tafeldeko.de\/news\/#\/schema\/person\/d2acd86447ed0b6336089a8ba83164a0","name":"Christiane Stein","image":{"@type":"ImageObject","inLanguage":"de-DE","@id":"https:\/\/www.tafeldeko.de\/news\/#\/schema\/person\/image\/","url":"https:\/\/secure.gravatar.com\/avatar\/2054729fbfd1ebc9d3cf1fd55361d0b6?s=96&d=mm&r=g","contentUrl":"https:\/\/secure.gravatar.com\/avatar\/2054729fbfd1ebc9d3cf1fd55361d0b6?s=96&d=mm&r=g","caption":"Christiane Stein"}}]}},"_links":{"self":[{"href":"https:\/\/www.tafeldeko.de\/news\/wp-json\/wp\/v2\/posts\/2366"}],"collection":[{"href":"https:\/\/www.tafeldeko.de\/news\/wp-json\/wp\/v2\/posts"}],"about":[{"href":"https:\/\/www.tafeldeko.de\/news\/wp-json\/wp\/v2\/types\/post"}],"author":[{"embeddable":true,"href":"https:\/\/www.tafeldeko.de\/news\/wp-json\/wp\/v2\/users\/2"}],"replies":[{"embeddable":true,"href":"https:\/\/www.tafeldeko.de\/news\/wp-json\/wp\/v2\/comments?post=2366"}],"version-history":[{"count":0,"href":"https:\/\/www.tafeldeko.de\/news\/wp-json\/wp\/v2\/posts\/2366\/revisions"}],"wp:featuredmedia":[{"embeddable":true,"href":"https:\/\/www.tafeldeko.de\/news\/wp-json\/wp\/v2\/media\/2367"}],"wp:attachment":[{"href":"https:\/\/www.tafeldeko.de\/news\/wp-json\/wp\/v2\/media?parent=2366"}],"wp:term":[{"taxonomy":"category","embeddable":true,"href":"https:\/\/www.tafeldeko.de\/news\/wp-json\/wp\/v2\/categories?post=2366"},{"taxonomy":"post_tag","embeddable":true,"href":"https:\/\/www.tafeldeko.de\/news\/wp-json\/wp\/v2\/tags?post=2366"}],"curies":[{"name":"wp","href":"https:\/\/api.w.org\/{rel}","templated":true}]}}