{"id":2336,"date":"2007-12-28T15:49:55","date_gmt":"2007-12-28T13:49:55","guid":{"rendered":"http:\/\/www.tafeldeko.de\/news\/?p=2336"},"modified":"2007-12-28T15:49:55","modified_gmt":"2007-12-28T13:49:55","slug":"silvester-dekoration-dekoration-fuer-silvester","status":"publish","type":"post","link":"https:\/\/www.tafeldeko.de\/news\/silvester-dekoration-dekoration-fuer-silvester\/","title":{"rendered":"Silvester Dekoration, Dekoration f\u00fcr Silvester"},"content":{"rendered":"<p>Der letzte Tag von 365 Tagen liegt vor uns! Hier eine Deko Idee f\u00fcr den Silvester Abend.!<br \/>\n &#xD;<br \/>\nSowie die letzte Nacht im alten Jahr.<br \/>\nWir denken an die Vergangenheit und w\u00fcrden auch gerne in die Zukunft schauen, darum kann an diesem Abend die Tischdekoration auch ein wenig wie eine B\u00fchne Ihres Lebens oder die Ihrer Familie aussehen. Dekorieren Sie das Leben nach wie Sie es sich vorstellen.<\/p>\n<p>Dazu helfen ihnen Bilder aus der Vergangenheit und Tarotkarten f\u00fcr die Zukunft. Lassen Sie jeden Gast mit einem Stift unter seinen Teller auf die Papiertischdecke sein guten Vors\u00e4tze f\u00fcr das neue Jahr schreiben.<\/p>\n<p align=\"center\"><b><a href=\"https:\/\/www.tafeldeko.de\/index.php\/cat\/c311_Tischdeko-Silvester.html\" title=\"Tischdeko Silvester\">Tischdeko Silvester<\/a><\/b><\/p>\n<p>Als Tischdecke empfehlen wir ein dunkeles Blau und rote Servietten bei dem silbernes Besteck und wei\u00dfe Teller am bestem zum Vorschein kommen. Nach dem Essen als auch den ersten Minuten im neuen Jahr nimmt jeder Gast eine Tarotkarte und es wird gemeinsam aus Tarotb\u00fcchern die Zukunft bestimmt. Wenn Ihre G\u00e4ste nach Hause gehen, schneiden Sie die guten Vors\u00e4tze aus der Tischdecke heraus und f\u00fcgen diese in Bilderrahmen als Erinnerung an den sch\u00f6nen Abend und als Mahnung seines Vorsatzes bei.<\/p>\n<p>Ihr Tafeldeko-Team<\/p>\n","protected":false},"excerpt":{"rendered":"<p>Der letzte Tag von 365 Tagen liegt vor uns! Hier eine Deko Idee f\u00fcr den Silvester Abend.! &#xD; Sowie die letzte Nacht im alten Jahr. Wir denken an die Vergangenheit und w\u00fcrden auch gerne in die Zukunft schauen, darum kann an diesem Abend die Tischdekoration auch ein wenig wie eine B\u00fchne Ihres Lebens oder die [&hellip;]<\/p>\n","protected":false},"author":2,"featured_media":0,"comment_status":"open","ping_status":"open","sticky":false,"template":"","format":"standard","meta":{"footnotes":""},"categories":[1],"tags":[],"yoast_head":"<!-- This site is optimized with the Yoast SEO plugin v20.4 - https:\/\/yoast.com\/wordpress\/plugins\/seo\/ -->\n<title>Silvester Dekoration, Dekoration f\u00fcr Silvester - Tafeldeko<\/title>\n<meta name=\"description\" content=\"Der letzte Tag von 365 Tagen liegt vor uns! Hier eine Deko Idee f\u00fcr den Silvester Abend.! &#xD; Sowie die letzte Nacht im alten Jahr. Wir denken an die\" \/>\n<meta name=\"robots\" content=\"index, follow, max-snippet:-1, max-image-preview:large, max-video-preview:-1\" \/>\n<link rel=\"canonical\" href=\"https:\/\/www.tafeldeko.de\/news\/silvester-dekoration-dekoration-fuer-silvester\/\" \/>\n<meta property=\"og:locale\" content=\"de_DE\" \/>\n<meta property=\"og:type\" content=\"article\" \/>\n<meta property=\"og:title\" content=\"Silvester Dekoration, Dekoration f\u00fcr Silvester - Tafeldeko\" \/>\n<meta property=\"og:description\" content=\"Der letzte Tag von 365 Tagen liegt vor uns! Hier eine Deko Idee f\u00fcr den Silvester Abend.! &#xD; Sowie die letzte Nacht im alten Jahr. Wir denken an die\" \/>\n<meta property=\"og:url\" content=\"https:\/\/www.tafeldeko.de\/news\/silvester-dekoration-dekoration-fuer-silvester\/\" \/>\n<meta property=\"og:site_name\" content=\"Tafeldeko\" \/>\n<meta property=\"article:publisher\" content=\"https:\/\/www.facebook.com\/pages\/Tafeldeko-einzigartige-Tischdekoration\/174202655894\" \/>\n<meta property=\"article:published_time\" content=\"2007-12-28T13:49:55+00:00\" \/>\n<meta name=\"author\" content=\"Christiane Stein\" \/>\n<meta name=\"twitter:label1\" content=\"Verfasst von\" \/>\n\t<meta name=\"twitter:data1\" content=\"Christiane Stein\" \/>\n\t<meta name=\"twitter:label2\" content=\"Gesch\u00e4tzte Lesezeit\" \/>\n\t<meta name=\"twitter:data2\" content=\"1 Minute\" \/>\n<script type=\"application\/ld+json\" class=\"yoast-schema-graph\">{\"@context\":\"https:\/\/schema.org\",\"@graph\":[{\"@type\":\"WebPage\",\"@id\":\"https:\/\/www.tafeldeko.de\/news\/silvester-dekoration-dekoration-fuer-silvester\/\",\"url\":\"https:\/\/www.tafeldeko.de\/news\/silvester-dekoration-dekoration-fuer-silvester\/\",\"name\":\"Silvester Dekoration, Dekoration f\u00fcr Silvester - Tafeldeko\",\"isPartOf\":{\"@id\":\"https:\/\/www.tafeldeko.de\/news\/#website\"},\"datePublished\":\"2007-12-28T13:49:55+00:00\",\"dateModified\":\"2007-12-28T13:49:55+00:00\",\"author\":{\"@id\":\"https:\/\/www.tafeldeko.de\/news\/#\/schema\/person\/d2acd86447ed0b6336089a8ba83164a0\"},\"description\":\"Der letzte Tag von 365 Tagen liegt vor uns! Hier eine Deko Idee f\u00fcr den Silvester Abend.! &#xD; Sowie die letzte Nacht im alten Jahr. Wir denken an die\",\"breadcrumb\":{\"@id\":\"https:\/\/www.tafeldeko.de\/news\/silvester-dekoration-dekoration-fuer-silvester\/#breadcrumb\"},\"inLanguage\":\"de-DE\",\"potentialAction\":[{\"@type\":\"ReadAction\",\"target\":[\"https:\/\/www.tafeldeko.de\/news\/silvester-dekoration-dekoration-fuer-silvester\/\"]}]},{\"@type\":\"BreadcrumbList\",\"@id\":\"https:\/\/www.tafeldeko.de\/news\/silvester-dekoration-dekoration-fuer-silvester\/#breadcrumb\",\"itemListElement\":[{\"@type\":\"ListItem\",\"position\":1,\"name\":\"Tafeldeko\",\"item\":\"https:\/\/www.tafeldeko.de\/news\/\"},{\"@type\":\"ListItem\",\"position\":2,\"name\":\"Alte Beitr\u00e4ge\",\"item\":\"https:\/\/www.tafeldeko.de\/news\/alte-beitraege\/\"},{\"@type\":\"ListItem\",\"position\":3,\"name\":\"Tischdeko - Blog\",\"item\":\"https:\/\/www.tafeldeko.de\/news\/alte-beitraege\/tischdeko-blog\/\"},{\"@type\":\"ListItem\",\"position\":4,\"name\":\"Silvester Dekoration, Dekoration f\u00fcr Silvester\"}]},{\"@type\":\"WebSite\",\"@id\":\"https:\/\/www.tafeldeko.de\/news\/#website\",\"url\":\"https:\/\/www.tafeldeko.de\/news\/\",\"name\":\"Tafeldeko\",\"description\":\"Blog mit Tischdeko und Tischdekoration Ideen\",\"potentialAction\":[{\"@type\":\"SearchAction\",\"target\":{\"@type\":\"EntryPoint\",\"urlTemplate\":\"https:\/\/www.tafeldeko.de\/news\/?s={search_term_string}\"},\"query-input\":\"required name=search_term_string\"}],\"inLanguage\":\"de-DE\"},{\"@type\":\"Person\",\"@id\":\"https:\/\/www.tafeldeko.de\/news\/#\/schema\/person\/d2acd86447ed0b6336089a8ba83164a0\",\"name\":\"Christiane Stein\",\"image\":{\"@type\":\"ImageObject\",\"inLanguage\":\"de-DE\",\"@id\":\"https:\/\/www.tafeldeko.de\/news\/#\/schema\/person\/image\/\",\"url\":\"https:\/\/secure.gravatar.com\/avatar\/2054729fbfd1ebc9d3cf1fd55361d0b6?s=96&d=mm&r=g\",\"contentUrl\":\"https:\/\/secure.gravatar.com\/avatar\/2054729fbfd1ebc9d3cf1fd55361d0b6?s=96&d=mm&r=g\",\"caption\":\"Christiane Stein\"}}]}<\/script>\n<!-- \/ Yoast SEO plugin. -->","yoast_head_json":{"title":"Silvester Dekoration, Dekoration f\u00fcr Silvester - Tafeldeko","description":"Der letzte Tag von 365 Tagen liegt vor uns! Hier eine Deko Idee f\u00fcr den Silvester Abend.! &#xD; Sowie die letzte Nacht im alten Jahr. Wir denken an die","robots":{"index":"index","follow":"follow","max-snippet":"max-snippet:-1","max-image-preview":"max-image-preview:large","max-video-preview":"max-video-preview:-1"},"canonical":"https:\/\/www.tafeldeko.de\/news\/silvester-dekoration-dekoration-fuer-silvester\/","og_locale":"de_DE","og_type":"article","og_title":"Silvester Dekoration, Dekoration f\u00fcr Silvester - Tafeldeko","og_description":"Der letzte Tag von 365 Tagen liegt vor uns! Hier eine Deko Idee f\u00fcr den Silvester Abend.! &#xD; Sowie die letzte Nacht im alten Jahr. Wir denken an die","og_url":"https:\/\/www.tafeldeko.de\/news\/silvester-dekoration-dekoration-fuer-silvester\/","og_site_name":"Tafeldeko","article_publisher":"https:\/\/www.facebook.com\/pages\/Tafeldeko-einzigartige-Tischdekoration\/174202655894","article_published_time":"2007-12-28T13:49:55+00:00","author":"Christiane Stein","twitter_misc":{"Verfasst von":"Christiane Stein","Gesch\u00e4tzte Lesezeit":"1 Minute"},"schema":{"@context":"https:\/\/schema.org","@graph":[{"@type":"WebPage","@id":"https:\/\/www.tafeldeko.de\/news\/silvester-dekoration-dekoration-fuer-silvester\/","url":"https:\/\/www.tafeldeko.de\/news\/silvester-dekoration-dekoration-fuer-silvester\/","name":"Silvester Dekoration, Dekoration f\u00fcr Silvester - Tafeldeko","isPartOf":{"@id":"https:\/\/www.tafeldeko.de\/news\/#website"},"datePublished":"2007-12-28T13:49:55+00:00","dateModified":"2007-12-28T13:49:55+00:00","author":{"@id":"https:\/\/www.tafeldeko.de\/news\/#\/schema\/person\/d2acd86447ed0b6336089a8ba83164a0"},"description":"Der letzte Tag von 365 Tagen liegt vor uns! Hier eine Deko Idee f\u00fcr den Silvester Abend.! &#xD; Sowie die letzte Nacht im alten Jahr. Wir denken an die","breadcrumb":{"@id":"https:\/\/www.tafeldeko.de\/news\/silvester-dekoration-dekoration-fuer-silvester\/#breadcrumb"},"inLanguage":"de-DE","potentialAction":[{"@type":"ReadAction","target":["https:\/\/www.tafeldeko.de\/news\/silvester-dekoration-dekoration-fuer-silvester\/"]}]},{"@type":"BreadcrumbList","@id":"https:\/\/www.tafeldeko.de\/news\/silvester-dekoration-dekoration-fuer-silvester\/#breadcrumb","itemListElement":[{"@type":"ListItem","position":1,"name":"Tafeldeko","item":"https:\/\/www.tafeldeko.de\/news\/"},{"@type":"ListItem","position":2,"name":"Alte Beitr\u00e4ge","item":"https:\/\/www.tafeldeko.de\/news\/alte-beitraege\/"},{"@type":"ListItem","position":3,"name":"Tischdeko - Blog","item":"https:\/\/www.tafeldeko.de\/news\/alte-beitraege\/tischdeko-blog\/"},{"@type":"ListItem","position":4,"name":"Silvester Dekoration, Dekoration f\u00fcr Silvester"}]},{"@type":"WebSite","@id":"https:\/\/www.tafeldeko.de\/news\/#website","url":"https:\/\/www.tafeldeko.de\/news\/","name":"Tafeldeko","description":"Blog mit Tischdeko und Tischdekoration Ideen","potentialAction":[{"@type":"SearchAction","target":{"@type":"EntryPoint","urlTemplate":"https:\/\/www.tafeldeko.de\/news\/?s={search_term_string}"},"query-input":"required name=search_term_string"}],"inLanguage":"de-DE"},{"@type":"Person","@id":"https:\/\/www.tafeldeko.de\/news\/#\/schema\/person\/d2acd86447ed0b6336089a8ba83164a0","name":"Christiane Stein","image":{"@type":"ImageObject","inLanguage":"de-DE","@id":"https:\/\/www.tafeldeko.de\/news\/#\/schema\/person\/image\/","url":"https:\/\/secure.gravatar.com\/avatar\/2054729fbfd1ebc9d3cf1fd55361d0b6?s=96&d=mm&r=g","contentUrl":"https:\/\/secure.gravatar.com\/avatar\/2054729fbfd1ebc9d3cf1fd55361d0b6?s=96&d=mm&r=g","caption":"Christiane Stein"}}]}},"_links":{"self":[{"href":"https:\/\/www.tafeldeko.de\/news\/wp-json\/wp\/v2\/posts\/2336"}],"collection":[{"href":"https:\/\/www.tafeldeko.de\/news\/wp-json\/wp\/v2\/posts"}],"about":[{"href":"https:\/\/www.tafeldeko.de\/news\/wp-json\/wp\/v2\/types\/post"}],"author":[{"embeddable":true,"href":"https:\/\/www.tafeldeko.de\/news\/wp-json\/wp\/v2\/users\/2"}],"replies":[{"embeddable":true,"href":"https:\/\/www.tafeldeko.de\/news\/wp-json\/wp\/v2\/comments?post=2336"}],"version-history":[{"count":0,"href":"https:\/\/www.tafeldeko.de\/news\/wp-json\/wp\/v2\/posts\/2336\/revisions"}],"wp:attachment":[{"href":"https:\/\/www.tafeldeko.de\/news\/wp-json\/wp\/v2\/media?parent=2336"}],"wp:term":[{"taxonomy":"category","embeddable":true,"href":"https:\/\/www.tafeldeko.de\/news\/wp-json\/wp\/v2\/categories?post=2336"},{"taxonomy":"post_tag","embeddable":true,"href":"https:\/\/www.tafeldeko.de\/news\/wp-json\/wp\/v2\/tags?post=2336"}],"curies":[{"name":"wp","href":"https:\/\/api.w.org\/{rel}","templated":true}]}}