{"id":2323,"date":"2012-04-11T18:36:00","date_gmt":"2012-04-11T16:36:00","guid":{"rendered":"http:\/\/www.tafeldeko.de\/news\/?p=2323"},"modified":"2012-04-11T18:36:00","modified_gmt":"2012-04-11T16:36:00","slug":"die-silberne-hochzeit-ein-grosser-anlass-zum-feiern","status":"publish","type":"post","link":"https:\/\/www.tafeldeko.de\/news\/die-silberne-hochzeit-ein-grosser-anlass-zum-feiern\/","title":{"rendered":"Die Silberne Hochzeit &#8211; ein gro\u00dfer Anlass zum Feiern"},"content":{"rendered":"<div class=\"textumfliessenrechts\"><img decoding=\"async\" loading=\"lazy\" src=\"https:\/\/www.tafeldeko.de\/news\/media\/users\/schnurchristian\/silberhochzeit_gelb.jpg\" alt=\"Silberhochzeit\" title=\"Silberhochzeit\" width=\"308\" height=\"214\" \/><br \/><a href=\"https:\/\/www.tafeldeko.de\/mustertische\/index.php?t=9&#038;c=8&#038;lang=2\" title=\"Tischdeko Silberne Hochzeit\"><b>Tischdeko Silberne Hochzeit<\/b><\/a><\/div>\n<p> Die <b>Silberne Hochzeit<\/b> ist ein ganz besonderes Hochzeitsjubil\u00e4um. Das Ehepaar kann auf 25 Ehejahre zur\u00fcck blicken und dies ist auf jeden Fall ein Grund zum Feiern. F\u00fcr die Silberne Hochzeit sind dann au\u00dfergew\u00f6hnliche und sch\u00f6ne Ideen f\u00fcr die Festlichkeit gefragt, die man in die Tat umsetzen kann.<br \/>\nSchlie\u00dflich m\u00f6chte man diesen Tag mit der Familie und Freunden verbringen. Somit muss auch eine passende <b>Tischdekoration <\/b>her, die das Hochzeitsjubil\u00e4um stilvoll kr\u00f6nt.<br \/>\nWer eine sch\u00f6ne Tischdeko sucht, wird gewiss etwas Sch\u00f6nes finden. Wenn man die Festtagstafel f\u00fcr die Silberne Hochzeit vorbereitet, kann beispielsweise zu den Farben Silber und Gelb greifen, wie es auf dem Beispieltisch dargestellt ist. Die wei\u00dfe Tischdecke wurde mit einem <b><a href=\"https:\/\/www.tafeldeko.de\/index.php\/cat\/c1359_Satin-Tischb%C3%A4nder.html\" title=\"Satin Tischband\">Satin Tischband<\/a><\/b> in gelb kombiniert und ein Tischband mit den Worten \u201e25 Jahre verheiratet\u201c bietet die ideale Grundlage f\u00fcr weitere dekorative Utensilien. &#xD;<br \/>\nWer m\u00f6chte, kann Pailletten Herzen und Dekoherzen in silber auf dem Tisch drapieren. Dar\u00fcber hinaus gibt die Deko Perlenkette in perlmutt oder Drahtb\u00e4lle in silber ein sch\u00f6nes Bild auf der Festtagstafel ab. Wenn man m\u00f6chte, kann man Tischkarten mit dem Namen des Gastes auf den jeweiligen Sitzplatz stellen. Manche sind ein Fan dieser Variante und andere dagegen verzichten lieber darauf. Es ist eben eine Frage des Geschmackes.<br \/>\n<b>Der Clou <\/b>auf dem Tisch kann ein Jubil\u00e4umspaar aus Polyresin sein, dass f\u00fcr die gl\u00fccklichen und gemeinsamen Ehejahre steht. Nicht jedes Ehepaar kann behaupten, dass es bereits 25 Jahre verheiratet ist. Daher ist die <b><a href=\"https:\/\/www.tafeldeko.de\/index.php\/cat\/c1536_Tischdeko-Silberne-Hochzeit.html\" title=\"Silberne Hochzeit\">Silberne Hochzeit<\/a><\/b> ein pers\u00f6nliches Ereignis, auf das man stolz sein kann und eine Feierlichkeit, die nicht in Vergessenheit geraten darf.<\/p>\n","protected":false},"excerpt":{"rendered":"<p>Die Silberne Hochzeit ist ein ganz besonderes Hochzeitsjubil\u00e4um. Das Ehepaar kann auf 25 Ehejahre zur\u00fcck blicken und dies ist auf jeden Fall ein Grund zum Feiern. F\u00fcr die Silberne Hochzeit sind dann au\u00dfergew\u00f6hnliche und sch\u00f6ne Ideen f\u00fcr die Festlichkeit gefragt, die man in die Tat umsetzen kann.<\/p>\n","protected":false},"author":2,"featured_media":2316,"comment_status":"open","ping_status":"open","sticky":false,"template":"","format":"standard","meta":{"footnotes":""},"categories":[1],"tags":[],"yoast_head":"<!-- This site is optimized with the Yoast SEO plugin v20.4 - https:\/\/yoast.com\/wordpress\/plugins\/seo\/ -->\n<title>Die Silberne Hochzeit - ein gro\u00dfer Anlass zum Feiern - Tafeldeko<\/title>\n<meta name=\"description\" content=\"Wenn man die Festtagstafel f&#xFC;r die Silberne Hochzeit vorbereitet, kann beispielsweise zu den Farben Silber und Gelb greifen.\" \/>\n<meta name=\"robots\" content=\"index, follow, max-snippet:-1, max-image-preview:large, max-video-preview:-1\" \/>\n<link rel=\"canonical\" href=\"https:\/\/www.tafeldeko.de\/news\/die-silberne-hochzeit-ein-grosser-anlass-zum-feiern\/\" \/>\n<meta property=\"og:locale\" content=\"de_DE\" \/>\n<meta property=\"og:type\" content=\"article\" \/>\n<meta property=\"og:title\" content=\"Die Silberne Hochzeit - ein gro\u00dfer Anlass zum Feiern - Tafeldeko\" \/>\n<meta property=\"og:description\" content=\"Wenn man die Festtagstafel f&#xFC;r die Silberne Hochzeit vorbereitet, kann beispielsweise zu den Farben Silber und Gelb greifen.\" \/>\n<meta property=\"og:url\" content=\"https:\/\/www.tafeldeko.de\/news\/die-silberne-hochzeit-ein-grosser-anlass-zum-feiern\/\" \/>\n<meta property=\"og:site_name\" content=\"Tafeldeko\" \/>\n<meta property=\"article:publisher\" content=\"https:\/\/www.facebook.com\/pages\/Tafeldeko-einzigartige-Tischdekoration\/174202655894\" \/>\n<meta property=\"article:published_time\" content=\"2012-04-11T16:36:00+00:00\" \/>\n<meta property=\"og:image\" content=\"https:\/\/www.tafeldeko.de\/news\/wp-content\/uploads\/2014\/09\/silberhochzeit_gelb.jpg\" \/>\n\t<meta property=\"og:image:width\" content=\"448\" \/>\n\t<meta property=\"og:image:height\" content=\"314\" \/>\n\t<meta property=\"og:image:type\" content=\"image\/jpeg\" \/>\n<meta name=\"author\" content=\"Christiane Stein\" \/>\n<meta name=\"twitter:label1\" content=\"Verfasst von\" \/>\n\t<meta name=\"twitter:data1\" content=\"Christiane Stein\" \/>\n\t<meta name=\"twitter:label2\" content=\"Gesch\u00e4tzte Lesezeit\" \/>\n\t<meta name=\"twitter:data2\" content=\"1 Minute\" \/>\n<script type=\"application\/ld+json\" class=\"yoast-schema-graph\">{\"@context\":\"https:\/\/schema.org\",\"@graph\":[{\"@type\":\"WebPage\",\"@id\":\"https:\/\/www.tafeldeko.de\/news\/die-silberne-hochzeit-ein-grosser-anlass-zum-feiern\/\",\"url\":\"https:\/\/www.tafeldeko.de\/news\/die-silberne-hochzeit-ein-grosser-anlass-zum-feiern\/\",\"name\":\"Die Silberne Hochzeit - ein gro\u00dfer Anlass zum Feiern - Tafeldeko\",\"isPartOf\":{\"@id\":\"https:\/\/www.tafeldeko.de\/news\/#website\"},\"datePublished\":\"2012-04-11T16:36:00+00:00\",\"dateModified\":\"2012-04-11T16:36:00+00:00\",\"author\":{\"@id\":\"https:\/\/www.tafeldeko.de\/news\/#\/schema\/person\/d2acd86447ed0b6336089a8ba83164a0\"},\"description\":\"Wenn man die Festtagstafel f&#xFC;r die Silberne Hochzeit vorbereitet, kann beispielsweise zu den Farben Silber und Gelb greifen.\",\"breadcrumb\":{\"@id\":\"https:\/\/www.tafeldeko.de\/news\/die-silberne-hochzeit-ein-grosser-anlass-zum-feiern\/#breadcrumb\"},\"inLanguage\":\"de-DE\",\"potentialAction\":[{\"@type\":\"ReadAction\",\"target\":[\"https:\/\/www.tafeldeko.de\/news\/die-silberne-hochzeit-ein-grosser-anlass-zum-feiern\/\"]}]},{\"@type\":\"BreadcrumbList\",\"@id\":\"https:\/\/www.tafeldeko.de\/news\/die-silberne-hochzeit-ein-grosser-anlass-zum-feiern\/#breadcrumb\",\"itemListElement\":[{\"@type\":\"ListItem\",\"position\":1,\"name\":\"Tafeldeko\",\"item\":\"https:\/\/www.tafeldeko.de\/news\/\"},{\"@type\":\"ListItem\",\"position\":2,\"name\":\"Alte Beitr\u00e4ge\",\"item\":\"https:\/\/www.tafeldeko.de\/news\/alte-beitraege\/\"},{\"@type\":\"ListItem\",\"position\":3,\"name\":\"Tischdeko - Blog\",\"item\":\"https:\/\/www.tafeldeko.de\/news\/alte-beitraege\/tischdeko-blog\/\"},{\"@type\":\"ListItem\",\"position\":4,\"name\":\"Die Silberne Hochzeit &#8211; ein gro\u00dfer Anlass zum Feiern\"}]},{\"@type\":\"WebSite\",\"@id\":\"https:\/\/www.tafeldeko.de\/news\/#website\",\"url\":\"https:\/\/www.tafeldeko.de\/news\/\",\"name\":\"Tafeldeko\",\"description\":\"Blog mit Tischdeko und Tischdekoration Ideen\",\"potentialAction\":[{\"@type\":\"SearchAction\",\"target\":{\"@type\":\"EntryPoint\",\"urlTemplate\":\"https:\/\/www.tafeldeko.de\/news\/?s={search_term_string}\"},\"query-input\":\"required name=search_term_string\"}],\"inLanguage\":\"de-DE\"},{\"@type\":\"Person\",\"@id\":\"https:\/\/www.tafeldeko.de\/news\/#\/schema\/person\/d2acd86447ed0b6336089a8ba83164a0\",\"name\":\"Christiane Stein\",\"image\":{\"@type\":\"ImageObject\",\"inLanguage\":\"de-DE\",\"@id\":\"https:\/\/www.tafeldeko.de\/news\/#\/schema\/person\/image\/\",\"url\":\"https:\/\/secure.gravatar.com\/avatar\/2054729fbfd1ebc9d3cf1fd55361d0b6?s=96&d=mm&r=g\",\"contentUrl\":\"https:\/\/secure.gravatar.com\/avatar\/2054729fbfd1ebc9d3cf1fd55361d0b6?s=96&d=mm&r=g\",\"caption\":\"Christiane Stein\"}}]}<\/script>\n<!-- \/ Yoast SEO plugin. -->","yoast_head_json":{"title":"Die Silberne Hochzeit - ein gro\u00dfer Anlass zum Feiern - Tafeldeko","description":"Wenn man die Festtagstafel f&#xFC;r die Silberne Hochzeit vorbereitet, kann beispielsweise zu den Farben Silber und Gelb greifen.","robots":{"index":"index","follow":"follow","max-snippet":"max-snippet:-1","max-image-preview":"max-image-preview:large","max-video-preview":"max-video-preview:-1"},"canonical":"https:\/\/www.tafeldeko.de\/news\/die-silberne-hochzeit-ein-grosser-anlass-zum-feiern\/","og_locale":"de_DE","og_type":"article","og_title":"Die Silberne Hochzeit - ein gro\u00dfer Anlass zum Feiern - Tafeldeko","og_description":"Wenn man die Festtagstafel f&#xFC;r die Silberne Hochzeit vorbereitet, kann beispielsweise zu den Farben Silber und Gelb greifen.","og_url":"https:\/\/www.tafeldeko.de\/news\/die-silberne-hochzeit-ein-grosser-anlass-zum-feiern\/","og_site_name":"Tafeldeko","article_publisher":"https:\/\/www.facebook.com\/pages\/Tafeldeko-einzigartige-Tischdekoration\/174202655894","article_published_time":"2012-04-11T16:36:00+00:00","og_image":[{"width":448,"height":314,"url":"https:\/\/www.tafeldeko.de\/news\/wp-content\/uploads\/2014\/09\/silberhochzeit_gelb.jpg","type":"image\/jpeg"}],"author":"Christiane Stein","twitter_misc":{"Verfasst von":"Christiane Stein","Gesch\u00e4tzte Lesezeit":"1 Minute"},"schema":{"@context":"https:\/\/schema.org","@graph":[{"@type":"WebPage","@id":"https:\/\/www.tafeldeko.de\/news\/die-silberne-hochzeit-ein-grosser-anlass-zum-feiern\/","url":"https:\/\/www.tafeldeko.de\/news\/die-silberne-hochzeit-ein-grosser-anlass-zum-feiern\/","name":"Die Silberne Hochzeit - ein gro\u00dfer Anlass zum Feiern - Tafeldeko","isPartOf":{"@id":"https:\/\/www.tafeldeko.de\/news\/#website"},"datePublished":"2012-04-11T16:36:00+00:00","dateModified":"2012-04-11T16:36:00+00:00","author":{"@id":"https:\/\/www.tafeldeko.de\/news\/#\/schema\/person\/d2acd86447ed0b6336089a8ba83164a0"},"description":"Wenn man die Festtagstafel f&#xFC;r die Silberne Hochzeit vorbereitet, kann beispielsweise zu den Farben Silber und Gelb greifen.","breadcrumb":{"@id":"https:\/\/www.tafeldeko.de\/news\/die-silberne-hochzeit-ein-grosser-anlass-zum-feiern\/#breadcrumb"},"inLanguage":"de-DE","potentialAction":[{"@type":"ReadAction","target":["https:\/\/www.tafeldeko.de\/news\/die-silberne-hochzeit-ein-grosser-anlass-zum-feiern\/"]}]},{"@type":"BreadcrumbList","@id":"https:\/\/www.tafeldeko.de\/news\/die-silberne-hochzeit-ein-grosser-anlass-zum-feiern\/#breadcrumb","itemListElement":[{"@type":"ListItem","position":1,"name":"Tafeldeko","item":"https:\/\/www.tafeldeko.de\/news\/"},{"@type":"ListItem","position":2,"name":"Alte Beitr\u00e4ge","item":"https:\/\/www.tafeldeko.de\/news\/alte-beitraege\/"},{"@type":"ListItem","position":3,"name":"Tischdeko - Blog","item":"https:\/\/www.tafeldeko.de\/news\/alte-beitraege\/tischdeko-blog\/"},{"@type":"ListItem","position":4,"name":"Die Silberne Hochzeit &#8211; ein gro\u00dfer Anlass zum Feiern"}]},{"@type":"WebSite","@id":"https:\/\/www.tafeldeko.de\/news\/#website","url":"https:\/\/www.tafeldeko.de\/news\/","name":"Tafeldeko","description":"Blog mit Tischdeko und Tischdekoration Ideen","potentialAction":[{"@type":"SearchAction","target":{"@type":"EntryPoint","urlTemplate":"https:\/\/www.tafeldeko.de\/news\/?s={search_term_string}"},"query-input":"required name=search_term_string"}],"inLanguage":"de-DE"},{"@type":"Person","@id":"https:\/\/www.tafeldeko.de\/news\/#\/schema\/person\/d2acd86447ed0b6336089a8ba83164a0","name":"Christiane Stein","image":{"@type":"ImageObject","inLanguage":"de-DE","@id":"https:\/\/www.tafeldeko.de\/news\/#\/schema\/person\/image\/","url":"https:\/\/secure.gravatar.com\/avatar\/2054729fbfd1ebc9d3cf1fd55361d0b6?s=96&d=mm&r=g","contentUrl":"https:\/\/secure.gravatar.com\/avatar\/2054729fbfd1ebc9d3cf1fd55361d0b6?s=96&d=mm&r=g","caption":"Christiane Stein"}}]}},"_links":{"self":[{"href":"https:\/\/www.tafeldeko.de\/news\/wp-json\/wp\/v2\/posts\/2323"}],"collection":[{"href":"https:\/\/www.tafeldeko.de\/news\/wp-json\/wp\/v2\/posts"}],"about":[{"href":"https:\/\/www.tafeldeko.de\/news\/wp-json\/wp\/v2\/types\/post"}],"author":[{"embeddable":true,"href":"https:\/\/www.tafeldeko.de\/news\/wp-json\/wp\/v2\/users\/2"}],"replies":[{"embeddable":true,"href":"https:\/\/www.tafeldeko.de\/news\/wp-json\/wp\/v2\/comments?post=2323"}],"version-history":[{"count":0,"href":"https:\/\/www.tafeldeko.de\/news\/wp-json\/wp\/v2\/posts\/2323\/revisions"}],"wp:featuredmedia":[{"embeddable":true,"href":"https:\/\/www.tafeldeko.de\/news\/wp-json\/wp\/v2\/media\/2316"}],"wp:attachment":[{"href":"https:\/\/www.tafeldeko.de\/news\/wp-json\/wp\/v2\/media?parent=2323"}],"wp:term":[{"taxonomy":"category","embeddable":true,"href":"https:\/\/www.tafeldeko.de\/news\/wp-json\/wp\/v2\/categories?post=2323"},{"taxonomy":"post_tag","embeddable":true,"href":"https:\/\/www.tafeldeko.de\/news\/wp-json\/wp\/v2\/tags?post=2323"}],"curies":[{"name":"wp","href":"https:\/\/api.w.org\/{rel}","templated":true}]}}