{"id":2283,"date":"2014-08-29T17:23:41","date_gmt":"2014-08-29T15:23:41","guid":{"rendered":"http:\/\/www.tafeldeko.de\/news\/?p=2283"},"modified":"2023-02-16T11:07:29","modified_gmt":"2023-02-16T10:07:29","slug":"maritime-tischdekoration-fuer-die-edlen-akzentne-auf-dem-tisch","status":"publish","type":"post","link":"https:\/\/www.tafeldeko.de\/news\/maritime-tischdekoration-fuer-die-edlen-akzentne-auf-dem-tisch\/","title":{"rendered":"Maritime Tischdekoration mit edlen Akzenten"},"content":{"rendered":"<p>Das <b>Flair des Strandes<\/b>, das Rauschen des Meeres und das Feeling eines wundersch\u00f6nen Urlaubs am Meer ist schon etwas Besonderes. Und wer sich dieses Urlaubsflair zu Hause auf den eigenen Tisch holen m\u00f6chte, hat hervorragende M\u00f6glichkeiten mit der maritime Tischdekoration edlen Akzenten. Die Accessoires daf\u00fcr k\u00f6nnen Mitbringsel aus dem letzten Urlaub sein oder auch bei <b><a title=\"Tafeldeko\" href=\"https:\/\/www.tafeldeko.de\">Tafeldeko<\/a><\/b> erworben werden.<br \/>\nF\u00fcr eine maritime Tischdekoration ben\u00f6tigt man noch nicht einmal einen Anlass &#8211; ein sch\u00f6n geschm\u00fcckter und dekorierter Tisch sorgt f\u00fcr ein <b>angenehmes Ambiente<\/b> in den eigenen vier W\u00e4nden.<\/p>\n<p><img decoding=\"async\" loading=\"lazy\" src=\"https:\/\/www.tafeldeko.de\/news\/wp-content\/uploads\/2014\/09\/maritime_holzkiste.jpg\" sizes=\"(max-width: 213px) 100vw, 213px\" srcset=\"https:\/\/www.tafeldeko.de\/news\/wp-content\/uploads\/2014\/09\/maritime_holzkiste.jpg 213w, https:\/\/www.tafeldeko.de\/news\/wp-content\/uploads\/2014\/09\/maritime_holzkiste-150x150.jpg 150w\" alt=\"Maritime Tischdekoration edlen Akzenten\" width=\"213\" height=\"213\" \/><\/p>\n<h2>Maritime Tischdekoration mit edlen Akzenten &#8211; so geht&#8217;s<\/h2>\n<p>Der Wohnzimmertisch, die Fensterbank und M\u00f6bel k\u00f6nnen mit maritimen Accessoires das gewisse Etwas erhalten. Nimmt man nur die maritime Holzkiste als Beispiel &#8211; mit dieser k\u00f6nnen Sie das Flair von Strand, Meer und <b>Meeresrauschen <\/b>nach Hause holen.<br \/>\nUnd auch am Geburtstag kann der Tisch mit einer maritim ausgerichteten Deko die G\u00e4ste verzaubern und entz\u00fccken. Arrangieren Sie die maritime Holzkiste beispielsweise in der Tischmitte, umringt von Muscheln, Sand und anderen maritimen Streudekoteilen. Dies k\u00f6nnen zum Beispiel kleine Seesterne, Deko Fischerboote, Leuchtt\u00fcrme oder sogar eine kleine Deko Palme sein.<br \/>\nAls Basis der maritimen Tischdekoration k\u00f6nnen Sie eine beigefarbene oder blaue Tischdecke verwenden, je nachdem, was Sie als Untergrund Ihrer Deko m\u00f6chten &#8211; den Strand oder das Meer. Mit <b><a title=\"Tischb\u00e4ndern\" href=\"https:\/\/www.tafeldeko.de\/index.php\/cat\/c470_B%C3%A4nder.html\">Tischb\u00e4ndern<\/a><\/b>, Dekowolle, B\u00e4nder aus Organza oder Satin k\u00f6nnen f\u00fcr weitere, wundersch\u00f6ne Akzente sorgen. Und bei den Servietten bietet eine breite Auswahl allerlei M\u00f6glichkeiten. Servietten mit Muscheln als Motiv, Seesternen oder auch nur unifarben in Blau k\u00f6nnen die <b>maritime Tischdeko mit edlen Akzenten <\/b>vervollst\u00e4ndigen.<br \/>\nSie sehen, mit wenigen, jedoch gezielt ausgew\u00e4hlten Accessoires k\u00f6nnen Sie eine ausdrucksstarke Tischdekoration zaubern. Sollte es Ihnen an Ideen fehlen, werfen Sie einen Blick auf die Mustertische von Tafeldeko. Ob maritim oder erfrischend anders ausgestattet, sie sorgen f\u00fcr eine angenehme Atmosph\u00e4re bei einer Feier.<\/p>\n<p><a role=\"button\" href=\"https:\/\/www.tafeldeko.de\/tischdeko-ideen\/\"><br \/>\n&gt;&gt; Zu den Mustertischen &lt;&lt;<br \/>\n<\/a><\/p>\n<h2>Weitere Beitr\u00e4ge:<\/h2>\n<h2>Dekoartikel von A-Z<\/h2>\n<p><a href=\"https:\/\/www.tafeldeko.de\/tischdeko-artikel\/\"><br \/>\nJetzt entdecken <\/a><\/p>\n","protected":false},"excerpt":{"rendered":"<p>Das Flair des Strandes, das Rauschen des Meeres und das Feeling eines wundersch\u00f6nen Urlaubs am Meer ist schon etwas Besonderes. Und wer sich dieses Urlaubsflair zu Hause auf den eigenen Tisch holen m\u00f6chte, hat hervorragende M\u00f6glichkeiten. Die Accessoires daf\u00fcr k\u00f6nnen Mitbringsel aus dem letzten Urlaub sein oder auch im Onlineshop von  erworben werden.<br \/>\nF\u00fcr eine maritime Tischdekoration ben\u00f6tigt man noch nicht einmal einen Anlass &#8211; ein sch\u00f6n geschm\u00fcckter und dekorierter Tisch sorgt f\u00fcr ein angenehmes Ambiente in den eigenen vier W\u00e4nden.<\/p>\n","protected":false},"author":2,"featured_media":2284,"comment_status":"closed","ping_status":"closed","sticky":false,"template":"","format":"standard","meta":{"footnotes":""},"categories":[1],"tags":[],"yoast_head":"<!-- This site is optimized with the Yoast SEO plugin v20.4 - https:\/\/yoast.com\/wordpress\/plugins\/seo\/ -->\n<title>Maritime Tischdekoration mit edlen Akzenten - Tafeldeko<\/title>\n<meta name=\"description\" content=\"Eine Maritime Tischdekoration mit edlen Akzenten genau das Richtige f\u00fcr eine ausgefallene Tischdeko zum Geburtstag. \u00dcberraschen Sie...\" \/>\n<meta name=\"robots\" content=\"index, follow, max-snippet:-1, max-image-preview:large, max-video-preview:-1\" \/>\n<link rel=\"canonical\" href=\"https:\/\/www.tafeldeko.de\/news\/maritime-tischdekoration-fuer-die-edlen-akzentne-auf-dem-tisch\/\" \/>\n<meta property=\"og:locale\" content=\"de_DE\" \/>\n<meta property=\"og:type\" content=\"article\" \/>\n<meta property=\"og:title\" content=\"Maritime Tischdekoration mit edlen Akzenten - Tafeldeko\" \/>\n<meta property=\"og:description\" content=\"Eine Maritime Tischdekoration mit edlen Akzenten genau das Richtige f\u00fcr eine ausgefallene Tischdeko zum Geburtstag. \u00dcberraschen Sie...\" \/>\n<meta property=\"og:url\" content=\"https:\/\/www.tafeldeko.de\/news\/maritime-tischdekoration-fuer-die-edlen-akzentne-auf-dem-tisch\/\" \/>\n<meta property=\"og:site_name\" content=\"Tafeldeko\" \/>\n<meta property=\"article:publisher\" content=\"https:\/\/www.facebook.com\/pages\/Tafeldeko-einzigartige-Tischdekoration\/174202655894\" \/>\n<meta property=\"article:published_time\" content=\"2014-08-29T15:23:41+00:00\" \/>\n<meta property=\"article:modified_time\" content=\"2023-02-16T10:07:29+00:00\" \/>\n<meta property=\"og:image\" content=\"https:\/\/www.tafeldeko.de\/news\/wp-content\/uploads\/2014\/09\/maritime_holzkiste.jpg\" \/>\n\t<meta property=\"og:image:width\" content=\"213\" \/>\n\t<meta property=\"og:image:height\" content=\"213\" \/>\n\t<meta property=\"og:image:type\" content=\"image\/jpeg\" \/>\n<meta name=\"author\" content=\"Christiane Stein\" \/>\n<meta name=\"twitter:label1\" content=\"Verfasst von\" \/>\n\t<meta name=\"twitter:data1\" content=\"Christiane Stein\" \/>\n\t<meta name=\"twitter:label2\" content=\"Gesch\u00e4tzte Lesezeit\" \/>\n\t<meta name=\"twitter:data2\" content=\"2 Minuten\" \/>\n<script type=\"application\/ld+json\" class=\"yoast-schema-graph\">{\"@context\":\"https:\/\/schema.org\",\"@graph\":[{\"@type\":\"WebPage\",\"@id\":\"https:\/\/www.tafeldeko.de\/news\/maritime-tischdekoration-fuer-die-edlen-akzentne-auf-dem-tisch\/\",\"url\":\"https:\/\/www.tafeldeko.de\/news\/maritime-tischdekoration-fuer-die-edlen-akzentne-auf-dem-tisch\/\",\"name\":\"Maritime Tischdekoration mit edlen Akzenten - Tafeldeko\",\"isPartOf\":{\"@id\":\"https:\/\/www.tafeldeko.de\/news\/#website\"},\"datePublished\":\"2014-08-29T15:23:41+00:00\",\"dateModified\":\"2023-02-16T10:07:29+00:00\",\"author\":{\"@id\":\"https:\/\/www.tafeldeko.de\/news\/#\/schema\/person\/d2acd86447ed0b6336089a8ba83164a0\"},\"description\":\"Eine Maritime Tischdekoration mit edlen Akzenten genau das Richtige f\u00fcr eine ausgefallene Tischdeko zum Geburtstag. \u00dcberraschen Sie...\",\"breadcrumb\":{\"@id\":\"https:\/\/www.tafeldeko.de\/news\/maritime-tischdekoration-fuer-die-edlen-akzentne-auf-dem-tisch\/#breadcrumb\"},\"inLanguage\":\"de-DE\",\"potentialAction\":[{\"@type\":\"ReadAction\",\"target\":[\"https:\/\/www.tafeldeko.de\/news\/maritime-tischdekoration-fuer-die-edlen-akzentne-auf-dem-tisch\/\"]}]},{\"@type\":\"BreadcrumbList\",\"@id\":\"https:\/\/www.tafeldeko.de\/news\/maritime-tischdekoration-fuer-die-edlen-akzentne-auf-dem-tisch\/#breadcrumb\",\"itemListElement\":[{\"@type\":\"ListItem\",\"position\":1,\"name\":\"Tafeldeko\",\"item\":\"https:\/\/www.tafeldeko.de\/news\/\"},{\"@type\":\"ListItem\",\"position\":2,\"name\":\"Alte Beitr\u00e4ge\",\"item\":\"https:\/\/www.tafeldeko.de\/news\/alte-beitraege\/\"},{\"@type\":\"ListItem\",\"position\":3,\"name\":\"Tischdeko - Blog\",\"item\":\"https:\/\/www.tafeldeko.de\/news\/alte-beitraege\/tischdeko-blog\/\"},{\"@type\":\"ListItem\",\"position\":4,\"name\":\"Maritime Tischdekoration mit edlen Akzenten\"}]},{\"@type\":\"WebSite\",\"@id\":\"https:\/\/www.tafeldeko.de\/news\/#website\",\"url\":\"https:\/\/www.tafeldeko.de\/news\/\",\"name\":\"Tafeldeko\",\"description\":\"Blog mit Tischdeko und Tischdekoration Ideen\",\"potentialAction\":[{\"@type\":\"SearchAction\",\"target\":{\"@type\":\"EntryPoint\",\"urlTemplate\":\"https:\/\/www.tafeldeko.de\/news\/?s={search_term_string}\"},\"query-input\":\"required name=search_term_string\"}],\"inLanguage\":\"de-DE\"},{\"@type\":\"Person\",\"@id\":\"https:\/\/www.tafeldeko.de\/news\/#\/schema\/person\/d2acd86447ed0b6336089a8ba83164a0\",\"name\":\"Christiane Stein\",\"image\":{\"@type\":\"ImageObject\",\"inLanguage\":\"de-DE\",\"@id\":\"https:\/\/www.tafeldeko.de\/news\/#\/schema\/person\/image\/\",\"url\":\"https:\/\/secure.gravatar.com\/avatar\/2054729fbfd1ebc9d3cf1fd55361d0b6?s=96&d=mm&r=g\",\"contentUrl\":\"https:\/\/secure.gravatar.com\/avatar\/2054729fbfd1ebc9d3cf1fd55361d0b6?s=96&d=mm&r=g\",\"caption\":\"Christiane Stein\"}}]}<\/script>\n<!-- \/ Yoast SEO plugin. -->","yoast_head_json":{"title":"Maritime Tischdekoration mit edlen Akzenten - Tafeldeko","description":"Eine Maritime Tischdekoration mit edlen Akzenten genau das Richtige f\u00fcr eine ausgefallene Tischdeko zum Geburtstag. \u00dcberraschen Sie...","robots":{"index":"index","follow":"follow","max-snippet":"max-snippet:-1","max-image-preview":"max-image-preview:large","max-video-preview":"max-video-preview:-1"},"canonical":"https:\/\/www.tafeldeko.de\/news\/maritime-tischdekoration-fuer-die-edlen-akzentne-auf-dem-tisch\/","og_locale":"de_DE","og_type":"article","og_title":"Maritime Tischdekoration mit edlen Akzenten - Tafeldeko","og_description":"Eine Maritime Tischdekoration mit edlen Akzenten genau das Richtige f\u00fcr eine ausgefallene Tischdeko zum Geburtstag. \u00dcberraschen Sie...","og_url":"https:\/\/www.tafeldeko.de\/news\/maritime-tischdekoration-fuer-die-edlen-akzentne-auf-dem-tisch\/","og_site_name":"Tafeldeko","article_publisher":"https:\/\/www.facebook.com\/pages\/Tafeldeko-einzigartige-Tischdekoration\/174202655894","article_published_time":"2014-08-29T15:23:41+00:00","article_modified_time":"2023-02-16T10:07:29+00:00","og_image":[{"width":213,"height":213,"url":"https:\/\/www.tafeldeko.de\/news\/wp-content\/uploads\/2014\/09\/maritime_holzkiste.jpg","type":"image\/jpeg"}],"author":"Christiane Stein","twitter_misc":{"Verfasst von":"Christiane Stein","Gesch\u00e4tzte Lesezeit":"2 Minuten"},"schema":{"@context":"https:\/\/schema.org","@graph":[{"@type":"WebPage","@id":"https:\/\/www.tafeldeko.de\/news\/maritime-tischdekoration-fuer-die-edlen-akzentne-auf-dem-tisch\/","url":"https:\/\/www.tafeldeko.de\/news\/maritime-tischdekoration-fuer-die-edlen-akzentne-auf-dem-tisch\/","name":"Maritime Tischdekoration mit edlen Akzenten - Tafeldeko","isPartOf":{"@id":"https:\/\/www.tafeldeko.de\/news\/#website"},"datePublished":"2014-08-29T15:23:41+00:00","dateModified":"2023-02-16T10:07:29+00:00","author":{"@id":"https:\/\/www.tafeldeko.de\/news\/#\/schema\/person\/d2acd86447ed0b6336089a8ba83164a0"},"description":"Eine Maritime Tischdekoration mit edlen Akzenten genau das Richtige f\u00fcr eine ausgefallene Tischdeko zum Geburtstag. \u00dcberraschen Sie...","breadcrumb":{"@id":"https:\/\/www.tafeldeko.de\/news\/maritime-tischdekoration-fuer-die-edlen-akzentne-auf-dem-tisch\/#breadcrumb"},"inLanguage":"de-DE","potentialAction":[{"@type":"ReadAction","target":["https:\/\/www.tafeldeko.de\/news\/maritime-tischdekoration-fuer-die-edlen-akzentne-auf-dem-tisch\/"]}]},{"@type":"BreadcrumbList","@id":"https:\/\/www.tafeldeko.de\/news\/maritime-tischdekoration-fuer-die-edlen-akzentne-auf-dem-tisch\/#breadcrumb","itemListElement":[{"@type":"ListItem","position":1,"name":"Tafeldeko","item":"https:\/\/www.tafeldeko.de\/news\/"},{"@type":"ListItem","position":2,"name":"Alte Beitr\u00e4ge","item":"https:\/\/www.tafeldeko.de\/news\/alte-beitraege\/"},{"@type":"ListItem","position":3,"name":"Tischdeko - Blog","item":"https:\/\/www.tafeldeko.de\/news\/alte-beitraege\/tischdeko-blog\/"},{"@type":"ListItem","position":4,"name":"Maritime Tischdekoration mit edlen Akzenten"}]},{"@type":"WebSite","@id":"https:\/\/www.tafeldeko.de\/news\/#website","url":"https:\/\/www.tafeldeko.de\/news\/","name":"Tafeldeko","description":"Blog mit Tischdeko und Tischdekoration Ideen","potentialAction":[{"@type":"SearchAction","target":{"@type":"EntryPoint","urlTemplate":"https:\/\/www.tafeldeko.de\/news\/?s={search_term_string}"},"query-input":"required name=search_term_string"}],"inLanguage":"de-DE"},{"@type":"Person","@id":"https:\/\/www.tafeldeko.de\/news\/#\/schema\/person\/d2acd86447ed0b6336089a8ba83164a0","name":"Christiane Stein","image":{"@type":"ImageObject","inLanguage":"de-DE","@id":"https:\/\/www.tafeldeko.de\/news\/#\/schema\/person\/image\/","url":"https:\/\/secure.gravatar.com\/avatar\/2054729fbfd1ebc9d3cf1fd55361d0b6?s=96&d=mm&r=g","contentUrl":"https:\/\/secure.gravatar.com\/avatar\/2054729fbfd1ebc9d3cf1fd55361d0b6?s=96&d=mm&r=g","caption":"Christiane Stein"}}]}},"_links":{"self":[{"href":"https:\/\/www.tafeldeko.de\/news\/wp-json\/wp\/v2\/posts\/2283"}],"collection":[{"href":"https:\/\/www.tafeldeko.de\/news\/wp-json\/wp\/v2\/posts"}],"about":[{"href":"https:\/\/www.tafeldeko.de\/news\/wp-json\/wp\/v2\/types\/post"}],"author":[{"embeddable":true,"href":"https:\/\/www.tafeldeko.de\/news\/wp-json\/wp\/v2\/users\/2"}],"replies":[{"embeddable":true,"href":"https:\/\/www.tafeldeko.de\/news\/wp-json\/wp\/v2\/comments?post=2283"}],"version-history":[{"count":12,"href":"https:\/\/www.tafeldeko.de\/news\/wp-json\/wp\/v2\/posts\/2283\/revisions"}],"predecessor-version":[{"id":23569,"href":"https:\/\/www.tafeldeko.de\/news\/wp-json\/wp\/v2\/posts\/2283\/revisions\/23569"}],"wp:featuredmedia":[{"embeddable":true,"href":"https:\/\/www.tafeldeko.de\/news\/wp-json\/wp\/v2\/media\/2284"}],"wp:attachment":[{"href":"https:\/\/www.tafeldeko.de\/news\/wp-json\/wp\/v2\/media?parent=2283"}],"wp:term":[{"taxonomy":"category","embeddable":true,"href":"https:\/\/www.tafeldeko.de\/news\/wp-json\/wp\/v2\/categories?post=2283"},{"taxonomy":"post_tag","embeddable":true,"href":"https:\/\/www.tafeldeko.de\/news\/wp-json\/wp\/v2\/tags?post=2283"}],"curies":[{"name":"wp","href":"https:\/\/api.w.org\/{rel}","templated":true}]}}