{"id":2280,"date":"2014-07-25T19:29:11","date_gmt":"2014-07-25T17:29:11","guid":{"rendered":"http:\/\/www.tafeldeko.de\/news\/?p=2280"},"modified":"2023-02-16T13:06:36","modified_gmt":"2023-02-16T12:06:36","slug":"die-tischdeko-mit-lavendel-eine-schoene-farbige-variante-fuer-auf-den-tisch","status":"publish","type":"post","link":"https:\/\/www.tafeldeko.de\/news\/die-tischdeko-mit-lavendel-eine-schoene-farbige-variante-fuer-auf-den-tisch\/","title":{"rendered":"Die Tischdeko mit Lavendel &#8211; eine sch\u00f6ne farbige Variante f\u00fcr auf den Tisch"},"content":{"rendered":"<p>Eine Tischdeko mit Lavendel farbige Variante sorgt f\u00fcr Farbe und Frische auf dem Tisch, die sich f\u00fcr vielerlei Anl\u00e4sse eignet. Ob zum Geburtstag, zur Gartenparty, zum Brunch oder auch zum Dienstjubil\u00e4um &#8211; die Tischdeko mit Lavendel ist eine sch\u00f6ne Variante, die jederzeit zum Einsatz kommen kann. Beim Dekorieren ist es wichtig, dass man Deko-Artikel miteinander kombiniert, die zueinander passen und ein stimmiges Gesamtbild abgeben.<\/p>\n<p><img decoding=\"async\" loading=\"lazy\" src=\"https:\/\/www.tafeldeko.de\/news\/wp-content\/uploads\/2014\/09\/servietten_lavendel.jpg\" alt=\"Tischdeko mit Lavendel farbige Variante\" width=\"121\" height=\"121\" \/><\/p>\n<h2>Tischdeko mit Lavendel farbige Variante &#8211; so geht&#8217;s<\/h2>\n<p>Wenn man eine Tischdeko mit Lavendel kreieren m\u00f6chte, kann man zum Beispiel zu den Servietten mit einem Lavendelstrau\u00df greifen. Diese Servietten stellen eine direkte Verbindung zum \u201eMotto\u201c des Tisches dar und bringen dar\u00fcber hinaus Farbe auf den Tisch. Arrangiert man die Servietten an jedem Sitzplatz, hat man einen wahren <b>Hingucker <\/b>geschaffen und kann weitere <b>dekorative Accessoires <\/b>in Szene setzen.<br \/>\nFrischer Lavendel auf dem Tisch oder auch in k\u00fcnstlicher Form eignen sich perfekt f\u00fcr die Tischdekoration. Dar\u00fcber hinaus passen dekorative Accessoires in der Farbe Flieder beziehungsweise Lila f\u00fcr die Lavendel-Tischdekoration. <b><a title=\"Teelichtgl\u00e4ser\" href=\"https:\/\/www.tafeldeko.de\/index.php\/cat\/c533_Teelichthalter.html\">Teelichtgl\u00e4ser<\/a><\/b> und Kerzen sorgen f\u00fcr eine gewisse Gem\u00fctlichkeit und diese soll bei keiner Feier fehlen.<br \/>\nIst man allerdings noch auf der Suche nach einer sch\u00f6nen Tischdeko, kann man im Internet f\u00fcndig werden. Auf dieser Plattform gibt es unz\u00e4hlige Ideen und schaut man sich auf der Internetseite von Tafeldeko um, kann man sowohl <b><a title=\"Mustertische\" href=\"https:\/\/www.tafeldeko.de\/index.php\/cat\/c2074_Mustertisch-Ideen.html\">Mustertische<\/a><\/b> als auch die Deko-Artikel an sich kaufen. So schl\u00e4gt man zwei Fliegen mit einer Klappe und kann mit vollem Tatendrang der Tischdekoration widmen. Mit etwas Fingerspitzengef\u00fchl kann jeder eine originelle und sch\u00f6ne Tischdeko zusammenstellen. Sind alle Vorbereitungen getroffen und in die Tat umgesetzt, kann man letztlich nur noch viel Freude beim Feiern w\u00fcnschen.<\/p>\n<p><a role=\"button\" href=\"https:\/\/www.tafeldeko.de\/tischdeko-ideen\/\"><br \/>\n&gt;&gt; Zu den Mustertischen &lt;&lt;<br \/>\n<\/a><\/p>\n<h2>Weitere Beitr\u00e4ge:<\/h2>\n<h2>Dekoartikel von A-Z<\/h2>\n<p><a href=\"https:\/\/www.tafeldeko.de\/tischdeko-artikel\/\"><br \/>\nJetzt entdecken <\/a><\/p>\n","protected":false},"excerpt":{"rendered":"<p>Eine Tischdeko mit Lavendel sorgt f\u00fcr Farbe und Frische auf dem Tisch, die sich f\u00fcr vielerlei Anl\u00e4sse eignet. Ob zum Geburtstag, zur Gartenparty, zum Brunch oder auch zum Dienstjubil\u00e4um &#8211; die Tischdeko mit Lavendel ist eine sch\u00f6ne Variante, die jederzeit zum Einsatz kommen kann. Beim Dekorieren ist es wichtig, dass man Deko-Artikel miteinander kombiniert, die zueinander passen und ein stimmiges Gesamtbild abgeben.<\/p>\n","protected":false},"author":2,"featured_media":1212,"comment_status":"closed","ping_status":"closed","sticky":false,"template":"","format":"standard","meta":{"footnotes":""},"categories":[1],"tags":[],"yoast_head":"<!-- This site is optimized with the Yoast SEO plugin v20.4 - https:\/\/yoast.com\/wordpress\/plugins\/seo\/ -->\n<title>Die Tischdeko mit Lavendel - eine sch\u00f6ne farbige Variante f\u00fcr auf den Tisch - Tafeldeko<\/title>\n<meta name=\"description\" content=\"Wenn man eine Tischdeko mit Lavendel farbige Variante kreieren m\u00f6chte, kann man zum Beispiel zu den Servietten mit einem Lavendelstrau\u00df...\" \/>\n<meta name=\"robots\" content=\"index, follow, max-snippet:-1, max-image-preview:large, max-video-preview:-1\" \/>\n<link rel=\"canonical\" href=\"https:\/\/www.tafeldeko.de\/news\/die-tischdeko-mit-lavendel-eine-schoene-farbige-variante-fuer-auf-den-tisch\/\" \/>\n<meta property=\"og:locale\" content=\"de_DE\" \/>\n<meta property=\"og:type\" content=\"article\" \/>\n<meta property=\"og:title\" content=\"Die Tischdeko mit Lavendel - eine sch\u00f6ne farbige Variante f\u00fcr auf den Tisch - Tafeldeko\" \/>\n<meta property=\"og:description\" content=\"Wenn man eine Tischdeko mit Lavendel farbige Variante kreieren m\u00f6chte, kann man zum Beispiel zu den Servietten mit einem Lavendelstrau\u00df...\" \/>\n<meta property=\"og:url\" content=\"https:\/\/www.tafeldeko.de\/news\/die-tischdeko-mit-lavendel-eine-schoene-farbige-variante-fuer-auf-den-tisch\/\" \/>\n<meta property=\"og:site_name\" content=\"Tafeldeko\" \/>\n<meta property=\"article:publisher\" content=\"https:\/\/www.facebook.com\/pages\/Tafeldeko-einzigartige-Tischdekoration\/174202655894\" \/>\n<meta property=\"article:published_time\" content=\"2014-07-25T17:29:11+00:00\" \/>\n<meta property=\"article:modified_time\" content=\"2023-02-16T12:06:36+00:00\" \/>\n<meta property=\"og:image\" content=\"https:\/\/www.tafeldeko.de\/news\/wp-content\/uploads\/2014\/09\/servietten_lavendel.jpg\" \/>\n\t<meta property=\"og:image:width\" content=\"121\" \/>\n\t<meta property=\"og:image:height\" content=\"121\" \/>\n\t<meta property=\"og:image:type\" content=\"image\/jpeg\" \/>\n<meta name=\"author\" content=\"Christiane Stein\" \/>\n<meta name=\"twitter:label1\" content=\"Verfasst von\" \/>\n\t<meta name=\"twitter:data1\" content=\"Christiane Stein\" \/>\n\t<meta name=\"twitter:label2\" content=\"Gesch\u00e4tzte Lesezeit\" \/>\n\t<meta name=\"twitter:data2\" content=\"2 Minuten\" \/>\n<script type=\"application\/ld+json\" class=\"yoast-schema-graph\">{\"@context\":\"https:\/\/schema.org\",\"@graph\":[{\"@type\":\"WebPage\",\"@id\":\"https:\/\/www.tafeldeko.de\/news\/die-tischdeko-mit-lavendel-eine-schoene-farbige-variante-fuer-auf-den-tisch\/\",\"url\":\"https:\/\/www.tafeldeko.de\/news\/die-tischdeko-mit-lavendel-eine-schoene-farbige-variante-fuer-auf-den-tisch\/\",\"name\":\"Die Tischdeko mit Lavendel - eine sch\u00f6ne farbige Variante f\u00fcr auf den Tisch - Tafeldeko\",\"isPartOf\":{\"@id\":\"https:\/\/www.tafeldeko.de\/news\/#website\"},\"datePublished\":\"2014-07-25T17:29:11+00:00\",\"dateModified\":\"2023-02-16T12:06:36+00:00\",\"author\":{\"@id\":\"https:\/\/www.tafeldeko.de\/news\/#\/schema\/person\/d2acd86447ed0b6336089a8ba83164a0\"},\"description\":\"Wenn man eine Tischdeko mit Lavendel farbige Variante kreieren m\u00f6chte, kann man zum Beispiel zu den Servietten mit einem Lavendelstrau\u00df...\",\"breadcrumb\":{\"@id\":\"https:\/\/www.tafeldeko.de\/news\/die-tischdeko-mit-lavendel-eine-schoene-farbige-variante-fuer-auf-den-tisch\/#breadcrumb\"},\"inLanguage\":\"de-DE\",\"potentialAction\":[{\"@type\":\"ReadAction\",\"target\":[\"https:\/\/www.tafeldeko.de\/news\/die-tischdeko-mit-lavendel-eine-schoene-farbige-variante-fuer-auf-den-tisch\/\"]}]},{\"@type\":\"BreadcrumbList\",\"@id\":\"https:\/\/www.tafeldeko.de\/news\/die-tischdeko-mit-lavendel-eine-schoene-farbige-variante-fuer-auf-den-tisch\/#breadcrumb\",\"itemListElement\":[{\"@type\":\"ListItem\",\"position\":1,\"name\":\"Tafeldeko\",\"item\":\"https:\/\/www.tafeldeko.de\/news\/\"},{\"@type\":\"ListItem\",\"position\":2,\"name\":\"Alte Beitr\u00e4ge\",\"item\":\"https:\/\/www.tafeldeko.de\/news\/alte-beitraege\/\"},{\"@type\":\"ListItem\",\"position\":3,\"name\":\"Tischdeko - Blog\",\"item\":\"https:\/\/www.tafeldeko.de\/news\/alte-beitraege\/tischdeko-blog\/\"},{\"@type\":\"ListItem\",\"position\":4,\"name\":\"Die Tischdeko mit Lavendel &#8211; eine sch\u00f6ne farbige Variante f\u00fcr auf den Tisch\"}]},{\"@type\":\"WebSite\",\"@id\":\"https:\/\/www.tafeldeko.de\/news\/#website\",\"url\":\"https:\/\/www.tafeldeko.de\/news\/\",\"name\":\"Tafeldeko\",\"description\":\"Blog mit Tischdeko und Tischdekoration Ideen\",\"potentialAction\":[{\"@type\":\"SearchAction\",\"target\":{\"@type\":\"EntryPoint\",\"urlTemplate\":\"https:\/\/www.tafeldeko.de\/news\/?s={search_term_string}\"},\"query-input\":\"required name=search_term_string\"}],\"inLanguage\":\"de-DE\"},{\"@type\":\"Person\",\"@id\":\"https:\/\/www.tafeldeko.de\/news\/#\/schema\/person\/d2acd86447ed0b6336089a8ba83164a0\",\"name\":\"Christiane Stein\",\"image\":{\"@type\":\"ImageObject\",\"inLanguage\":\"de-DE\",\"@id\":\"https:\/\/www.tafeldeko.de\/news\/#\/schema\/person\/image\/\",\"url\":\"https:\/\/secure.gravatar.com\/avatar\/2054729fbfd1ebc9d3cf1fd55361d0b6?s=96&d=mm&r=g\",\"contentUrl\":\"https:\/\/secure.gravatar.com\/avatar\/2054729fbfd1ebc9d3cf1fd55361d0b6?s=96&d=mm&r=g\",\"caption\":\"Christiane Stein\"}}]}<\/script>\n<!-- \/ Yoast SEO plugin. -->","yoast_head_json":{"title":"Die Tischdeko mit Lavendel - eine sch\u00f6ne farbige Variante f\u00fcr auf den Tisch - Tafeldeko","description":"Wenn man eine Tischdeko mit Lavendel farbige Variante kreieren m\u00f6chte, kann man zum Beispiel zu den Servietten mit einem Lavendelstrau\u00df...","robots":{"index":"index","follow":"follow","max-snippet":"max-snippet:-1","max-image-preview":"max-image-preview:large","max-video-preview":"max-video-preview:-1"},"canonical":"https:\/\/www.tafeldeko.de\/news\/die-tischdeko-mit-lavendel-eine-schoene-farbige-variante-fuer-auf-den-tisch\/","og_locale":"de_DE","og_type":"article","og_title":"Die Tischdeko mit Lavendel - eine sch\u00f6ne farbige Variante f\u00fcr auf den Tisch - Tafeldeko","og_description":"Wenn man eine Tischdeko mit Lavendel farbige Variante kreieren m\u00f6chte, kann man zum Beispiel zu den Servietten mit einem Lavendelstrau\u00df...","og_url":"https:\/\/www.tafeldeko.de\/news\/die-tischdeko-mit-lavendel-eine-schoene-farbige-variante-fuer-auf-den-tisch\/","og_site_name":"Tafeldeko","article_publisher":"https:\/\/www.facebook.com\/pages\/Tafeldeko-einzigartige-Tischdekoration\/174202655894","article_published_time":"2014-07-25T17:29:11+00:00","article_modified_time":"2023-02-16T12:06:36+00:00","og_image":[{"width":121,"height":121,"url":"https:\/\/www.tafeldeko.de\/news\/wp-content\/uploads\/2014\/09\/servietten_lavendel.jpg","type":"image\/jpeg"}],"author":"Christiane Stein","twitter_misc":{"Verfasst von":"Christiane Stein","Gesch\u00e4tzte Lesezeit":"2 Minuten"},"schema":{"@context":"https:\/\/schema.org","@graph":[{"@type":"WebPage","@id":"https:\/\/www.tafeldeko.de\/news\/die-tischdeko-mit-lavendel-eine-schoene-farbige-variante-fuer-auf-den-tisch\/","url":"https:\/\/www.tafeldeko.de\/news\/die-tischdeko-mit-lavendel-eine-schoene-farbige-variante-fuer-auf-den-tisch\/","name":"Die Tischdeko mit Lavendel - eine sch\u00f6ne farbige Variante f\u00fcr auf den Tisch - Tafeldeko","isPartOf":{"@id":"https:\/\/www.tafeldeko.de\/news\/#website"},"datePublished":"2014-07-25T17:29:11+00:00","dateModified":"2023-02-16T12:06:36+00:00","author":{"@id":"https:\/\/www.tafeldeko.de\/news\/#\/schema\/person\/d2acd86447ed0b6336089a8ba83164a0"},"description":"Wenn man eine Tischdeko mit Lavendel farbige Variante kreieren m\u00f6chte, kann man zum Beispiel zu den Servietten mit einem Lavendelstrau\u00df...","breadcrumb":{"@id":"https:\/\/www.tafeldeko.de\/news\/die-tischdeko-mit-lavendel-eine-schoene-farbige-variante-fuer-auf-den-tisch\/#breadcrumb"},"inLanguage":"de-DE","potentialAction":[{"@type":"ReadAction","target":["https:\/\/www.tafeldeko.de\/news\/die-tischdeko-mit-lavendel-eine-schoene-farbige-variante-fuer-auf-den-tisch\/"]}]},{"@type":"BreadcrumbList","@id":"https:\/\/www.tafeldeko.de\/news\/die-tischdeko-mit-lavendel-eine-schoene-farbige-variante-fuer-auf-den-tisch\/#breadcrumb","itemListElement":[{"@type":"ListItem","position":1,"name":"Tafeldeko","item":"https:\/\/www.tafeldeko.de\/news\/"},{"@type":"ListItem","position":2,"name":"Alte Beitr\u00e4ge","item":"https:\/\/www.tafeldeko.de\/news\/alte-beitraege\/"},{"@type":"ListItem","position":3,"name":"Tischdeko - Blog","item":"https:\/\/www.tafeldeko.de\/news\/alte-beitraege\/tischdeko-blog\/"},{"@type":"ListItem","position":4,"name":"Die Tischdeko mit Lavendel &#8211; eine sch\u00f6ne farbige Variante f\u00fcr auf den Tisch"}]},{"@type":"WebSite","@id":"https:\/\/www.tafeldeko.de\/news\/#website","url":"https:\/\/www.tafeldeko.de\/news\/","name":"Tafeldeko","description":"Blog mit Tischdeko und Tischdekoration Ideen","potentialAction":[{"@type":"SearchAction","target":{"@type":"EntryPoint","urlTemplate":"https:\/\/www.tafeldeko.de\/news\/?s={search_term_string}"},"query-input":"required name=search_term_string"}],"inLanguage":"de-DE"},{"@type":"Person","@id":"https:\/\/www.tafeldeko.de\/news\/#\/schema\/person\/d2acd86447ed0b6336089a8ba83164a0","name":"Christiane Stein","image":{"@type":"ImageObject","inLanguage":"de-DE","@id":"https:\/\/www.tafeldeko.de\/news\/#\/schema\/person\/image\/","url":"https:\/\/secure.gravatar.com\/avatar\/2054729fbfd1ebc9d3cf1fd55361d0b6?s=96&d=mm&r=g","contentUrl":"https:\/\/secure.gravatar.com\/avatar\/2054729fbfd1ebc9d3cf1fd55361d0b6?s=96&d=mm&r=g","caption":"Christiane Stein"}}]}},"_links":{"self":[{"href":"https:\/\/www.tafeldeko.de\/news\/wp-json\/wp\/v2\/posts\/2280"}],"collection":[{"href":"https:\/\/www.tafeldeko.de\/news\/wp-json\/wp\/v2\/posts"}],"about":[{"href":"https:\/\/www.tafeldeko.de\/news\/wp-json\/wp\/v2\/types\/post"}],"author":[{"embeddable":true,"href":"https:\/\/www.tafeldeko.de\/news\/wp-json\/wp\/v2\/users\/2"}],"replies":[{"embeddable":true,"href":"https:\/\/www.tafeldeko.de\/news\/wp-json\/wp\/v2\/comments?post=2280"}],"version-history":[{"count":6,"href":"https:\/\/www.tafeldeko.de\/news\/wp-json\/wp\/v2\/posts\/2280\/revisions"}],"predecessor-version":[{"id":23634,"href":"https:\/\/www.tafeldeko.de\/news\/wp-json\/wp\/v2\/posts\/2280\/revisions\/23634"}],"wp:featuredmedia":[{"embeddable":true,"href":"https:\/\/www.tafeldeko.de\/news\/wp-json\/wp\/v2\/media\/1212"}],"wp:attachment":[{"href":"https:\/\/www.tafeldeko.de\/news\/wp-json\/wp\/v2\/media?parent=2280"}],"wp:term":[{"taxonomy":"category","embeddable":true,"href":"https:\/\/www.tafeldeko.de\/news\/wp-json\/wp\/v2\/categories?post=2280"},{"taxonomy":"post_tag","embeddable":true,"href":"https:\/\/www.tafeldeko.de\/news\/wp-json\/wp\/v2\/tags?post=2280"}],"curies":[{"name":"wp","href":"https:\/\/api.w.org\/{rel}","templated":true}]}}