{"id":2277,"date":"2014-05-09T08:35:24","date_gmt":"2014-05-09T06:35:24","guid":{"rendered":"http:\/\/www.tafeldeko.de\/news\/?p=2277"},"modified":"2023-07-24T10:27:44","modified_gmt":"2023-07-24T09:27:44","slug":"ein-unvergessliches-grillfest-im-garten-da-darf-die-tischdekoration-nicht-fehlen","status":"publish","type":"post","link":"https:\/\/www.tafeldeko.de\/news\/ein-unvergessliches-grillfest-im-garten-da-darf-die-tischdekoration-nicht-fehlen\/","title":{"rendered":"Ein unvergessliches Grillfest im Garten &#8211; da darf die Tischdekoration nicht fehlen"},"content":{"rendered":"<p>Grillfest im Garten und die passende Tischdekoration. Ein <b>Grillfest <\/b>ist genau das Richtige f\u00fcr den Sommer, wenn man mit der Familie oder seinen Freunden einen sch\u00f6nen Tag verbringen m\u00f6chte. Bei einem <b>gem\u00fctlichen Abend<\/b> kann man \u00fcber alle Zeiten reden, Gemeinsamkeiten austauschen, das sommerliche Wetter ausnutzen und nat\u00fcrlich die K\u00f6stlichkeiten vom Grill genie\u00dfen.<br \/>\nUm ein sch\u00f6nes Grillfest auf die Beine zu stellen, sollte man nicht nur an das leibliche Wohl denken, sondern auch an ein gem\u00fctliches Umfeld. Hier ist eine passende Tischdekoration gefragt und l\u00e4sst das Grillfest gleich in einem anderen Licht erscheinen.<\/p>\n<p><img decoding=\"async\" loading=\"lazy\" src=\"https:\/\/www.tafeldeko.de\/news\/wp-content\/uploads\/2014\/09\/metalllaterne.jpg\" sizes=\"(max-width: 238px) 100vw, 238px\" srcset=\"https:\/\/www.tafeldeko.de\/news\/wp-content\/uploads\/2014\/09\/metalllaterne.jpg 238w, https:\/\/www.tafeldeko.de\/news\/wp-content\/uploads\/2014\/09\/metalllaterne-150x150.jpg 150w\" alt=\"Grillfest im Garten Tischdekoration\" width=\"238\" height=\"238\" \/><\/p>\n<h2>Grillfest im Garten mit der passenden Tischdekoration<\/h2>\n<p>F\u00fcr die Tischdeko k\u00f6nnen beispielsweise Metall Laternen in Frage kommen. Diese Art der Dekoration k\u00f6nnen Sie auf der Internetseite <b><a title=\"Tafeldeko\" href=\"https:\/\/www.tafeldeko.de\">Tafeldeko<\/a><\/b> in der Farbe Wei\u00df und Lila erwerben. Die Metall Laterne spendet ein angenehmes Licht, was man sich f\u00fcr die Gartenparty nur w\u00fcnschen kann.<br \/>\nDar\u00fcber hinaus peppen die Laternen nicht nur den Tisch optisch auf, sondern sind auch ein idealer Begleiter f\u00fcr den Balkon- und Gartenbereich. Man hat vielerlei M\u00f6glichkeiten, eine Tischdekoration zu kreieren &#8211; auf die Ideen kommt es an.<br \/>\nDes Weiteren kann man sich f\u00fcr Pappgeschirr entscheiden, was den Vorteil hat, dass man sich das l\u00e4stige Absp\u00fclen des Geschirrs gespart hat. Wenn man m\u00f6chte, k\u00f6nnen weitere <b>dekorative Accessoires<\/b> auf dem Tisch platzieren, wie zum Beispiel Windlichter, Blumen aus dem Garten und vieles mehr.<br \/>\nWer eine Tischdekoration f\u00fcr das n\u00e4chste Grillfest sucht, sollte sich eine einfache, aber dennoch farbenfrohe Tischdeko einfallen lassen. Nichts passt besser zum <b><a title=\"Sommer\" href=\"https:\/\/www.tafeldeko.de\/index.php\/cat\/c52_Tischdeko-Sommer.html\">Sommer<\/a><\/b>, als Frische und Farben.<br \/>\nHat man alle Vorbereitungen getroffen, kann man nur noch viel Freude f\u00fcr das Grillfest w\u00fcnschen.<\/p>\n<p><a href=\"https:\/\/www.tafeldeko.de\/tischdeko-sommer\/\"><br \/>\nZum Shop<br \/>\n<\/a><\/p>\n<h2>Weitere Beitr\u00e4ge:<\/h2>\n<h2>Dekoartikel von A-Z<\/h2>\n<p><a href=\"https:\/\/www.tafeldeko.de\/tischdeko-artikel\/\"><br \/>\nJetzt entdecken <\/a><\/p>\n","protected":false},"excerpt":{"rendered":"<p>Ein Grillfest ist genau das Richtige f\u00fcr den Sommer, wenn man mit der Familie oder seinen Freunden einen sch\u00f6nen Tag verbringen m\u00f6chte. Bei einem gem\u00fctlichen Abend kann man \u00fcber alle Zeiten reden, Gemeinsamkeiten austauschen, das sommerliche Wetter ausnutzen und nat\u00fcrlich die K\u00f6stlichkeiten vom Grill genie\u00dfen.<br \/>\nUm ein sch\u00f6nes Grillfest auf die Beine zu stellen, sollte man nicht nur an das leibliche Wohl denken, sondern auch an ein gem\u00fctliches Umfeld. Hier ist eine passende Tischdekoration gefragt und l\u00e4sst das Grillfest gleich in einem anderen Licht erscheinen.<\/p>\n","protected":false},"author":2,"featured_media":671,"comment_status":"open","ping_status":"open","sticky":false,"template":"","format":"standard","meta":{"footnotes":""},"categories":[1],"tags":[],"yoast_head":"<!-- This site is optimized with the Yoast SEO plugin v20.4 - https:\/\/yoast.com\/wordpress\/plugins\/seo\/ -->\n<title>Ein unvergessliches Grillfest im Garten - da darf die Tischdekoration nicht fehlen - Tafeldeko<\/title>\n<meta name=\"description\" content=\"Grillfest im Garten und die passende Tischdekoration. Wer eine Tischdekoration f\u00fcr das n\u00e4chste Grillfest sucht, sollte sich eine einfache,...\" \/>\n<meta name=\"robots\" content=\"index, follow, max-snippet:-1, max-image-preview:large, max-video-preview:-1\" \/>\n<link rel=\"canonical\" href=\"https:\/\/www.tafeldeko.de\/news\/ein-unvergessliches-grillfest-im-garten-da-darf-die-tischdekoration-nicht-fehlen\/\" \/>\n<meta property=\"og:locale\" content=\"de_DE\" \/>\n<meta property=\"og:type\" content=\"article\" \/>\n<meta property=\"og:title\" content=\"Ein unvergessliches Grillfest im Garten - da darf die Tischdekoration nicht fehlen - Tafeldeko\" \/>\n<meta property=\"og:description\" content=\"Grillfest im Garten und die passende Tischdekoration. Wer eine Tischdekoration f\u00fcr das n\u00e4chste Grillfest sucht, sollte sich eine einfache,...\" \/>\n<meta property=\"og:url\" content=\"https:\/\/www.tafeldeko.de\/news\/ein-unvergessliches-grillfest-im-garten-da-darf-die-tischdekoration-nicht-fehlen\/\" \/>\n<meta property=\"og:site_name\" content=\"Tafeldeko\" \/>\n<meta property=\"article:publisher\" content=\"https:\/\/www.facebook.com\/pages\/Tafeldeko-einzigartige-Tischdekoration\/174202655894\" \/>\n<meta property=\"article:published_time\" content=\"2014-05-09T06:35:24+00:00\" \/>\n<meta property=\"article:modified_time\" content=\"2023-07-24T09:27:44+00:00\" \/>\n<meta property=\"og:image\" content=\"https:\/\/www.tafeldeko.de\/news\/wp-content\/uploads\/2014\/09\/metalllaterne.jpg\" \/>\n\t<meta property=\"og:image:width\" content=\"238\" \/>\n\t<meta property=\"og:image:height\" content=\"238\" \/>\n\t<meta property=\"og:image:type\" content=\"image\/jpeg\" \/>\n<meta name=\"author\" content=\"Christiane Stein\" \/>\n<meta name=\"twitter:label1\" content=\"Verfasst von\" \/>\n\t<meta name=\"twitter:data1\" content=\"Christiane Stein\" \/>\n\t<meta name=\"twitter:label2\" content=\"Gesch\u00e4tzte Lesezeit\" \/>\n\t<meta name=\"twitter:data2\" content=\"2 Minuten\" \/>\n<script type=\"application\/ld+json\" class=\"yoast-schema-graph\">{\"@context\":\"https:\/\/schema.org\",\"@graph\":[{\"@type\":\"WebPage\",\"@id\":\"https:\/\/www.tafeldeko.de\/news\/ein-unvergessliches-grillfest-im-garten-da-darf-die-tischdekoration-nicht-fehlen\/\",\"url\":\"https:\/\/www.tafeldeko.de\/news\/ein-unvergessliches-grillfest-im-garten-da-darf-die-tischdekoration-nicht-fehlen\/\",\"name\":\"Ein unvergessliches Grillfest im Garten - da darf die Tischdekoration nicht fehlen - Tafeldeko\",\"isPartOf\":{\"@id\":\"https:\/\/www.tafeldeko.de\/news\/#website\"},\"datePublished\":\"2014-05-09T06:35:24+00:00\",\"dateModified\":\"2023-07-24T09:27:44+00:00\",\"author\":{\"@id\":\"https:\/\/www.tafeldeko.de\/news\/#\/schema\/person\/d2acd86447ed0b6336089a8ba83164a0\"},\"description\":\"Grillfest im Garten und die passende Tischdekoration. Wer eine Tischdekoration f\u00fcr das n\u00e4chste Grillfest sucht, sollte sich eine einfache,...\",\"breadcrumb\":{\"@id\":\"https:\/\/www.tafeldeko.de\/news\/ein-unvergessliches-grillfest-im-garten-da-darf-die-tischdekoration-nicht-fehlen\/#breadcrumb\"},\"inLanguage\":\"de-DE\",\"potentialAction\":[{\"@type\":\"ReadAction\",\"target\":[\"https:\/\/www.tafeldeko.de\/news\/ein-unvergessliches-grillfest-im-garten-da-darf-die-tischdekoration-nicht-fehlen\/\"]}]},{\"@type\":\"BreadcrumbList\",\"@id\":\"https:\/\/www.tafeldeko.de\/news\/ein-unvergessliches-grillfest-im-garten-da-darf-die-tischdekoration-nicht-fehlen\/#breadcrumb\",\"itemListElement\":[{\"@type\":\"ListItem\",\"position\":1,\"name\":\"Tafeldeko\",\"item\":\"https:\/\/www.tafeldeko.de\/news\/\"},{\"@type\":\"ListItem\",\"position\":2,\"name\":\"Alte Beitr\u00e4ge\",\"item\":\"https:\/\/www.tafeldeko.de\/news\/alte-beitraege\/\"},{\"@type\":\"ListItem\",\"position\":3,\"name\":\"Tischdeko - Blog\",\"item\":\"https:\/\/www.tafeldeko.de\/news\/alte-beitraege\/tischdeko-blog\/\"},{\"@type\":\"ListItem\",\"position\":4,\"name\":\"Ein unvergessliches Grillfest im Garten &#8211; da darf die Tischdekoration nicht fehlen\"}]},{\"@type\":\"WebSite\",\"@id\":\"https:\/\/www.tafeldeko.de\/news\/#website\",\"url\":\"https:\/\/www.tafeldeko.de\/news\/\",\"name\":\"Tafeldeko\",\"description\":\"Blog mit Tischdeko und Tischdekoration Ideen\",\"potentialAction\":[{\"@type\":\"SearchAction\",\"target\":{\"@type\":\"EntryPoint\",\"urlTemplate\":\"https:\/\/www.tafeldeko.de\/news\/?s={search_term_string}\"},\"query-input\":\"required name=search_term_string\"}],\"inLanguage\":\"de-DE\"},{\"@type\":\"Person\",\"@id\":\"https:\/\/www.tafeldeko.de\/news\/#\/schema\/person\/d2acd86447ed0b6336089a8ba83164a0\",\"name\":\"Christiane Stein\",\"image\":{\"@type\":\"ImageObject\",\"inLanguage\":\"de-DE\",\"@id\":\"https:\/\/www.tafeldeko.de\/news\/#\/schema\/person\/image\/\",\"url\":\"https:\/\/secure.gravatar.com\/avatar\/2054729fbfd1ebc9d3cf1fd55361d0b6?s=96&d=mm&r=g\",\"contentUrl\":\"https:\/\/secure.gravatar.com\/avatar\/2054729fbfd1ebc9d3cf1fd55361d0b6?s=96&d=mm&r=g\",\"caption\":\"Christiane Stein\"}}]}<\/script>\n<!-- \/ Yoast SEO plugin. -->","yoast_head_json":{"title":"Ein unvergessliches Grillfest im Garten - da darf die Tischdekoration nicht fehlen - Tafeldeko","description":"Grillfest im Garten und die passende Tischdekoration. Wer eine Tischdekoration f\u00fcr das n\u00e4chste Grillfest sucht, sollte sich eine einfache,...","robots":{"index":"index","follow":"follow","max-snippet":"max-snippet:-1","max-image-preview":"max-image-preview:large","max-video-preview":"max-video-preview:-1"},"canonical":"https:\/\/www.tafeldeko.de\/news\/ein-unvergessliches-grillfest-im-garten-da-darf-die-tischdekoration-nicht-fehlen\/","og_locale":"de_DE","og_type":"article","og_title":"Ein unvergessliches Grillfest im Garten - da darf die Tischdekoration nicht fehlen - Tafeldeko","og_description":"Grillfest im Garten und die passende Tischdekoration. Wer eine Tischdekoration f\u00fcr das n\u00e4chste Grillfest sucht, sollte sich eine einfache,...","og_url":"https:\/\/www.tafeldeko.de\/news\/ein-unvergessliches-grillfest-im-garten-da-darf-die-tischdekoration-nicht-fehlen\/","og_site_name":"Tafeldeko","article_publisher":"https:\/\/www.facebook.com\/pages\/Tafeldeko-einzigartige-Tischdekoration\/174202655894","article_published_time":"2014-05-09T06:35:24+00:00","article_modified_time":"2023-07-24T09:27:44+00:00","og_image":[{"width":238,"height":238,"url":"https:\/\/www.tafeldeko.de\/news\/wp-content\/uploads\/2014\/09\/metalllaterne.jpg","type":"image\/jpeg"}],"author":"Christiane Stein","twitter_misc":{"Verfasst von":"Christiane Stein","Gesch\u00e4tzte Lesezeit":"2 Minuten"},"schema":{"@context":"https:\/\/schema.org","@graph":[{"@type":"WebPage","@id":"https:\/\/www.tafeldeko.de\/news\/ein-unvergessliches-grillfest-im-garten-da-darf-die-tischdekoration-nicht-fehlen\/","url":"https:\/\/www.tafeldeko.de\/news\/ein-unvergessliches-grillfest-im-garten-da-darf-die-tischdekoration-nicht-fehlen\/","name":"Ein unvergessliches Grillfest im Garten - da darf die Tischdekoration nicht fehlen - Tafeldeko","isPartOf":{"@id":"https:\/\/www.tafeldeko.de\/news\/#website"},"datePublished":"2014-05-09T06:35:24+00:00","dateModified":"2023-07-24T09:27:44+00:00","author":{"@id":"https:\/\/www.tafeldeko.de\/news\/#\/schema\/person\/d2acd86447ed0b6336089a8ba83164a0"},"description":"Grillfest im Garten und die passende Tischdekoration. Wer eine Tischdekoration f\u00fcr das n\u00e4chste Grillfest sucht, sollte sich eine einfache,...","breadcrumb":{"@id":"https:\/\/www.tafeldeko.de\/news\/ein-unvergessliches-grillfest-im-garten-da-darf-die-tischdekoration-nicht-fehlen\/#breadcrumb"},"inLanguage":"de-DE","potentialAction":[{"@type":"ReadAction","target":["https:\/\/www.tafeldeko.de\/news\/ein-unvergessliches-grillfest-im-garten-da-darf-die-tischdekoration-nicht-fehlen\/"]}]},{"@type":"BreadcrumbList","@id":"https:\/\/www.tafeldeko.de\/news\/ein-unvergessliches-grillfest-im-garten-da-darf-die-tischdekoration-nicht-fehlen\/#breadcrumb","itemListElement":[{"@type":"ListItem","position":1,"name":"Tafeldeko","item":"https:\/\/www.tafeldeko.de\/news\/"},{"@type":"ListItem","position":2,"name":"Alte Beitr\u00e4ge","item":"https:\/\/www.tafeldeko.de\/news\/alte-beitraege\/"},{"@type":"ListItem","position":3,"name":"Tischdeko - Blog","item":"https:\/\/www.tafeldeko.de\/news\/alte-beitraege\/tischdeko-blog\/"},{"@type":"ListItem","position":4,"name":"Ein unvergessliches Grillfest im Garten &#8211; da darf die Tischdekoration nicht fehlen"}]},{"@type":"WebSite","@id":"https:\/\/www.tafeldeko.de\/news\/#website","url":"https:\/\/www.tafeldeko.de\/news\/","name":"Tafeldeko","description":"Blog mit Tischdeko und Tischdekoration Ideen","potentialAction":[{"@type":"SearchAction","target":{"@type":"EntryPoint","urlTemplate":"https:\/\/www.tafeldeko.de\/news\/?s={search_term_string}"},"query-input":"required name=search_term_string"}],"inLanguage":"de-DE"},{"@type":"Person","@id":"https:\/\/www.tafeldeko.de\/news\/#\/schema\/person\/d2acd86447ed0b6336089a8ba83164a0","name":"Christiane Stein","image":{"@type":"ImageObject","inLanguage":"de-DE","@id":"https:\/\/www.tafeldeko.de\/news\/#\/schema\/person\/image\/","url":"https:\/\/secure.gravatar.com\/avatar\/2054729fbfd1ebc9d3cf1fd55361d0b6?s=96&d=mm&r=g","contentUrl":"https:\/\/secure.gravatar.com\/avatar\/2054729fbfd1ebc9d3cf1fd55361d0b6?s=96&d=mm&r=g","caption":"Christiane Stein"}}]}},"_links":{"self":[{"href":"https:\/\/www.tafeldeko.de\/news\/wp-json\/wp\/v2\/posts\/2277"}],"collection":[{"href":"https:\/\/www.tafeldeko.de\/news\/wp-json\/wp\/v2\/posts"}],"about":[{"href":"https:\/\/www.tafeldeko.de\/news\/wp-json\/wp\/v2\/types\/post"}],"author":[{"embeddable":true,"href":"https:\/\/www.tafeldeko.de\/news\/wp-json\/wp\/v2\/users\/2"}],"replies":[{"embeddable":true,"href":"https:\/\/www.tafeldeko.de\/news\/wp-json\/wp\/v2\/comments?post=2277"}],"version-history":[{"count":5,"href":"https:\/\/www.tafeldeko.de\/news\/wp-json\/wp\/v2\/posts\/2277\/revisions"}],"predecessor-version":[{"id":25742,"href":"https:\/\/www.tafeldeko.de\/news\/wp-json\/wp\/v2\/posts\/2277\/revisions\/25742"}],"wp:featuredmedia":[{"embeddable":true,"href":"https:\/\/www.tafeldeko.de\/news\/wp-json\/wp\/v2\/media\/671"}],"wp:attachment":[{"href":"https:\/\/www.tafeldeko.de\/news\/wp-json\/wp\/v2\/media?parent=2277"}],"wp:term":[{"taxonomy":"category","embeddable":true,"href":"https:\/\/www.tafeldeko.de\/news\/wp-json\/wp\/v2\/categories?post=2277"},{"taxonomy":"post_tag","embeddable":true,"href":"https:\/\/www.tafeldeko.de\/news\/wp-json\/wp\/v2\/tags?post=2277"}],"curies":[{"name":"wp","href":"https:\/\/api.w.org\/{rel}","templated":true}]}}