{"id":2218,"date":"2012-10-02T20:33:32","date_gmt":"2012-10-02T18:33:32","guid":{"rendered":"http:\/\/www.tafeldeko.de\/news\/?p=2218"},"modified":"2012-10-02T20:33:32","modified_gmt":"2012-10-02T18:33:32","slug":"eine-farbenfrohe-tischdeko-fuer-den-november","status":"publish","type":"post","link":"https:\/\/www.tafeldeko.de\/news\/eine-farbenfrohe-tischdeko-fuer-den-november\/","title":{"rendered":"Eine farbenfrohe Tischdeko f\u00fcr den November"},"content":{"rendered":"<div class=\"textumfliessenrechts\"><img decoding=\"async\" loading=\"lazy\" src=\"https:\/\/www.tafeldeko.de\/news\/media\/users\/schnurchristian\/servietten_herbstlich.jpg\" alt=\"Servietten herbstlich\" title=\"Servietten herbstlich\" width=\"185\" height=\"185\"\/><br \/><a href=\"https:\/\/www.tafeldeko.de\/product_info.php\/products_id\/7670_20er-Pack-Servietten-Herbstlich-33-x-33-cm.html\" title=\"Tischdeko im November\"><b>Tischdeko im November<\/b><\/a><\/div>\n<p> Der <b>November <\/b>z\u00e4hlt gewiss zu den unbeliebtesten Monaten im Jahr, da das tr\u00fcbe und nasse Wetter im Vordergrund steht. Tr\u00fcbsal kommt h\u00e4ufig im November auf, was nicht nur mit dem Wetter zusammen h\u00e4ngt, sondern auch mit den nachdenklichen Tagen, wie zum Beispiel Allerheiligen oder dem Totensonntag.<br \/>\nDes Weiteren wird der November nicht umsonst als \u201eNebelmonat\u201c bezeichnet.<br \/>\nNur an St. Martin kommen bunte Farben ins Spiel und die Laternen erscheinen in voller Farben- und Lichtpracht. Auch wenn es drau\u00dfen ungem\u00fctlich ist, hei\u00dft es nicht, dass sich diese Stimmung ebenfalls zu Hause breit machen muss.<br \/>\nGerade eine gem\u00fctliche und heitere <b>Tischdeko im November<\/b> ist Gold wert und sollte das Eigenheim schm\u00fccken. Um Gem\u00fctlichkeit ins Spiel zu bringen, bieten sich warme und leuchtende Farben an und ein toller Bestandteil der Tischdeko sollte eine farbige <b><a href=\"https:\/\/www.tafeldeko.de\/index.php\/cat\/c86_Duni-Tischdecken.html\" title=\"Tischdecke\">Tischdecke<\/a><\/b> bzw. ein Tischl\u00e4ufer sein.<br \/>\nBei der Serviettenauswahl kann man ebenfalls f\u00fcr einen tollen Blickfang sorgen und zu \u201eServietten herbstlich\u201c greifen. Das bunt gef\u00e4rbte Blatt in Kombination mit den wundersch\u00f6nen Ornamenten l\u00e4sst <b>herbstliches Flair<\/b> aufkommen und sollte Pflicht f\u00fcr die Tischdeko im November und im <b><a href=\"https:\/\/www.tafeldeko.de\/index.php\/cat\/c49_Tischdeko-Herbst.html\" title=\"Herbst\">Herbst<\/a><\/b> sein. Solche Servietten lenken geschickt von der Tristheit des Herbstes ab und es kann Gem\u00fctlichkeit aufkommen.<br \/>\nEine tolle und originelle Tischdeko ist immer ein <b>Augenschmaus <\/b>f\u00fcr die Betrachter und sollte daher keinesfalls in Vergessenheit geraten. Ideen und Inspirationen kann man im Internet zu Gesicht bekommen und seine eigenen Ideen miteinflie\u00dfen lassen. So kommt eine individuelle und zugleich originelle Tischdeko auf den Tisch, an der sich sowohl Gastgeber als auch G\u00e4ste erfreuen k\u00f6nnen.<\/p>\n","protected":false},"excerpt":{"rendered":"<p>Der November z\u00e4hlt gewiss zu den unbeliebtesten Monaten im Jahr, da das tr\u00fcbe und nasse Wetter im Vordergrund steht. Tr\u00fcbsal kommt h\u00e4ufig im November auf, was nicht nur mit dem Wetter zusammen h\u00e4ngt, sondern auch mit den nachdenklichen Tagen, wie zum Beispiel Allerheiligen oder dem Totensonntag.<br \/>\nDes Weiteren wird der November nicht umsonst als \u201eNebelmonat\u201c bezeichnet.<br \/>\nNur an St. Martin kommen bunte Farben ins Spiel und die Laternen erscheinen in voller Farben- und Lichtpracht. Auch wenn es drau\u00dfen ungem\u00fctlich ist, hei\u00dft es nicht, dass sich diese Stimmung ebenfalls zu Hause breit machen muss.<br \/>\nGerade eine gem\u00fctliche und heitere Tischdeko im November ist Gold wert und sollte das Eigenheim schm\u00fccken. Um Gem\u00fctlichkeit ins Spiel zu bringen, bieten sich warme und leuchtende Farben an und ein toller Bestandteil der Tischdeko sollte eine farbige  bzw. ein Tischl\u00e4ufer sein.<\/p>\n","protected":false},"author":2,"featured_media":2219,"comment_status":"open","ping_status":"open","sticky":false,"template":"","format":"standard","meta":{"footnotes":""},"categories":[1],"tags":[],"yoast_head":"<!-- This site is optimized with the Yoast SEO plugin v20.4 - https:\/\/yoast.com\/wordpress\/plugins\/seo\/ -->\n<title>Eine farbenfrohe Tischdeko f\u00fcr den November - Tafeldeko<\/title>\n<meta name=\"description\" content=\"Eine tolle und originelle Tischdeko ist immer ein Augenschmaus f&#xFC;r die Betrachter und sollte daher keinesfalls in Vergessenheit geraten - vor allem im Herbst.\" \/>\n<meta name=\"robots\" content=\"index, follow, max-snippet:-1, max-image-preview:large, max-video-preview:-1\" \/>\n<link rel=\"canonical\" href=\"https:\/\/www.tafeldeko.de\/news\/eine-farbenfrohe-tischdeko-fuer-den-november\/\" \/>\n<meta property=\"og:locale\" content=\"de_DE\" \/>\n<meta property=\"og:type\" content=\"article\" \/>\n<meta property=\"og:title\" content=\"Eine farbenfrohe Tischdeko f\u00fcr den November - Tafeldeko\" \/>\n<meta property=\"og:description\" content=\"Eine tolle und originelle Tischdeko ist immer ein Augenschmaus f&#xFC;r die Betrachter und sollte daher keinesfalls in Vergessenheit geraten - vor allem im Herbst.\" \/>\n<meta property=\"og:url\" content=\"https:\/\/www.tafeldeko.de\/news\/eine-farbenfrohe-tischdeko-fuer-den-november\/\" \/>\n<meta property=\"og:site_name\" content=\"Tafeldeko\" \/>\n<meta property=\"article:publisher\" content=\"https:\/\/www.facebook.com\/pages\/Tafeldeko-einzigartige-Tischdekoration\/174202655894\" \/>\n<meta property=\"article:published_time\" content=\"2012-10-02T18:33:32+00:00\" \/>\n<meta property=\"og:image\" content=\"https:\/\/www.tafeldeko.de\/news\/wp-content\/uploads\/2014\/09\/servietten_herbstlich.jpg\" \/>\n\t<meta property=\"og:image:width\" content=\"172\" \/>\n\t<meta property=\"og:image:height\" content=\"172\" \/>\n\t<meta property=\"og:image:type\" content=\"image\/jpeg\" \/>\n<meta name=\"author\" content=\"Christiane Stein\" \/>\n<meta name=\"twitter:label1\" content=\"Verfasst von\" \/>\n\t<meta name=\"twitter:data1\" content=\"Christiane Stein\" \/>\n\t<meta name=\"twitter:label2\" content=\"Gesch\u00e4tzte Lesezeit\" \/>\n\t<meta name=\"twitter:data2\" content=\"1 Minute\" \/>\n<script type=\"application\/ld+json\" class=\"yoast-schema-graph\">{\"@context\":\"https:\/\/schema.org\",\"@graph\":[{\"@type\":\"WebPage\",\"@id\":\"https:\/\/www.tafeldeko.de\/news\/eine-farbenfrohe-tischdeko-fuer-den-november\/\",\"url\":\"https:\/\/www.tafeldeko.de\/news\/eine-farbenfrohe-tischdeko-fuer-den-november\/\",\"name\":\"Eine farbenfrohe Tischdeko f\u00fcr den November - Tafeldeko\",\"isPartOf\":{\"@id\":\"https:\/\/www.tafeldeko.de\/news\/#website\"},\"datePublished\":\"2012-10-02T18:33:32+00:00\",\"dateModified\":\"2012-10-02T18:33:32+00:00\",\"author\":{\"@id\":\"https:\/\/www.tafeldeko.de\/news\/#\/schema\/person\/d2acd86447ed0b6336089a8ba83164a0\"},\"description\":\"Eine tolle und originelle Tischdeko ist immer ein Augenschmaus f&#xFC;r die Betrachter und sollte daher keinesfalls in Vergessenheit geraten - vor allem im Herbst.\",\"breadcrumb\":{\"@id\":\"https:\/\/www.tafeldeko.de\/news\/eine-farbenfrohe-tischdeko-fuer-den-november\/#breadcrumb\"},\"inLanguage\":\"de-DE\",\"potentialAction\":[{\"@type\":\"ReadAction\",\"target\":[\"https:\/\/www.tafeldeko.de\/news\/eine-farbenfrohe-tischdeko-fuer-den-november\/\"]}]},{\"@type\":\"BreadcrumbList\",\"@id\":\"https:\/\/www.tafeldeko.de\/news\/eine-farbenfrohe-tischdeko-fuer-den-november\/#breadcrumb\",\"itemListElement\":[{\"@type\":\"ListItem\",\"position\":1,\"name\":\"Tafeldeko\",\"item\":\"https:\/\/www.tafeldeko.de\/news\/\"},{\"@type\":\"ListItem\",\"position\":2,\"name\":\"Alte Beitr\u00e4ge\",\"item\":\"https:\/\/www.tafeldeko.de\/news\/alte-beitraege\/\"},{\"@type\":\"ListItem\",\"position\":3,\"name\":\"Tischdeko - Blog\",\"item\":\"https:\/\/www.tafeldeko.de\/news\/alte-beitraege\/tischdeko-blog\/\"},{\"@type\":\"ListItem\",\"position\":4,\"name\":\"Eine farbenfrohe Tischdeko f\u00fcr den November\"}]},{\"@type\":\"WebSite\",\"@id\":\"https:\/\/www.tafeldeko.de\/news\/#website\",\"url\":\"https:\/\/www.tafeldeko.de\/news\/\",\"name\":\"Tafeldeko\",\"description\":\"Blog mit Tischdeko und Tischdekoration Ideen\",\"potentialAction\":[{\"@type\":\"SearchAction\",\"target\":{\"@type\":\"EntryPoint\",\"urlTemplate\":\"https:\/\/www.tafeldeko.de\/news\/?s={search_term_string}\"},\"query-input\":\"required name=search_term_string\"}],\"inLanguage\":\"de-DE\"},{\"@type\":\"Person\",\"@id\":\"https:\/\/www.tafeldeko.de\/news\/#\/schema\/person\/d2acd86447ed0b6336089a8ba83164a0\",\"name\":\"Christiane Stein\",\"image\":{\"@type\":\"ImageObject\",\"inLanguage\":\"de-DE\",\"@id\":\"https:\/\/www.tafeldeko.de\/news\/#\/schema\/person\/image\/\",\"url\":\"https:\/\/secure.gravatar.com\/avatar\/2054729fbfd1ebc9d3cf1fd55361d0b6?s=96&d=mm&r=g\",\"contentUrl\":\"https:\/\/secure.gravatar.com\/avatar\/2054729fbfd1ebc9d3cf1fd55361d0b6?s=96&d=mm&r=g\",\"caption\":\"Christiane Stein\"}}]}<\/script>\n<!-- \/ Yoast SEO plugin. -->","yoast_head_json":{"title":"Eine farbenfrohe Tischdeko f\u00fcr den November - Tafeldeko","description":"Eine tolle und originelle Tischdeko ist immer ein Augenschmaus f&#xFC;r die Betrachter und sollte daher keinesfalls in Vergessenheit geraten - vor allem im Herbst.","robots":{"index":"index","follow":"follow","max-snippet":"max-snippet:-1","max-image-preview":"max-image-preview:large","max-video-preview":"max-video-preview:-1"},"canonical":"https:\/\/www.tafeldeko.de\/news\/eine-farbenfrohe-tischdeko-fuer-den-november\/","og_locale":"de_DE","og_type":"article","og_title":"Eine farbenfrohe Tischdeko f\u00fcr den November - Tafeldeko","og_description":"Eine tolle und originelle Tischdeko ist immer ein Augenschmaus f&#xFC;r die Betrachter und sollte daher keinesfalls in Vergessenheit geraten - vor allem im Herbst.","og_url":"https:\/\/www.tafeldeko.de\/news\/eine-farbenfrohe-tischdeko-fuer-den-november\/","og_site_name":"Tafeldeko","article_publisher":"https:\/\/www.facebook.com\/pages\/Tafeldeko-einzigartige-Tischdekoration\/174202655894","article_published_time":"2012-10-02T18:33:32+00:00","og_image":[{"width":172,"height":172,"url":"https:\/\/www.tafeldeko.de\/news\/wp-content\/uploads\/2014\/09\/servietten_herbstlich.jpg","type":"image\/jpeg"}],"author":"Christiane Stein","twitter_misc":{"Verfasst von":"Christiane Stein","Gesch\u00e4tzte Lesezeit":"1 Minute"},"schema":{"@context":"https:\/\/schema.org","@graph":[{"@type":"WebPage","@id":"https:\/\/www.tafeldeko.de\/news\/eine-farbenfrohe-tischdeko-fuer-den-november\/","url":"https:\/\/www.tafeldeko.de\/news\/eine-farbenfrohe-tischdeko-fuer-den-november\/","name":"Eine farbenfrohe Tischdeko f\u00fcr den November - Tafeldeko","isPartOf":{"@id":"https:\/\/www.tafeldeko.de\/news\/#website"},"datePublished":"2012-10-02T18:33:32+00:00","dateModified":"2012-10-02T18:33:32+00:00","author":{"@id":"https:\/\/www.tafeldeko.de\/news\/#\/schema\/person\/d2acd86447ed0b6336089a8ba83164a0"},"description":"Eine tolle und originelle Tischdeko ist immer ein Augenschmaus f&#xFC;r die Betrachter und sollte daher keinesfalls in Vergessenheit geraten - vor allem im Herbst.","breadcrumb":{"@id":"https:\/\/www.tafeldeko.de\/news\/eine-farbenfrohe-tischdeko-fuer-den-november\/#breadcrumb"},"inLanguage":"de-DE","potentialAction":[{"@type":"ReadAction","target":["https:\/\/www.tafeldeko.de\/news\/eine-farbenfrohe-tischdeko-fuer-den-november\/"]}]},{"@type":"BreadcrumbList","@id":"https:\/\/www.tafeldeko.de\/news\/eine-farbenfrohe-tischdeko-fuer-den-november\/#breadcrumb","itemListElement":[{"@type":"ListItem","position":1,"name":"Tafeldeko","item":"https:\/\/www.tafeldeko.de\/news\/"},{"@type":"ListItem","position":2,"name":"Alte Beitr\u00e4ge","item":"https:\/\/www.tafeldeko.de\/news\/alte-beitraege\/"},{"@type":"ListItem","position":3,"name":"Tischdeko - Blog","item":"https:\/\/www.tafeldeko.de\/news\/alte-beitraege\/tischdeko-blog\/"},{"@type":"ListItem","position":4,"name":"Eine farbenfrohe Tischdeko f\u00fcr den November"}]},{"@type":"WebSite","@id":"https:\/\/www.tafeldeko.de\/news\/#website","url":"https:\/\/www.tafeldeko.de\/news\/","name":"Tafeldeko","description":"Blog mit Tischdeko und Tischdekoration Ideen","potentialAction":[{"@type":"SearchAction","target":{"@type":"EntryPoint","urlTemplate":"https:\/\/www.tafeldeko.de\/news\/?s={search_term_string}"},"query-input":"required name=search_term_string"}],"inLanguage":"de-DE"},{"@type":"Person","@id":"https:\/\/www.tafeldeko.de\/news\/#\/schema\/person\/d2acd86447ed0b6336089a8ba83164a0","name":"Christiane Stein","image":{"@type":"ImageObject","inLanguage":"de-DE","@id":"https:\/\/www.tafeldeko.de\/news\/#\/schema\/person\/image\/","url":"https:\/\/secure.gravatar.com\/avatar\/2054729fbfd1ebc9d3cf1fd55361d0b6?s=96&d=mm&r=g","contentUrl":"https:\/\/secure.gravatar.com\/avatar\/2054729fbfd1ebc9d3cf1fd55361d0b6?s=96&d=mm&r=g","caption":"Christiane Stein"}}]}},"_links":{"self":[{"href":"https:\/\/www.tafeldeko.de\/news\/wp-json\/wp\/v2\/posts\/2218"}],"collection":[{"href":"https:\/\/www.tafeldeko.de\/news\/wp-json\/wp\/v2\/posts"}],"about":[{"href":"https:\/\/www.tafeldeko.de\/news\/wp-json\/wp\/v2\/types\/post"}],"author":[{"embeddable":true,"href":"https:\/\/www.tafeldeko.de\/news\/wp-json\/wp\/v2\/users\/2"}],"replies":[{"embeddable":true,"href":"https:\/\/www.tafeldeko.de\/news\/wp-json\/wp\/v2\/comments?post=2218"}],"version-history":[{"count":0,"href":"https:\/\/www.tafeldeko.de\/news\/wp-json\/wp\/v2\/posts\/2218\/revisions"}],"wp:featuredmedia":[{"embeddable":true,"href":"https:\/\/www.tafeldeko.de\/news\/wp-json\/wp\/v2\/media\/2219"}],"wp:attachment":[{"href":"https:\/\/www.tafeldeko.de\/news\/wp-json\/wp\/v2\/media?parent=2218"}],"wp:term":[{"taxonomy":"category","embeddable":true,"href":"https:\/\/www.tafeldeko.de\/news\/wp-json\/wp\/v2\/categories?post=2218"},{"taxonomy":"post_tag","embeddable":true,"href":"https:\/\/www.tafeldeko.de\/news\/wp-json\/wp\/v2\/tags?post=2218"}],"curies":[{"name":"wp","href":"https:\/\/api.w.org\/{rel}","templated":true}]}}