{"id":2217,"date":"2012-09-25T20:11:54","date_gmt":"2012-09-25T18:11:54","guid":{"rendered":"http:\/\/www.tafeldeko.de\/news\/?p=2217"},"modified":"2012-09-25T20:11:54","modified_gmt":"2012-09-25T18:11:54","slug":"tischdeko-mit-calla-ein-eleganter-deko-stil-fuer-den-tisch","status":"publish","type":"post","link":"https:\/\/www.tafeldeko.de\/news\/tischdeko-mit-calla-ein-eleganter-deko-stil-fuer-den-tisch\/","title":{"rendered":"Tischdeko mit Calla &#8211; ein eleganter Deko-Stil f\u00fcr den Tisch"},"content":{"rendered":"<div class=\"textumfliessenrechts\"><img decoding=\"async\" loading=\"lazy\" src=\"https:\/\/www.tafeldeko.de\/news\/media\/users\/schnurchristian\/calla_klammer.jpg\" alt=\"Mini-Calla Klammer\" title=\"Mini-Calla Klammer\" width=\"250\" height=\"250\"\/><br \/><a href=\"https:\/\/www.tafeldeko.de\/product_info.php\/products_id\/7982_12-Mini-Calla-Klammer-in-weiss.html\" title=\"Tischdeko mit Calla\"><b>Tischdeko mit Calla<\/b><\/a><\/div>\n<p>  M\u00f6chte man f\u00fcr die Hochzeit alles sch\u00f6n vorbereiten, sollte auch an die Tischdeko gedacht werden.<br \/>\nEine lebendige und sch\u00f6ne Tischdeko tr\u00e4gt zu einem unvergesslichen Feste bei und die G\u00e4ste k\u00f6nnen sich an eine sch\u00f6n gedeckte Festtagstafel setzen. Da stimmt bereits das Begr\u00fc\u00dfungsbild an diesem besonderen Tag.<br \/>\nWer f\u00fcr eine <b>originelle Tischdeko f\u00fcr die Hochzeit<\/b> sorgen m\u00f6chte, sollte ein Thema aufgreifen bzw. es sollte ein \u201eroten Leitfaden\u201c in der Deko zu erkennen sein. Damit ist gemeint, dass man nicht die unterschiedlichsten dekorativen Accessoires auf dem Tisch drapiert, sondern eine harmonische Auswahl trifft.<br \/>\nEine lebendige Deko gelingt einem, wenn man sich f\u00fcr eine farbenfrohe Kombination entscheidet und die richtigen Farben miteinander kombiniert.<br \/>\nDie \u201eTischdeko mit Calla\u201c ist eine elegante M\u00f6glichkeit f\u00fcr eine <b>ausdrucksstarke Tischdekoration <\/b>und wer m\u00f6chte, kann sch\u00f6ne Mini-Klammern mit einer wei\u00dfen Calla auf dem Tisch ins rechte Licht r\u00fccken. Des Weiteren ist die Klammer mit einer wei\u00dfen Schleife geschm\u00fcckt und sind daher vielseitig verwendbar, wie zum Beispiel als Platzhalter, f\u00fcr die Servietten oder allgemein f\u00fcr die Dekoration auf dem Tisch.<br \/>\nOb auf Rundtischen oder auf Tafeln &#8211; die Tischdeko mit Calla &#038; Co ist sowohl f\u00fcr die <b><a href=\"https:\/\/www.tafeldeko.de\/index.php\/cat\/c45_Tischdeko-Hochzeit.html\" title=\"Hochzeit\">Hochzeit<\/a><\/b>, als auch f\u00fcr die Taufe ideal und k\u00f6nnen mit den unterschiedlichsten dekorativen Accessoires aufgepeppt werden.<br \/>\nGerade bei der Hochzeit kommt es auf die Perfektion des Tages an und Kleinigkeiten  tragen zum Gelingen der Feier bei &#8211; das sollte man nicht vergessen. Ob man letztlich die Tischdeko mit Calla, Rosen oder <b><a href=\"https:\/\/www.tafeldeko.de\/index.php\/cat\/c867_Herzen.html\" title=\"Herzen\">Herzen<\/a><\/b> auf den Tisch zaubert, h\u00e4ngt vom Geschmack und sicherlich von der Lokation an sich ab. Schlie\u00dflich m\u00f6chte man ein stimmiges Gesamtbild erreichen, um ein berauschendes Fest in vollen Z\u00fcgen zu genie\u00dfen.<\/p>\n","protected":false},"excerpt":{"rendered":"<p>M\u00f6chte man f\u00fcr die Hochzeit alles sch\u00f6n vorbereiten, sollte auch an die Tischdeko gedacht werden.<br \/>\nEine lebendige und sch\u00f6ne Tischdeko tr\u00e4gt zu einem unvergesslichen Feste bei und die G\u00e4ste k\u00f6nnen sich an eine sch\u00f6n gedeckte Festtagstafel setzen. Da stimmt bereits das Begr\u00fc\u00dfungsbild an diesem besonderen Tag.<br \/>\nWer f\u00fcr eine originelle Tischdeko f\u00fcr die Hochzeit sorgen m\u00f6chte, sollte ein Thema aufgreifen bzw. es sollte ein \u201eroten Leitfaden\u201c in der Deko zu erkennen sein. Damit ist gemeint, dass man nicht die unterschiedlichsten dekorativen Accessoires auf dem Tisch drapiert, sondern eine harmonische Auswahl trifft.<\/p>\n","protected":false},"author":2,"featured_media":1775,"comment_status":"open","ping_status":"open","sticky":false,"template":"","format":"standard","meta":{"footnotes":""},"categories":[1],"tags":[],"yoast_head":"<!-- This site is optimized with the Yoast SEO plugin v20.4 - https:\/\/yoast.com\/wordpress\/plugins\/seo\/ -->\n<title>Tischdeko mit Calla - ein eleganter Deko-Stil f\u00fcr den Tisch - Tafeldeko<\/title>\n<meta name=\"description\" content=\"Die Tischdeko mit Calla &amp; Co ist sowohl f&#xFC;r die Hochzeit, als auch f&#xFC;r die Taufe ideal. Ein echter Hingucker auf dem Tisch.\" \/>\n<meta name=\"robots\" content=\"index, follow, max-snippet:-1, max-image-preview:large, max-video-preview:-1\" \/>\n<link rel=\"canonical\" href=\"https:\/\/www.tafeldeko.de\/news\/tischdeko-mit-calla-ein-eleganter-deko-stil-fuer-den-tisch\/\" \/>\n<meta property=\"og:locale\" content=\"de_DE\" \/>\n<meta property=\"og:type\" content=\"article\" \/>\n<meta property=\"og:title\" content=\"Tischdeko mit Calla - ein eleganter Deko-Stil f\u00fcr den Tisch - Tafeldeko\" \/>\n<meta property=\"og:description\" content=\"Die Tischdeko mit Calla &amp; Co ist sowohl f&#xFC;r die Hochzeit, als auch f&#xFC;r die Taufe ideal. Ein echter Hingucker auf dem Tisch.\" \/>\n<meta property=\"og:url\" content=\"https:\/\/www.tafeldeko.de\/news\/tischdeko-mit-calla-ein-eleganter-deko-stil-fuer-den-tisch\/\" \/>\n<meta property=\"og:site_name\" content=\"Tafeldeko\" \/>\n<meta property=\"article:publisher\" content=\"https:\/\/www.facebook.com\/pages\/Tafeldeko-einzigartige-Tischdekoration\/174202655894\" \/>\n<meta property=\"article:published_time\" content=\"2012-09-25T18:11:54+00:00\" \/>\n<meta property=\"og:image\" content=\"https:\/\/www.tafeldeko.de\/news\/wp-content\/uploads\/2014\/09\/calla_klammer.jpg\" \/>\n\t<meta property=\"og:image:width\" content=\"250\" \/>\n\t<meta property=\"og:image:height\" content=\"250\" \/>\n\t<meta property=\"og:image:type\" content=\"image\/jpeg\" \/>\n<meta name=\"author\" content=\"Christiane Stein\" \/>\n<meta name=\"twitter:label1\" content=\"Verfasst von\" \/>\n\t<meta name=\"twitter:data1\" content=\"Christiane Stein\" \/>\n\t<meta name=\"twitter:label2\" content=\"Gesch\u00e4tzte Lesezeit\" \/>\n\t<meta name=\"twitter:data2\" content=\"2 Minuten\" \/>\n<script type=\"application\/ld+json\" class=\"yoast-schema-graph\">{\"@context\":\"https:\/\/schema.org\",\"@graph\":[{\"@type\":\"WebPage\",\"@id\":\"https:\/\/www.tafeldeko.de\/news\/tischdeko-mit-calla-ein-eleganter-deko-stil-fuer-den-tisch\/\",\"url\":\"https:\/\/www.tafeldeko.de\/news\/tischdeko-mit-calla-ein-eleganter-deko-stil-fuer-den-tisch\/\",\"name\":\"Tischdeko mit Calla - ein eleganter Deko-Stil f\u00fcr den Tisch - Tafeldeko\",\"isPartOf\":{\"@id\":\"https:\/\/www.tafeldeko.de\/news\/#website\"},\"datePublished\":\"2012-09-25T18:11:54+00:00\",\"dateModified\":\"2012-09-25T18:11:54+00:00\",\"author\":{\"@id\":\"https:\/\/www.tafeldeko.de\/news\/#\/schema\/person\/d2acd86447ed0b6336089a8ba83164a0\"},\"description\":\"Die Tischdeko mit Calla & Co ist sowohl f&#xFC;r die Hochzeit, als auch f&#xFC;r die Taufe ideal. Ein echter Hingucker auf dem Tisch.\",\"breadcrumb\":{\"@id\":\"https:\/\/www.tafeldeko.de\/news\/tischdeko-mit-calla-ein-eleganter-deko-stil-fuer-den-tisch\/#breadcrumb\"},\"inLanguage\":\"de-DE\",\"potentialAction\":[{\"@type\":\"ReadAction\",\"target\":[\"https:\/\/www.tafeldeko.de\/news\/tischdeko-mit-calla-ein-eleganter-deko-stil-fuer-den-tisch\/\"]}]},{\"@type\":\"BreadcrumbList\",\"@id\":\"https:\/\/www.tafeldeko.de\/news\/tischdeko-mit-calla-ein-eleganter-deko-stil-fuer-den-tisch\/#breadcrumb\",\"itemListElement\":[{\"@type\":\"ListItem\",\"position\":1,\"name\":\"Tafeldeko\",\"item\":\"https:\/\/www.tafeldeko.de\/news\/\"},{\"@type\":\"ListItem\",\"position\":2,\"name\":\"Alte Beitr\u00e4ge\",\"item\":\"https:\/\/www.tafeldeko.de\/news\/alte-beitraege\/\"},{\"@type\":\"ListItem\",\"position\":3,\"name\":\"Tischdeko - Blog\",\"item\":\"https:\/\/www.tafeldeko.de\/news\/alte-beitraege\/tischdeko-blog\/\"},{\"@type\":\"ListItem\",\"position\":4,\"name\":\"Tischdeko mit Calla &#8211; ein eleganter Deko-Stil f\u00fcr den Tisch\"}]},{\"@type\":\"WebSite\",\"@id\":\"https:\/\/www.tafeldeko.de\/news\/#website\",\"url\":\"https:\/\/www.tafeldeko.de\/news\/\",\"name\":\"Tafeldeko\",\"description\":\"Blog mit Tischdeko und Tischdekoration Ideen\",\"potentialAction\":[{\"@type\":\"SearchAction\",\"target\":{\"@type\":\"EntryPoint\",\"urlTemplate\":\"https:\/\/www.tafeldeko.de\/news\/?s={search_term_string}\"},\"query-input\":\"required name=search_term_string\"}],\"inLanguage\":\"de-DE\"},{\"@type\":\"Person\",\"@id\":\"https:\/\/www.tafeldeko.de\/news\/#\/schema\/person\/d2acd86447ed0b6336089a8ba83164a0\",\"name\":\"Christiane Stein\",\"image\":{\"@type\":\"ImageObject\",\"inLanguage\":\"de-DE\",\"@id\":\"https:\/\/www.tafeldeko.de\/news\/#\/schema\/person\/image\/\",\"url\":\"https:\/\/secure.gravatar.com\/avatar\/2054729fbfd1ebc9d3cf1fd55361d0b6?s=96&d=mm&r=g\",\"contentUrl\":\"https:\/\/secure.gravatar.com\/avatar\/2054729fbfd1ebc9d3cf1fd55361d0b6?s=96&d=mm&r=g\",\"caption\":\"Christiane Stein\"}}]}<\/script>\n<!-- \/ Yoast SEO plugin. -->","yoast_head_json":{"title":"Tischdeko mit Calla - ein eleganter Deko-Stil f\u00fcr den Tisch - Tafeldeko","description":"Die Tischdeko mit Calla & Co ist sowohl f&#xFC;r die Hochzeit, als auch f&#xFC;r die Taufe ideal. Ein echter Hingucker auf dem Tisch.","robots":{"index":"index","follow":"follow","max-snippet":"max-snippet:-1","max-image-preview":"max-image-preview:large","max-video-preview":"max-video-preview:-1"},"canonical":"https:\/\/www.tafeldeko.de\/news\/tischdeko-mit-calla-ein-eleganter-deko-stil-fuer-den-tisch\/","og_locale":"de_DE","og_type":"article","og_title":"Tischdeko mit Calla - ein eleganter Deko-Stil f\u00fcr den Tisch - Tafeldeko","og_description":"Die Tischdeko mit Calla & Co ist sowohl f&#xFC;r die Hochzeit, als auch f&#xFC;r die Taufe ideal. Ein echter Hingucker auf dem Tisch.","og_url":"https:\/\/www.tafeldeko.de\/news\/tischdeko-mit-calla-ein-eleganter-deko-stil-fuer-den-tisch\/","og_site_name":"Tafeldeko","article_publisher":"https:\/\/www.facebook.com\/pages\/Tafeldeko-einzigartige-Tischdekoration\/174202655894","article_published_time":"2012-09-25T18:11:54+00:00","og_image":[{"width":250,"height":250,"url":"https:\/\/www.tafeldeko.de\/news\/wp-content\/uploads\/2014\/09\/calla_klammer.jpg","type":"image\/jpeg"}],"author":"Christiane Stein","twitter_misc":{"Verfasst von":"Christiane Stein","Gesch\u00e4tzte Lesezeit":"2 Minuten"},"schema":{"@context":"https:\/\/schema.org","@graph":[{"@type":"WebPage","@id":"https:\/\/www.tafeldeko.de\/news\/tischdeko-mit-calla-ein-eleganter-deko-stil-fuer-den-tisch\/","url":"https:\/\/www.tafeldeko.de\/news\/tischdeko-mit-calla-ein-eleganter-deko-stil-fuer-den-tisch\/","name":"Tischdeko mit Calla - ein eleganter Deko-Stil f\u00fcr den Tisch - Tafeldeko","isPartOf":{"@id":"https:\/\/www.tafeldeko.de\/news\/#website"},"datePublished":"2012-09-25T18:11:54+00:00","dateModified":"2012-09-25T18:11:54+00:00","author":{"@id":"https:\/\/www.tafeldeko.de\/news\/#\/schema\/person\/d2acd86447ed0b6336089a8ba83164a0"},"description":"Die Tischdeko mit Calla & Co ist sowohl f&#xFC;r die Hochzeit, als auch f&#xFC;r die Taufe ideal. Ein echter Hingucker auf dem Tisch.","breadcrumb":{"@id":"https:\/\/www.tafeldeko.de\/news\/tischdeko-mit-calla-ein-eleganter-deko-stil-fuer-den-tisch\/#breadcrumb"},"inLanguage":"de-DE","potentialAction":[{"@type":"ReadAction","target":["https:\/\/www.tafeldeko.de\/news\/tischdeko-mit-calla-ein-eleganter-deko-stil-fuer-den-tisch\/"]}]},{"@type":"BreadcrumbList","@id":"https:\/\/www.tafeldeko.de\/news\/tischdeko-mit-calla-ein-eleganter-deko-stil-fuer-den-tisch\/#breadcrumb","itemListElement":[{"@type":"ListItem","position":1,"name":"Tafeldeko","item":"https:\/\/www.tafeldeko.de\/news\/"},{"@type":"ListItem","position":2,"name":"Alte Beitr\u00e4ge","item":"https:\/\/www.tafeldeko.de\/news\/alte-beitraege\/"},{"@type":"ListItem","position":3,"name":"Tischdeko - Blog","item":"https:\/\/www.tafeldeko.de\/news\/alte-beitraege\/tischdeko-blog\/"},{"@type":"ListItem","position":4,"name":"Tischdeko mit Calla &#8211; ein eleganter Deko-Stil f\u00fcr den Tisch"}]},{"@type":"WebSite","@id":"https:\/\/www.tafeldeko.de\/news\/#website","url":"https:\/\/www.tafeldeko.de\/news\/","name":"Tafeldeko","description":"Blog mit Tischdeko und Tischdekoration Ideen","potentialAction":[{"@type":"SearchAction","target":{"@type":"EntryPoint","urlTemplate":"https:\/\/www.tafeldeko.de\/news\/?s={search_term_string}"},"query-input":"required name=search_term_string"}],"inLanguage":"de-DE"},{"@type":"Person","@id":"https:\/\/www.tafeldeko.de\/news\/#\/schema\/person\/d2acd86447ed0b6336089a8ba83164a0","name":"Christiane Stein","image":{"@type":"ImageObject","inLanguage":"de-DE","@id":"https:\/\/www.tafeldeko.de\/news\/#\/schema\/person\/image\/","url":"https:\/\/secure.gravatar.com\/avatar\/2054729fbfd1ebc9d3cf1fd55361d0b6?s=96&d=mm&r=g","contentUrl":"https:\/\/secure.gravatar.com\/avatar\/2054729fbfd1ebc9d3cf1fd55361d0b6?s=96&d=mm&r=g","caption":"Christiane Stein"}}]}},"_links":{"self":[{"href":"https:\/\/www.tafeldeko.de\/news\/wp-json\/wp\/v2\/posts\/2217"}],"collection":[{"href":"https:\/\/www.tafeldeko.de\/news\/wp-json\/wp\/v2\/posts"}],"about":[{"href":"https:\/\/www.tafeldeko.de\/news\/wp-json\/wp\/v2\/types\/post"}],"author":[{"embeddable":true,"href":"https:\/\/www.tafeldeko.de\/news\/wp-json\/wp\/v2\/users\/2"}],"replies":[{"embeddable":true,"href":"https:\/\/www.tafeldeko.de\/news\/wp-json\/wp\/v2\/comments?post=2217"}],"version-history":[{"count":0,"href":"https:\/\/www.tafeldeko.de\/news\/wp-json\/wp\/v2\/posts\/2217\/revisions"}],"wp:featuredmedia":[{"embeddable":true,"href":"https:\/\/www.tafeldeko.de\/news\/wp-json\/wp\/v2\/media\/1775"}],"wp:attachment":[{"href":"https:\/\/www.tafeldeko.de\/news\/wp-json\/wp\/v2\/media?parent=2217"}],"wp:term":[{"taxonomy":"category","embeddable":true,"href":"https:\/\/www.tafeldeko.de\/news\/wp-json\/wp\/v2\/categories?post=2217"},{"taxonomy":"post_tag","embeddable":true,"href":"https:\/\/www.tafeldeko.de\/news\/wp-json\/wp\/v2\/tags?post=2217"}],"curies":[{"name":"wp","href":"https:\/\/api.w.org\/{rel}","templated":true}]}}