{"id":2212,"date":"2012-08-09T21:37:39","date_gmt":"2012-08-09T19:37:39","guid":{"rendered":"http:\/\/www.tafeldeko.de\/news\/?p=2212"},"modified":"2012-08-09T21:37:39","modified_gmt":"2012-08-09T19:37:39","slug":"tischdekoration-in-schwarz-und-weiss","status":"publish","type":"post","link":"https:\/\/www.tafeldeko.de\/news\/tischdekoration-in-schwarz-und-weiss\/","title":{"rendered":"Tischdekoration in schwarz und wei\u00df"},"content":{"rendered":"<div class=\"textumfliessenrechts\"><img decoding=\"async\" loading=\"lazy\" src=\"https:\/\/www.tafeldeko.de\/news\/media\/users\/schnurchristian\/duni_slim_airlaid.jpg\" alt=\"Duni Serviettentasche Slim Airlaid\" title=\"Duni Serviettentasche Slim Airlaid\" width=\"215\" height=\"215\"\/><br \/><a href=\"https:\/\/www.tafeldeko.de\/product_info.php\/products_id\/6846_60er-Pack-Serviettentasche-Slim-Airlaid-von-Duni.html\" title=\"schwarz-wei\u00dfe Tischdeko\"><b>schwarz-wei\u00dfe Tischdeko<\/b><\/a><\/div>\n<p> Tischdekorationen sind beliebt.<br \/>\nDoch die <b>neuen Trends <\/b>auf dem Tischdeko-Markt zeigen, dass es nicht immer bunt einher gehen muss, sondern auch kontrastreiche Kombinationen beliebt sind.<br \/>\nDie schwarz-wei\u00dfe Tischdeko beispielsweise \u2013 es gibt sie bereits seit Jahren und auch heute noch m\u00f6chte so mancher die Tischdeko f\u00fcr eine Feier in schwarz und wei\u00df ausstatten.<br \/>\nZwar verbinden einige das Schwarz mit Trauer, doch kombiniert man diese Tischdeko mit wei\u00dfen Accessoires, wirkt sie wie jede andere Tischdeko auch \u2013 nur kontrastreicher.<\/p>\n<p>Welche M\u00f6glichkeiten bieten sich, eine schwarz-wei\u00dfe Tischdeko auszustatten?<br \/>\nSchaut man sich im Shop von <b><a href=\"https:\/\/www.tafeldeko.de\" title=\"Tafeldeko\">Tafeldeko<\/a><\/b> um, findet man viele M\u00f6glichkeiten, eine solche Tischdeko zu kreieren. Entweder w\u00e4hlt man die einzelnen Elemente in den entsprechenden Farben Schwarz und Wei\u00df aus oder \u201ebedient\u201c sich der Accessoires, die beide Farben enthalten. So kann man auf verschiedene Arten die Tischdekoration ausstatten.<br \/>\nEine Variante der schwarz-wei\u00dfen Tischdeko wird durch die Duni Serviettentasche Slim Airlaid unterstrichen. Diese Serviettentaschen sind in Schwarz erh\u00e4ltlich, best\u00fcckt sind sie mit einer wei\u00dfen Duni-Serviette, so dass man hier schon nichts mehr machen muss. Und Serviettentaschen sind zudem \u00e4u\u00dferst praktisch.<br \/>\nWeitere <b>Akzente <\/b>k\u00f6nnen zum Beispiel mit den Servietten Kapitell in grau-schwarz und wei\u00df gesetzt werden. Als Erg\u00e4nzung zu der <b>schwarz-wei\u00dfen Tischdeko<\/b> sind sie hervorragend geeignet, auch in der ausgebreiteten Form in der Tischmitte. <\/p>\n<p>Bei der schwarz-wei\u00dfen Tischdeko kann eine wei\u00dfe Tischdecke die Basis bilden oder eine schwarze. Auf welche Farbe die Wahl f\u00e4llt, h\u00e4ngt mitunter auch von der Farbe des Geschirrs ab. Bei wei\u00dfen Tellern sieht es sch\u00f6ner aus, wenn die Tischdecke schwarz ist und umgekehrt genauso.<br \/>\nF\u00e4llt die Wahl auf eine schwarze Tischdecke, die Teller sind wei\u00df, dann setzen wei\u00dfe Accessoires in der Tischmitte sch\u00f6ne Akzente.<br \/>\nWie w\u00e4re es mit wei\u00dfen <b><a href=\"https:\/\/www.tafeldeko.de\/index.php\/cat\/c897_Kugelkerzen.html\" title=\"Kugelkerzen\">Kugelkerzen<\/a><\/b> auf Spiegeluntersetzern?<br \/>\nOder schwarzen Kugelkerzen auf wei\u00dfen Kerzentellern?<br \/>\nMit etwas Fantasie kann man eine wundersch\u00f6ne und kontrastreiche Tischdeko in schwarz-wei\u00df zaubern \u2013 an Accessoires mangelt es nicht.<\/p>\n","protected":false},"excerpt":{"rendered":"<p>Tischdekorationen sind beliebt.<br \/>\nDoch die neuen Trends auf dem Tischdeko-Markt zeigen, dass es nicht immer bunt einher gehen muss, sondern auch kontrastreiche Kombinationen beliebt sind.<br \/>\nDie schwarz-wei\u00dfe Tischdeko beispielsweise \u2013 es gibt sie bereits seit Jahren und auch heute noch m\u00f6chte so mancher die Tischdeko f\u00fcr eine Feier in schwarz und wei\u00df ausstatten.<br \/>\nZwar verbinden einige das Schwarz mit Trauer, doch kombiniert man diese Tischdeko mit wei\u00dfen Accessoires, wirkt sie wie jede andere Tischdeko auch \u2013 nur kontrastreicher.<\/p>\n<p>Welche M\u00f6glichkeiten bieten sich, eine schwarz-wei\u00dfe Tischdeko auszustatten?<\/p>\n","protected":false},"author":2,"featured_media":2213,"comment_status":"open","ping_status":"open","sticky":false,"template":"","format":"standard","meta":{"footnotes":""},"categories":[1],"tags":[],"yoast_head":"<!-- This site is optimized with the Yoast SEO plugin v20.4 - https:\/\/yoast.com\/wordpress\/plugins\/seo\/ -->\n<title>Tischdekoration in schwarz und wei\u00df - Tafeldeko<\/title>\n<meta name=\"description\" content=\"F&#xE4;llt die Wahl auf eine schwarze Tischdecke, die Teller sind wei&#xDF;, dann setzen wei&#xDF;e Accessoires in der Tischmitte sch&#xF6;ne Akzente.\" \/>\n<meta name=\"robots\" content=\"index, follow, max-snippet:-1, max-image-preview:large, max-video-preview:-1\" \/>\n<link rel=\"canonical\" href=\"https:\/\/www.tafeldeko.de\/news\/tischdekoration-in-schwarz-und-weiss\/\" \/>\n<meta property=\"og:locale\" content=\"de_DE\" \/>\n<meta property=\"og:type\" content=\"article\" \/>\n<meta property=\"og:title\" content=\"Tischdekoration in schwarz und wei\u00df - Tafeldeko\" \/>\n<meta property=\"og:description\" content=\"F&#xE4;llt die Wahl auf eine schwarze Tischdecke, die Teller sind wei&#xDF;, dann setzen wei&#xDF;e Accessoires in der Tischmitte sch&#xF6;ne Akzente.\" \/>\n<meta property=\"og:url\" content=\"https:\/\/www.tafeldeko.de\/news\/tischdekoration-in-schwarz-und-weiss\/\" \/>\n<meta property=\"og:site_name\" content=\"Tafeldeko\" \/>\n<meta property=\"article:publisher\" content=\"https:\/\/www.facebook.com\/pages\/Tafeldeko-einzigartige-Tischdekoration\/174202655894\" \/>\n<meta property=\"article:published_time\" content=\"2012-08-09T19:37:39+00:00\" \/>\n<meta property=\"og:image\" content=\"https:\/\/www.tafeldeko.de\/news\/wp-content\/uploads\/2014\/09\/duni_slim_airlaid.jpg\" \/>\n\t<meta property=\"og:image:width\" content=\"215\" \/>\n\t<meta property=\"og:image:height\" content=\"215\" \/>\n\t<meta property=\"og:image:type\" content=\"image\/jpeg\" \/>\n<meta name=\"author\" content=\"Christiane Stein\" \/>\n<meta name=\"twitter:label1\" content=\"Verfasst von\" \/>\n\t<meta name=\"twitter:data1\" content=\"Christiane Stein\" \/>\n\t<meta name=\"twitter:label2\" content=\"Gesch\u00e4tzte Lesezeit\" \/>\n\t<meta name=\"twitter:data2\" content=\"2 Minuten\" \/>\n<script type=\"application\/ld+json\" class=\"yoast-schema-graph\">{\"@context\":\"https:\/\/schema.org\",\"@graph\":[{\"@type\":\"WebPage\",\"@id\":\"https:\/\/www.tafeldeko.de\/news\/tischdekoration-in-schwarz-und-weiss\/\",\"url\":\"https:\/\/www.tafeldeko.de\/news\/tischdekoration-in-schwarz-und-weiss\/\",\"name\":\"Tischdekoration in schwarz und wei\u00df - Tafeldeko\",\"isPartOf\":{\"@id\":\"https:\/\/www.tafeldeko.de\/news\/#website\"},\"datePublished\":\"2012-08-09T19:37:39+00:00\",\"dateModified\":\"2012-08-09T19:37:39+00:00\",\"author\":{\"@id\":\"https:\/\/www.tafeldeko.de\/news\/#\/schema\/person\/d2acd86447ed0b6336089a8ba83164a0\"},\"description\":\"F&#xE4;llt die Wahl auf eine schwarze Tischdecke, die Teller sind wei&#xDF;, dann setzen wei&#xDF;e Accessoires in der Tischmitte sch&#xF6;ne Akzente.\",\"breadcrumb\":{\"@id\":\"https:\/\/www.tafeldeko.de\/news\/tischdekoration-in-schwarz-und-weiss\/#breadcrumb\"},\"inLanguage\":\"de-DE\",\"potentialAction\":[{\"@type\":\"ReadAction\",\"target\":[\"https:\/\/www.tafeldeko.de\/news\/tischdekoration-in-schwarz-und-weiss\/\"]}]},{\"@type\":\"BreadcrumbList\",\"@id\":\"https:\/\/www.tafeldeko.de\/news\/tischdekoration-in-schwarz-und-weiss\/#breadcrumb\",\"itemListElement\":[{\"@type\":\"ListItem\",\"position\":1,\"name\":\"Tafeldeko\",\"item\":\"https:\/\/www.tafeldeko.de\/news\/\"},{\"@type\":\"ListItem\",\"position\":2,\"name\":\"Alte Beitr\u00e4ge\",\"item\":\"https:\/\/www.tafeldeko.de\/news\/alte-beitraege\/\"},{\"@type\":\"ListItem\",\"position\":3,\"name\":\"Tischdeko - Blog\",\"item\":\"https:\/\/www.tafeldeko.de\/news\/alte-beitraege\/tischdeko-blog\/\"},{\"@type\":\"ListItem\",\"position\":4,\"name\":\"Tischdekoration in schwarz und wei\u00df\"}]},{\"@type\":\"WebSite\",\"@id\":\"https:\/\/www.tafeldeko.de\/news\/#website\",\"url\":\"https:\/\/www.tafeldeko.de\/news\/\",\"name\":\"Tafeldeko\",\"description\":\"Blog mit Tischdeko und Tischdekoration Ideen\",\"potentialAction\":[{\"@type\":\"SearchAction\",\"target\":{\"@type\":\"EntryPoint\",\"urlTemplate\":\"https:\/\/www.tafeldeko.de\/news\/?s={search_term_string}\"},\"query-input\":\"required name=search_term_string\"}],\"inLanguage\":\"de-DE\"},{\"@type\":\"Person\",\"@id\":\"https:\/\/www.tafeldeko.de\/news\/#\/schema\/person\/d2acd86447ed0b6336089a8ba83164a0\",\"name\":\"Christiane Stein\",\"image\":{\"@type\":\"ImageObject\",\"inLanguage\":\"de-DE\",\"@id\":\"https:\/\/www.tafeldeko.de\/news\/#\/schema\/person\/image\/\",\"url\":\"https:\/\/secure.gravatar.com\/avatar\/2054729fbfd1ebc9d3cf1fd55361d0b6?s=96&d=mm&r=g\",\"contentUrl\":\"https:\/\/secure.gravatar.com\/avatar\/2054729fbfd1ebc9d3cf1fd55361d0b6?s=96&d=mm&r=g\",\"caption\":\"Christiane Stein\"}}]}<\/script>\n<!-- \/ Yoast SEO plugin. -->","yoast_head_json":{"title":"Tischdekoration in schwarz und wei\u00df - Tafeldeko","description":"F&#xE4;llt die Wahl auf eine schwarze Tischdecke, die Teller sind wei&#xDF;, dann setzen wei&#xDF;e Accessoires in der Tischmitte sch&#xF6;ne Akzente.","robots":{"index":"index","follow":"follow","max-snippet":"max-snippet:-1","max-image-preview":"max-image-preview:large","max-video-preview":"max-video-preview:-1"},"canonical":"https:\/\/www.tafeldeko.de\/news\/tischdekoration-in-schwarz-und-weiss\/","og_locale":"de_DE","og_type":"article","og_title":"Tischdekoration in schwarz und wei\u00df - Tafeldeko","og_description":"F&#xE4;llt die Wahl auf eine schwarze Tischdecke, die Teller sind wei&#xDF;, dann setzen wei&#xDF;e Accessoires in der Tischmitte sch&#xF6;ne Akzente.","og_url":"https:\/\/www.tafeldeko.de\/news\/tischdekoration-in-schwarz-und-weiss\/","og_site_name":"Tafeldeko","article_publisher":"https:\/\/www.facebook.com\/pages\/Tafeldeko-einzigartige-Tischdekoration\/174202655894","article_published_time":"2012-08-09T19:37:39+00:00","og_image":[{"width":215,"height":215,"url":"https:\/\/www.tafeldeko.de\/news\/wp-content\/uploads\/2014\/09\/duni_slim_airlaid.jpg","type":"image\/jpeg"}],"author":"Christiane Stein","twitter_misc":{"Verfasst von":"Christiane Stein","Gesch\u00e4tzte Lesezeit":"2 Minuten"},"schema":{"@context":"https:\/\/schema.org","@graph":[{"@type":"WebPage","@id":"https:\/\/www.tafeldeko.de\/news\/tischdekoration-in-schwarz-und-weiss\/","url":"https:\/\/www.tafeldeko.de\/news\/tischdekoration-in-schwarz-und-weiss\/","name":"Tischdekoration in schwarz und wei\u00df - Tafeldeko","isPartOf":{"@id":"https:\/\/www.tafeldeko.de\/news\/#website"},"datePublished":"2012-08-09T19:37:39+00:00","dateModified":"2012-08-09T19:37:39+00:00","author":{"@id":"https:\/\/www.tafeldeko.de\/news\/#\/schema\/person\/d2acd86447ed0b6336089a8ba83164a0"},"description":"F&#xE4;llt die Wahl auf eine schwarze Tischdecke, die Teller sind wei&#xDF;, dann setzen wei&#xDF;e Accessoires in der Tischmitte sch&#xF6;ne Akzente.","breadcrumb":{"@id":"https:\/\/www.tafeldeko.de\/news\/tischdekoration-in-schwarz-und-weiss\/#breadcrumb"},"inLanguage":"de-DE","potentialAction":[{"@type":"ReadAction","target":["https:\/\/www.tafeldeko.de\/news\/tischdekoration-in-schwarz-und-weiss\/"]}]},{"@type":"BreadcrumbList","@id":"https:\/\/www.tafeldeko.de\/news\/tischdekoration-in-schwarz-und-weiss\/#breadcrumb","itemListElement":[{"@type":"ListItem","position":1,"name":"Tafeldeko","item":"https:\/\/www.tafeldeko.de\/news\/"},{"@type":"ListItem","position":2,"name":"Alte Beitr\u00e4ge","item":"https:\/\/www.tafeldeko.de\/news\/alte-beitraege\/"},{"@type":"ListItem","position":3,"name":"Tischdeko - Blog","item":"https:\/\/www.tafeldeko.de\/news\/alte-beitraege\/tischdeko-blog\/"},{"@type":"ListItem","position":4,"name":"Tischdekoration in schwarz und wei\u00df"}]},{"@type":"WebSite","@id":"https:\/\/www.tafeldeko.de\/news\/#website","url":"https:\/\/www.tafeldeko.de\/news\/","name":"Tafeldeko","description":"Blog mit Tischdeko und Tischdekoration Ideen","potentialAction":[{"@type":"SearchAction","target":{"@type":"EntryPoint","urlTemplate":"https:\/\/www.tafeldeko.de\/news\/?s={search_term_string}"},"query-input":"required name=search_term_string"}],"inLanguage":"de-DE"},{"@type":"Person","@id":"https:\/\/www.tafeldeko.de\/news\/#\/schema\/person\/d2acd86447ed0b6336089a8ba83164a0","name":"Christiane Stein","image":{"@type":"ImageObject","inLanguage":"de-DE","@id":"https:\/\/www.tafeldeko.de\/news\/#\/schema\/person\/image\/","url":"https:\/\/secure.gravatar.com\/avatar\/2054729fbfd1ebc9d3cf1fd55361d0b6?s=96&d=mm&r=g","contentUrl":"https:\/\/secure.gravatar.com\/avatar\/2054729fbfd1ebc9d3cf1fd55361d0b6?s=96&d=mm&r=g","caption":"Christiane Stein"}}]}},"_links":{"self":[{"href":"https:\/\/www.tafeldeko.de\/news\/wp-json\/wp\/v2\/posts\/2212"}],"collection":[{"href":"https:\/\/www.tafeldeko.de\/news\/wp-json\/wp\/v2\/posts"}],"about":[{"href":"https:\/\/www.tafeldeko.de\/news\/wp-json\/wp\/v2\/types\/post"}],"author":[{"embeddable":true,"href":"https:\/\/www.tafeldeko.de\/news\/wp-json\/wp\/v2\/users\/2"}],"replies":[{"embeddable":true,"href":"https:\/\/www.tafeldeko.de\/news\/wp-json\/wp\/v2\/comments?post=2212"}],"version-history":[{"count":0,"href":"https:\/\/www.tafeldeko.de\/news\/wp-json\/wp\/v2\/posts\/2212\/revisions"}],"wp:featuredmedia":[{"embeddable":true,"href":"https:\/\/www.tafeldeko.de\/news\/wp-json\/wp\/v2\/media\/2213"}],"wp:attachment":[{"href":"https:\/\/www.tafeldeko.de\/news\/wp-json\/wp\/v2\/media?parent=2212"}],"wp:term":[{"taxonomy":"category","embeddable":true,"href":"https:\/\/www.tafeldeko.de\/news\/wp-json\/wp\/v2\/categories?post=2212"},{"taxonomy":"post_tag","embeddable":true,"href":"https:\/\/www.tafeldeko.de\/news\/wp-json\/wp\/v2\/tags?post=2212"}],"curies":[{"name":"wp","href":"https:\/\/api.w.org\/{rel}","templated":true}]}}