{"id":2202,"date":"2012-05-14T17:27:54","date_gmt":"2012-05-14T15:27:54","guid":{"rendered":"http:\/\/www.tafeldeko.de\/news\/?p=2202"},"modified":"2012-05-14T17:27:54","modified_gmt":"2012-05-14T15:27:54","slug":"kerzen-gehoeren-zur-tischdeko-ganz-gleich-fuer-welchen-anlass-dekoriert-wird","status":"publish","type":"post","link":"https:\/\/www.tafeldeko.de\/news\/kerzen-gehoeren-zur-tischdeko-ganz-gleich-fuer-welchen-anlass-dekoriert-wird\/","title":{"rendered":"Kerzen geh\u00f6ren zur Tischdeko \u2013 ganz gleich, f\u00fcr welchen Anlass dekoriert wird"},"content":{"rendered":"<div class=\"textumfliessenrechts\"><img decoding=\"async\" loading=\"lazy\" src=\"https:\/\/www.tafeldeko.de\/news\/media\/users\/schnurchristian\/checked_pattern_kerze.jpg\" alt=\"Tischdeko mit Kerzen\" title=\"Tischdeko mit Kerzen\" width=\"173\" height=\"173\"  \/><br \/><a href=\"https:\/\/www.tafeldeko.de\/product_info.php\/products_id\/8900_Eckige-Motiv-Stumpenkerzen-Checked-pattern-H-he-120-mm.html_Eckige%20Motiv%20Stumpenkerzen%20Checked%20pattern%20H%C3%B6he%20120%20mm.html\" title=\"Tischdeko zum Brunch\"><b>Tischdeko zum Brunch<\/b><\/a><\/div>\n<p> Dekorationen stehen zu jeder Jahreszeit sozusagen \u201ehoch im Kurs\u201c. Ob es sich nun um die Deko von M\u00f6beln oder um die Tischdeko anl\u00e4sslich einer Feier handelt, als Gastgeber legt man Wert auf gutes Aussehen der R\u00e4umlichkeiten.<br \/>\nIn Punkto Deko und Tischdeko gibt es verschiedene M\u00f6glichkeiten, die Gestaltung vorzunehmen. Zu nennen sind zum einen die saisonalen Feierlichkeiten und Anl\u00e4sse und zum anderen Anl\u00e4sse wie Hochzeit, Taufe, Geburtstag oder die Gartenparty, die man mit einer <b>sch\u00f6nen Deko<\/b> ansprechend gestalten m\u00f6chte.<br \/>\nBei der Ausstattung der Tischdeko gibt es einige Dinge, die auf keinem Fall fehlen d\u00fcrfen. Dies sind die <b><a href=\"https:\/\/www.tafeldeko.de\/index.php\/cat\/c1284_Sommer-Servietten.html\" title=\"Servietten\">Servietten<\/a><\/b>, die zum einen als Schutz f\u00fcr die Kleidung verwendet und zum anderen zum Abtupfen des Mundes verwendet werden. Gerade die Servietten blicken auf eine lange Geschichte zur\u00fcck, denn auch bereits vor vielen Tausend Jahren wurden Servietten verwendet.<br \/>\nEin weiteres Accessoires, auf das man nicht verzichten sollte, sind Kerzen.<br \/>\nKerzen verleihen jeder gedeckten Tafel den Hauch von <b>Romantik und Sch\u00f6nheit<\/b>, vor allem heute, wenn man sich die Vielfalt der Kerzen betrachtet. Runde Kerzen, lange schmale Kerzen, eckige Kerzen, <b><a href=\"https:\/\/www.tafeldeko.de\/index.php\/cat\/c527_Kerzengl%C3%A4ser.html\" title=\"Kerzengl\u00e4ser\">Kerzengl\u00e4ser<\/a><\/b>, Teelichter und viele Formen und Farben machen uns die Wahl nicht einfach.<br \/>\nEine ganz tolle und recht neuartige Art der Gestaltung findet sich in der eckigen Motiv Stumpenkerze Checked pattern wieder. Die Form der Kerze an sich verleiht ihr bereits \u201edas gewisse Etwas\u201c, doch das ansprechend gestaltete Muster und die Farben auf dieser Kerze machen sie zu einem besonderen Blickfang.<br \/>\nFarbenfroh zeigt sich die eckige Stumpenkerze von ihrer besten Seite und macht so jede Tischdeko attraktiver. Gerade in dem Sommermonaten, wo alles gr\u00fcnt und bl\u00fcht drau\u00dfen, man h\u00f6rt die V\u00f6gel zwitschern, ist gute Laune angesagt \u2013 bei jeder Feier. Und diese Kerze verspr\u00fcht ebenfalls gute Laune und eben das <b>romantische Licht<\/b> am Abend. <\/p>\n","protected":false},"excerpt":{"rendered":"<p>Dekorationen stehen zu jeder Jahreszeit sozusagen \u201ehoch im Kurs\u201c. Ob es sich nun um die Deko von M\u00f6beln oder um die Tischdeko anl\u00e4sslich einer Feier handelt, als Gastgeber legt man Wert auf gutes Aussehen der R\u00e4umlichkeiten.<br \/>\nIn Punkto Deko und Tischdeko gibt es verschiedene M\u00f6glichkeiten, die Gestaltung vorzunehmen. Zu nennen sind zum einen die saisonalen Feierlichkeiten und Anl\u00e4sse und zum anderen Anl\u00e4sse wie Hochzeit, Taufe, Geburtstag oder die Gartenparty, die man mit einer sch\u00f6nen Deko ansprechend gestalten m\u00f6chte.<\/p>\n","protected":false},"author":2,"featured_media":2203,"comment_status":"open","ping_status":"open","sticky":false,"template":"","format":"standard","meta":{"footnotes":""},"categories":[1],"tags":[],"yoast_head":"<!-- This site is optimized with the Yoast SEO plugin v20.4 - https:\/\/yoast.com\/wordpress\/plugins\/seo\/ -->\n<title>Kerzen geh\u00f6ren zur Tischdeko \u2013 ganz gleich, f\u00fcr welchen Anlass dekoriert wird - Tafeldeko<\/title>\n<meta name=\"description\" content=\"Farbenfroh zeigt sich die eckige Stumpenkerze von ihrer besten Seite und macht so jede Tischdeko attraktiver.\" \/>\n<meta name=\"robots\" content=\"index, follow, max-snippet:-1, max-image-preview:large, max-video-preview:-1\" \/>\n<link rel=\"canonical\" href=\"https:\/\/www.tafeldeko.de\/news\/kerzen-gehoeren-zur-tischdeko-ganz-gleich-fuer-welchen-anlass-dekoriert-wird\/\" \/>\n<meta property=\"og:locale\" content=\"de_DE\" \/>\n<meta property=\"og:type\" content=\"article\" \/>\n<meta property=\"og:title\" content=\"Kerzen geh\u00f6ren zur Tischdeko \u2013 ganz gleich, f\u00fcr welchen Anlass dekoriert wird - Tafeldeko\" \/>\n<meta property=\"og:description\" content=\"Farbenfroh zeigt sich die eckige Stumpenkerze von ihrer besten Seite und macht so jede Tischdeko attraktiver.\" \/>\n<meta property=\"og:url\" content=\"https:\/\/www.tafeldeko.de\/news\/kerzen-gehoeren-zur-tischdeko-ganz-gleich-fuer-welchen-anlass-dekoriert-wird\/\" \/>\n<meta property=\"og:site_name\" content=\"Tafeldeko\" \/>\n<meta property=\"article:publisher\" content=\"https:\/\/www.facebook.com\/pages\/Tafeldeko-einzigartige-Tischdekoration\/174202655894\" \/>\n<meta property=\"article:published_time\" content=\"2012-05-14T15:27:54+00:00\" \/>\n<meta property=\"og:image\" content=\"https:\/\/www.tafeldeko.de\/news\/wp-content\/uploads\/2014\/09\/checked_pattern_kerze.jpg\" \/>\n\t<meta property=\"og:image:width\" content=\"173\" \/>\n\t<meta property=\"og:image:height\" content=\"173\" \/>\n\t<meta property=\"og:image:type\" content=\"image\/jpeg\" \/>\n<meta name=\"author\" content=\"Christiane Stein\" \/>\n<meta name=\"twitter:label1\" content=\"Verfasst von\" \/>\n\t<meta name=\"twitter:data1\" content=\"Christiane Stein\" \/>\n\t<meta name=\"twitter:label2\" content=\"Gesch\u00e4tzte Lesezeit\" \/>\n\t<meta name=\"twitter:data2\" content=\"2 Minuten\" \/>\n<script type=\"application\/ld+json\" class=\"yoast-schema-graph\">{\"@context\":\"https:\/\/schema.org\",\"@graph\":[{\"@type\":\"WebPage\",\"@id\":\"https:\/\/www.tafeldeko.de\/news\/kerzen-gehoeren-zur-tischdeko-ganz-gleich-fuer-welchen-anlass-dekoriert-wird\/\",\"url\":\"https:\/\/www.tafeldeko.de\/news\/kerzen-gehoeren-zur-tischdeko-ganz-gleich-fuer-welchen-anlass-dekoriert-wird\/\",\"name\":\"Kerzen geh\u00f6ren zur Tischdeko \u2013 ganz gleich, f\u00fcr welchen Anlass dekoriert wird - Tafeldeko\",\"isPartOf\":{\"@id\":\"https:\/\/www.tafeldeko.de\/news\/#website\"},\"datePublished\":\"2012-05-14T15:27:54+00:00\",\"dateModified\":\"2012-05-14T15:27:54+00:00\",\"author\":{\"@id\":\"https:\/\/www.tafeldeko.de\/news\/#\/schema\/person\/d2acd86447ed0b6336089a8ba83164a0\"},\"description\":\"Farbenfroh zeigt sich die eckige Stumpenkerze von ihrer besten Seite und macht so jede Tischdeko attraktiver.\",\"breadcrumb\":{\"@id\":\"https:\/\/www.tafeldeko.de\/news\/kerzen-gehoeren-zur-tischdeko-ganz-gleich-fuer-welchen-anlass-dekoriert-wird\/#breadcrumb\"},\"inLanguage\":\"de-DE\",\"potentialAction\":[{\"@type\":\"ReadAction\",\"target\":[\"https:\/\/www.tafeldeko.de\/news\/kerzen-gehoeren-zur-tischdeko-ganz-gleich-fuer-welchen-anlass-dekoriert-wird\/\"]}]},{\"@type\":\"BreadcrumbList\",\"@id\":\"https:\/\/www.tafeldeko.de\/news\/kerzen-gehoeren-zur-tischdeko-ganz-gleich-fuer-welchen-anlass-dekoriert-wird\/#breadcrumb\",\"itemListElement\":[{\"@type\":\"ListItem\",\"position\":1,\"name\":\"Tafeldeko\",\"item\":\"https:\/\/www.tafeldeko.de\/news\/\"},{\"@type\":\"ListItem\",\"position\":2,\"name\":\"Alte Beitr\u00e4ge\",\"item\":\"https:\/\/www.tafeldeko.de\/news\/alte-beitraege\/\"},{\"@type\":\"ListItem\",\"position\":3,\"name\":\"Tischdeko - Blog\",\"item\":\"https:\/\/www.tafeldeko.de\/news\/alte-beitraege\/tischdeko-blog\/\"},{\"@type\":\"ListItem\",\"position\":4,\"name\":\"Kerzen geh\u00f6ren zur Tischdeko \u2013 ganz gleich, f\u00fcr welchen Anlass dekoriert wird\"}]},{\"@type\":\"WebSite\",\"@id\":\"https:\/\/www.tafeldeko.de\/news\/#website\",\"url\":\"https:\/\/www.tafeldeko.de\/news\/\",\"name\":\"Tafeldeko\",\"description\":\"Blog mit Tischdeko und Tischdekoration Ideen\",\"potentialAction\":[{\"@type\":\"SearchAction\",\"target\":{\"@type\":\"EntryPoint\",\"urlTemplate\":\"https:\/\/www.tafeldeko.de\/news\/?s={search_term_string}\"},\"query-input\":\"required name=search_term_string\"}],\"inLanguage\":\"de-DE\"},{\"@type\":\"Person\",\"@id\":\"https:\/\/www.tafeldeko.de\/news\/#\/schema\/person\/d2acd86447ed0b6336089a8ba83164a0\",\"name\":\"Christiane Stein\",\"image\":{\"@type\":\"ImageObject\",\"inLanguage\":\"de-DE\",\"@id\":\"https:\/\/www.tafeldeko.de\/news\/#\/schema\/person\/image\/\",\"url\":\"https:\/\/secure.gravatar.com\/avatar\/2054729fbfd1ebc9d3cf1fd55361d0b6?s=96&d=mm&r=g\",\"contentUrl\":\"https:\/\/secure.gravatar.com\/avatar\/2054729fbfd1ebc9d3cf1fd55361d0b6?s=96&d=mm&r=g\",\"caption\":\"Christiane Stein\"}}]}<\/script>\n<!-- \/ Yoast SEO plugin. -->","yoast_head_json":{"title":"Kerzen geh\u00f6ren zur Tischdeko \u2013 ganz gleich, f\u00fcr welchen Anlass dekoriert wird - Tafeldeko","description":"Farbenfroh zeigt sich die eckige Stumpenkerze von ihrer besten Seite und macht so jede Tischdeko attraktiver.","robots":{"index":"index","follow":"follow","max-snippet":"max-snippet:-1","max-image-preview":"max-image-preview:large","max-video-preview":"max-video-preview:-1"},"canonical":"https:\/\/www.tafeldeko.de\/news\/kerzen-gehoeren-zur-tischdeko-ganz-gleich-fuer-welchen-anlass-dekoriert-wird\/","og_locale":"de_DE","og_type":"article","og_title":"Kerzen geh\u00f6ren zur Tischdeko \u2013 ganz gleich, f\u00fcr welchen Anlass dekoriert wird - Tafeldeko","og_description":"Farbenfroh zeigt sich die eckige Stumpenkerze von ihrer besten Seite und macht so jede Tischdeko attraktiver.","og_url":"https:\/\/www.tafeldeko.de\/news\/kerzen-gehoeren-zur-tischdeko-ganz-gleich-fuer-welchen-anlass-dekoriert-wird\/","og_site_name":"Tafeldeko","article_publisher":"https:\/\/www.facebook.com\/pages\/Tafeldeko-einzigartige-Tischdekoration\/174202655894","article_published_time":"2012-05-14T15:27:54+00:00","og_image":[{"width":173,"height":173,"url":"https:\/\/www.tafeldeko.de\/news\/wp-content\/uploads\/2014\/09\/checked_pattern_kerze.jpg","type":"image\/jpeg"}],"author":"Christiane Stein","twitter_misc":{"Verfasst von":"Christiane Stein","Gesch\u00e4tzte Lesezeit":"2 Minuten"},"schema":{"@context":"https:\/\/schema.org","@graph":[{"@type":"WebPage","@id":"https:\/\/www.tafeldeko.de\/news\/kerzen-gehoeren-zur-tischdeko-ganz-gleich-fuer-welchen-anlass-dekoriert-wird\/","url":"https:\/\/www.tafeldeko.de\/news\/kerzen-gehoeren-zur-tischdeko-ganz-gleich-fuer-welchen-anlass-dekoriert-wird\/","name":"Kerzen geh\u00f6ren zur Tischdeko \u2013 ganz gleich, f\u00fcr welchen Anlass dekoriert wird - Tafeldeko","isPartOf":{"@id":"https:\/\/www.tafeldeko.de\/news\/#website"},"datePublished":"2012-05-14T15:27:54+00:00","dateModified":"2012-05-14T15:27:54+00:00","author":{"@id":"https:\/\/www.tafeldeko.de\/news\/#\/schema\/person\/d2acd86447ed0b6336089a8ba83164a0"},"description":"Farbenfroh zeigt sich die eckige Stumpenkerze von ihrer besten Seite und macht so jede Tischdeko attraktiver.","breadcrumb":{"@id":"https:\/\/www.tafeldeko.de\/news\/kerzen-gehoeren-zur-tischdeko-ganz-gleich-fuer-welchen-anlass-dekoriert-wird\/#breadcrumb"},"inLanguage":"de-DE","potentialAction":[{"@type":"ReadAction","target":["https:\/\/www.tafeldeko.de\/news\/kerzen-gehoeren-zur-tischdeko-ganz-gleich-fuer-welchen-anlass-dekoriert-wird\/"]}]},{"@type":"BreadcrumbList","@id":"https:\/\/www.tafeldeko.de\/news\/kerzen-gehoeren-zur-tischdeko-ganz-gleich-fuer-welchen-anlass-dekoriert-wird\/#breadcrumb","itemListElement":[{"@type":"ListItem","position":1,"name":"Tafeldeko","item":"https:\/\/www.tafeldeko.de\/news\/"},{"@type":"ListItem","position":2,"name":"Alte Beitr\u00e4ge","item":"https:\/\/www.tafeldeko.de\/news\/alte-beitraege\/"},{"@type":"ListItem","position":3,"name":"Tischdeko - Blog","item":"https:\/\/www.tafeldeko.de\/news\/alte-beitraege\/tischdeko-blog\/"},{"@type":"ListItem","position":4,"name":"Kerzen geh\u00f6ren zur Tischdeko \u2013 ganz gleich, f\u00fcr welchen Anlass dekoriert wird"}]},{"@type":"WebSite","@id":"https:\/\/www.tafeldeko.de\/news\/#website","url":"https:\/\/www.tafeldeko.de\/news\/","name":"Tafeldeko","description":"Blog mit Tischdeko und Tischdekoration Ideen","potentialAction":[{"@type":"SearchAction","target":{"@type":"EntryPoint","urlTemplate":"https:\/\/www.tafeldeko.de\/news\/?s={search_term_string}"},"query-input":"required name=search_term_string"}],"inLanguage":"de-DE"},{"@type":"Person","@id":"https:\/\/www.tafeldeko.de\/news\/#\/schema\/person\/d2acd86447ed0b6336089a8ba83164a0","name":"Christiane Stein","image":{"@type":"ImageObject","inLanguage":"de-DE","@id":"https:\/\/www.tafeldeko.de\/news\/#\/schema\/person\/image\/","url":"https:\/\/secure.gravatar.com\/avatar\/2054729fbfd1ebc9d3cf1fd55361d0b6?s=96&d=mm&r=g","contentUrl":"https:\/\/secure.gravatar.com\/avatar\/2054729fbfd1ebc9d3cf1fd55361d0b6?s=96&d=mm&r=g","caption":"Christiane Stein"}}]}},"_links":{"self":[{"href":"https:\/\/www.tafeldeko.de\/news\/wp-json\/wp\/v2\/posts\/2202"}],"collection":[{"href":"https:\/\/www.tafeldeko.de\/news\/wp-json\/wp\/v2\/posts"}],"about":[{"href":"https:\/\/www.tafeldeko.de\/news\/wp-json\/wp\/v2\/types\/post"}],"author":[{"embeddable":true,"href":"https:\/\/www.tafeldeko.de\/news\/wp-json\/wp\/v2\/users\/2"}],"replies":[{"embeddable":true,"href":"https:\/\/www.tafeldeko.de\/news\/wp-json\/wp\/v2\/comments?post=2202"}],"version-history":[{"count":0,"href":"https:\/\/www.tafeldeko.de\/news\/wp-json\/wp\/v2\/posts\/2202\/revisions"}],"wp:featuredmedia":[{"embeddable":true,"href":"https:\/\/www.tafeldeko.de\/news\/wp-json\/wp\/v2\/media\/2203"}],"wp:attachment":[{"href":"https:\/\/www.tafeldeko.de\/news\/wp-json\/wp\/v2\/media?parent=2202"}],"wp:term":[{"taxonomy":"category","embeddable":true,"href":"https:\/\/www.tafeldeko.de\/news\/wp-json\/wp\/v2\/categories?post=2202"},{"taxonomy":"post_tag","embeddable":true,"href":"https:\/\/www.tafeldeko.de\/news\/wp-json\/wp\/v2\/tags?post=2202"}],"curies":[{"name":"wp","href":"https:\/\/api.w.org\/{rel}","templated":true}]}}