{"id":2201,"date":"2012-04-26T13:27:46","date_gmt":"2012-04-26T11:27:46","guid":{"rendered":"http:\/\/www.tafeldeko.de\/news\/?p=2201"},"modified":"2012-04-26T13:27:46","modified_gmt":"2012-04-26T11:27:46","slug":"die-tischdekoration-setzt-gemuetliche-akzente-bei-jeder-feierlichkeit","status":"publish","type":"post","link":"https:\/\/www.tafeldeko.de\/news\/die-tischdekoration-setzt-gemuetliche-akzente-bei-jeder-feierlichkeit\/","title":{"rendered":"Die Tischdekoration setzt gem\u00fctliche Akzente bei jeder Feierlichkeit"},"content":{"rendered":"<div class=\"textumfliessenrechts\"><img decoding=\"async\" loading=\"lazy\" src=\"https:\/\/www.tafeldeko.de\/news\/media\/users\/schnurchristian\/gebu_gruen_lila.jpg\" alt=\"sch\u00f6ne Tischdeko\" title=\"sch\u00f6ne Tischdeko\" width=\"324\" height=\"249\" \/><br \/><a href=\"https:\/\/www.tafeldeko.de\/mustertische\/index.php?t=12&#038;c=5&#038;lang=2\" title=\"Hier Tischdeko zu Pfingsten\"><b>Hier Tischdeko zu Pfingsten<\/b><\/a><\/div>\n<p> Wer in der n\u00e4chsten Zeit eine Feierlichkeit plant und organisiert, sollte sich auch Gedanken zur Tischdekoration machen. Da spielt es keine Rolle, ob man Geburtstag, Hochzeit, Jubil\u00e4um oder eine Taufe feiert. Wenn sich die G\u00e4ste an einen sch\u00f6n gedeckten Tisch setzten k\u00f6nnen, kommt Gem\u00fctlichkeit auf und das ist ein sehr sch\u00f6ner Nebeneffekt der originellen Tischdekoration.<br \/>\nWenn um die Pfingst-Zeit gefeiert wird, kann man bereits eine sommerliche Tischdekoration auf den Tisch bringen. K\u00fcndigt sich Pfingsten an, dauert es mit dem Sommer nicht mehr lange und so kann man sommerliche Farben in Szene setzen. Wie w\u00e4re es mit der Farbkombination lila und gr\u00fcn?<br \/>\nDiese beiden Farben harmonieren ideal miteinander und man k\u00f6nnte sehr <b>sch\u00f6ne Akzente<\/b> mit dieser Tischdeko setzten.<br \/>\nAuf dem Tisch kann man beispielsweise einen Tischl\u00e4ufer in der Mitte des Tisches entlang laufen lassen und einen <b><a href=\"https:\/\/www.tafeldeko.de\/index.php\/cat\/c441_Organza-Stoffe.html\" title=\"Organzastoff\">Organzastoff<\/a><\/b> in gr\u00fcn dazu legen. So w\u00e4re das erste Grundger\u00fcst geschaffen und danach kann man weitere Deko-Utensilien auf dem Tisch drapieren. Das k\u00f6nnen Servietten sein, die zueinander passen, <b><a href=\"https:\/\/www.tafeldeko.de\/index.php\/cat\/c533_Teelichthalter.html\" title=\"Teelichtgl\u00e4ser\">Teelichtgl\u00e4ser<\/a><\/b> in lila, Dekosteine, Rattan-Kugeln in Lila- und Gr\u00fcnt\u00f6nen oder die Men\u00fckarte.<br \/>\nDer Kreativit\u00e4t und dem Einfallsreichtum sind keinerlei Grenzen gesetzt und der Beispieltisch kann eine sch\u00f6ne Vorgabe sein. Das eine oder andere kann man weglassen oder dementsprechend ver\u00e4ndern. Ebenso, wie es einem gef\u00e4llt.<br \/>\nEines sollte jedoch jedem bewusst sein, der f\u00fcr eine Feierlichkeit plant, dass eine Tischdeko sehr viel zum Gelingen der Feier beitr\u00e4gt. Sicherlich sind das Essen und die Getr\u00e4nke ebenfalls ausschlaggebend f\u00fcr die Fete, aber die Tischdekoration sollte man nicht untersch\u00e4tzen. Des Weiteren k\u00f6nnen die Vorbereitungen f\u00fcr die Feier sehr viel Freude bereiten. Letztlich kann man nur noch viel Spa\u00df beim Feiern w\u00fcnschen.<\/p>\n","protected":false},"excerpt":{"rendered":"<p>Wer in der n\u00e4chsten Zeit eine Feierlichkeit plant und organisiert, sollte sich auch Gedanken zur Tischdekoration machen. Da spielt es keine Rolle, ob man Geburtstag, Hochzeit, Jubil\u00e4um oder eine Taufe feiert. Wenn sich die G\u00e4ste an einen sch\u00f6n gedeckten Tisch setzten k\u00f6nnen, kommt Gem\u00fctlichkeit auf und das ist ein sehr sch\u00f6ner Nebeneffekt der originellen Tischdekoration.<\/p>\n","protected":false},"author":2,"featured_media":1125,"comment_status":"open","ping_status":"open","sticky":false,"template":"","format":"standard","meta":{"footnotes":""},"categories":[1],"tags":[],"yoast_head":"<!-- This site is optimized with the Yoast SEO plugin v20.4 - https:\/\/yoast.com\/wordpress\/plugins\/seo\/ -->\n<title>Die Tischdekoration setzt gem\u00fctliche Akzente bei jeder Feierlichkeit - Tafeldeko<\/title>\n<meta name=\"description\" content=\"Der Kreativit&#xE4;t und dem Einfallsreichtum sind bei der Tischdeko keinerlei Grenzen gesetzt. Accesoires, Servietten und alles f&#xFC;r die Tischdeko finden Sie hier.\" \/>\n<meta name=\"robots\" content=\"index, follow, max-snippet:-1, max-image-preview:large, max-video-preview:-1\" \/>\n<link rel=\"canonical\" href=\"https:\/\/www.tafeldeko.de\/news\/die-tischdekoration-setzt-gemuetliche-akzente-bei-jeder-feierlichkeit\/\" \/>\n<meta property=\"og:locale\" content=\"de_DE\" \/>\n<meta property=\"og:type\" content=\"article\" \/>\n<meta property=\"og:title\" content=\"Die Tischdekoration setzt gem\u00fctliche Akzente bei jeder Feierlichkeit - Tafeldeko\" \/>\n<meta property=\"og:description\" content=\"Der Kreativit&#xE4;t und dem Einfallsreichtum sind bei der Tischdeko keinerlei Grenzen gesetzt. Accesoires, Servietten und alles f&#xFC;r die Tischdeko finden Sie hier.\" \/>\n<meta property=\"og:url\" content=\"https:\/\/www.tafeldeko.de\/news\/die-tischdekoration-setzt-gemuetliche-akzente-bei-jeder-feierlichkeit\/\" \/>\n<meta property=\"og:site_name\" content=\"Tafeldeko\" \/>\n<meta property=\"article:publisher\" content=\"https:\/\/www.facebook.com\/pages\/Tafeldeko-einzigartige-Tischdekoration\/174202655894\" \/>\n<meta property=\"article:published_time\" content=\"2012-04-26T11:27:46+00:00\" \/>\n<meta property=\"og:image\" content=\"https:\/\/www.tafeldeko.de\/news\/wp-content\/uploads\/2014\/09\/gebu_gruen_lila.jpg\" \/>\n\t<meta property=\"og:image:width\" content=\"724\" \/>\n\t<meta property=\"og:image:height\" content=\"449\" \/>\n\t<meta property=\"og:image:type\" content=\"image\/jpeg\" \/>\n<meta name=\"author\" content=\"Christiane Stein\" \/>\n<meta name=\"twitter:label1\" content=\"Verfasst von\" \/>\n\t<meta name=\"twitter:data1\" content=\"Christiane Stein\" \/>\n\t<meta name=\"twitter:label2\" content=\"Gesch\u00e4tzte Lesezeit\" \/>\n\t<meta name=\"twitter:data2\" content=\"2 Minuten\" \/>\n<script type=\"application\/ld+json\" class=\"yoast-schema-graph\">{\"@context\":\"https:\/\/schema.org\",\"@graph\":[{\"@type\":\"WebPage\",\"@id\":\"https:\/\/www.tafeldeko.de\/news\/die-tischdekoration-setzt-gemuetliche-akzente-bei-jeder-feierlichkeit\/\",\"url\":\"https:\/\/www.tafeldeko.de\/news\/die-tischdekoration-setzt-gemuetliche-akzente-bei-jeder-feierlichkeit\/\",\"name\":\"Die Tischdekoration setzt gem\u00fctliche Akzente bei jeder Feierlichkeit - Tafeldeko\",\"isPartOf\":{\"@id\":\"https:\/\/www.tafeldeko.de\/news\/#website\"},\"datePublished\":\"2012-04-26T11:27:46+00:00\",\"dateModified\":\"2012-04-26T11:27:46+00:00\",\"author\":{\"@id\":\"https:\/\/www.tafeldeko.de\/news\/#\/schema\/person\/d2acd86447ed0b6336089a8ba83164a0\"},\"description\":\"Der Kreativit&#xE4;t und dem Einfallsreichtum sind bei der Tischdeko keinerlei Grenzen gesetzt. Accesoires, Servietten und alles f&#xFC;r die Tischdeko finden Sie hier.\",\"breadcrumb\":{\"@id\":\"https:\/\/www.tafeldeko.de\/news\/die-tischdekoration-setzt-gemuetliche-akzente-bei-jeder-feierlichkeit\/#breadcrumb\"},\"inLanguage\":\"de-DE\",\"potentialAction\":[{\"@type\":\"ReadAction\",\"target\":[\"https:\/\/www.tafeldeko.de\/news\/die-tischdekoration-setzt-gemuetliche-akzente-bei-jeder-feierlichkeit\/\"]}]},{\"@type\":\"BreadcrumbList\",\"@id\":\"https:\/\/www.tafeldeko.de\/news\/die-tischdekoration-setzt-gemuetliche-akzente-bei-jeder-feierlichkeit\/#breadcrumb\",\"itemListElement\":[{\"@type\":\"ListItem\",\"position\":1,\"name\":\"Tafeldeko\",\"item\":\"https:\/\/www.tafeldeko.de\/news\/\"},{\"@type\":\"ListItem\",\"position\":2,\"name\":\"Alte Beitr\u00e4ge\",\"item\":\"https:\/\/www.tafeldeko.de\/news\/alte-beitraege\/\"},{\"@type\":\"ListItem\",\"position\":3,\"name\":\"Tischdeko - Blog\",\"item\":\"https:\/\/www.tafeldeko.de\/news\/alte-beitraege\/tischdeko-blog\/\"},{\"@type\":\"ListItem\",\"position\":4,\"name\":\"Die Tischdekoration setzt gem\u00fctliche Akzente bei jeder Feierlichkeit\"}]},{\"@type\":\"WebSite\",\"@id\":\"https:\/\/www.tafeldeko.de\/news\/#website\",\"url\":\"https:\/\/www.tafeldeko.de\/news\/\",\"name\":\"Tafeldeko\",\"description\":\"Blog mit Tischdeko und Tischdekoration Ideen\",\"potentialAction\":[{\"@type\":\"SearchAction\",\"target\":{\"@type\":\"EntryPoint\",\"urlTemplate\":\"https:\/\/www.tafeldeko.de\/news\/?s={search_term_string}\"},\"query-input\":\"required name=search_term_string\"}],\"inLanguage\":\"de-DE\"},{\"@type\":\"Person\",\"@id\":\"https:\/\/www.tafeldeko.de\/news\/#\/schema\/person\/d2acd86447ed0b6336089a8ba83164a0\",\"name\":\"Christiane Stein\",\"image\":{\"@type\":\"ImageObject\",\"inLanguage\":\"de-DE\",\"@id\":\"https:\/\/www.tafeldeko.de\/news\/#\/schema\/person\/image\/\",\"url\":\"https:\/\/secure.gravatar.com\/avatar\/2054729fbfd1ebc9d3cf1fd55361d0b6?s=96&d=mm&r=g\",\"contentUrl\":\"https:\/\/secure.gravatar.com\/avatar\/2054729fbfd1ebc9d3cf1fd55361d0b6?s=96&d=mm&r=g\",\"caption\":\"Christiane Stein\"}}]}<\/script>\n<!-- \/ Yoast SEO plugin. -->","yoast_head_json":{"title":"Die Tischdekoration setzt gem\u00fctliche Akzente bei jeder Feierlichkeit - Tafeldeko","description":"Der Kreativit&#xE4;t und dem Einfallsreichtum sind bei der Tischdeko keinerlei Grenzen gesetzt. Accesoires, Servietten und alles f&#xFC;r die Tischdeko finden Sie hier.","robots":{"index":"index","follow":"follow","max-snippet":"max-snippet:-1","max-image-preview":"max-image-preview:large","max-video-preview":"max-video-preview:-1"},"canonical":"https:\/\/www.tafeldeko.de\/news\/die-tischdekoration-setzt-gemuetliche-akzente-bei-jeder-feierlichkeit\/","og_locale":"de_DE","og_type":"article","og_title":"Die Tischdekoration setzt gem\u00fctliche Akzente bei jeder Feierlichkeit - Tafeldeko","og_description":"Der Kreativit&#xE4;t und dem Einfallsreichtum sind bei der Tischdeko keinerlei Grenzen gesetzt. Accesoires, Servietten und alles f&#xFC;r die Tischdeko finden Sie hier.","og_url":"https:\/\/www.tafeldeko.de\/news\/die-tischdekoration-setzt-gemuetliche-akzente-bei-jeder-feierlichkeit\/","og_site_name":"Tafeldeko","article_publisher":"https:\/\/www.facebook.com\/pages\/Tafeldeko-einzigartige-Tischdekoration\/174202655894","article_published_time":"2012-04-26T11:27:46+00:00","og_image":[{"width":724,"height":449,"url":"https:\/\/www.tafeldeko.de\/news\/wp-content\/uploads\/2014\/09\/gebu_gruen_lila.jpg","type":"image\/jpeg"}],"author":"Christiane Stein","twitter_misc":{"Verfasst von":"Christiane Stein","Gesch\u00e4tzte Lesezeit":"2 Minuten"},"schema":{"@context":"https:\/\/schema.org","@graph":[{"@type":"WebPage","@id":"https:\/\/www.tafeldeko.de\/news\/die-tischdekoration-setzt-gemuetliche-akzente-bei-jeder-feierlichkeit\/","url":"https:\/\/www.tafeldeko.de\/news\/die-tischdekoration-setzt-gemuetliche-akzente-bei-jeder-feierlichkeit\/","name":"Die Tischdekoration setzt gem\u00fctliche Akzente bei jeder Feierlichkeit - Tafeldeko","isPartOf":{"@id":"https:\/\/www.tafeldeko.de\/news\/#website"},"datePublished":"2012-04-26T11:27:46+00:00","dateModified":"2012-04-26T11:27:46+00:00","author":{"@id":"https:\/\/www.tafeldeko.de\/news\/#\/schema\/person\/d2acd86447ed0b6336089a8ba83164a0"},"description":"Der Kreativit&#xE4;t und dem Einfallsreichtum sind bei der Tischdeko keinerlei Grenzen gesetzt. Accesoires, Servietten und alles f&#xFC;r die Tischdeko finden Sie hier.","breadcrumb":{"@id":"https:\/\/www.tafeldeko.de\/news\/die-tischdekoration-setzt-gemuetliche-akzente-bei-jeder-feierlichkeit\/#breadcrumb"},"inLanguage":"de-DE","potentialAction":[{"@type":"ReadAction","target":["https:\/\/www.tafeldeko.de\/news\/die-tischdekoration-setzt-gemuetliche-akzente-bei-jeder-feierlichkeit\/"]}]},{"@type":"BreadcrumbList","@id":"https:\/\/www.tafeldeko.de\/news\/die-tischdekoration-setzt-gemuetliche-akzente-bei-jeder-feierlichkeit\/#breadcrumb","itemListElement":[{"@type":"ListItem","position":1,"name":"Tafeldeko","item":"https:\/\/www.tafeldeko.de\/news\/"},{"@type":"ListItem","position":2,"name":"Alte Beitr\u00e4ge","item":"https:\/\/www.tafeldeko.de\/news\/alte-beitraege\/"},{"@type":"ListItem","position":3,"name":"Tischdeko - Blog","item":"https:\/\/www.tafeldeko.de\/news\/alte-beitraege\/tischdeko-blog\/"},{"@type":"ListItem","position":4,"name":"Die Tischdekoration setzt gem\u00fctliche Akzente bei jeder Feierlichkeit"}]},{"@type":"WebSite","@id":"https:\/\/www.tafeldeko.de\/news\/#website","url":"https:\/\/www.tafeldeko.de\/news\/","name":"Tafeldeko","description":"Blog mit Tischdeko und Tischdekoration Ideen","potentialAction":[{"@type":"SearchAction","target":{"@type":"EntryPoint","urlTemplate":"https:\/\/www.tafeldeko.de\/news\/?s={search_term_string}"},"query-input":"required name=search_term_string"}],"inLanguage":"de-DE"},{"@type":"Person","@id":"https:\/\/www.tafeldeko.de\/news\/#\/schema\/person\/d2acd86447ed0b6336089a8ba83164a0","name":"Christiane Stein","image":{"@type":"ImageObject","inLanguage":"de-DE","@id":"https:\/\/www.tafeldeko.de\/news\/#\/schema\/person\/image\/","url":"https:\/\/secure.gravatar.com\/avatar\/2054729fbfd1ebc9d3cf1fd55361d0b6?s=96&d=mm&r=g","contentUrl":"https:\/\/secure.gravatar.com\/avatar\/2054729fbfd1ebc9d3cf1fd55361d0b6?s=96&d=mm&r=g","caption":"Christiane Stein"}}]}},"_links":{"self":[{"href":"https:\/\/www.tafeldeko.de\/news\/wp-json\/wp\/v2\/posts\/2201"}],"collection":[{"href":"https:\/\/www.tafeldeko.de\/news\/wp-json\/wp\/v2\/posts"}],"about":[{"href":"https:\/\/www.tafeldeko.de\/news\/wp-json\/wp\/v2\/types\/post"}],"author":[{"embeddable":true,"href":"https:\/\/www.tafeldeko.de\/news\/wp-json\/wp\/v2\/users\/2"}],"replies":[{"embeddable":true,"href":"https:\/\/www.tafeldeko.de\/news\/wp-json\/wp\/v2\/comments?post=2201"}],"version-history":[{"count":0,"href":"https:\/\/www.tafeldeko.de\/news\/wp-json\/wp\/v2\/posts\/2201\/revisions"}],"wp:featuredmedia":[{"embeddable":true,"href":"https:\/\/www.tafeldeko.de\/news\/wp-json\/wp\/v2\/media\/1125"}],"wp:attachment":[{"href":"https:\/\/www.tafeldeko.de\/news\/wp-json\/wp\/v2\/media?parent=2201"}],"wp:term":[{"taxonomy":"category","embeddable":true,"href":"https:\/\/www.tafeldeko.de\/news\/wp-json\/wp\/v2\/categories?post=2201"},{"taxonomy":"post_tag","embeddable":true,"href":"https:\/\/www.tafeldeko.de\/news\/wp-json\/wp\/v2\/tags?post=2201"}],"curies":[{"name":"wp","href":"https:\/\/api.w.org\/{rel}","templated":true}]}}