{"id":2196,"date":"2012-01-06T21:14:26","date_gmt":"2012-01-06T19:14:26","guid":{"rendered":"http:\/\/www.tafeldeko.de\/news\/?p=2196"},"modified":"2012-01-06T21:14:26","modified_gmt":"2012-01-06T19:14:26","slug":"fruehlingsfrische-tischdeko-in-pink-und-apricot","status":"publish","type":"post","link":"https:\/\/www.tafeldeko.de\/news\/fruehlingsfrische-tischdeko-in-pink-und-apricot\/","title":{"rendered":"Fr\u00fchlingsfrische Tischdeko in pink und apricot"},"content":{"rendered":"<div class=\"textumfliessenrechts\"><img decoding=\"async\" loading=\"lazy\" src=\"https:\/\/www.tafeldeko.de\/news\/media\/users\/schnurchristian\/duni_tilla.jpg\" alt=\"Duni Tilla\" title=\"Duni Tilla\" width=\"250\" height=\"170\" \/><br \/><a href=\"https:\/\/www.tafeldeko.de\/index.php\/cat\/c383_Duni-Fr%C3%BChling.html\" title=\"fr\u00fchlingshafte Tischdeko\"><b>fr\u00fchlingshafte Tischdeko<\/b><\/a><\/div>\n<p> Die Tischdekoration hat zu jeder Jahreszeit und zu den verschiedensten Anl\u00e4ssen Bestand.<br \/>\nDoch wenn es in Richtung Fr\u00fchling geht, m\u00f6chte man mit der Tischdeko auch im gewissen Sinne die tristen, kalten und grauen Wintertage hinter sich lassen und mit Farbe und den ersten <b>Fr\u00fchlingsboten <\/b>die Tische schm\u00fccken.<br \/>\nZu den Fr\u00fchlingsboten z\u00e4hlen beispielsweise auch die <b><a href=\"https:\/\/www.tafeldeko.de\/index.php\/cat\/c1922_Fr%C3%BChling.html\" title=\"Tulpen\">Tulpen<\/a><\/b>. Diese k\u00f6nnen in Form eines Blumenstrau\u00dfes in einer sch\u00f6nen Vase die ersten Fr\u00fchlingsgedanken wecken und gleichzeitig den Tisch schm\u00fccken \u2013 auch ohne Anlass und Feier stets sch\u00f6n anzuschauen.<br \/>\nSteht nun jedoch eine Feier an, bedeutet dies auch, dass man sich um eine Tischdeko k\u00fcmmern sollte. Jeder Gast f\u00fchlt sich an einem sch\u00f6n eingedeckten Tisch wohl und nimmt gerne daran Platz.<br \/>\nGerade in den Monaten Februar, M\u00e4rz und April m\u00f6chte man den Winter \u201eabsch\u00fctteln\u201c und so langsam die w\u00e4rmeren Tage begr\u00fc\u00dfen. Mit einer fr\u00fchlingshaften Tischdeko gelingt dies schon mal in den Innenr\u00e4umen.<br \/>\nEine neue Serie von Duni mit dem sch\u00f6nen Namen \u201eDuni Tilla Pink\u201c ist eine Ausstattung der Tischdeko, die Farbe und gute Laune verspr\u00fcht.<br \/>\nRosafarbene Tulpen auf wei\u00dfem Untergrund sind die Accessoires dieser Tischdekoration.<br \/>\nMan kann die Tischdeko mit einer apricotfarbenen Tischdecke oder einem Tischl\u00e4ufer ausstatten und darauf die ansprechend gefalteten Servietten Tilla pink auflegen. Dadurch ergibt sich ein <b>wundersch\u00f6nes Arrangement<\/b>, das den Fr\u00fchling ank\u00fcndigt. Ein kleiner Blumenstrau\u00df aus Tulpen oder ein anderer kleiner Blumenstock kann das Bild der fr\u00fchlingshaften Tischdeko erg\u00e4nzen.<br \/>\nAuch eine <b><a href=\"https:\/\/www.tafeldeko.de\/index.php\/cat\/c526_Kerzen---Kerzenhalter.html\" title=\"Kerze\">Kerze<\/a><\/b>, beispielsweise in Form eines matt-wei\u00dfen Kerzenglases sollten hier bei dieser Tischdeko nicht fehlen.<br \/>\nDuni Tilla Pink ist auf jeden Fall eine wundersch\u00f6ne Erg\u00e4nzung f\u00fcr die Tischdeko im Fr\u00fchjahr und ist als erster farblicher Gru\u00df bestens geeignet. <\/p>\n","protected":false},"excerpt":{"rendered":"<p>Die Tischdekoration hat zu jeder Jahreszeit und zu den verschiedensten Anl\u00e4ssen Bestand.<br \/>\nDoch wenn es in Richtung Fr\u00fchling geht, m\u00f6chte man mit der Tischdeko auch im gewissen Sinne die tristen, kalten und grauen Wintertage hinter sich lassen und mit Farbe und den ersten Fr\u00fchlingsboten die Tische schm\u00fccken.<br \/>\nZu den Fr\u00fchlingsboten z\u00e4hlen beispielsweise auch die . Diese k\u00f6nnen in Form eines Blumenstrau\u00dfes in einer sch\u00f6nen Vase die ersten Fr\u00fchlingsgedanken wecken und gleichzeitig den Tisch schm\u00fccken \u2013 auch ohne Anlass und Feier stets sch\u00f6n anzuschauen.<\/p>\n","protected":false},"author":2,"featured_media":1073,"comment_status":"open","ping_status":"open","sticky":false,"template":"","format":"standard","meta":{"footnotes":""},"categories":[1],"tags":[],"yoast_head":"<!-- This site is optimized with the Yoast SEO plugin v20.4 - https:\/\/yoast.com\/wordpress\/plugins\/seo\/ -->\n<title>Fr\u00fchlingsfrische Tischdeko in pink und apricot - Tafeldeko<\/title>\n<meta name=\"description\" content=\"Im Fr&#xFC;hling m&#xF6;chte man den Winter &#x201E;absch&#xFC;tteln&#x201C; und so langsam die w&#xE4;rmeren Tage begr&#xFC;&#xDF;en. Mit einer fr&#xFC;hlingshaften Tischdeko gelingt dies hervorragend.\" \/>\n<meta name=\"robots\" content=\"index, follow, max-snippet:-1, max-image-preview:large, max-video-preview:-1\" \/>\n<link rel=\"canonical\" href=\"https:\/\/www.tafeldeko.de\/news\/fruehlingsfrische-tischdeko-in-pink-und-apricot\/\" \/>\n<meta property=\"og:locale\" content=\"de_DE\" \/>\n<meta property=\"og:type\" content=\"article\" \/>\n<meta property=\"og:title\" content=\"Fr\u00fchlingsfrische Tischdeko in pink und apricot - Tafeldeko\" \/>\n<meta property=\"og:description\" content=\"Im Fr&#xFC;hling m&#xF6;chte man den Winter &#x201E;absch&#xFC;tteln&#x201C; und so langsam die w&#xE4;rmeren Tage begr&#xFC;&#xDF;en. Mit einer fr&#xFC;hlingshaften Tischdeko gelingt dies hervorragend.\" \/>\n<meta property=\"og:url\" content=\"https:\/\/www.tafeldeko.de\/news\/fruehlingsfrische-tischdeko-in-pink-und-apricot\/\" \/>\n<meta property=\"og:site_name\" content=\"Tafeldeko\" \/>\n<meta property=\"article:publisher\" content=\"https:\/\/www.facebook.com\/pages\/Tafeldeko-einzigartige-Tischdekoration\/174202655894\" \/>\n<meta property=\"article:published_time\" content=\"2012-01-06T19:14:26+00:00\" \/>\n<meta property=\"og:image\" content=\"https:\/\/www.tafeldeko.de\/news\/wp-content\/uploads\/2014\/09\/duni_tilla.jpg\" \/>\n\t<meta property=\"og:image:width\" content=\"250\" \/>\n\t<meta property=\"og:image:height\" content=\"170\" \/>\n\t<meta property=\"og:image:type\" content=\"image\/jpeg\" \/>\n<meta name=\"author\" content=\"Christiane Stein\" \/>\n<meta name=\"twitter:label1\" content=\"Verfasst von\" \/>\n\t<meta name=\"twitter:data1\" content=\"Christiane Stein\" \/>\n\t<meta name=\"twitter:label2\" content=\"Gesch\u00e4tzte Lesezeit\" \/>\n\t<meta name=\"twitter:data2\" content=\"2 Minuten\" \/>\n<script type=\"application\/ld+json\" class=\"yoast-schema-graph\">{\"@context\":\"https:\/\/schema.org\",\"@graph\":[{\"@type\":\"WebPage\",\"@id\":\"https:\/\/www.tafeldeko.de\/news\/fruehlingsfrische-tischdeko-in-pink-und-apricot\/\",\"url\":\"https:\/\/www.tafeldeko.de\/news\/fruehlingsfrische-tischdeko-in-pink-und-apricot\/\",\"name\":\"Fr\u00fchlingsfrische Tischdeko in pink und apricot - Tafeldeko\",\"isPartOf\":{\"@id\":\"https:\/\/www.tafeldeko.de\/news\/#website\"},\"datePublished\":\"2012-01-06T19:14:26+00:00\",\"dateModified\":\"2012-01-06T19:14:26+00:00\",\"author\":{\"@id\":\"https:\/\/www.tafeldeko.de\/news\/#\/schema\/person\/d2acd86447ed0b6336089a8ba83164a0\"},\"description\":\"Im Fr&#xFC;hling m&#xF6;chte man den Winter &#x201E;absch&#xFC;tteln&#x201C; und so langsam die w&#xE4;rmeren Tage begr&#xFC;&#xDF;en. Mit einer fr&#xFC;hlingshaften Tischdeko gelingt dies hervorragend.\",\"breadcrumb\":{\"@id\":\"https:\/\/www.tafeldeko.de\/news\/fruehlingsfrische-tischdeko-in-pink-und-apricot\/#breadcrumb\"},\"inLanguage\":\"de-DE\",\"potentialAction\":[{\"@type\":\"ReadAction\",\"target\":[\"https:\/\/www.tafeldeko.de\/news\/fruehlingsfrische-tischdeko-in-pink-und-apricot\/\"]}]},{\"@type\":\"BreadcrumbList\",\"@id\":\"https:\/\/www.tafeldeko.de\/news\/fruehlingsfrische-tischdeko-in-pink-und-apricot\/#breadcrumb\",\"itemListElement\":[{\"@type\":\"ListItem\",\"position\":1,\"name\":\"Tafeldeko\",\"item\":\"https:\/\/www.tafeldeko.de\/news\/\"},{\"@type\":\"ListItem\",\"position\":2,\"name\":\"Alte Beitr\u00e4ge\",\"item\":\"https:\/\/www.tafeldeko.de\/news\/alte-beitraege\/\"},{\"@type\":\"ListItem\",\"position\":3,\"name\":\"Tischdeko - Blog\",\"item\":\"https:\/\/www.tafeldeko.de\/news\/alte-beitraege\/tischdeko-blog\/\"},{\"@type\":\"ListItem\",\"position\":4,\"name\":\"Fr\u00fchlingsfrische Tischdeko in pink und apricot\"}]},{\"@type\":\"WebSite\",\"@id\":\"https:\/\/www.tafeldeko.de\/news\/#website\",\"url\":\"https:\/\/www.tafeldeko.de\/news\/\",\"name\":\"Tafeldeko\",\"description\":\"Blog mit Tischdeko und Tischdekoration Ideen\",\"potentialAction\":[{\"@type\":\"SearchAction\",\"target\":{\"@type\":\"EntryPoint\",\"urlTemplate\":\"https:\/\/www.tafeldeko.de\/news\/?s={search_term_string}\"},\"query-input\":\"required name=search_term_string\"}],\"inLanguage\":\"de-DE\"},{\"@type\":\"Person\",\"@id\":\"https:\/\/www.tafeldeko.de\/news\/#\/schema\/person\/d2acd86447ed0b6336089a8ba83164a0\",\"name\":\"Christiane Stein\",\"image\":{\"@type\":\"ImageObject\",\"inLanguage\":\"de-DE\",\"@id\":\"https:\/\/www.tafeldeko.de\/news\/#\/schema\/person\/image\/\",\"url\":\"https:\/\/secure.gravatar.com\/avatar\/2054729fbfd1ebc9d3cf1fd55361d0b6?s=96&d=mm&r=g\",\"contentUrl\":\"https:\/\/secure.gravatar.com\/avatar\/2054729fbfd1ebc9d3cf1fd55361d0b6?s=96&d=mm&r=g\",\"caption\":\"Christiane Stein\"}}]}<\/script>\n<!-- \/ Yoast SEO plugin. -->","yoast_head_json":{"title":"Fr\u00fchlingsfrische Tischdeko in pink und apricot - Tafeldeko","description":"Im Fr&#xFC;hling m&#xF6;chte man den Winter &#x201E;absch&#xFC;tteln&#x201C; und so langsam die w&#xE4;rmeren Tage begr&#xFC;&#xDF;en. Mit einer fr&#xFC;hlingshaften Tischdeko gelingt dies hervorragend.","robots":{"index":"index","follow":"follow","max-snippet":"max-snippet:-1","max-image-preview":"max-image-preview:large","max-video-preview":"max-video-preview:-1"},"canonical":"https:\/\/www.tafeldeko.de\/news\/fruehlingsfrische-tischdeko-in-pink-und-apricot\/","og_locale":"de_DE","og_type":"article","og_title":"Fr\u00fchlingsfrische Tischdeko in pink und apricot - Tafeldeko","og_description":"Im Fr&#xFC;hling m&#xF6;chte man den Winter &#x201E;absch&#xFC;tteln&#x201C; und so langsam die w&#xE4;rmeren Tage begr&#xFC;&#xDF;en. Mit einer fr&#xFC;hlingshaften Tischdeko gelingt dies hervorragend.","og_url":"https:\/\/www.tafeldeko.de\/news\/fruehlingsfrische-tischdeko-in-pink-und-apricot\/","og_site_name":"Tafeldeko","article_publisher":"https:\/\/www.facebook.com\/pages\/Tafeldeko-einzigartige-Tischdekoration\/174202655894","article_published_time":"2012-01-06T19:14:26+00:00","og_image":[{"width":250,"height":170,"url":"https:\/\/www.tafeldeko.de\/news\/wp-content\/uploads\/2014\/09\/duni_tilla.jpg","type":"image\/jpeg"}],"author":"Christiane Stein","twitter_misc":{"Verfasst von":"Christiane Stein","Gesch\u00e4tzte Lesezeit":"2 Minuten"},"schema":{"@context":"https:\/\/schema.org","@graph":[{"@type":"WebPage","@id":"https:\/\/www.tafeldeko.de\/news\/fruehlingsfrische-tischdeko-in-pink-und-apricot\/","url":"https:\/\/www.tafeldeko.de\/news\/fruehlingsfrische-tischdeko-in-pink-und-apricot\/","name":"Fr\u00fchlingsfrische Tischdeko in pink und apricot - Tafeldeko","isPartOf":{"@id":"https:\/\/www.tafeldeko.de\/news\/#website"},"datePublished":"2012-01-06T19:14:26+00:00","dateModified":"2012-01-06T19:14:26+00:00","author":{"@id":"https:\/\/www.tafeldeko.de\/news\/#\/schema\/person\/d2acd86447ed0b6336089a8ba83164a0"},"description":"Im Fr&#xFC;hling m&#xF6;chte man den Winter &#x201E;absch&#xFC;tteln&#x201C; und so langsam die w&#xE4;rmeren Tage begr&#xFC;&#xDF;en. Mit einer fr&#xFC;hlingshaften Tischdeko gelingt dies hervorragend.","breadcrumb":{"@id":"https:\/\/www.tafeldeko.de\/news\/fruehlingsfrische-tischdeko-in-pink-und-apricot\/#breadcrumb"},"inLanguage":"de-DE","potentialAction":[{"@type":"ReadAction","target":["https:\/\/www.tafeldeko.de\/news\/fruehlingsfrische-tischdeko-in-pink-und-apricot\/"]}]},{"@type":"BreadcrumbList","@id":"https:\/\/www.tafeldeko.de\/news\/fruehlingsfrische-tischdeko-in-pink-und-apricot\/#breadcrumb","itemListElement":[{"@type":"ListItem","position":1,"name":"Tafeldeko","item":"https:\/\/www.tafeldeko.de\/news\/"},{"@type":"ListItem","position":2,"name":"Alte Beitr\u00e4ge","item":"https:\/\/www.tafeldeko.de\/news\/alte-beitraege\/"},{"@type":"ListItem","position":3,"name":"Tischdeko - Blog","item":"https:\/\/www.tafeldeko.de\/news\/alte-beitraege\/tischdeko-blog\/"},{"@type":"ListItem","position":4,"name":"Fr\u00fchlingsfrische Tischdeko in pink und apricot"}]},{"@type":"WebSite","@id":"https:\/\/www.tafeldeko.de\/news\/#website","url":"https:\/\/www.tafeldeko.de\/news\/","name":"Tafeldeko","description":"Blog mit Tischdeko und Tischdekoration Ideen","potentialAction":[{"@type":"SearchAction","target":{"@type":"EntryPoint","urlTemplate":"https:\/\/www.tafeldeko.de\/news\/?s={search_term_string}"},"query-input":"required name=search_term_string"}],"inLanguage":"de-DE"},{"@type":"Person","@id":"https:\/\/www.tafeldeko.de\/news\/#\/schema\/person\/d2acd86447ed0b6336089a8ba83164a0","name":"Christiane Stein","image":{"@type":"ImageObject","inLanguage":"de-DE","@id":"https:\/\/www.tafeldeko.de\/news\/#\/schema\/person\/image\/","url":"https:\/\/secure.gravatar.com\/avatar\/2054729fbfd1ebc9d3cf1fd55361d0b6?s=96&d=mm&r=g","contentUrl":"https:\/\/secure.gravatar.com\/avatar\/2054729fbfd1ebc9d3cf1fd55361d0b6?s=96&d=mm&r=g","caption":"Christiane Stein"}}]}},"_links":{"self":[{"href":"https:\/\/www.tafeldeko.de\/news\/wp-json\/wp\/v2\/posts\/2196"}],"collection":[{"href":"https:\/\/www.tafeldeko.de\/news\/wp-json\/wp\/v2\/posts"}],"about":[{"href":"https:\/\/www.tafeldeko.de\/news\/wp-json\/wp\/v2\/types\/post"}],"author":[{"embeddable":true,"href":"https:\/\/www.tafeldeko.de\/news\/wp-json\/wp\/v2\/users\/2"}],"replies":[{"embeddable":true,"href":"https:\/\/www.tafeldeko.de\/news\/wp-json\/wp\/v2\/comments?post=2196"}],"version-history":[{"count":0,"href":"https:\/\/www.tafeldeko.de\/news\/wp-json\/wp\/v2\/posts\/2196\/revisions"}],"wp:featuredmedia":[{"embeddable":true,"href":"https:\/\/www.tafeldeko.de\/news\/wp-json\/wp\/v2\/media\/1073"}],"wp:attachment":[{"href":"https:\/\/www.tafeldeko.de\/news\/wp-json\/wp\/v2\/media?parent=2196"}],"wp:term":[{"taxonomy":"category","embeddable":true,"href":"https:\/\/www.tafeldeko.de\/news\/wp-json\/wp\/v2\/categories?post=2196"},{"taxonomy":"post_tag","embeddable":true,"href":"https:\/\/www.tafeldeko.de\/news\/wp-json\/wp\/v2\/tags?post=2196"}],"curies":[{"name":"wp","href":"https:\/\/api.w.org\/{rel}","templated":true}]}}