{"id":2191,"date":"2011-12-23T15:36:30","date_gmt":"2011-12-23T13:36:30","guid":{"rendered":"http:\/\/www.tafeldeko.de\/news\/?p=2191"},"modified":"2011-12-23T15:36:30","modified_gmt":"2011-12-23T13:36:30","slug":"tischdeko-fuer-den-brunch-im-neuen-jahr","status":"publish","type":"post","link":"https:\/\/www.tafeldeko.de\/news\/tischdeko-fuer-den-brunch-im-neuen-jahr\/","title":{"rendered":"Tischdeko f\u00fcr den Brunch im neuen Jahr"},"content":{"rendered":"<div class=\"textumfliessenrechts\"><img decoding=\"async\" loading=\"lazy\" src=\"https:\/\/www.tafeldeko.de\/news\/media\/users\/schnurchristian\/duni_flower_damast.jpg\" alt=\"Duni Flower Damast\" title=\"Duni Flower Damast\" width=\"306\" height=\"175\" \/><br \/><a href=\"https:\/\/www.tafeldeko.de\/mustertische\/beispiele_duni\/Duni_trends_and_style\/tischdeko_flower_damast.php\" title=\"Tischdeko Brunch\"><b>Tischdeko Brunch<\/b><\/a><\/div>\n<p> Ein Brunch ist heute eine oft gew\u00e4hlte M\u00f6glichkeit, um einen Anlass mit der Familie und Freunden zu feiern. Gerade in den Wintermonaten bietet es sich an, beispielsweise den Geburtstag mit einem Brunch zu feiern.<br \/>\nBeginn ist in der Regel zwischen 10 und 11 Uhr und am Sp\u00e4tnachmittag endet die Feier. So kann jeder heimfahren, wann er m\u00f6chte und vor allen Dingen auch noch im Hellen. Gerade w\u00e4hrend der Wintermonate wird es abends oder nachts kalt und die Heimfahrt k\u00f6nnte sich als anstrengend erweisen. Deshalb ist die Variante, den <b><a href=\"https:\/\/www.tafeldeko.de\/index.php\/cat\/c50_Tischdeko-Geburtstag.html\" title=\"Geburtstag\">Geburtstag<\/a><\/b> tags\u00fcber mit einem Brunch zu feiern, auch mittlerweile sehr beliebt.<br \/>\nWie bei der \u201enormalen\u201c Geburtstagsfeier geh\u00f6rt zum Brunch eine <b><a href=\"https:\/\/www.tafeldeko.de\" title=\"Tischdekoration\">Tischdekoration<\/a><\/b>. Wie diese ausgestattet ist, bleibt jedem \u00fcberlassen.<br \/>\nEine Anregung f\u00fcr die <b>Tischdeko zum Brunch<\/b> haben wir jedoch f\u00fcr Sie:<br \/>\nDie Duni Serie \u201eFlower Damast\u201c bietet eine wundersch\u00f6ne Deko-M\u00f6glichkeit. Die Gestaltung der Serie wirkt sehr <b>filigran <\/b>und die Motive \u201eFlower Damast\u201c erinnern \u2013 so beschreibt es Duni \u2013 an die \u201eklassische H\u00e4kelkunst mit wei\u00dfer Spitze\u201c.<br \/>\nDer Farbton der Serie ist dezent, jedoch durch die Gestaltung und das Zusammenspiel der Motive einzigartig.<br \/>\nBei dieser Duni Serie \u201eFlower Damast\u201c ben\u00f6tigt man nicht viele Deko-Accessoires, um die Tischdeko zum Brunch beeindruckend zu gestalten. Die Servietten, Tischl\u00e4ufer oder Mitteldecken und die Bestecktaschen sind Deko-Accessoires genug.<br \/>\nMit einem leicht romantischen Touch wird nun die Tischdeko f\u00fcr den Brunch zum Geburtstag gestaltet und mit etwas Kerzenschein ist die Tischdeko schon komplett. Wer noch einen kleinen Farbtupfer mit in die Tischdeko f\u00fcr den Brunch einbringen m\u00f6chte, kann dies mit rosa tun. Wie auf dem Bild zu sehen, setzt hier ein Blumenstock mit einer rosa Blume einen <b>ganz tollen Effekt <\/b>innerhalb der Tischdeko.<br \/>\nAndersartig, romantisch und au\u00dfergew\u00f6hnlich sch\u00f6n \u2013 so k\u00f6nnte man in kurzen und knappen Worten die Tischdeko mit der Serie \u201eFlower Damast\u201c von Duni beschreiben.<br \/>\nSchlichte Eleganz gepaart mit romantischen Elementen. <\/p>\n","protected":false},"excerpt":{"rendered":"<p>Ein Brunch ist heute eine oft gew\u00e4hlte M\u00f6glichkeit, um einen Anlass mit der Familie und Freunden zu feiern. Gerade in den Wintermonaten bietet es sich an, beispielsweise den Geburtstag mit einem Brunch zu feiern.<br \/>\nBeginn ist in der Regel zwischen 10 und 11 Uhr und am Sp\u00e4tnachmittag endet die Feier. So kann jeder heimfahren, wann er m\u00f6chte und vor allen Dingen auch noch im Hellen. Gerade w\u00e4hrend der Wintermonate wird es abends oder nachts kalt und die Heimfahrt k\u00f6nnte sich als anstrengend erweisen. Deshalb ist die Variante, den  tags\u00fcber mit einem Brunch zu feiern, auch mittlerweile sehr beliebt.<\/p>\n","protected":false},"author":2,"featured_media":2192,"comment_status":"open","ping_status":"open","sticky":false,"template":"","format":"standard","meta":{"footnotes":""},"categories":[1],"tags":[],"yoast_head":"<!-- This site is optimized with the Yoast SEO plugin v20.4 - https:\/\/yoast.com\/wordpress\/plugins\/seo\/ -->\n<title>Tischdeko f\u00fcr den Brunch im neuen Jahr - Tafeldeko<\/title>\n<meta name=\"description\" content=\"Schlichte Eleganz gepaart mit romantischen Elementen - wenn Sie eine solche Tischdeko zum Geburtstag pr&#xE4;sentieren - ein Genuss!\" \/>\n<meta name=\"robots\" content=\"index, follow, max-snippet:-1, max-image-preview:large, max-video-preview:-1\" \/>\n<link rel=\"canonical\" href=\"https:\/\/www.tafeldeko.de\/news\/tischdeko-fuer-den-brunch-im-neuen-jahr\/\" \/>\n<meta property=\"og:locale\" content=\"de_DE\" \/>\n<meta property=\"og:type\" content=\"article\" \/>\n<meta property=\"og:title\" content=\"Tischdeko f\u00fcr den Brunch im neuen Jahr - Tafeldeko\" \/>\n<meta property=\"og:description\" content=\"Schlichte Eleganz gepaart mit romantischen Elementen - wenn Sie eine solche Tischdeko zum Geburtstag pr&#xE4;sentieren - ein Genuss!\" \/>\n<meta property=\"og:url\" content=\"https:\/\/www.tafeldeko.de\/news\/tischdeko-fuer-den-brunch-im-neuen-jahr\/\" \/>\n<meta property=\"og:site_name\" content=\"Tafeldeko\" \/>\n<meta property=\"article:publisher\" content=\"https:\/\/www.facebook.com\/pages\/Tafeldeko-einzigartige-Tischdekoration\/174202655894\" \/>\n<meta property=\"article:published_time\" content=\"2011-12-23T13:36:30+00:00\" \/>\n<meta property=\"og:image\" content=\"https:\/\/www.tafeldeko.de\/news\/wp-content\/uploads\/2014\/09\/duni_flower_damast.jpg\" \/>\n\t<meta property=\"og:image:width\" content=\"306\" \/>\n\t<meta property=\"og:image:height\" content=\"175\" \/>\n\t<meta property=\"og:image:type\" content=\"image\/jpeg\" \/>\n<meta name=\"author\" content=\"Christiane Stein\" \/>\n<meta name=\"twitter:label1\" content=\"Verfasst von\" \/>\n\t<meta name=\"twitter:data1\" content=\"Christiane Stein\" \/>\n\t<meta name=\"twitter:label2\" content=\"Gesch\u00e4tzte Lesezeit\" \/>\n\t<meta name=\"twitter:data2\" content=\"2 Minuten\" \/>\n<script type=\"application\/ld+json\" class=\"yoast-schema-graph\">{\"@context\":\"https:\/\/schema.org\",\"@graph\":[{\"@type\":\"WebPage\",\"@id\":\"https:\/\/www.tafeldeko.de\/news\/tischdeko-fuer-den-brunch-im-neuen-jahr\/\",\"url\":\"https:\/\/www.tafeldeko.de\/news\/tischdeko-fuer-den-brunch-im-neuen-jahr\/\",\"name\":\"Tischdeko f\u00fcr den Brunch im neuen Jahr - Tafeldeko\",\"isPartOf\":{\"@id\":\"https:\/\/www.tafeldeko.de\/news\/#website\"},\"datePublished\":\"2011-12-23T13:36:30+00:00\",\"dateModified\":\"2011-12-23T13:36:30+00:00\",\"author\":{\"@id\":\"https:\/\/www.tafeldeko.de\/news\/#\/schema\/person\/d2acd86447ed0b6336089a8ba83164a0\"},\"description\":\"Schlichte Eleganz gepaart mit romantischen Elementen - wenn Sie eine solche Tischdeko zum Geburtstag pr&#xE4;sentieren - ein Genuss!\",\"breadcrumb\":{\"@id\":\"https:\/\/www.tafeldeko.de\/news\/tischdeko-fuer-den-brunch-im-neuen-jahr\/#breadcrumb\"},\"inLanguage\":\"de-DE\",\"potentialAction\":[{\"@type\":\"ReadAction\",\"target\":[\"https:\/\/www.tafeldeko.de\/news\/tischdeko-fuer-den-brunch-im-neuen-jahr\/\"]}]},{\"@type\":\"BreadcrumbList\",\"@id\":\"https:\/\/www.tafeldeko.de\/news\/tischdeko-fuer-den-brunch-im-neuen-jahr\/#breadcrumb\",\"itemListElement\":[{\"@type\":\"ListItem\",\"position\":1,\"name\":\"Tafeldeko\",\"item\":\"https:\/\/www.tafeldeko.de\/news\/\"},{\"@type\":\"ListItem\",\"position\":2,\"name\":\"Alte Beitr\u00e4ge\",\"item\":\"https:\/\/www.tafeldeko.de\/news\/alte-beitraege\/\"},{\"@type\":\"ListItem\",\"position\":3,\"name\":\"Tischdeko - Blog\",\"item\":\"https:\/\/www.tafeldeko.de\/news\/alte-beitraege\/tischdeko-blog\/\"},{\"@type\":\"ListItem\",\"position\":4,\"name\":\"Tischdeko f\u00fcr den Brunch im neuen Jahr\"}]},{\"@type\":\"WebSite\",\"@id\":\"https:\/\/www.tafeldeko.de\/news\/#website\",\"url\":\"https:\/\/www.tafeldeko.de\/news\/\",\"name\":\"Tafeldeko\",\"description\":\"Blog mit Tischdeko und Tischdekoration Ideen\",\"potentialAction\":[{\"@type\":\"SearchAction\",\"target\":{\"@type\":\"EntryPoint\",\"urlTemplate\":\"https:\/\/www.tafeldeko.de\/news\/?s={search_term_string}\"},\"query-input\":\"required name=search_term_string\"}],\"inLanguage\":\"de-DE\"},{\"@type\":\"Person\",\"@id\":\"https:\/\/www.tafeldeko.de\/news\/#\/schema\/person\/d2acd86447ed0b6336089a8ba83164a0\",\"name\":\"Christiane Stein\",\"image\":{\"@type\":\"ImageObject\",\"inLanguage\":\"de-DE\",\"@id\":\"https:\/\/www.tafeldeko.de\/news\/#\/schema\/person\/image\/\",\"url\":\"https:\/\/secure.gravatar.com\/avatar\/2054729fbfd1ebc9d3cf1fd55361d0b6?s=96&d=mm&r=g\",\"contentUrl\":\"https:\/\/secure.gravatar.com\/avatar\/2054729fbfd1ebc9d3cf1fd55361d0b6?s=96&d=mm&r=g\",\"caption\":\"Christiane Stein\"}}]}<\/script>\n<!-- \/ Yoast SEO plugin. -->","yoast_head_json":{"title":"Tischdeko f\u00fcr den Brunch im neuen Jahr - Tafeldeko","description":"Schlichte Eleganz gepaart mit romantischen Elementen - wenn Sie eine solche Tischdeko zum Geburtstag pr&#xE4;sentieren - ein Genuss!","robots":{"index":"index","follow":"follow","max-snippet":"max-snippet:-1","max-image-preview":"max-image-preview:large","max-video-preview":"max-video-preview:-1"},"canonical":"https:\/\/www.tafeldeko.de\/news\/tischdeko-fuer-den-brunch-im-neuen-jahr\/","og_locale":"de_DE","og_type":"article","og_title":"Tischdeko f\u00fcr den Brunch im neuen Jahr - Tafeldeko","og_description":"Schlichte Eleganz gepaart mit romantischen Elementen - wenn Sie eine solche Tischdeko zum Geburtstag pr&#xE4;sentieren - ein Genuss!","og_url":"https:\/\/www.tafeldeko.de\/news\/tischdeko-fuer-den-brunch-im-neuen-jahr\/","og_site_name":"Tafeldeko","article_publisher":"https:\/\/www.facebook.com\/pages\/Tafeldeko-einzigartige-Tischdekoration\/174202655894","article_published_time":"2011-12-23T13:36:30+00:00","og_image":[{"width":306,"height":175,"url":"https:\/\/www.tafeldeko.de\/news\/wp-content\/uploads\/2014\/09\/duni_flower_damast.jpg","type":"image\/jpeg"}],"author":"Christiane Stein","twitter_misc":{"Verfasst von":"Christiane Stein","Gesch\u00e4tzte Lesezeit":"2 Minuten"},"schema":{"@context":"https:\/\/schema.org","@graph":[{"@type":"WebPage","@id":"https:\/\/www.tafeldeko.de\/news\/tischdeko-fuer-den-brunch-im-neuen-jahr\/","url":"https:\/\/www.tafeldeko.de\/news\/tischdeko-fuer-den-brunch-im-neuen-jahr\/","name":"Tischdeko f\u00fcr den Brunch im neuen Jahr - Tafeldeko","isPartOf":{"@id":"https:\/\/www.tafeldeko.de\/news\/#website"},"datePublished":"2011-12-23T13:36:30+00:00","dateModified":"2011-12-23T13:36:30+00:00","author":{"@id":"https:\/\/www.tafeldeko.de\/news\/#\/schema\/person\/d2acd86447ed0b6336089a8ba83164a0"},"description":"Schlichte Eleganz gepaart mit romantischen Elementen - wenn Sie eine solche Tischdeko zum Geburtstag pr&#xE4;sentieren - ein Genuss!","breadcrumb":{"@id":"https:\/\/www.tafeldeko.de\/news\/tischdeko-fuer-den-brunch-im-neuen-jahr\/#breadcrumb"},"inLanguage":"de-DE","potentialAction":[{"@type":"ReadAction","target":["https:\/\/www.tafeldeko.de\/news\/tischdeko-fuer-den-brunch-im-neuen-jahr\/"]}]},{"@type":"BreadcrumbList","@id":"https:\/\/www.tafeldeko.de\/news\/tischdeko-fuer-den-brunch-im-neuen-jahr\/#breadcrumb","itemListElement":[{"@type":"ListItem","position":1,"name":"Tafeldeko","item":"https:\/\/www.tafeldeko.de\/news\/"},{"@type":"ListItem","position":2,"name":"Alte Beitr\u00e4ge","item":"https:\/\/www.tafeldeko.de\/news\/alte-beitraege\/"},{"@type":"ListItem","position":3,"name":"Tischdeko - Blog","item":"https:\/\/www.tafeldeko.de\/news\/alte-beitraege\/tischdeko-blog\/"},{"@type":"ListItem","position":4,"name":"Tischdeko f\u00fcr den Brunch im neuen Jahr"}]},{"@type":"WebSite","@id":"https:\/\/www.tafeldeko.de\/news\/#website","url":"https:\/\/www.tafeldeko.de\/news\/","name":"Tafeldeko","description":"Blog mit Tischdeko und Tischdekoration Ideen","potentialAction":[{"@type":"SearchAction","target":{"@type":"EntryPoint","urlTemplate":"https:\/\/www.tafeldeko.de\/news\/?s={search_term_string}"},"query-input":"required name=search_term_string"}],"inLanguage":"de-DE"},{"@type":"Person","@id":"https:\/\/www.tafeldeko.de\/news\/#\/schema\/person\/d2acd86447ed0b6336089a8ba83164a0","name":"Christiane Stein","image":{"@type":"ImageObject","inLanguage":"de-DE","@id":"https:\/\/www.tafeldeko.de\/news\/#\/schema\/person\/image\/","url":"https:\/\/secure.gravatar.com\/avatar\/2054729fbfd1ebc9d3cf1fd55361d0b6?s=96&d=mm&r=g","contentUrl":"https:\/\/secure.gravatar.com\/avatar\/2054729fbfd1ebc9d3cf1fd55361d0b6?s=96&d=mm&r=g","caption":"Christiane Stein"}}]}},"_links":{"self":[{"href":"https:\/\/www.tafeldeko.de\/news\/wp-json\/wp\/v2\/posts\/2191"}],"collection":[{"href":"https:\/\/www.tafeldeko.de\/news\/wp-json\/wp\/v2\/posts"}],"about":[{"href":"https:\/\/www.tafeldeko.de\/news\/wp-json\/wp\/v2\/types\/post"}],"author":[{"embeddable":true,"href":"https:\/\/www.tafeldeko.de\/news\/wp-json\/wp\/v2\/users\/2"}],"replies":[{"embeddable":true,"href":"https:\/\/www.tafeldeko.de\/news\/wp-json\/wp\/v2\/comments?post=2191"}],"version-history":[{"count":0,"href":"https:\/\/www.tafeldeko.de\/news\/wp-json\/wp\/v2\/posts\/2191\/revisions"}],"wp:featuredmedia":[{"embeddable":true,"href":"https:\/\/www.tafeldeko.de\/news\/wp-json\/wp\/v2\/media\/2192"}],"wp:attachment":[{"href":"https:\/\/www.tafeldeko.de\/news\/wp-json\/wp\/v2\/media?parent=2191"}],"wp:term":[{"taxonomy":"category","embeddable":true,"href":"https:\/\/www.tafeldeko.de\/news\/wp-json\/wp\/v2\/categories?post=2191"},{"taxonomy":"post_tag","embeddable":true,"href":"https:\/\/www.tafeldeko.de\/news\/wp-json\/wp\/v2\/tags?post=2191"}],"curies":[{"name":"wp","href":"https:\/\/api.w.org\/{rel}","templated":true}]}}