{"id":2189,"date":"2011-12-21T20:58:07","date_gmt":"2011-12-21T18:58:07","guid":{"rendered":"http:\/\/www.tafeldeko.de\/news\/?p=2189"},"modified":"2011-12-21T20:58:07","modified_gmt":"2011-12-21T18:58:07","slug":"mediterrane-tischdeko-mit-oliven","status":"publish","type":"post","link":"https:\/\/www.tafeldeko.de\/news\/mediterrane-tischdeko-mit-oliven\/","title":{"rendered":"Mediterrane Tischdeko mit Oliven"},"content":{"rendered":"<div class=\"textumfliessenrechts\"><img decoding=\"async\" loading=\"lazy\" src=\"https:\/\/www.tafeldeko.de\/news\/media\/users\/schnurchristian\/duni_olive.jpg\" alt=\"Duni Olea\" title=\"Duni Olea\" width=\"293\" height=\"205\" \/><br \/><a href=\"https:\/\/www.tafeldeko.de\/index.php\/cat\/c180_Duni-Themenwelt.html\" title=\"Duni Themenwelt\"><b>Duni Themenwelt<\/b><\/a><\/div>\n<p> <b>Anregungen <\/b>f\u00fcr Tischdekorationen kann man sozusagen nie genug haben. W\u00e4hrend eines Jahres gibt es immer wieder Anl\u00e4sse, die einer Tischdeko bed\u00fcrfen. Ob es sich nun um den eigenen Geburtstag oder den des Ehemannes handelt, die Kommunion oder Konfirmation der Kinder oder vielleicht auch die Silberne Hochzeit \u2013 etwas Tischdeko geh\u00f6rt zu einer Feier dazu.<br \/>\nAuch die Feier, die ohne einen Anlass stattfindet, macht sich sch\u00f6n mit einer Tischdeko. Als Themen f\u00fcr den gemeinsamen Abend gibt es viele M\u00f6glichkeiten und eine davon ist der mediterrane Abend.<br \/>\nBei diesem Abend steht alles unter<b> dem mediterranen Motto<\/b>: das Essen, die Getr\u00e4nke, die Tischdeko.<br \/>\nAn was denkt man, wenn man den Begriff \u201e<b>mediterran<\/b>\u201c h\u00f6rt?<br \/>\nWohl als erstes an den Urlaub, das damit verbundene Essen und die mediterranen Gen\u00fcsse, Gew\u00fcrze und das Urlaubsflair an den verschiedenen Urlaubszielen.<br \/>\nAls mediterrane K\u00f6stlichkeiten sind zum Beispiel Oliven zu nennen. Als Antipasti, als Einlage in verschiedenen Salaten und auch in Hauptgerichten, sind die Oliven sehr beliebt und verleihen dem Essen den typisch s\u00fcdl\u00e4ndischen Geschmack.<br \/>\nBei dem mediterranen Abend kann die Tischdeko ebenfalls so ausgestattet sein. Die Serie Olea von Duni bietet Ihnen hierf\u00fcr die perfekte Grundlage. <b><a href=\"https:\/\/www.tafeldeko.de\/index.php\/cat\/c726_Tischsets.html\" title=\"Tischsets\">Tischsets<\/a><\/b>, Mitteldecken und Servietten geh\u00f6ren dieser Serie Olea an und sehen alle wundersch\u00f6n aus. Der mediterrane Funke springt auf jeden Fall \u00fcber.<br \/>\nHolztische k\u00f6nnen mit der Mitteldecke Duni Olea ausgestattet werden, die passenden <b><a href=\"https:\/\/www.tafeldeko.de\/index.php\/cat\/c1651_Duni-Motiv-Servietten.html\" title=\"Servietten\">Servietten<\/a><\/b> gibt es ebenfalls dazu. Die Tischmitte wird mit Kerzengl\u00e4sern Tivoli in Gr\u00fcn verziert und wer m\u00f6chte, kann das eine oder andere selbst kreierte Dekoglas auf den Tisch stellen.<br \/>\nEin herk\u00f6mmliches Glas wird mit wei\u00dfem Dekosand bef\u00fcllt, auf dem eine Chilischote pr\u00e4sentiert wird. Und die Kr\u00f6nung des gebastelten Arrangements ist ein kleiner Olivenrankenkranz am Glasrand.<br \/>\nF\u00fcr die <b>mediterrane Tischdeko<\/b> muss man keinen gro\u00dfen Aufwand betreiben, um sch\u00f6n eingedeckte und dekorierte Tische zu erhalten, vor allem dann, wenn man die Serie Duni Olea als Grundlage verwendet. <\/p>\n","protected":false},"excerpt":{"rendered":"<p>Anregungen f\u00fcr Tischdekorationen kann man sozusagen nie genug haben. W\u00e4hrend eines Jahres gibt es immer wieder Anl\u00e4sse, die einer Tischdeko bed\u00fcrfen. Ob es sich nun um den eigenen Geburtstag oder den des Ehemannes handelt, die Kommunion oder Konfirmation der Kinder oder vielleicht auch die Silberne Hochzeit \u2013 etwas Tischdeko geh\u00f6rt zu einer Feier dazu.<\/p>\n","protected":false},"author":2,"featured_media":2190,"comment_status":"open","ping_status":"open","sticky":false,"template":"","format":"standard","meta":{"footnotes":""},"categories":[1],"tags":[],"yoast_head":"<!-- This site is optimized with the Yoast SEO plugin v20.4 - https:\/\/yoast.com\/wordpress\/plugins\/seo\/ -->\n<title>Mediterrane Tischdeko mit Oliven - Tafeldeko<\/title>\n<meta name=\"description\" content=\"Bei diesem Abend steht alles unter dem mediterranen Motto: das Essen, die Getr&#xE4;nke, die Tischdeko. Der mediterrane Funke springt auf jeden Fall &#xFC;ber.\" \/>\n<meta name=\"robots\" content=\"index, follow, max-snippet:-1, max-image-preview:large, max-video-preview:-1\" \/>\n<link rel=\"canonical\" href=\"https:\/\/www.tafeldeko.de\/news\/mediterrane-tischdeko-mit-oliven\/\" \/>\n<meta property=\"og:locale\" content=\"de_DE\" \/>\n<meta property=\"og:type\" content=\"article\" \/>\n<meta property=\"og:title\" content=\"Mediterrane Tischdeko mit Oliven - Tafeldeko\" \/>\n<meta property=\"og:description\" content=\"Bei diesem Abend steht alles unter dem mediterranen Motto: das Essen, die Getr&#xE4;nke, die Tischdeko. Der mediterrane Funke springt auf jeden Fall &#xFC;ber.\" \/>\n<meta property=\"og:url\" content=\"https:\/\/www.tafeldeko.de\/news\/mediterrane-tischdeko-mit-oliven\/\" \/>\n<meta property=\"og:site_name\" content=\"Tafeldeko\" \/>\n<meta property=\"article:publisher\" content=\"https:\/\/www.facebook.com\/pages\/Tafeldeko-einzigartige-Tischdekoration\/174202655894\" \/>\n<meta property=\"article:published_time\" content=\"2011-12-21T18:58:07+00:00\" \/>\n<meta property=\"og:image\" content=\"https:\/\/www.tafeldeko.de\/news\/wp-content\/uploads\/2014\/09\/duni_olive.jpg\" \/>\n\t<meta property=\"og:image:width\" content=\"343\" \/>\n\t<meta property=\"og:image:height\" content=\"215\" \/>\n\t<meta property=\"og:image:type\" content=\"image\/jpeg\" \/>\n<meta name=\"author\" content=\"Christiane Stein\" \/>\n<meta name=\"twitter:label1\" content=\"Verfasst von\" \/>\n\t<meta name=\"twitter:data1\" content=\"Christiane Stein\" \/>\n\t<meta name=\"twitter:label2\" content=\"Gesch\u00e4tzte Lesezeit\" \/>\n\t<meta name=\"twitter:data2\" content=\"2 Minuten\" \/>\n<script type=\"application\/ld+json\" class=\"yoast-schema-graph\">{\"@context\":\"https:\/\/schema.org\",\"@graph\":[{\"@type\":\"WebPage\",\"@id\":\"https:\/\/www.tafeldeko.de\/news\/mediterrane-tischdeko-mit-oliven\/\",\"url\":\"https:\/\/www.tafeldeko.de\/news\/mediterrane-tischdeko-mit-oliven\/\",\"name\":\"Mediterrane Tischdeko mit Oliven - Tafeldeko\",\"isPartOf\":{\"@id\":\"https:\/\/www.tafeldeko.de\/news\/#website\"},\"datePublished\":\"2011-12-21T18:58:07+00:00\",\"dateModified\":\"2011-12-21T18:58:07+00:00\",\"author\":{\"@id\":\"https:\/\/www.tafeldeko.de\/news\/#\/schema\/person\/d2acd86447ed0b6336089a8ba83164a0\"},\"description\":\"Bei diesem Abend steht alles unter dem mediterranen Motto: das Essen, die Getr&#xE4;nke, die Tischdeko. Der mediterrane Funke springt auf jeden Fall &#xFC;ber.\",\"breadcrumb\":{\"@id\":\"https:\/\/www.tafeldeko.de\/news\/mediterrane-tischdeko-mit-oliven\/#breadcrumb\"},\"inLanguage\":\"de-DE\",\"potentialAction\":[{\"@type\":\"ReadAction\",\"target\":[\"https:\/\/www.tafeldeko.de\/news\/mediterrane-tischdeko-mit-oliven\/\"]}]},{\"@type\":\"BreadcrumbList\",\"@id\":\"https:\/\/www.tafeldeko.de\/news\/mediterrane-tischdeko-mit-oliven\/#breadcrumb\",\"itemListElement\":[{\"@type\":\"ListItem\",\"position\":1,\"name\":\"Tafeldeko\",\"item\":\"https:\/\/www.tafeldeko.de\/news\/\"},{\"@type\":\"ListItem\",\"position\":2,\"name\":\"Alte Beitr\u00e4ge\",\"item\":\"https:\/\/www.tafeldeko.de\/news\/alte-beitraege\/\"},{\"@type\":\"ListItem\",\"position\":3,\"name\":\"Tischdeko - Blog\",\"item\":\"https:\/\/www.tafeldeko.de\/news\/alte-beitraege\/tischdeko-blog\/\"},{\"@type\":\"ListItem\",\"position\":4,\"name\":\"Mediterrane Tischdeko mit Oliven\"}]},{\"@type\":\"WebSite\",\"@id\":\"https:\/\/www.tafeldeko.de\/news\/#website\",\"url\":\"https:\/\/www.tafeldeko.de\/news\/\",\"name\":\"Tafeldeko\",\"description\":\"Blog mit Tischdeko und Tischdekoration Ideen\",\"potentialAction\":[{\"@type\":\"SearchAction\",\"target\":{\"@type\":\"EntryPoint\",\"urlTemplate\":\"https:\/\/www.tafeldeko.de\/news\/?s={search_term_string}\"},\"query-input\":\"required name=search_term_string\"}],\"inLanguage\":\"de-DE\"},{\"@type\":\"Person\",\"@id\":\"https:\/\/www.tafeldeko.de\/news\/#\/schema\/person\/d2acd86447ed0b6336089a8ba83164a0\",\"name\":\"Christiane Stein\",\"image\":{\"@type\":\"ImageObject\",\"inLanguage\":\"de-DE\",\"@id\":\"https:\/\/www.tafeldeko.de\/news\/#\/schema\/person\/image\/\",\"url\":\"https:\/\/secure.gravatar.com\/avatar\/2054729fbfd1ebc9d3cf1fd55361d0b6?s=96&d=mm&r=g\",\"contentUrl\":\"https:\/\/secure.gravatar.com\/avatar\/2054729fbfd1ebc9d3cf1fd55361d0b6?s=96&d=mm&r=g\",\"caption\":\"Christiane Stein\"}}]}<\/script>\n<!-- \/ Yoast SEO plugin. -->","yoast_head_json":{"title":"Mediterrane Tischdeko mit Oliven - Tafeldeko","description":"Bei diesem Abend steht alles unter dem mediterranen Motto: das Essen, die Getr&#xE4;nke, die Tischdeko. Der mediterrane Funke springt auf jeden Fall &#xFC;ber.","robots":{"index":"index","follow":"follow","max-snippet":"max-snippet:-1","max-image-preview":"max-image-preview:large","max-video-preview":"max-video-preview:-1"},"canonical":"https:\/\/www.tafeldeko.de\/news\/mediterrane-tischdeko-mit-oliven\/","og_locale":"de_DE","og_type":"article","og_title":"Mediterrane Tischdeko mit Oliven - Tafeldeko","og_description":"Bei diesem Abend steht alles unter dem mediterranen Motto: das Essen, die Getr&#xE4;nke, die Tischdeko. Der mediterrane Funke springt auf jeden Fall &#xFC;ber.","og_url":"https:\/\/www.tafeldeko.de\/news\/mediterrane-tischdeko-mit-oliven\/","og_site_name":"Tafeldeko","article_publisher":"https:\/\/www.facebook.com\/pages\/Tafeldeko-einzigartige-Tischdekoration\/174202655894","article_published_time":"2011-12-21T18:58:07+00:00","og_image":[{"width":343,"height":215,"url":"https:\/\/www.tafeldeko.de\/news\/wp-content\/uploads\/2014\/09\/duni_olive.jpg","type":"image\/jpeg"}],"author":"Christiane Stein","twitter_misc":{"Verfasst von":"Christiane Stein","Gesch\u00e4tzte Lesezeit":"2 Minuten"},"schema":{"@context":"https:\/\/schema.org","@graph":[{"@type":"WebPage","@id":"https:\/\/www.tafeldeko.de\/news\/mediterrane-tischdeko-mit-oliven\/","url":"https:\/\/www.tafeldeko.de\/news\/mediterrane-tischdeko-mit-oliven\/","name":"Mediterrane Tischdeko mit Oliven - Tafeldeko","isPartOf":{"@id":"https:\/\/www.tafeldeko.de\/news\/#website"},"datePublished":"2011-12-21T18:58:07+00:00","dateModified":"2011-12-21T18:58:07+00:00","author":{"@id":"https:\/\/www.tafeldeko.de\/news\/#\/schema\/person\/d2acd86447ed0b6336089a8ba83164a0"},"description":"Bei diesem Abend steht alles unter dem mediterranen Motto: das Essen, die Getr&#xE4;nke, die Tischdeko. Der mediterrane Funke springt auf jeden Fall &#xFC;ber.","breadcrumb":{"@id":"https:\/\/www.tafeldeko.de\/news\/mediterrane-tischdeko-mit-oliven\/#breadcrumb"},"inLanguage":"de-DE","potentialAction":[{"@type":"ReadAction","target":["https:\/\/www.tafeldeko.de\/news\/mediterrane-tischdeko-mit-oliven\/"]}]},{"@type":"BreadcrumbList","@id":"https:\/\/www.tafeldeko.de\/news\/mediterrane-tischdeko-mit-oliven\/#breadcrumb","itemListElement":[{"@type":"ListItem","position":1,"name":"Tafeldeko","item":"https:\/\/www.tafeldeko.de\/news\/"},{"@type":"ListItem","position":2,"name":"Alte Beitr\u00e4ge","item":"https:\/\/www.tafeldeko.de\/news\/alte-beitraege\/"},{"@type":"ListItem","position":3,"name":"Tischdeko - Blog","item":"https:\/\/www.tafeldeko.de\/news\/alte-beitraege\/tischdeko-blog\/"},{"@type":"ListItem","position":4,"name":"Mediterrane Tischdeko mit Oliven"}]},{"@type":"WebSite","@id":"https:\/\/www.tafeldeko.de\/news\/#website","url":"https:\/\/www.tafeldeko.de\/news\/","name":"Tafeldeko","description":"Blog mit Tischdeko und Tischdekoration Ideen","potentialAction":[{"@type":"SearchAction","target":{"@type":"EntryPoint","urlTemplate":"https:\/\/www.tafeldeko.de\/news\/?s={search_term_string}"},"query-input":"required name=search_term_string"}],"inLanguage":"de-DE"},{"@type":"Person","@id":"https:\/\/www.tafeldeko.de\/news\/#\/schema\/person\/d2acd86447ed0b6336089a8ba83164a0","name":"Christiane Stein","image":{"@type":"ImageObject","inLanguage":"de-DE","@id":"https:\/\/www.tafeldeko.de\/news\/#\/schema\/person\/image\/","url":"https:\/\/secure.gravatar.com\/avatar\/2054729fbfd1ebc9d3cf1fd55361d0b6?s=96&d=mm&r=g","contentUrl":"https:\/\/secure.gravatar.com\/avatar\/2054729fbfd1ebc9d3cf1fd55361d0b6?s=96&d=mm&r=g","caption":"Christiane Stein"}}]}},"_links":{"self":[{"href":"https:\/\/www.tafeldeko.de\/news\/wp-json\/wp\/v2\/posts\/2189"}],"collection":[{"href":"https:\/\/www.tafeldeko.de\/news\/wp-json\/wp\/v2\/posts"}],"about":[{"href":"https:\/\/www.tafeldeko.de\/news\/wp-json\/wp\/v2\/types\/post"}],"author":[{"embeddable":true,"href":"https:\/\/www.tafeldeko.de\/news\/wp-json\/wp\/v2\/users\/2"}],"replies":[{"embeddable":true,"href":"https:\/\/www.tafeldeko.de\/news\/wp-json\/wp\/v2\/comments?post=2189"}],"version-history":[{"count":0,"href":"https:\/\/www.tafeldeko.de\/news\/wp-json\/wp\/v2\/posts\/2189\/revisions"}],"wp:featuredmedia":[{"embeddable":true,"href":"https:\/\/www.tafeldeko.de\/news\/wp-json\/wp\/v2\/media\/2190"}],"wp:attachment":[{"href":"https:\/\/www.tafeldeko.de\/news\/wp-json\/wp\/v2\/media?parent=2189"}],"wp:term":[{"taxonomy":"category","embeddable":true,"href":"https:\/\/www.tafeldeko.de\/news\/wp-json\/wp\/v2\/categories?post=2189"},{"taxonomy":"post_tag","embeddable":true,"href":"https:\/\/www.tafeldeko.de\/news\/wp-json\/wp\/v2\/tags?post=2189"}],"curies":[{"name":"wp","href":"https:\/\/api.w.org\/{rel}","templated":true}]}}