{"id":2186,"date":"2011-12-10T21:06:56","date_gmt":"2011-12-10T19:06:56","guid":{"rendered":"http:\/\/www.tafeldeko.de\/news\/?p=2186"},"modified":"2011-12-10T21:06:56","modified_gmt":"2011-12-10T19:06:56","slug":"wunderschoene-tischdeko-mit-gefalteten-servietten-und-calla","status":"publish","type":"post","link":"https:\/\/www.tafeldeko.de\/news\/wunderschoene-tischdeko-mit-gefalteten-servietten-und-calla\/","title":{"rendered":"Wundersch\u00f6ne Tischdeko mit gefalteten Servietten und Calla"},"content":{"rendered":"<div class=\"textumfliessenrechts\"><img decoding=\"async\" loading=\"lazy\" src=\"https:\/\/www.tafeldeko.de\/news\/media\/users\/schnurchristian\/calla_klammer.jpg\" alt=\"Mini-Klammer Calla\" title=\"Mini-Klammer Calla\" width=\"240\" height=\"240\" \/><br \/><a href=\"https:\/\/www.tafeldeko.de\/product_info.php\/products_id\/7982_Mini-Calla-Klammer-in-weiss.html\" title=\"Tischdeko mit Calla\"><b>Tischdeko mit Calla<\/b><\/a><\/div>\n<p> Eine Feier mit entsprechender Tischdeko ist immer wieder ein ganz besonderer Anlass \u2013 und das f\u00fcr die ausrichtende Person als auch f\u00fcr die G\u00e4ste.<br \/>\nAnsprechend dekorierte und eingedeckte Tische geben der Feier <b>eine gewisse Grundlage<\/b> und hei\u00dfen die G\u00e4ste herzlich willkommen.<br \/>\nEin Raum und Tische, die sch\u00f6n dekoriert sind, sind ansprechend und f\u00fcr die G\u00e4ste ein Zeichen, dass man sie willkommen hei\u00dft und sich freut, diesen Tag mit ihnen verleben zu k\u00f6nnen.<br \/>\nDoch wie kann man die Tischdeko ausrichten?<br \/>\nGanz gleich, um welchen Anlass es sich handelt, eine Tischdeko, die Akzente f\u00fcr das Auge der Betrachter bietet, ist sch\u00f6n und ansprechend. Gerade gefaltete Servietten sind einer der Punkte, die <b>sch\u00f6ne Blickpunkte <\/b>inmitten einer Tischdeko setzen.<br \/>\nIn Kombination mit wundersch\u00f6nen Elementen wirkt die Tischdeko sehr sch\u00f6n und edel.<br \/>\nBlumen oder Blumengestecke sind ebenfalls sch\u00f6ne M\u00f6glichkeiten, die Tischdeko auszustatten, doch nicht immer hat man frische Blumen zur Hand oder nicht die, die man gerne haben m\u00f6chte. Calla ist mit eine der Blumenarten, die f\u00fcr die Tischdeko sehr beliebt sind, ganz gleich, ob man eine Hochzeit, einen Geburtstag oder die Silber- oder Goldhochzeit mit der Tischdeko ausstattet.<br \/>\nDie Calla und die gefalteten Servietten sind schon <b>zwei Blickpunkte<\/b>, die die Tischdeko zu etwas Besonderem machen.<br \/>\nDoch wie kann man die <a href=\"https:\/\/www.tafeldeko.de\/servietten_falten\/\" title=\"Servietten falten\"><b>Servietten falten<\/b><\/a>? M\u00f6glichkeiten, Servietten zu falten, gibt es viele, manche mehr oder weniger aufw\u00e4ndig, mehr oder weniger ausgefallen. M\u00f6chte man die Tischdeko mit gefalteten Servietten und Calla best\u00fccken, ben\u00f6tigt man hier etwas mehr Zeit als mit einer herk\u00f6mmlichen Tischdeko.<br \/>\nDie <b><a href=\"https:\/\/www.tafeldeko.de\/index.php\/cat\/c1280_Duni-einfarbige-Servietten.html\" title=\"Servietten\">Servietten<\/a><\/b> werden nach den Vorgaben aus dem Internet gefaltet und an jeden Sitzplatz der G\u00e4ste gestellt. Und eine Calla, in Form einer Mini-Calla-Klammer in wei\u00df, ziert beispielsweise die sch\u00f6n gefaltete Serviette. Die Mini-Calla-Klammer ist sch\u00f6n anzusehen, eine wei\u00dfe Schleife ziert dieses Arrangement und selbst wenn man keine frischen Blumen bekam, diese Mini-Calla sehen sehr sch\u00f6n aus und setzen andersartige Akzente in der Tischdeko.<\/p>\n","protected":false},"excerpt":{"rendered":"<p>Eine Feier mit entsprechender Tischdeko ist immer wieder ein ganz besonderer Anlass \u2013 und das f\u00fcr die ausrichtende Person als auch f\u00fcr die G\u00e4ste.<br \/>\nAnsprechend dekorierte und eingedeckte Tische geben der Feier eine gewisse Grundlage und hei\u00dfen die G\u00e4ste herzlich willkommen.<br \/>\nEin Raum und Tische, die sch\u00f6n dekoriert sind, sind ansprechend und f\u00fcr die G\u00e4ste ein Zeichen, dass man sie willkommen hei\u00dft und sich freut, diesen Tag mit ihnen verleben zu k\u00f6nnen.<br \/>\nDoch wie kann man die Tischdeko ausrichten?<\/p>\n","protected":false},"author":2,"featured_media":1775,"comment_status":"open","ping_status":"open","sticky":false,"template":"","format":"standard","meta":{"footnotes":""},"categories":[1],"tags":[],"yoast_head":"<!-- This site is optimized with the Yoast SEO plugin v20.4 - https:\/\/yoast.com\/wordpress\/plugins\/seo\/ -->\n<title>Wundersch\u00f6ne Tischdeko mit gefalteten Servietten und Calla - Tafeldeko<\/title>\n<meta name=\"description\" content=\"Ansprechend dekorierte und eingedeckte Tische geben der Feier eine gewisse Grundlage und hei&#xDF;en die G&#xE4;ste herzlich willkommen.\" \/>\n<meta name=\"robots\" content=\"index, follow, max-snippet:-1, max-image-preview:large, max-video-preview:-1\" \/>\n<link rel=\"canonical\" href=\"https:\/\/www.tafeldeko.de\/news\/wunderschoene-tischdeko-mit-gefalteten-servietten-und-calla\/\" \/>\n<meta property=\"og:locale\" content=\"de_DE\" \/>\n<meta property=\"og:type\" content=\"article\" \/>\n<meta property=\"og:title\" content=\"Wundersch\u00f6ne Tischdeko mit gefalteten Servietten und Calla - Tafeldeko\" \/>\n<meta property=\"og:description\" content=\"Ansprechend dekorierte und eingedeckte Tische geben der Feier eine gewisse Grundlage und hei&#xDF;en die G&#xE4;ste herzlich willkommen.\" \/>\n<meta property=\"og:url\" content=\"https:\/\/www.tafeldeko.de\/news\/wunderschoene-tischdeko-mit-gefalteten-servietten-und-calla\/\" \/>\n<meta property=\"og:site_name\" content=\"Tafeldeko\" \/>\n<meta property=\"article:publisher\" content=\"https:\/\/www.facebook.com\/pages\/Tafeldeko-einzigartige-Tischdekoration\/174202655894\" \/>\n<meta property=\"article:published_time\" content=\"2011-12-10T19:06:56+00:00\" \/>\n<meta property=\"og:image\" content=\"https:\/\/www.tafeldeko.de\/news\/wp-content\/uploads\/2014\/09\/calla_klammer.jpg\" \/>\n\t<meta property=\"og:image:width\" content=\"250\" \/>\n\t<meta property=\"og:image:height\" content=\"250\" \/>\n\t<meta property=\"og:image:type\" content=\"image\/jpeg\" \/>\n<meta name=\"author\" content=\"Christiane Stein\" \/>\n<meta name=\"twitter:label1\" content=\"Verfasst von\" \/>\n\t<meta name=\"twitter:data1\" content=\"Christiane Stein\" \/>\n\t<meta name=\"twitter:label2\" content=\"Gesch\u00e4tzte Lesezeit\" \/>\n\t<meta name=\"twitter:data2\" content=\"2 Minuten\" \/>\n<script type=\"application\/ld+json\" class=\"yoast-schema-graph\">{\"@context\":\"https:\/\/schema.org\",\"@graph\":[{\"@type\":\"WebPage\",\"@id\":\"https:\/\/www.tafeldeko.de\/news\/wunderschoene-tischdeko-mit-gefalteten-servietten-und-calla\/\",\"url\":\"https:\/\/www.tafeldeko.de\/news\/wunderschoene-tischdeko-mit-gefalteten-servietten-und-calla\/\",\"name\":\"Wundersch\u00f6ne Tischdeko mit gefalteten Servietten und Calla - Tafeldeko\",\"isPartOf\":{\"@id\":\"https:\/\/www.tafeldeko.de\/news\/#website\"},\"datePublished\":\"2011-12-10T19:06:56+00:00\",\"dateModified\":\"2011-12-10T19:06:56+00:00\",\"author\":{\"@id\":\"https:\/\/www.tafeldeko.de\/news\/#\/schema\/person\/d2acd86447ed0b6336089a8ba83164a0\"},\"description\":\"Ansprechend dekorierte und eingedeckte Tische geben der Feier eine gewisse Grundlage und hei&#xDF;en die G&#xE4;ste herzlich willkommen.\",\"breadcrumb\":{\"@id\":\"https:\/\/www.tafeldeko.de\/news\/wunderschoene-tischdeko-mit-gefalteten-servietten-und-calla\/#breadcrumb\"},\"inLanguage\":\"de-DE\",\"potentialAction\":[{\"@type\":\"ReadAction\",\"target\":[\"https:\/\/www.tafeldeko.de\/news\/wunderschoene-tischdeko-mit-gefalteten-servietten-und-calla\/\"]}]},{\"@type\":\"BreadcrumbList\",\"@id\":\"https:\/\/www.tafeldeko.de\/news\/wunderschoene-tischdeko-mit-gefalteten-servietten-und-calla\/#breadcrumb\",\"itemListElement\":[{\"@type\":\"ListItem\",\"position\":1,\"name\":\"Tafeldeko\",\"item\":\"https:\/\/www.tafeldeko.de\/news\/\"},{\"@type\":\"ListItem\",\"position\":2,\"name\":\"Alte Beitr\u00e4ge\",\"item\":\"https:\/\/www.tafeldeko.de\/news\/alte-beitraege\/\"},{\"@type\":\"ListItem\",\"position\":3,\"name\":\"Tischdeko - Blog\",\"item\":\"https:\/\/www.tafeldeko.de\/news\/alte-beitraege\/tischdeko-blog\/\"},{\"@type\":\"ListItem\",\"position\":4,\"name\":\"Wundersch\u00f6ne Tischdeko mit gefalteten Servietten und Calla\"}]},{\"@type\":\"WebSite\",\"@id\":\"https:\/\/www.tafeldeko.de\/news\/#website\",\"url\":\"https:\/\/www.tafeldeko.de\/news\/\",\"name\":\"Tafeldeko\",\"description\":\"Blog mit Tischdeko und Tischdekoration Ideen\",\"potentialAction\":[{\"@type\":\"SearchAction\",\"target\":{\"@type\":\"EntryPoint\",\"urlTemplate\":\"https:\/\/www.tafeldeko.de\/news\/?s={search_term_string}\"},\"query-input\":\"required name=search_term_string\"}],\"inLanguage\":\"de-DE\"},{\"@type\":\"Person\",\"@id\":\"https:\/\/www.tafeldeko.de\/news\/#\/schema\/person\/d2acd86447ed0b6336089a8ba83164a0\",\"name\":\"Christiane Stein\",\"image\":{\"@type\":\"ImageObject\",\"inLanguage\":\"de-DE\",\"@id\":\"https:\/\/www.tafeldeko.de\/news\/#\/schema\/person\/image\/\",\"url\":\"https:\/\/secure.gravatar.com\/avatar\/2054729fbfd1ebc9d3cf1fd55361d0b6?s=96&d=mm&r=g\",\"contentUrl\":\"https:\/\/secure.gravatar.com\/avatar\/2054729fbfd1ebc9d3cf1fd55361d0b6?s=96&d=mm&r=g\",\"caption\":\"Christiane Stein\"}}]}<\/script>\n<!-- \/ Yoast SEO plugin. -->","yoast_head_json":{"title":"Wundersch\u00f6ne Tischdeko mit gefalteten Servietten und Calla - Tafeldeko","description":"Ansprechend dekorierte und eingedeckte Tische geben der Feier eine gewisse Grundlage und hei&#xDF;en die G&#xE4;ste herzlich willkommen.","robots":{"index":"index","follow":"follow","max-snippet":"max-snippet:-1","max-image-preview":"max-image-preview:large","max-video-preview":"max-video-preview:-1"},"canonical":"https:\/\/www.tafeldeko.de\/news\/wunderschoene-tischdeko-mit-gefalteten-servietten-und-calla\/","og_locale":"de_DE","og_type":"article","og_title":"Wundersch\u00f6ne Tischdeko mit gefalteten Servietten und Calla - Tafeldeko","og_description":"Ansprechend dekorierte und eingedeckte Tische geben der Feier eine gewisse Grundlage und hei&#xDF;en die G&#xE4;ste herzlich willkommen.","og_url":"https:\/\/www.tafeldeko.de\/news\/wunderschoene-tischdeko-mit-gefalteten-servietten-und-calla\/","og_site_name":"Tafeldeko","article_publisher":"https:\/\/www.facebook.com\/pages\/Tafeldeko-einzigartige-Tischdekoration\/174202655894","article_published_time":"2011-12-10T19:06:56+00:00","og_image":[{"width":250,"height":250,"url":"https:\/\/www.tafeldeko.de\/news\/wp-content\/uploads\/2014\/09\/calla_klammer.jpg","type":"image\/jpeg"}],"author":"Christiane Stein","twitter_misc":{"Verfasst von":"Christiane Stein","Gesch\u00e4tzte Lesezeit":"2 Minuten"},"schema":{"@context":"https:\/\/schema.org","@graph":[{"@type":"WebPage","@id":"https:\/\/www.tafeldeko.de\/news\/wunderschoene-tischdeko-mit-gefalteten-servietten-und-calla\/","url":"https:\/\/www.tafeldeko.de\/news\/wunderschoene-tischdeko-mit-gefalteten-servietten-und-calla\/","name":"Wundersch\u00f6ne Tischdeko mit gefalteten Servietten und Calla - Tafeldeko","isPartOf":{"@id":"https:\/\/www.tafeldeko.de\/news\/#website"},"datePublished":"2011-12-10T19:06:56+00:00","dateModified":"2011-12-10T19:06:56+00:00","author":{"@id":"https:\/\/www.tafeldeko.de\/news\/#\/schema\/person\/d2acd86447ed0b6336089a8ba83164a0"},"description":"Ansprechend dekorierte und eingedeckte Tische geben der Feier eine gewisse Grundlage und hei&#xDF;en die G&#xE4;ste herzlich willkommen.","breadcrumb":{"@id":"https:\/\/www.tafeldeko.de\/news\/wunderschoene-tischdeko-mit-gefalteten-servietten-und-calla\/#breadcrumb"},"inLanguage":"de-DE","potentialAction":[{"@type":"ReadAction","target":["https:\/\/www.tafeldeko.de\/news\/wunderschoene-tischdeko-mit-gefalteten-servietten-und-calla\/"]}]},{"@type":"BreadcrumbList","@id":"https:\/\/www.tafeldeko.de\/news\/wunderschoene-tischdeko-mit-gefalteten-servietten-und-calla\/#breadcrumb","itemListElement":[{"@type":"ListItem","position":1,"name":"Tafeldeko","item":"https:\/\/www.tafeldeko.de\/news\/"},{"@type":"ListItem","position":2,"name":"Alte Beitr\u00e4ge","item":"https:\/\/www.tafeldeko.de\/news\/alte-beitraege\/"},{"@type":"ListItem","position":3,"name":"Tischdeko - Blog","item":"https:\/\/www.tafeldeko.de\/news\/alte-beitraege\/tischdeko-blog\/"},{"@type":"ListItem","position":4,"name":"Wundersch\u00f6ne Tischdeko mit gefalteten Servietten und Calla"}]},{"@type":"WebSite","@id":"https:\/\/www.tafeldeko.de\/news\/#website","url":"https:\/\/www.tafeldeko.de\/news\/","name":"Tafeldeko","description":"Blog mit Tischdeko und Tischdekoration Ideen","potentialAction":[{"@type":"SearchAction","target":{"@type":"EntryPoint","urlTemplate":"https:\/\/www.tafeldeko.de\/news\/?s={search_term_string}"},"query-input":"required name=search_term_string"}],"inLanguage":"de-DE"},{"@type":"Person","@id":"https:\/\/www.tafeldeko.de\/news\/#\/schema\/person\/d2acd86447ed0b6336089a8ba83164a0","name":"Christiane Stein","image":{"@type":"ImageObject","inLanguage":"de-DE","@id":"https:\/\/www.tafeldeko.de\/news\/#\/schema\/person\/image\/","url":"https:\/\/secure.gravatar.com\/avatar\/2054729fbfd1ebc9d3cf1fd55361d0b6?s=96&d=mm&r=g","contentUrl":"https:\/\/secure.gravatar.com\/avatar\/2054729fbfd1ebc9d3cf1fd55361d0b6?s=96&d=mm&r=g","caption":"Christiane Stein"}}]}},"_links":{"self":[{"href":"https:\/\/www.tafeldeko.de\/news\/wp-json\/wp\/v2\/posts\/2186"}],"collection":[{"href":"https:\/\/www.tafeldeko.de\/news\/wp-json\/wp\/v2\/posts"}],"about":[{"href":"https:\/\/www.tafeldeko.de\/news\/wp-json\/wp\/v2\/types\/post"}],"author":[{"embeddable":true,"href":"https:\/\/www.tafeldeko.de\/news\/wp-json\/wp\/v2\/users\/2"}],"replies":[{"embeddable":true,"href":"https:\/\/www.tafeldeko.de\/news\/wp-json\/wp\/v2\/comments?post=2186"}],"version-history":[{"count":0,"href":"https:\/\/www.tafeldeko.de\/news\/wp-json\/wp\/v2\/posts\/2186\/revisions"}],"wp:featuredmedia":[{"embeddable":true,"href":"https:\/\/www.tafeldeko.de\/news\/wp-json\/wp\/v2\/media\/1775"}],"wp:attachment":[{"href":"https:\/\/www.tafeldeko.de\/news\/wp-json\/wp\/v2\/media?parent=2186"}],"wp:term":[{"taxonomy":"category","embeddable":true,"href":"https:\/\/www.tafeldeko.de\/news\/wp-json\/wp\/v2\/categories?post=2186"},{"taxonomy":"post_tag","embeddable":true,"href":"https:\/\/www.tafeldeko.de\/news\/wp-json\/wp\/v2\/tags?post=2186"}],"curies":[{"name":"wp","href":"https:\/\/api.w.org\/{rel}","templated":true}]}}