{"id":2184,"date":"2011-11-29T21:48:17","date_gmt":"2011-11-29T19:48:17","guid":{"rendered":"http:\/\/www.tafeldeko.de\/news\/?p=2184"},"modified":"2011-11-29T21:48:17","modified_gmt":"2011-11-29T19:48:17","slug":"tischdeko-fuer-den-spanischen-abend","status":"publish","type":"post","link":"https:\/\/www.tafeldeko.de\/news\/tischdeko-fuer-den-spanischen-abend\/","title":{"rendered":"Tischdeko f\u00fcr den spanischen Abend"},"content":{"rendered":"<div class=\"textumfliessenrechts\"><img decoding=\"async\" loading=\"lazy\" src=\"https:\/\/www.tafeldeko.de\/news\/media\/users\/schnurchristian\/espana.jpg\" alt=\"Servietten Espana\" title=\"Servietten Espana\" width=\"188\" height=\"188\" \/><br \/><a href=\"https:\/\/www.tafeldeko.de\/index.php\/cat\/c53_Motivservietten.html\" title=\"Motivservietten\"><b>Motivservietten<\/b><\/a><\/div>\n<p> <b>Spanien<\/b> \u2013 Jahr f\u00fcr Jahr ein beliebtes Urlaubsziel \u2013 und das nicht nur bei den Deutschen, sondern auch von unseren Nachbarn.<br \/>\nDie Touristenst\u00e4dte in Spanien laden zum Verweilen und Erholen ein, w\u00e4hrend des Urlaubs kann man die landestypischen Traditionen kennen lernen, landestypische Sehensw\u00fcrdigkeiten besichtigen und sich ein Bild von Land und Leuten machen.<br \/>\nZu Hause wieder angekommen, kann man unter Garantie von vielen verschiedenen Eindr\u00fccken berichten und vielleicht ist auch das Thema Spanien ein Motto f\u00fcr einen Abend mit Freunden. Schlie\u00dflich blieben manche, f\u00fcr das Land typischen Dinge, in der Erinnerung und gerne w\u00fcrde man das zu Hause wiederholen.<br \/>\nNicht nur das Essen spielt bei einem spanischen Abend eine Rolle, sondern auch das gesamte Drumherum. Das Thema Tischdeko sollte auf keinen Fall untersch\u00e4tzt werden, vor allem dann, wenn man ein Thema w\u00e4hlt, das den G\u00e4sten mitgeteilt werden soll. Und wie kann man dies besser als mit einer <b>perfekt ausgestatteten Tischdeko<\/b>?<br \/>\nSpanischer Abend, spanische Nacht \u2013 an was denkt man, wenn man an Spanien denkt?<br \/>\nFlamenco, durchtanzte N\u00e4chte, leckeres Essen, sommerliche Outfits und leckere Cocktails sind garantiert nur einige der Punkte an die man denkt, wenn man an Spanien denkt.<br \/>\nDie <b><a href=\"https:\/\/www.tafeldeko.de\" title=\"Tischdeko\">Tischdeko<\/a><\/b> f\u00fcr den spanischen Abend \u2013 wie geschrieben: nicht zu untersch\u00e4tzen \u2013 kann zum Beispiel so aussehen:<br \/>\nBeginnen wir mit den Servietten, denn diese geben die Farbe vor, wenn man diese als Hauptelement verwenden m\u00f6chte. Die Servietten Espana sind eine wundersch\u00f6ne Basis f\u00fcr die spanische Tischdeko, sie verk\u00f6rpern genau das, was man sich unter einem <b>Urlaub in Spanien <\/b>vorstellt. Sonne, Sommer, Vino und spanische Landschaften um sich herum \u2013 aus diesem Grund sind die Servietten Espana hervorragend f\u00fcr die Tischdeko rund um Spanien geeignet.<br \/>\nFarblich auf die Farben der Servietten abgestimmt, werden die weiteren Accessoires f\u00fcr die Tischdeko ausgew\u00e4hlt. <b><a href=\"https:\/\/www.tafeldeko.de\/index.php\/cat\/c526_Kerzen---Kerzenhalter.html\" title=\"Kerzen\">Kerzen<\/a><\/b>, in sattem Gr\u00fcn, schon drapiert auf Spiegeluntersetzern, Sch\u00e4lchen mit Oliven \u2013 also in Richtung &#8220;essbare Tischdeko\u201c \u2013 und auch Olivenzweige k\u00f6nnen als Accessoires f\u00fcr die spanische Tischdeko verwendet werden. <\/p>\n","protected":false},"excerpt":{"rendered":"<p>Spanien \u2013 Jahr f\u00fcr Jahr ein beliebtes Urlaubsziel \u2013 und das nicht nur bei den Deutschen, sondern auch von unseren Nachbarn.<br \/>\nDie Touristenst\u00e4dte in Spanien laden zum Verweilen und Erholen ein, w\u00e4hrend des Urlaubs kann man die landestypischen Traditionen kennen lernen, landestypische Sehensw\u00fcrdigkeiten besichtigen und sich ein Bild von Land und Leuten machen.<br \/>\nZu Hause wieder angekommen, kann man unter Garantie von vielen verschiedenen Eindr\u00fccken berichten und vielleicht ist auch das Thema Spanien ein Motto f\u00fcr einen Abend mit Freunden. Schlie\u00dflich blieben manche, f\u00fcr das Land typischen Dinge, in der Erinnerung und gerne w\u00fcrde man das zu Hause wiederholen.<\/p>\n","protected":false},"author":2,"featured_media":2185,"comment_status":"open","ping_status":"open","sticky":false,"template":"","format":"standard","meta":{"footnotes":""},"categories":[1],"tags":[],"yoast_head":"<!-- This site is optimized with the Yoast SEO plugin v20.4 - https:\/\/yoast.com\/wordpress\/plugins\/seo\/ -->\n<title>Tischdeko f\u00fcr den spanischen Abend - Tafeldeko<\/title>\n<meta name=\"description\" content=\"Die Tischdeko f&#xFC;r den spanischen Abend sollte an den gerade verbrachten, wundersch&#xF6;nen Urlaub in Spanien erinnern.\" \/>\n<meta name=\"robots\" content=\"index, follow, max-snippet:-1, max-image-preview:large, max-video-preview:-1\" \/>\n<link rel=\"canonical\" href=\"https:\/\/www.tafeldeko.de\/news\/tischdeko-fuer-den-spanischen-abend\/\" \/>\n<meta property=\"og:locale\" content=\"de_DE\" \/>\n<meta property=\"og:type\" content=\"article\" \/>\n<meta property=\"og:title\" content=\"Tischdeko f\u00fcr den spanischen Abend - Tafeldeko\" \/>\n<meta property=\"og:description\" content=\"Die Tischdeko f&#xFC;r den spanischen Abend sollte an den gerade verbrachten, wundersch&#xF6;nen Urlaub in Spanien erinnern.\" \/>\n<meta property=\"og:url\" content=\"https:\/\/www.tafeldeko.de\/news\/tischdeko-fuer-den-spanischen-abend\/\" \/>\n<meta property=\"og:site_name\" content=\"Tafeldeko\" \/>\n<meta property=\"article:publisher\" content=\"https:\/\/www.facebook.com\/pages\/Tafeldeko-einzigartige-Tischdekoration\/174202655894\" \/>\n<meta property=\"article:published_time\" content=\"2011-11-29T19:48:17+00:00\" \/>\n<meta property=\"og:image\" content=\"https:\/\/www.tafeldeko.de\/news\/wp-content\/uploads\/2014\/09\/espana.jpg\" \/>\n\t<meta property=\"og:image:width\" content=\"188\" \/>\n\t<meta property=\"og:image:height\" content=\"188\" \/>\n\t<meta property=\"og:image:type\" content=\"image\/jpeg\" \/>\n<meta name=\"author\" content=\"Christiane Stein\" \/>\n<meta name=\"twitter:label1\" content=\"Verfasst von\" \/>\n\t<meta name=\"twitter:data1\" content=\"Christiane Stein\" \/>\n\t<meta name=\"twitter:label2\" content=\"Gesch\u00e4tzte Lesezeit\" \/>\n\t<meta name=\"twitter:data2\" content=\"2 Minuten\" \/>\n<script type=\"application\/ld+json\" class=\"yoast-schema-graph\">{\"@context\":\"https:\/\/schema.org\",\"@graph\":[{\"@type\":\"WebPage\",\"@id\":\"https:\/\/www.tafeldeko.de\/news\/tischdeko-fuer-den-spanischen-abend\/\",\"url\":\"https:\/\/www.tafeldeko.de\/news\/tischdeko-fuer-den-spanischen-abend\/\",\"name\":\"Tischdeko f\u00fcr den spanischen Abend - Tafeldeko\",\"isPartOf\":{\"@id\":\"https:\/\/www.tafeldeko.de\/news\/#website\"},\"datePublished\":\"2011-11-29T19:48:17+00:00\",\"dateModified\":\"2011-11-29T19:48:17+00:00\",\"author\":{\"@id\":\"https:\/\/www.tafeldeko.de\/news\/#\/schema\/person\/d2acd86447ed0b6336089a8ba83164a0\"},\"description\":\"Die Tischdeko f&#xFC;r den spanischen Abend sollte an den gerade verbrachten, wundersch&#xF6;nen Urlaub in Spanien erinnern.\",\"breadcrumb\":{\"@id\":\"https:\/\/www.tafeldeko.de\/news\/tischdeko-fuer-den-spanischen-abend\/#breadcrumb\"},\"inLanguage\":\"de-DE\",\"potentialAction\":[{\"@type\":\"ReadAction\",\"target\":[\"https:\/\/www.tafeldeko.de\/news\/tischdeko-fuer-den-spanischen-abend\/\"]}]},{\"@type\":\"BreadcrumbList\",\"@id\":\"https:\/\/www.tafeldeko.de\/news\/tischdeko-fuer-den-spanischen-abend\/#breadcrumb\",\"itemListElement\":[{\"@type\":\"ListItem\",\"position\":1,\"name\":\"Tafeldeko\",\"item\":\"https:\/\/www.tafeldeko.de\/news\/\"},{\"@type\":\"ListItem\",\"position\":2,\"name\":\"Alte Beitr\u00e4ge\",\"item\":\"https:\/\/www.tafeldeko.de\/news\/alte-beitraege\/\"},{\"@type\":\"ListItem\",\"position\":3,\"name\":\"Tischdeko - Blog\",\"item\":\"https:\/\/www.tafeldeko.de\/news\/alte-beitraege\/tischdeko-blog\/\"},{\"@type\":\"ListItem\",\"position\":4,\"name\":\"Tischdeko f\u00fcr den spanischen Abend\"}]},{\"@type\":\"WebSite\",\"@id\":\"https:\/\/www.tafeldeko.de\/news\/#website\",\"url\":\"https:\/\/www.tafeldeko.de\/news\/\",\"name\":\"Tafeldeko\",\"description\":\"Blog mit Tischdeko und Tischdekoration Ideen\",\"potentialAction\":[{\"@type\":\"SearchAction\",\"target\":{\"@type\":\"EntryPoint\",\"urlTemplate\":\"https:\/\/www.tafeldeko.de\/news\/?s={search_term_string}\"},\"query-input\":\"required name=search_term_string\"}],\"inLanguage\":\"de-DE\"},{\"@type\":\"Person\",\"@id\":\"https:\/\/www.tafeldeko.de\/news\/#\/schema\/person\/d2acd86447ed0b6336089a8ba83164a0\",\"name\":\"Christiane Stein\",\"image\":{\"@type\":\"ImageObject\",\"inLanguage\":\"de-DE\",\"@id\":\"https:\/\/www.tafeldeko.de\/news\/#\/schema\/person\/image\/\",\"url\":\"https:\/\/secure.gravatar.com\/avatar\/2054729fbfd1ebc9d3cf1fd55361d0b6?s=96&d=mm&r=g\",\"contentUrl\":\"https:\/\/secure.gravatar.com\/avatar\/2054729fbfd1ebc9d3cf1fd55361d0b6?s=96&d=mm&r=g\",\"caption\":\"Christiane Stein\"}}]}<\/script>\n<!-- \/ Yoast SEO plugin. -->","yoast_head_json":{"title":"Tischdeko f\u00fcr den spanischen Abend - Tafeldeko","description":"Die Tischdeko f&#xFC;r den spanischen Abend sollte an den gerade verbrachten, wundersch&#xF6;nen Urlaub in Spanien erinnern.","robots":{"index":"index","follow":"follow","max-snippet":"max-snippet:-1","max-image-preview":"max-image-preview:large","max-video-preview":"max-video-preview:-1"},"canonical":"https:\/\/www.tafeldeko.de\/news\/tischdeko-fuer-den-spanischen-abend\/","og_locale":"de_DE","og_type":"article","og_title":"Tischdeko f\u00fcr den spanischen Abend - Tafeldeko","og_description":"Die Tischdeko f&#xFC;r den spanischen Abend sollte an den gerade verbrachten, wundersch&#xF6;nen Urlaub in Spanien erinnern.","og_url":"https:\/\/www.tafeldeko.de\/news\/tischdeko-fuer-den-spanischen-abend\/","og_site_name":"Tafeldeko","article_publisher":"https:\/\/www.facebook.com\/pages\/Tafeldeko-einzigartige-Tischdekoration\/174202655894","article_published_time":"2011-11-29T19:48:17+00:00","og_image":[{"width":188,"height":188,"url":"https:\/\/www.tafeldeko.de\/news\/wp-content\/uploads\/2014\/09\/espana.jpg","type":"image\/jpeg"}],"author":"Christiane Stein","twitter_misc":{"Verfasst von":"Christiane Stein","Gesch\u00e4tzte Lesezeit":"2 Minuten"},"schema":{"@context":"https:\/\/schema.org","@graph":[{"@type":"WebPage","@id":"https:\/\/www.tafeldeko.de\/news\/tischdeko-fuer-den-spanischen-abend\/","url":"https:\/\/www.tafeldeko.de\/news\/tischdeko-fuer-den-spanischen-abend\/","name":"Tischdeko f\u00fcr den spanischen Abend - Tafeldeko","isPartOf":{"@id":"https:\/\/www.tafeldeko.de\/news\/#website"},"datePublished":"2011-11-29T19:48:17+00:00","dateModified":"2011-11-29T19:48:17+00:00","author":{"@id":"https:\/\/www.tafeldeko.de\/news\/#\/schema\/person\/d2acd86447ed0b6336089a8ba83164a0"},"description":"Die Tischdeko f&#xFC;r den spanischen Abend sollte an den gerade verbrachten, wundersch&#xF6;nen Urlaub in Spanien erinnern.","breadcrumb":{"@id":"https:\/\/www.tafeldeko.de\/news\/tischdeko-fuer-den-spanischen-abend\/#breadcrumb"},"inLanguage":"de-DE","potentialAction":[{"@type":"ReadAction","target":["https:\/\/www.tafeldeko.de\/news\/tischdeko-fuer-den-spanischen-abend\/"]}]},{"@type":"BreadcrumbList","@id":"https:\/\/www.tafeldeko.de\/news\/tischdeko-fuer-den-spanischen-abend\/#breadcrumb","itemListElement":[{"@type":"ListItem","position":1,"name":"Tafeldeko","item":"https:\/\/www.tafeldeko.de\/news\/"},{"@type":"ListItem","position":2,"name":"Alte Beitr\u00e4ge","item":"https:\/\/www.tafeldeko.de\/news\/alte-beitraege\/"},{"@type":"ListItem","position":3,"name":"Tischdeko - Blog","item":"https:\/\/www.tafeldeko.de\/news\/alte-beitraege\/tischdeko-blog\/"},{"@type":"ListItem","position":4,"name":"Tischdeko f\u00fcr den spanischen Abend"}]},{"@type":"WebSite","@id":"https:\/\/www.tafeldeko.de\/news\/#website","url":"https:\/\/www.tafeldeko.de\/news\/","name":"Tafeldeko","description":"Blog mit Tischdeko und Tischdekoration Ideen","potentialAction":[{"@type":"SearchAction","target":{"@type":"EntryPoint","urlTemplate":"https:\/\/www.tafeldeko.de\/news\/?s={search_term_string}"},"query-input":"required name=search_term_string"}],"inLanguage":"de-DE"},{"@type":"Person","@id":"https:\/\/www.tafeldeko.de\/news\/#\/schema\/person\/d2acd86447ed0b6336089a8ba83164a0","name":"Christiane Stein","image":{"@type":"ImageObject","inLanguage":"de-DE","@id":"https:\/\/www.tafeldeko.de\/news\/#\/schema\/person\/image\/","url":"https:\/\/secure.gravatar.com\/avatar\/2054729fbfd1ebc9d3cf1fd55361d0b6?s=96&d=mm&r=g","contentUrl":"https:\/\/secure.gravatar.com\/avatar\/2054729fbfd1ebc9d3cf1fd55361d0b6?s=96&d=mm&r=g","caption":"Christiane Stein"}}]}},"_links":{"self":[{"href":"https:\/\/www.tafeldeko.de\/news\/wp-json\/wp\/v2\/posts\/2184"}],"collection":[{"href":"https:\/\/www.tafeldeko.de\/news\/wp-json\/wp\/v2\/posts"}],"about":[{"href":"https:\/\/www.tafeldeko.de\/news\/wp-json\/wp\/v2\/types\/post"}],"author":[{"embeddable":true,"href":"https:\/\/www.tafeldeko.de\/news\/wp-json\/wp\/v2\/users\/2"}],"replies":[{"embeddable":true,"href":"https:\/\/www.tafeldeko.de\/news\/wp-json\/wp\/v2\/comments?post=2184"}],"version-history":[{"count":0,"href":"https:\/\/www.tafeldeko.de\/news\/wp-json\/wp\/v2\/posts\/2184\/revisions"}],"wp:featuredmedia":[{"embeddable":true,"href":"https:\/\/www.tafeldeko.de\/news\/wp-json\/wp\/v2\/media\/2185"}],"wp:attachment":[{"href":"https:\/\/www.tafeldeko.de\/news\/wp-json\/wp\/v2\/media?parent=2184"}],"wp:term":[{"taxonomy":"category","embeddable":true,"href":"https:\/\/www.tafeldeko.de\/news\/wp-json\/wp\/v2\/categories?post=2184"},{"taxonomy":"post_tag","embeddable":true,"href":"https:\/\/www.tafeldeko.de\/news\/wp-json\/wp\/v2\/tags?post=2184"}],"curies":[{"name":"wp","href":"https:\/\/api.w.org\/{rel}","templated":true}]}}