{"id":2183,"date":"2011-11-28T21:06:48","date_gmt":"2011-11-28T19:06:48","guid":{"rendered":"http:\/\/www.tafeldeko.de\/news\/?p=2183"},"modified":"2011-11-28T21:06:48","modified_gmt":"2011-11-28T19:06:48","slug":"edle-tischdeko-mit-wunderschoen-gefalteten-servietten","status":"publish","type":"post","link":"https:\/\/www.tafeldeko.de\/news\/edle-tischdeko-mit-wunderschoen-gefalteten-servietten\/","title":{"rendered":"Edle Tischdeko mit wundersch\u00f6n gefalteten Servietten"},"content":{"rendered":"<div class=\"textumfliessenrechts\"><img decoding=\"async\" loading=\"lazy\" src=\"https:\/\/www.tafeldeko.de\/news\/media\/users\/schnurchristian\/dunilinmitkerze.jpg\" alt=\"Duni Dunilin\" title=\"Duni Dunilin\" width=\"175\" height=\"175\" \/><br \/><a href=\"https:\/\/www.tafeldeko.de\/product_info.php\/products_id\/1320_40er-Pack-Duni-Servietten-Dunilin-48-x-48-cm-in-8-Farben.html\" title=\"Hier Tischdeko mit Servietten\"><b>Hier Tischdeko mit Servietten<\/b><\/a><\/div>\n<p> Tischdekorationen sind bei jedem Anlass auf irgendeine Weise gefragt. Ob Tischdeko zur Taufe, zum Geburtstag, zur Hochzeit, zur Konfirmation oder Kommunion oder auch zum Betriebsfest \u2013 die Tische bei einer Feier sollten dekoriert sein. Es muss nicht die \u00fcppige Tischdeko sein, die mit vielen Accessoires die G\u00e4ste beeindrucken soll, sondern eine kleine, aber feine Tischdeko.<br \/>\nAuch bei der Tischdekoration macht es nicht immer die Masse, sondern die Auswahl der Elemente ist entscheidend und tr\u00e4gt zum Gelingen der <b>Deko des Tisches <\/b>bei.<br \/>\nEine M\u00f6glichkeit, Tische sch\u00f6n zu dekorieren, geben uns nat\u00fcrlich <b><a href=\"https:\/\/www.tafeldeko.de\/index.php\/cat\/c525_Tischdecken.html\" title=\"Tischdecken\">Tischdecken<\/a><\/b>, Tischl\u00e4ufer, Mitteldecken und Tischb\u00e4nder. Mit ihnen kann man sozusagen die Grundidee des Tisches verk\u00f6rpern, und die Accessoires, die ausgew\u00e4hlt werden, verleihen der Tischdeko das gewisse Etwas.<br \/>\nEin Punkt, der nicht zu verachten ist, sind die Servietten. Zum einen geh\u00f6ren sie zu der Tischdeko dazu und zum anderen wirken sie nat\u00fcrlich besonders, wenn sie nicht nur einfach an den Pl\u00e4tzen der G\u00e4ste aufgelegt, sondern <b>wundersch\u00f6n gefaltet<\/b> und drapiert werden.<br \/>\nAuch die Qualit\u00e4t der Servietten an sich ist f\u00fcr das Aussehen der Tischdeko entscheidend. Die Duni Dunilin Servietten mit den Ma\u00dfen 48 x 48 Zentimeter sind zum einen recht gro\u00df und zum anderen in ihrer Qualit\u00e4t au\u00dfergew\u00f6hnlich. Der Textil-Charakter, der diese Servietten auszeichnet, gibt ihnen das das gewisse Etwas und f\u00fcr die G\u00e4ste bescheren sie sozusagen ein Wohlf\u00fchl-Gef\u00fchl.<br \/>\nWerden diese edlen Servietten, die es in verschiedenen Farben gibt, wundersch\u00f6n gefaltet und auf die Teller der G\u00e4ste gelegt, erh\u00e4lt man ein wundersch\u00f6nes Gesamtbild. Mit einigen Streudekoteilen, Kerzen und dem einen oder anderen Deko-Accessoires erh\u00e4lt man eine ansprechende Tischdeko, die <b>Akzente setzt<\/b> und die Feier in Punkto Aussehen wunderbar untermalt.<br \/>\nFakt ist: wundersch\u00f6n gefaltete Servietten geben einer jeden Festtafel das gewisse Etwas. Und wie man die <b><a href=\"https:\/\/www.tafeldeko.de\/servietten_falten\/\" title=\"Servietten falten\">Servietten falten<\/a><\/b> kann, verr\u00e4t uns ein Blick in die Beschreibungen zum Servietten falten von Tafeldeko.<\/p>\n","protected":false},"excerpt":{"rendered":"<p>Tischdekorationen sind bei jedem Anlass auf irgendeine Weise gefragt. Ob Tischdeko zur Taufe, zum Geburtstag, zur Hochzeit, zur Konfirmation oder Kommunion oder auch zum Betriebsfest \u2013 die Tische bei einer Feier sollten dekoriert sein. Es muss nicht die \u00fcppige Tischdeko sein, die mit vielen Accessoires die G\u00e4ste beeindrucken soll, sondern eine kleine, aber feine Tischdeko.<br \/>\nAuch bei der Tischdekoration macht es nicht immer die Masse, sondern die Auswahl der Elemente ist entscheidend und tr\u00e4gt zum Gelingen der Deko des Tisches bei.<\/p>\n","protected":false},"author":2,"featured_media":1600,"comment_status":"open","ping_status":"open","sticky":false,"template":"","format":"standard","meta":{"footnotes":""},"categories":[1],"tags":[],"yoast_head":"<!-- This site is optimized with the Yoast SEO plugin v20.4 - https:\/\/yoast.com\/wordpress\/plugins\/seo\/ -->\n<title>Edle Tischdeko mit wundersch\u00f6n gefalteten Servietten - Tafeldeko<\/title>\n<meta name=\"description\" content=\"Mit Streudekoteilen, Kerzen und dem einen oder anderen Deko-Accessoires erh&#xE4;lt man eine ansprechende Tischdeko - gefaltete Servietten setzen tolle Akzente.\" \/>\n<meta name=\"robots\" content=\"index, follow, max-snippet:-1, max-image-preview:large, max-video-preview:-1\" \/>\n<link rel=\"canonical\" href=\"https:\/\/www.tafeldeko.de\/news\/edle-tischdeko-mit-wunderschoen-gefalteten-servietten\/\" \/>\n<meta property=\"og:locale\" content=\"de_DE\" \/>\n<meta property=\"og:type\" content=\"article\" \/>\n<meta property=\"og:title\" content=\"Edle Tischdeko mit wundersch\u00f6n gefalteten Servietten - Tafeldeko\" \/>\n<meta property=\"og:description\" content=\"Mit Streudekoteilen, Kerzen und dem einen oder anderen Deko-Accessoires erh&#xE4;lt man eine ansprechende Tischdeko - gefaltete Servietten setzen tolle Akzente.\" \/>\n<meta property=\"og:url\" content=\"https:\/\/www.tafeldeko.de\/news\/edle-tischdeko-mit-wunderschoen-gefalteten-servietten\/\" \/>\n<meta property=\"og:site_name\" content=\"Tafeldeko\" \/>\n<meta property=\"article:publisher\" content=\"https:\/\/www.facebook.com\/pages\/Tafeldeko-einzigartige-Tischdekoration\/174202655894\" \/>\n<meta property=\"article:published_time\" content=\"2011-11-28T19:06:48+00:00\" \/>\n<meta property=\"og:image\" content=\"https:\/\/www.tafeldeko.de\/news\/wp-content\/uploads\/2014\/09\/dunilinmitkerze.jpg\" \/>\n\t<meta property=\"og:image:width\" content=\"175\" \/>\n\t<meta property=\"og:image:height\" content=\"175\" \/>\n\t<meta property=\"og:image:type\" content=\"image\/jpeg\" \/>\n<meta name=\"author\" content=\"Christiane Stein\" \/>\n<meta name=\"twitter:label1\" content=\"Verfasst von\" \/>\n\t<meta name=\"twitter:data1\" content=\"Christiane Stein\" \/>\n\t<meta name=\"twitter:label2\" content=\"Gesch\u00e4tzte Lesezeit\" \/>\n\t<meta name=\"twitter:data2\" content=\"2 Minuten\" \/>\n<script type=\"application\/ld+json\" class=\"yoast-schema-graph\">{\"@context\":\"https:\/\/schema.org\",\"@graph\":[{\"@type\":\"WebPage\",\"@id\":\"https:\/\/www.tafeldeko.de\/news\/edle-tischdeko-mit-wunderschoen-gefalteten-servietten\/\",\"url\":\"https:\/\/www.tafeldeko.de\/news\/edle-tischdeko-mit-wunderschoen-gefalteten-servietten\/\",\"name\":\"Edle Tischdeko mit wundersch\u00f6n gefalteten Servietten - Tafeldeko\",\"isPartOf\":{\"@id\":\"https:\/\/www.tafeldeko.de\/news\/#website\"},\"datePublished\":\"2011-11-28T19:06:48+00:00\",\"dateModified\":\"2011-11-28T19:06:48+00:00\",\"author\":{\"@id\":\"https:\/\/www.tafeldeko.de\/news\/#\/schema\/person\/d2acd86447ed0b6336089a8ba83164a0\"},\"description\":\"Mit Streudekoteilen, Kerzen und dem einen oder anderen Deko-Accessoires erh&#xE4;lt man eine ansprechende Tischdeko - gefaltete Servietten setzen tolle Akzente.\",\"breadcrumb\":{\"@id\":\"https:\/\/www.tafeldeko.de\/news\/edle-tischdeko-mit-wunderschoen-gefalteten-servietten\/#breadcrumb\"},\"inLanguage\":\"de-DE\",\"potentialAction\":[{\"@type\":\"ReadAction\",\"target\":[\"https:\/\/www.tafeldeko.de\/news\/edle-tischdeko-mit-wunderschoen-gefalteten-servietten\/\"]}]},{\"@type\":\"BreadcrumbList\",\"@id\":\"https:\/\/www.tafeldeko.de\/news\/edle-tischdeko-mit-wunderschoen-gefalteten-servietten\/#breadcrumb\",\"itemListElement\":[{\"@type\":\"ListItem\",\"position\":1,\"name\":\"Tafeldeko\",\"item\":\"https:\/\/www.tafeldeko.de\/news\/\"},{\"@type\":\"ListItem\",\"position\":2,\"name\":\"Alte Beitr\u00e4ge\",\"item\":\"https:\/\/www.tafeldeko.de\/news\/alte-beitraege\/\"},{\"@type\":\"ListItem\",\"position\":3,\"name\":\"Tischdeko - Blog\",\"item\":\"https:\/\/www.tafeldeko.de\/news\/alte-beitraege\/tischdeko-blog\/\"},{\"@type\":\"ListItem\",\"position\":4,\"name\":\"Edle Tischdeko mit wundersch\u00f6n gefalteten Servietten\"}]},{\"@type\":\"WebSite\",\"@id\":\"https:\/\/www.tafeldeko.de\/news\/#website\",\"url\":\"https:\/\/www.tafeldeko.de\/news\/\",\"name\":\"Tafeldeko\",\"description\":\"Blog mit Tischdeko und Tischdekoration Ideen\",\"potentialAction\":[{\"@type\":\"SearchAction\",\"target\":{\"@type\":\"EntryPoint\",\"urlTemplate\":\"https:\/\/www.tafeldeko.de\/news\/?s={search_term_string}\"},\"query-input\":\"required name=search_term_string\"}],\"inLanguage\":\"de-DE\"},{\"@type\":\"Person\",\"@id\":\"https:\/\/www.tafeldeko.de\/news\/#\/schema\/person\/d2acd86447ed0b6336089a8ba83164a0\",\"name\":\"Christiane Stein\",\"image\":{\"@type\":\"ImageObject\",\"inLanguage\":\"de-DE\",\"@id\":\"https:\/\/www.tafeldeko.de\/news\/#\/schema\/person\/image\/\",\"url\":\"https:\/\/secure.gravatar.com\/avatar\/2054729fbfd1ebc9d3cf1fd55361d0b6?s=96&d=mm&r=g\",\"contentUrl\":\"https:\/\/secure.gravatar.com\/avatar\/2054729fbfd1ebc9d3cf1fd55361d0b6?s=96&d=mm&r=g\",\"caption\":\"Christiane Stein\"}}]}<\/script>\n<!-- \/ Yoast SEO plugin. -->","yoast_head_json":{"title":"Edle Tischdeko mit wundersch\u00f6n gefalteten Servietten - Tafeldeko","description":"Mit Streudekoteilen, Kerzen und dem einen oder anderen Deko-Accessoires erh&#xE4;lt man eine ansprechende Tischdeko - gefaltete Servietten setzen tolle Akzente.","robots":{"index":"index","follow":"follow","max-snippet":"max-snippet:-1","max-image-preview":"max-image-preview:large","max-video-preview":"max-video-preview:-1"},"canonical":"https:\/\/www.tafeldeko.de\/news\/edle-tischdeko-mit-wunderschoen-gefalteten-servietten\/","og_locale":"de_DE","og_type":"article","og_title":"Edle Tischdeko mit wundersch\u00f6n gefalteten Servietten - Tafeldeko","og_description":"Mit Streudekoteilen, Kerzen und dem einen oder anderen Deko-Accessoires erh&#xE4;lt man eine ansprechende Tischdeko - gefaltete Servietten setzen tolle Akzente.","og_url":"https:\/\/www.tafeldeko.de\/news\/edle-tischdeko-mit-wunderschoen-gefalteten-servietten\/","og_site_name":"Tafeldeko","article_publisher":"https:\/\/www.facebook.com\/pages\/Tafeldeko-einzigartige-Tischdekoration\/174202655894","article_published_time":"2011-11-28T19:06:48+00:00","og_image":[{"width":175,"height":175,"url":"https:\/\/www.tafeldeko.de\/news\/wp-content\/uploads\/2014\/09\/dunilinmitkerze.jpg","type":"image\/jpeg"}],"author":"Christiane Stein","twitter_misc":{"Verfasst von":"Christiane Stein","Gesch\u00e4tzte Lesezeit":"2 Minuten"},"schema":{"@context":"https:\/\/schema.org","@graph":[{"@type":"WebPage","@id":"https:\/\/www.tafeldeko.de\/news\/edle-tischdeko-mit-wunderschoen-gefalteten-servietten\/","url":"https:\/\/www.tafeldeko.de\/news\/edle-tischdeko-mit-wunderschoen-gefalteten-servietten\/","name":"Edle Tischdeko mit wundersch\u00f6n gefalteten Servietten - Tafeldeko","isPartOf":{"@id":"https:\/\/www.tafeldeko.de\/news\/#website"},"datePublished":"2011-11-28T19:06:48+00:00","dateModified":"2011-11-28T19:06:48+00:00","author":{"@id":"https:\/\/www.tafeldeko.de\/news\/#\/schema\/person\/d2acd86447ed0b6336089a8ba83164a0"},"description":"Mit Streudekoteilen, Kerzen und dem einen oder anderen Deko-Accessoires erh&#xE4;lt man eine ansprechende Tischdeko - gefaltete Servietten setzen tolle Akzente.","breadcrumb":{"@id":"https:\/\/www.tafeldeko.de\/news\/edle-tischdeko-mit-wunderschoen-gefalteten-servietten\/#breadcrumb"},"inLanguage":"de-DE","potentialAction":[{"@type":"ReadAction","target":["https:\/\/www.tafeldeko.de\/news\/edle-tischdeko-mit-wunderschoen-gefalteten-servietten\/"]}]},{"@type":"BreadcrumbList","@id":"https:\/\/www.tafeldeko.de\/news\/edle-tischdeko-mit-wunderschoen-gefalteten-servietten\/#breadcrumb","itemListElement":[{"@type":"ListItem","position":1,"name":"Tafeldeko","item":"https:\/\/www.tafeldeko.de\/news\/"},{"@type":"ListItem","position":2,"name":"Alte Beitr\u00e4ge","item":"https:\/\/www.tafeldeko.de\/news\/alte-beitraege\/"},{"@type":"ListItem","position":3,"name":"Tischdeko - Blog","item":"https:\/\/www.tafeldeko.de\/news\/alte-beitraege\/tischdeko-blog\/"},{"@type":"ListItem","position":4,"name":"Edle Tischdeko mit wundersch\u00f6n gefalteten Servietten"}]},{"@type":"WebSite","@id":"https:\/\/www.tafeldeko.de\/news\/#website","url":"https:\/\/www.tafeldeko.de\/news\/","name":"Tafeldeko","description":"Blog mit Tischdeko und Tischdekoration Ideen","potentialAction":[{"@type":"SearchAction","target":{"@type":"EntryPoint","urlTemplate":"https:\/\/www.tafeldeko.de\/news\/?s={search_term_string}"},"query-input":"required name=search_term_string"}],"inLanguage":"de-DE"},{"@type":"Person","@id":"https:\/\/www.tafeldeko.de\/news\/#\/schema\/person\/d2acd86447ed0b6336089a8ba83164a0","name":"Christiane Stein","image":{"@type":"ImageObject","inLanguage":"de-DE","@id":"https:\/\/www.tafeldeko.de\/news\/#\/schema\/person\/image\/","url":"https:\/\/secure.gravatar.com\/avatar\/2054729fbfd1ebc9d3cf1fd55361d0b6?s=96&d=mm&r=g","contentUrl":"https:\/\/secure.gravatar.com\/avatar\/2054729fbfd1ebc9d3cf1fd55361d0b6?s=96&d=mm&r=g","caption":"Christiane Stein"}}]}},"_links":{"self":[{"href":"https:\/\/www.tafeldeko.de\/news\/wp-json\/wp\/v2\/posts\/2183"}],"collection":[{"href":"https:\/\/www.tafeldeko.de\/news\/wp-json\/wp\/v2\/posts"}],"about":[{"href":"https:\/\/www.tafeldeko.de\/news\/wp-json\/wp\/v2\/types\/post"}],"author":[{"embeddable":true,"href":"https:\/\/www.tafeldeko.de\/news\/wp-json\/wp\/v2\/users\/2"}],"replies":[{"embeddable":true,"href":"https:\/\/www.tafeldeko.de\/news\/wp-json\/wp\/v2\/comments?post=2183"}],"version-history":[{"count":0,"href":"https:\/\/www.tafeldeko.de\/news\/wp-json\/wp\/v2\/posts\/2183\/revisions"}],"wp:featuredmedia":[{"embeddable":true,"href":"https:\/\/www.tafeldeko.de\/news\/wp-json\/wp\/v2\/media\/1600"}],"wp:attachment":[{"href":"https:\/\/www.tafeldeko.de\/news\/wp-json\/wp\/v2\/media?parent=2183"}],"wp:term":[{"taxonomy":"category","embeddable":true,"href":"https:\/\/www.tafeldeko.de\/news\/wp-json\/wp\/v2\/categories?post=2183"},{"taxonomy":"post_tag","embeddable":true,"href":"https:\/\/www.tafeldeko.de\/news\/wp-json\/wp\/v2\/tags?post=2183"}],"curies":[{"name":"wp","href":"https:\/\/api.w.org\/{rel}","templated":true}]}}