{"id":2105,"date":"2014-02-26T18:58:06","date_gmt":"2014-02-26T16:58:06","guid":{"rendered":"http:\/\/www.tafeldeko.de\/news\/?p=2105"},"modified":"2023-02-20T10:36:22","modified_gmt":"2023-02-20T09:36:22","slug":"neue-trends-in-sachen-tischdeko-konfirmation-und-kommunion","status":"publish","type":"post","link":"https:\/\/www.tafeldeko.de\/news\/neue-trends-in-sachen-tischdeko-konfirmation-und-kommunion\/","title":{"rendered":"Neue Trends in Sachen Tischdeko Konfirmation und Kommunion"},"content":{"rendered":"<p>Neue Trends der Tischdeko f\u00fcr die Konfirmation und Kommunion. Es sind noch etliche Wochen bis zu dem gro\u00dfen Tag &#8211; der Kommunion oder der Konfirmation. F\u00fcr die Kinder, die in diesem Jahr diesen Ehrentag feiern d\u00fcrfen, ist das etwas ganz besonderes. Die Eltern organisieren das Fest in der Kirche, k\u00fcmmern sich um alles Wichtige und laden nat\u00fcrlich die G\u00e4ste f\u00fcr das Fest ein.<br \/>\nEin Punkt, der ebenfalls sehr fr\u00fch Beachtung findet, ist die Tischdekoration. Steht diese fest, ist es nat\u00fcrlich wundersch\u00f6n, wenn die Einladungen f\u00fcr die Kommunion und die Konfirmation farblich auf die Tischdeko abgestimmt sind. Dadurch pr\u00e4sentiert man den G\u00e4sten nicht nur im Vorfeld eine tolle Einladung, sondern bei dem besonderen Fest ein perfektes Gesamtbild.<\/p>\n<p><img decoding=\"async\" loading=\"lazy\" src=\"https:\/\/www.tafeldeko.de\/news\/wp-content\/uploads\/2014\/09\/kommunion_neu_tuerkis.jpg\" sizes=\"(max-width: 448px) 100vw, 448px\" srcset=\"https:\/\/www.tafeldeko.de\/news\/wp-content\/uploads\/2014\/09\/kommunion_neu_tuerkis.jpg 448w, https:\/\/www.tafeldeko.de\/news\/wp-content\/uploads\/2014\/09\/kommunion_neu_tuerkis-300x194.jpg 300w\" alt=\"Neue Trends Tischdeko Konfirmation\" width=\"448\" height=\"291\" \/><\/p>\n<h2>Neue Trends Tischdeko Konfirmation<\/h2>\n<p>Die <b>Trends 2014<\/b> f\u00fcr die Kommunion und die Konfirmation pr\u00e4sentieren wundervolle, farbenfrohe und \u00fcppig geschm\u00fcckte Tische. In T\u00fcrkis, Rosa und Wei\u00df, in Jade mit einem wundersch\u00f6nen Braunton, in Gr\u00fcn und in tollen Farbkombinationen pr\u00e4sentieren sich die <b><a title=\"Mustertische zur Konfirmation\" href=\"https:\/\/www.tafeldeko.de\/kommunion-tischdeko\/\">Mustertische zur Konfirmation<\/a><\/b> und Kommunion. Die Accessoires f\u00fcr die eindrucksvoll ausgestatteten Tische gibt es bei Tafeldeko.<br \/>\nBei der Auswahl der Tischdeko ist es sch\u00f6n, wenn die Hauptperson des Tages mit involviert wird und sie die Farben und Accessoires aussuchen darf. Inspirierend sind hier die Mustertische von Tafeldeko garantiert und bei der Auswahl der edel dekorierten Tische f\u00e4llt die Wahl bestimmt schwer.<br \/>\n<b><br \/>\n<\/b><\/p>\n<h2>Neue Trends zur Tischdeko f\u00fcr die Konfirmation in T\u00fcrkis<\/h2>\n<p>Dieser Tisch ist ein echter Hingucker, die verwendeten Accessoires echte <b>Highlights<\/b>. Glasvasen in Gr\u00fcn, Kunstblumen Maigl\u00f6ckchen, Kopicon in Apfelgr\u00fcn, Reben-Herzen mit Schweif und Holzstreuteile Kreuz in Silber sind die Elemente, die der Tischdeko das gewisse Etwas und ihre erfrischende Wirkung verleihen.<\/p>\n<p>Oder nehmen wir den <b>Mustertisch in Jade <\/b>als Anregung f\u00fcr die Tischdeko zur Kommunion oder Konfirmation. Tischl\u00e4ufer in Jade, Organza Rolle in Hellblau, Edelstahlkugeln in Silber gl\u00e4nzend, Vierkant Kerzengl\u00e4ser in T\u00fcrkis mit Herzen in Silber und <b><a title=\"Kommunion Kinder\" href=\"https:\/\/www.tafeldeko.de\/index.php\/cat\/c1343_Konfirmation-Accessories.html\">Kommunion Kinder<\/a><\/b> werfen bei diesem Tisch ihre Schatten voraus.<\/p>\n<p>Ganz gleich, f\u00fcr welche Art und Farbe der Tischdeko zur Konfirmation oder Kommunion man sich entscheidet, sie verk\u00f6rpert die Pers\u00f6nlichkeit der Hauptperson und zeigt, welch besonderer Anlass an diesem Tisch gefeiert wird.<\/p>\n<p><a role=\"button\" href=\"https:\/\/www.tafeldeko.de\/tischdeko-ideen\/kommunion-tischdeko\/\"><br \/>\n&gt;&gt; Zu den Mustertischen &lt;&lt;<br \/>\n<\/a><\/p>\n<h2>Weitere Beitr\u00e4ge:<\/h2>\n<h2>Dekoartikel von A-Z<\/h2>\n<p><a href=\"https:\/\/www.tafeldeko.de\/tischdeko-artikel\/\"><br \/>\nJetzt entdecken <\/a><\/p>\n","protected":false},"excerpt":{"rendered":"<p>Es sind noch etliche Wochen bis zu dem gro\u00dfen Tag &#8211; der Kommunion oder der Konfirmation. F\u00fcr die Kinder, die in diesem Jahr diesen Ehrentag feiern d\u00fcrfen, ist das etwas ganz besonderes. Die Eltern organisieren das Fest in der Kirche, k\u00fcmmern sich um alles Wichtige und laden nat\u00fcrlich die G\u00e4ste f\u00fcr das Fest ein.<\/p>\n","protected":false},"author":2,"featured_media":2106,"comment_status":"open","ping_status":"open","sticky":false,"template":"","format":"standard","meta":{"footnotes":""},"categories":[1],"tags":[],"yoast_head":"<!-- This site is optimized with the Yoast SEO plugin v20.4 - https:\/\/yoast.com\/wordpress\/plugins\/seo\/ -->\n<title>Neue Trends in Sachen Tischdeko Konfirmation und Kommunion - Tafeldeko<\/title>\n<meta name=\"description\" content=\"Neue Trends Tischdeko Konfirmation und Kommunion. Ob Tischdeko zur Konfirmation in T\u00fcrkis oder die Tischdeko in Jade - jede Tischdeko zur...\" \/>\n<meta name=\"robots\" content=\"index, follow, max-snippet:-1, max-image-preview:large, max-video-preview:-1\" \/>\n<link rel=\"canonical\" href=\"https:\/\/www.tafeldeko.de\/news\/neue-trends-in-sachen-tischdeko-konfirmation-und-kommunion\/\" \/>\n<meta property=\"og:locale\" content=\"de_DE\" \/>\n<meta property=\"og:type\" content=\"article\" \/>\n<meta property=\"og:title\" content=\"Neue Trends in Sachen Tischdeko Konfirmation und Kommunion - Tafeldeko\" \/>\n<meta property=\"og:description\" content=\"Neue Trends Tischdeko Konfirmation und Kommunion. Ob Tischdeko zur Konfirmation in T\u00fcrkis oder die Tischdeko in Jade - jede Tischdeko zur...\" \/>\n<meta property=\"og:url\" content=\"https:\/\/www.tafeldeko.de\/news\/neue-trends-in-sachen-tischdeko-konfirmation-und-kommunion\/\" \/>\n<meta property=\"og:site_name\" content=\"Tafeldeko\" \/>\n<meta property=\"article:publisher\" content=\"https:\/\/www.facebook.com\/pages\/Tafeldeko-einzigartige-Tischdekoration\/174202655894\" \/>\n<meta property=\"article:published_time\" content=\"2014-02-26T16:58:06+00:00\" \/>\n<meta property=\"article:modified_time\" content=\"2023-02-20T09:36:22+00:00\" \/>\n<meta property=\"og:image\" content=\"https:\/\/www.tafeldeko.de\/news\/wp-content\/uploads\/2014\/09\/kommunion_neu_tuerkis.jpg\" \/>\n\t<meta property=\"og:image:width\" content=\"448\" \/>\n\t<meta property=\"og:image:height\" content=\"291\" \/>\n\t<meta property=\"og:image:type\" content=\"image\/jpeg\" \/>\n<meta name=\"author\" content=\"Christiane Stein\" \/>\n<meta name=\"twitter:label1\" content=\"Verfasst von\" \/>\n\t<meta name=\"twitter:data1\" content=\"Christiane Stein\" \/>\n\t<meta name=\"twitter:label2\" content=\"Gesch\u00e4tzte Lesezeit\" \/>\n\t<meta name=\"twitter:data2\" content=\"3 Minuten\" \/>\n<script type=\"application\/ld+json\" class=\"yoast-schema-graph\">{\"@context\":\"https:\/\/schema.org\",\"@graph\":[{\"@type\":\"WebPage\",\"@id\":\"https:\/\/www.tafeldeko.de\/news\/neue-trends-in-sachen-tischdeko-konfirmation-und-kommunion\/\",\"url\":\"https:\/\/www.tafeldeko.de\/news\/neue-trends-in-sachen-tischdeko-konfirmation-und-kommunion\/\",\"name\":\"Neue Trends in Sachen Tischdeko Konfirmation und Kommunion - Tafeldeko\",\"isPartOf\":{\"@id\":\"https:\/\/www.tafeldeko.de\/news\/#website\"},\"datePublished\":\"2014-02-26T16:58:06+00:00\",\"dateModified\":\"2023-02-20T09:36:22+00:00\",\"author\":{\"@id\":\"https:\/\/www.tafeldeko.de\/news\/#\/schema\/person\/d2acd86447ed0b6336089a8ba83164a0\"},\"description\":\"Neue Trends Tischdeko Konfirmation und Kommunion. Ob Tischdeko zur Konfirmation in T\u00fcrkis oder die Tischdeko in Jade - jede Tischdeko zur...\",\"breadcrumb\":{\"@id\":\"https:\/\/www.tafeldeko.de\/news\/neue-trends-in-sachen-tischdeko-konfirmation-und-kommunion\/#breadcrumb\"},\"inLanguage\":\"de-DE\",\"potentialAction\":[{\"@type\":\"ReadAction\",\"target\":[\"https:\/\/www.tafeldeko.de\/news\/neue-trends-in-sachen-tischdeko-konfirmation-und-kommunion\/\"]}]},{\"@type\":\"BreadcrumbList\",\"@id\":\"https:\/\/www.tafeldeko.de\/news\/neue-trends-in-sachen-tischdeko-konfirmation-und-kommunion\/#breadcrumb\",\"itemListElement\":[{\"@type\":\"ListItem\",\"position\":1,\"name\":\"Tafeldeko\",\"item\":\"https:\/\/www.tafeldeko.de\/news\/\"},{\"@type\":\"ListItem\",\"position\":2,\"name\":\"Alte Beitr\u00e4ge\",\"item\":\"https:\/\/www.tafeldeko.de\/news\/alte-beitraege\/\"},{\"@type\":\"ListItem\",\"position\":3,\"name\":\"Tischdeko - Blog\",\"item\":\"https:\/\/www.tafeldeko.de\/news\/alte-beitraege\/tischdeko-blog\/\"},{\"@type\":\"ListItem\",\"position\":4,\"name\":\"Neue Trends in Sachen Tischdeko Konfirmation und Kommunion\"}]},{\"@type\":\"WebSite\",\"@id\":\"https:\/\/www.tafeldeko.de\/news\/#website\",\"url\":\"https:\/\/www.tafeldeko.de\/news\/\",\"name\":\"Tafeldeko\",\"description\":\"Blog mit Tischdeko und Tischdekoration Ideen\",\"potentialAction\":[{\"@type\":\"SearchAction\",\"target\":{\"@type\":\"EntryPoint\",\"urlTemplate\":\"https:\/\/www.tafeldeko.de\/news\/?s={search_term_string}\"},\"query-input\":\"required name=search_term_string\"}],\"inLanguage\":\"de-DE\"},{\"@type\":\"Person\",\"@id\":\"https:\/\/www.tafeldeko.de\/news\/#\/schema\/person\/d2acd86447ed0b6336089a8ba83164a0\",\"name\":\"Christiane Stein\",\"image\":{\"@type\":\"ImageObject\",\"inLanguage\":\"de-DE\",\"@id\":\"https:\/\/www.tafeldeko.de\/news\/#\/schema\/person\/image\/\",\"url\":\"https:\/\/secure.gravatar.com\/avatar\/2054729fbfd1ebc9d3cf1fd55361d0b6?s=96&d=mm&r=g\",\"contentUrl\":\"https:\/\/secure.gravatar.com\/avatar\/2054729fbfd1ebc9d3cf1fd55361d0b6?s=96&d=mm&r=g\",\"caption\":\"Christiane Stein\"}}]}<\/script>\n<!-- \/ Yoast SEO plugin. -->","yoast_head_json":{"title":"Neue Trends in Sachen Tischdeko Konfirmation und Kommunion - Tafeldeko","description":"Neue Trends Tischdeko Konfirmation und Kommunion. Ob Tischdeko zur Konfirmation in T\u00fcrkis oder die Tischdeko in Jade - jede Tischdeko zur...","robots":{"index":"index","follow":"follow","max-snippet":"max-snippet:-1","max-image-preview":"max-image-preview:large","max-video-preview":"max-video-preview:-1"},"canonical":"https:\/\/www.tafeldeko.de\/news\/neue-trends-in-sachen-tischdeko-konfirmation-und-kommunion\/","og_locale":"de_DE","og_type":"article","og_title":"Neue Trends in Sachen Tischdeko Konfirmation und Kommunion - Tafeldeko","og_description":"Neue Trends Tischdeko Konfirmation und Kommunion. Ob Tischdeko zur Konfirmation in T\u00fcrkis oder die Tischdeko in Jade - jede Tischdeko zur...","og_url":"https:\/\/www.tafeldeko.de\/news\/neue-trends-in-sachen-tischdeko-konfirmation-und-kommunion\/","og_site_name":"Tafeldeko","article_publisher":"https:\/\/www.facebook.com\/pages\/Tafeldeko-einzigartige-Tischdekoration\/174202655894","article_published_time":"2014-02-26T16:58:06+00:00","article_modified_time":"2023-02-20T09:36:22+00:00","og_image":[{"width":448,"height":291,"url":"https:\/\/www.tafeldeko.de\/news\/wp-content\/uploads\/2014\/09\/kommunion_neu_tuerkis.jpg","type":"image\/jpeg"}],"author":"Christiane Stein","twitter_misc":{"Verfasst von":"Christiane Stein","Gesch\u00e4tzte Lesezeit":"3 Minuten"},"schema":{"@context":"https:\/\/schema.org","@graph":[{"@type":"WebPage","@id":"https:\/\/www.tafeldeko.de\/news\/neue-trends-in-sachen-tischdeko-konfirmation-und-kommunion\/","url":"https:\/\/www.tafeldeko.de\/news\/neue-trends-in-sachen-tischdeko-konfirmation-und-kommunion\/","name":"Neue Trends in Sachen Tischdeko Konfirmation und Kommunion - Tafeldeko","isPartOf":{"@id":"https:\/\/www.tafeldeko.de\/news\/#website"},"datePublished":"2014-02-26T16:58:06+00:00","dateModified":"2023-02-20T09:36:22+00:00","author":{"@id":"https:\/\/www.tafeldeko.de\/news\/#\/schema\/person\/d2acd86447ed0b6336089a8ba83164a0"},"description":"Neue Trends Tischdeko Konfirmation und Kommunion. Ob Tischdeko zur Konfirmation in T\u00fcrkis oder die Tischdeko in Jade - jede Tischdeko zur...","breadcrumb":{"@id":"https:\/\/www.tafeldeko.de\/news\/neue-trends-in-sachen-tischdeko-konfirmation-und-kommunion\/#breadcrumb"},"inLanguage":"de-DE","potentialAction":[{"@type":"ReadAction","target":["https:\/\/www.tafeldeko.de\/news\/neue-trends-in-sachen-tischdeko-konfirmation-und-kommunion\/"]}]},{"@type":"BreadcrumbList","@id":"https:\/\/www.tafeldeko.de\/news\/neue-trends-in-sachen-tischdeko-konfirmation-und-kommunion\/#breadcrumb","itemListElement":[{"@type":"ListItem","position":1,"name":"Tafeldeko","item":"https:\/\/www.tafeldeko.de\/news\/"},{"@type":"ListItem","position":2,"name":"Alte Beitr\u00e4ge","item":"https:\/\/www.tafeldeko.de\/news\/alte-beitraege\/"},{"@type":"ListItem","position":3,"name":"Tischdeko - Blog","item":"https:\/\/www.tafeldeko.de\/news\/alte-beitraege\/tischdeko-blog\/"},{"@type":"ListItem","position":4,"name":"Neue Trends in Sachen Tischdeko Konfirmation und Kommunion"}]},{"@type":"WebSite","@id":"https:\/\/www.tafeldeko.de\/news\/#website","url":"https:\/\/www.tafeldeko.de\/news\/","name":"Tafeldeko","description":"Blog mit Tischdeko und Tischdekoration Ideen","potentialAction":[{"@type":"SearchAction","target":{"@type":"EntryPoint","urlTemplate":"https:\/\/www.tafeldeko.de\/news\/?s={search_term_string}"},"query-input":"required name=search_term_string"}],"inLanguage":"de-DE"},{"@type":"Person","@id":"https:\/\/www.tafeldeko.de\/news\/#\/schema\/person\/d2acd86447ed0b6336089a8ba83164a0","name":"Christiane Stein","image":{"@type":"ImageObject","inLanguage":"de-DE","@id":"https:\/\/www.tafeldeko.de\/news\/#\/schema\/person\/image\/","url":"https:\/\/secure.gravatar.com\/avatar\/2054729fbfd1ebc9d3cf1fd55361d0b6?s=96&d=mm&r=g","contentUrl":"https:\/\/secure.gravatar.com\/avatar\/2054729fbfd1ebc9d3cf1fd55361d0b6?s=96&d=mm&r=g","caption":"Christiane Stein"}}]}},"_links":{"self":[{"href":"https:\/\/www.tafeldeko.de\/news\/wp-json\/wp\/v2\/posts\/2105"}],"collection":[{"href":"https:\/\/www.tafeldeko.de\/news\/wp-json\/wp\/v2\/posts"}],"about":[{"href":"https:\/\/www.tafeldeko.de\/news\/wp-json\/wp\/v2\/types\/post"}],"author":[{"embeddable":true,"href":"https:\/\/www.tafeldeko.de\/news\/wp-json\/wp\/v2\/users\/2"}],"replies":[{"embeddable":true,"href":"https:\/\/www.tafeldeko.de\/news\/wp-json\/wp\/v2\/comments?post=2105"}],"version-history":[{"count":17,"href":"https:\/\/www.tafeldeko.de\/news\/wp-json\/wp\/v2\/posts\/2105\/revisions"}],"predecessor-version":[{"id":23854,"href":"https:\/\/www.tafeldeko.de\/news\/wp-json\/wp\/v2\/posts\/2105\/revisions\/23854"}],"wp:featuredmedia":[{"embeddable":true,"href":"https:\/\/www.tafeldeko.de\/news\/wp-json\/wp\/v2\/media\/2106"}],"wp:attachment":[{"href":"https:\/\/www.tafeldeko.de\/news\/wp-json\/wp\/v2\/media?parent=2105"}],"wp:term":[{"taxonomy":"category","embeddable":true,"href":"https:\/\/www.tafeldeko.de\/news\/wp-json\/wp\/v2\/categories?post=2105"},{"taxonomy":"post_tag","embeddable":true,"href":"https:\/\/www.tafeldeko.de\/news\/wp-json\/wp\/v2\/tags?post=2105"}],"curies":[{"name":"wp","href":"https:\/\/api.w.org\/{rel}","templated":true}]}}