{"id":2037,"date":"2012-03-30T16:25:13","date_gmt":"2012-03-30T14:25:13","guid":{"rendered":"http:\/\/www.tafeldeko.de\/news\/?p=2037"},"modified":"2012-03-30T16:25:13","modified_gmt":"2012-03-30T14:25:13","slug":"neue-tischdeko-trends-von-duni-fuer-diesen-sommer","status":"publish","type":"post","link":"https:\/\/www.tafeldeko.de\/news\/neue-tischdeko-trends-von-duni-fuer-diesen-sommer\/","title":{"rendered":"Neue Tischdeko-Trends von Duni f\u00fcr diesen Sommer"},"content":{"rendered":"<div class=\"textumfliessenrechts\"><img decoding=\"async\" loading=\"lazy\" src=\"https:\/\/www.tafeldeko.de\/news\/media\/users\/schnurchristian\/duni_sommerstory.jpg\" alt=\"\" title=\"\" width=\"308\" height=\"206\" \/><br \/><a href=\"https:\/\/www.tafeldeko.de\/index.php\/cat\/c1124_Duni-Servietten.html\" title=\"Hier sommerliche Servietten\"><b>Hier sommerliche Servietten<\/b><\/a><\/div>\n<p> Duni h\u00e4lt auch in diesem Sommer wieder wundersch\u00f6ne Accessoires f\u00fcr die Tischdeko bereit. Frische Sommerfarben, wundersch\u00f6ne Motive und Farbkombinationen, die vor guter Laune und Energie nur so spr\u00fchen. Mit diesen neuen Trends von Duni macht der Herrichten der Tischdekoration noch mehr Spa\u00df.<br \/>\nDie Trends dieser Saison zeigen klare Strukturen, nat\u00fcrliche Farben, kombiniert mit blumigen Motiven. Abwechslungsreich und farbenfroh \u2013 so k\u00f6nnte das Motto f\u00fcr die Tischdeko-Trends von Duni f\u00fcr diesen Sommer lauten.<br \/>\nDie <b>sommerliche Tischdeko<\/b> wird in diesem Sommer noch sch\u00f6ner, farbenfroher und erfrischender. Gr\u00fcn, Gelb und Pastellt\u00f6ne z\u00e4hlen ebenso zu den Sommerfarben wie die kr\u00e4ftigen Blau- und Oranget\u00f6ne.<br \/>\nEine Serie von Duni nennt sich \u201eSummer Story Green\u201c und erinnert wirklich an eine saftige gr\u00fcne Sommerwiese, auf der wundersch\u00f6ne, zitronengelbe Blumen bl\u00fchen. Ein Touch T\u00fcrkis l\u00e4sst die Serie noch farbenfroher wirken und macht mehr Lust auf gute Laune.<br \/>\nEine <b><a href=\"https:\/\/www.tafeldeko.de\" title=\"Tischdeko\">Tischdeko<\/a><\/b>, die mit dieser Duni-Serie \u201eSummer Story Green\u201c ausgestattet ist, ist auf jeden Fall etwas Au\u00dfergew\u00f6hnliches und Sch\u00f6nes. Ansprechend zeigen sich die Tete a Tete Tischl\u00e4ufer, die Tischsets und die Servietten. Ob nun wei\u00dfe Tische oder Holztische mit diesen Accessoires der Serie ausgestattet werden, jede Farbkombination bringt <b>das gewisse Etwas<\/b> mit sich.<br \/>\nSo k\u00f6nnen beispielsweise die Tische mit <b><a href=\"https:\/\/www.tafeldeko.de\/index.php\/cat\/c726_Tischsets.html\" title=\"Tischsets\">Tischsets<\/a><\/b> ausgestattet werden, die mit wei\u00dfen Tellern und den passenden Summer Story Green-Servietten belegt werden. Kerzengl\u00e4ser und kleine Blumenvasen mit gr\u00fcnen oder gelben Sommerblumen bringen den entsprechenden Naturblickpunkt in die Tischdeko.<br \/>\nAls Tischdeko f\u00fcr das Grillfest oder die Gartenparty mit Freunden, die Geburtstagsfeier zum runden Geburtstag oder die Jubil\u00e4umsfeier \u2013 Duni Summer Story Green ist eine tolle Basis, die G\u00e4ste willkommen zu hei\u00dfen. Erfrischend anders und sommerlich bunt \u2013 Duni Summer Story Green l\u00e4sst Ihre Tischdeko leuchten und strahlen.<br \/>\nMit einer solchen Tischdeko f\u00fchlen sich die G\u00e4ste direkt wohl und freuen sich auf das, was an diesem Fest noch so alles auf sie zukommt. <\/p>\n","protected":false},"excerpt":{"rendered":"<p>Duni h\u00e4lt auch in diesem Sommer wieder wundersch\u00f6ne Accessoires f\u00fcr die Tischdeko bereit. Frische Sommerfarben, wundersch\u00f6ne Motive und Farbkombinationen, die vor guter Laune und Energie nur so spr\u00fchen. Mit diesen neuen Trends von Duni macht der Herrichten der Tischdekoration noch mehr Spa\u00df.<\/p>\n","protected":false},"author":2,"featured_media":2038,"comment_status":"open","ping_status":"open","sticky":false,"template":"","format":"standard","meta":{"footnotes":""},"categories":[1],"tags":[],"yoast_head":"<!-- This site is optimized with the Yoast SEO plugin v20.4 - https:\/\/yoast.com\/wordpress\/plugins\/seo\/ -->\n<title>Neue Tischdeko-Trends von Duni f\u00fcr diesen Sommer - Tafeldeko<\/title>\n<meta name=\"description\" content=\"Kerzengl&#xE4;ser und kleine Blumenvasen mit gr&#xFC;nen oder gelben Sommerblumen bringen den entsprechenden Naturblickpunkt in die Tischdeko.\" \/>\n<meta name=\"robots\" content=\"index, follow, max-snippet:-1, max-image-preview:large, max-video-preview:-1\" \/>\n<link rel=\"canonical\" href=\"https:\/\/www.tafeldeko.de\/news\/neue-tischdeko-trends-von-duni-fuer-diesen-sommer\/\" \/>\n<meta property=\"og:locale\" content=\"de_DE\" \/>\n<meta property=\"og:type\" content=\"article\" \/>\n<meta property=\"og:title\" content=\"Neue Tischdeko-Trends von Duni f\u00fcr diesen Sommer - Tafeldeko\" \/>\n<meta property=\"og:description\" content=\"Kerzengl&#xE4;ser und kleine Blumenvasen mit gr&#xFC;nen oder gelben Sommerblumen bringen den entsprechenden Naturblickpunkt in die Tischdeko.\" \/>\n<meta property=\"og:url\" content=\"https:\/\/www.tafeldeko.de\/news\/neue-tischdeko-trends-von-duni-fuer-diesen-sommer\/\" \/>\n<meta property=\"og:site_name\" content=\"Tafeldeko\" \/>\n<meta property=\"article:publisher\" content=\"https:\/\/www.facebook.com\/pages\/Tafeldeko-einzigartige-Tischdekoration\/174202655894\" \/>\n<meta property=\"article:published_time\" content=\"2012-03-30T14:25:13+00:00\" \/>\n<meta property=\"og:image\" content=\"https:\/\/www.tafeldeko.de\/news\/wp-content\/uploads\/2014\/09\/duni_sommerstory.jpg\" \/>\n\t<meta property=\"og:image:width\" content=\"448\" \/>\n\t<meta property=\"og:image:height\" content=\"256\" \/>\n\t<meta property=\"og:image:type\" content=\"image\/jpeg\" \/>\n<meta name=\"author\" content=\"Christiane Stein\" \/>\n<meta name=\"twitter:label1\" content=\"Verfasst von\" \/>\n\t<meta name=\"twitter:data1\" content=\"Christiane Stein\" \/>\n\t<meta name=\"twitter:label2\" content=\"Gesch\u00e4tzte Lesezeit\" \/>\n\t<meta name=\"twitter:data2\" content=\"2 Minuten\" \/>\n<script type=\"application\/ld+json\" class=\"yoast-schema-graph\">{\"@context\":\"https:\/\/schema.org\",\"@graph\":[{\"@type\":\"WebPage\",\"@id\":\"https:\/\/www.tafeldeko.de\/news\/neue-tischdeko-trends-von-duni-fuer-diesen-sommer\/\",\"url\":\"https:\/\/www.tafeldeko.de\/news\/neue-tischdeko-trends-von-duni-fuer-diesen-sommer\/\",\"name\":\"Neue Tischdeko-Trends von Duni f\u00fcr diesen Sommer - Tafeldeko\",\"isPartOf\":{\"@id\":\"https:\/\/www.tafeldeko.de\/news\/#website\"},\"datePublished\":\"2012-03-30T14:25:13+00:00\",\"dateModified\":\"2012-03-30T14:25:13+00:00\",\"author\":{\"@id\":\"https:\/\/www.tafeldeko.de\/news\/#\/schema\/person\/d2acd86447ed0b6336089a8ba83164a0\"},\"description\":\"Kerzengl&#xE4;ser und kleine Blumenvasen mit gr&#xFC;nen oder gelben Sommerblumen bringen den entsprechenden Naturblickpunkt in die Tischdeko.\",\"breadcrumb\":{\"@id\":\"https:\/\/www.tafeldeko.de\/news\/neue-tischdeko-trends-von-duni-fuer-diesen-sommer\/#breadcrumb\"},\"inLanguage\":\"de-DE\",\"potentialAction\":[{\"@type\":\"ReadAction\",\"target\":[\"https:\/\/www.tafeldeko.de\/news\/neue-tischdeko-trends-von-duni-fuer-diesen-sommer\/\"]}]},{\"@type\":\"BreadcrumbList\",\"@id\":\"https:\/\/www.tafeldeko.de\/news\/neue-tischdeko-trends-von-duni-fuer-diesen-sommer\/#breadcrumb\",\"itemListElement\":[{\"@type\":\"ListItem\",\"position\":1,\"name\":\"Tafeldeko\",\"item\":\"https:\/\/www.tafeldeko.de\/news\/\"},{\"@type\":\"ListItem\",\"position\":2,\"name\":\"Alte Beitr\u00e4ge\",\"item\":\"https:\/\/www.tafeldeko.de\/news\/alte-beitraege\/\"},{\"@type\":\"ListItem\",\"position\":3,\"name\":\"Tischdeko - Blog\",\"item\":\"https:\/\/www.tafeldeko.de\/news\/alte-beitraege\/tischdeko-blog\/\"},{\"@type\":\"ListItem\",\"position\":4,\"name\":\"Neue Tischdeko-Trends von Duni f\u00fcr diesen Sommer\"}]},{\"@type\":\"WebSite\",\"@id\":\"https:\/\/www.tafeldeko.de\/news\/#website\",\"url\":\"https:\/\/www.tafeldeko.de\/news\/\",\"name\":\"Tafeldeko\",\"description\":\"Blog mit Tischdeko und Tischdekoration Ideen\",\"potentialAction\":[{\"@type\":\"SearchAction\",\"target\":{\"@type\":\"EntryPoint\",\"urlTemplate\":\"https:\/\/www.tafeldeko.de\/news\/?s={search_term_string}\"},\"query-input\":\"required name=search_term_string\"}],\"inLanguage\":\"de-DE\"},{\"@type\":\"Person\",\"@id\":\"https:\/\/www.tafeldeko.de\/news\/#\/schema\/person\/d2acd86447ed0b6336089a8ba83164a0\",\"name\":\"Christiane Stein\",\"image\":{\"@type\":\"ImageObject\",\"inLanguage\":\"de-DE\",\"@id\":\"https:\/\/www.tafeldeko.de\/news\/#\/schema\/person\/image\/\",\"url\":\"https:\/\/secure.gravatar.com\/avatar\/2054729fbfd1ebc9d3cf1fd55361d0b6?s=96&d=mm&r=g\",\"contentUrl\":\"https:\/\/secure.gravatar.com\/avatar\/2054729fbfd1ebc9d3cf1fd55361d0b6?s=96&d=mm&r=g\",\"caption\":\"Christiane Stein\"}}]}<\/script>\n<!-- \/ Yoast SEO plugin. -->","yoast_head_json":{"title":"Neue Tischdeko-Trends von Duni f\u00fcr diesen Sommer - Tafeldeko","description":"Kerzengl&#xE4;ser und kleine Blumenvasen mit gr&#xFC;nen oder gelben Sommerblumen bringen den entsprechenden Naturblickpunkt in die Tischdeko.","robots":{"index":"index","follow":"follow","max-snippet":"max-snippet:-1","max-image-preview":"max-image-preview:large","max-video-preview":"max-video-preview:-1"},"canonical":"https:\/\/www.tafeldeko.de\/news\/neue-tischdeko-trends-von-duni-fuer-diesen-sommer\/","og_locale":"de_DE","og_type":"article","og_title":"Neue Tischdeko-Trends von Duni f\u00fcr diesen Sommer - Tafeldeko","og_description":"Kerzengl&#xE4;ser und kleine Blumenvasen mit gr&#xFC;nen oder gelben Sommerblumen bringen den entsprechenden Naturblickpunkt in die Tischdeko.","og_url":"https:\/\/www.tafeldeko.de\/news\/neue-tischdeko-trends-von-duni-fuer-diesen-sommer\/","og_site_name":"Tafeldeko","article_publisher":"https:\/\/www.facebook.com\/pages\/Tafeldeko-einzigartige-Tischdekoration\/174202655894","article_published_time":"2012-03-30T14:25:13+00:00","og_image":[{"width":448,"height":256,"url":"https:\/\/www.tafeldeko.de\/news\/wp-content\/uploads\/2014\/09\/duni_sommerstory.jpg","type":"image\/jpeg"}],"author":"Christiane Stein","twitter_misc":{"Verfasst von":"Christiane Stein","Gesch\u00e4tzte Lesezeit":"2 Minuten"},"schema":{"@context":"https:\/\/schema.org","@graph":[{"@type":"WebPage","@id":"https:\/\/www.tafeldeko.de\/news\/neue-tischdeko-trends-von-duni-fuer-diesen-sommer\/","url":"https:\/\/www.tafeldeko.de\/news\/neue-tischdeko-trends-von-duni-fuer-diesen-sommer\/","name":"Neue Tischdeko-Trends von Duni f\u00fcr diesen Sommer - Tafeldeko","isPartOf":{"@id":"https:\/\/www.tafeldeko.de\/news\/#website"},"datePublished":"2012-03-30T14:25:13+00:00","dateModified":"2012-03-30T14:25:13+00:00","author":{"@id":"https:\/\/www.tafeldeko.de\/news\/#\/schema\/person\/d2acd86447ed0b6336089a8ba83164a0"},"description":"Kerzengl&#xE4;ser und kleine Blumenvasen mit gr&#xFC;nen oder gelben Sommerblumen bringen den entsprechenden Naturblickpunkt in die Tischdeko.","breadcrumb":{"@id":"https:\/\/www.tafeldeko.de\/news\/neue-tischdeko-trends-von-duni-fuer-diesen-sommer\/#breadcrumb"},"inLanguage":"de-DE","potentialAction":[{"@type":"ReadAction","target":["https:\/\/www.tafeldeko.de\/news\/neue-tischdeko-trends-von-duni-fuer-diesen-sommer\/"]}]},{"@type":"BreadcrumbList","@id":"https:\/\/www.tafeldeko.de\/news\/neue-tischdeko-trends-von-duni-fuer-diesen-sommer\/#breadcrumb","itemListElement":[{"@type":"ListItem","position":1,"name":"Tafeldeko","item":"https:\/\/www.tafeldeko.de\/news\/"},{"@type":"ListItem","position":2,"name":"Alte Beitr\u00e4ge","item":"https:\/\/www.tafeldeko.de\/news\/alte-beitraege\/"},{"@type":"ListItem","position":3,"name":"Tischdeko - Blog","item":"https:\/\/www.tafeldeko.de\/news\/alte-beitraege\/tischdeko-blog\/"},{"@type":"ListItem","position":4,"name":"Neue Tischdeko-Trends von Duni f\u00fcr diesen Sommer"}]},{"@type":"WebSite","@id":"https:\/\/www.tafeldeko.de\/news\/#website","url":"https:\/\/www.tafeldeko.de\/news\/","name":"Tafeldeko","description":"Blog mit Tischdeko und Tischdekoration Ideen","potentialAction":[{"@type":"SearchAction","target":{"@type":"EntryPoint","urlTemplate":"https:\/\/www.tafeldeko.de\/news\/?s={search_term_string}"},"query-input":"required name=search_term_string"}],"inLanguage":"de-DE"},{"@type":"Person","@id":"https:\/\/www.tafeldeko.de\/news\/#\/schema\/person\/d2acd86447ed0b6336089a8ba83164a0","name":"Christiane Stein","image":{"@type":"ImageObject","inLanguage":"de-DE","@id":"https:\/\/www.tafeldeko.de\/news\/#\/schema\/person\/image\/","url":"https:\/\/secure.gravatar.com\/avatar\/2054729fbfd1ebc9d3cf1fd55361d0b6?s=96&d=mm&r=g","contentUrl":"https:\/\/secure.gravatar.com\/avatar\/2054729fbfd1ebc9d3cf1fd55361d0b6?s=96&d=mm&r=g","caption":"Christiane Stein"}}]}},"_links":{"self":[{"href":"https:\/\/www.tafeldeko.de\/news\/wp-json\/wp\/v2\/posts\/2037"}],"collection":[{"href":"https:\/\/www.tafeldeko.de\/news\/wp-json\/wp\/v2\/posts"}],"about":[{"href":"https:\/\/www.tafeldeko.de\/news\/wp-json\/wp\/v2\/types\/post"}],"author":[{"embeddable":true,"href":"https:\/\/www.tafeldeko.de\/news\/wp-json\/wp\/v2\/users\/2"}],"replies":[{"embeddable":true,"href":"https:\/\/www.tafeldeko.de\/news\/wp-json\/wp\/v2\/comments?post=2037"}],"version-history":[{"count":0,"href":"https:\/\/www.tafeldeko.de\/news\/wp-json\/wp\/v2\/posts\/2037\/revisions"}],"wp:featuredmedia":[{"embeddable":true,"href":"https:\/\/www.tafeldeko.de\/news\/wp-json\/wp\/v2\/media\/2038"}],"wp:attachment":[{"href":"https:\/\/www.tafeldeko.de\/news\/wp-json\/wp\/v2\/media?parent=2037"}],"wp:term":[{"taxonomy":"category","embeddable":true,"href":"https:\/\/www.tafeldeko.de\/news\/wp-json\/wp\/v2\/categories?post=2037"},{"taxonomy":"post_tag","embeddable":true,"href":"https:\/\/www.tafeldeko.de\/news\/wp-json\/wp\/v2\/tags?post=2037"}],"curies":[{"name":"wp","href":"https:\/\/api.w.org\/{rel}","templated":true}]}}