{"id":2035,"date":"2012-01-16T20:34:38","date_gmt":"2012-01-16T18:34:38","guid":{"rendered":"http:\/\/www.tafeldeko.de\/news\/?p=2035"},"modified":"2012-01-16T20:34:38","modified_gmt":"2012-01-16T18:34:38","slug":"der-fruehling-kann-kommen-und-mit-ihm-eine-schoene-tischdeko","status":"publish","type":"post","link":"https:\/\/www.tafeldeko.de\/news\/der-fruehling-kann-kommen-und-mit-ihm-eine-schoene-tischdeko\/","title":{"rendered":"Der Fr\u00fchling kann kommen \u2013 und mit ihm eine sch\u00f6ne Tischdeko"},"content":{"rendered":"<div class=\"textumfliessenrechts\"><img decoding=\"async\" loading=\"lazy\" src=\"https:\/\/www.tafeldeko.de\/news\/media\/users\/schnurchristian\/arabella_champagne.jpg\" alt=\"Duni Arabella champagne\" title=\"Duni Arabella champagne\" width=\"250\" height=\"170\" \/><br \/><a href=\"https:\/\/www.tafeldeko.de\/index.php\/cat\/c383_Duni-Fr%C3%BChling.html\" title=\"fr\u00fchlingsfrische Tischdeko\"><b>fr\u00fchlingsfrische Tischdeko<\/b><\/a><\/div>\n<p> Die Wintermonate sind f\u00fcr einige unter uns eine reine Tortour und man z\u00e4hlt die Tage, bis endlich der Fr\u00fchling Einzug h\u00e4lt.<br \/>\nFr\u00fchlingshafte Temperaturen, die ersten Fr\u00fchlingsboten in den G\u00e4rten und auch die zwitschernden V\u00f6gel k\u00fcnden den Fr\u00fchling an. Sozusagen lang ersehnt.<br \/>\nBei Feierlichkeiten, die fast in den Fr\u00fchlingsmonaten gefeiert werden, kann man oft beobachten, dass eine <b>fr\u00fchlingshafte Tischdekoration <\/b>die Tische schm\u00fcckt. Der erste Fr\u00fchlingsgru\u00df auch im Innenbereich sozusagen.<br \/>\nMan m\u00f6chte mit der Feier zum Geburtstag wieder Farbe in den Alltag bringen, die k\u00fchlen, kalten Tage des Winters vergessen.<br \/>\nEine fr\u00fchlingsfrische und blumige <b><a href=\"https:\/\/www.tafeldeko.de\" title=\"Tischdeko\">Tischdeko<\/a><\/b> erh\u00e4lt man mit der neuen Serie Duni Arabella champagne. Im Grundton wei\u00df und zartrosa gehalten, mit wundersch\u00f6nen lilafarbenen Bl\u00fcten bedruckt, l\u00e4sst die Tischdeko mit Arabella champagne die Fr\u00fchlingslaune aufkommen.<br \/>\nDie Serie beinhaltet viele Accessoires, von den verschiedenen Servietten \u00fcber Tischsets und Tischl\u00e4ufer bis hin zu Mitteldecken. <b>Farbliche Akzente <\/b>k\u00f6nnen beispielsweise brombeerfarbene Kerzen oder Kerzengl\u00e4ser setzen, die auf den Tischen verteilt werden.<br \/>\nUnd gerade bei dieser sch\u00f6nen Fr\u00fchlings-Tischdeko sollte ein Gru\u00df aus der Natur nicht fehlen. Ein kleiner Blumenstock, passend zu dem lila der Blumen auf der Arabella-Serie, sollte auf jeden Fall Platz auf dem Tisch finden. Durch solche kleineren Accessoires kann man <b>wundersch\u00f6ne Akzente <\/b>setzen, die eine Tischdeko zu einem einzigartigen Erlebnis f\u00fcr die G\u00e4ste macht.<br \/>\nEinen Geburtstag oder einen anderen Anlass in solch einer Umgebung zu feiern, macht auf jeden Fall Freude und vermittelt gute Laune. Und f\u00fcr manchen Gast dieser Feier r\u00fcckt mit dieser tollen und fr\u00fchlingsfrischen Tischdeko der <b><a href=\"https:\/\/www.tafeldeko.de\/index.php\/cat\/c78_Tischdeko-Fr%C3%BChling---Ostern.html\" title=\"Fr\u00fchling\">Fr\u00fchling<\/a><\/b> auf jeden Fall n\u00e4her.<br \/>\nDuni Arabella champagne ist auch eine sch\u00f6ne Grundlage f\u00fcr die Tischdeko zu Ostern, zum Osterbrunch oder auch f\u00fcr die Gastronomie. <\/p>\n","protected":false},"excerpt":{"rendered":"<p>Die Wintermonate sind f\u00fcr einige unter uns eine reine Tortour und man z\u00e4hlt die Tage, bis endlich der Fr\u00fchling Einzug h\u00e4lt.<br \/>\nFr\u00fchlingshafte Temperaturen, die ersten Fr\u00fchlingsboten in den G\u00e4rten und auch die zwitschernden V\u00f6gel k\u00fcnden den Fr\u00fchling an. Sozusagen lang ersehnt.<br \/>\nBei Feierlichkeiten, die fast in den Fr\u00fchlingsmonaten gefeiert werden, kann man oft beobachten, dass eine fr\u00fchlingshafte Tischdekoration die Tische schm\u00fcckt. Der erste Fr\u00fchlingsgru\u00df auch im Innenbereich sozusagen.<br \/>\nMan m\u00f6chte mit der Feier zum Geburtstag wieder Farbe in den Alltag bringen, die k\u00fchlen, kalten Tage des Winters vergessen.<\/p>\n","protected":false},"author":2,"featured_media":2036,"comment_status":"open","ping_status":"open","sticky":false,"template":"","format":"standard","meta":{"footnotes":""},"categories":[1],"tags":[],"yoast_head":"<!-- This site is optimized with the Yoast SEO plugin v20.4 - https:\/\/yoast.com\/wordpress\/plugins\/seo\/ -->\n<title>Der Fr\u00fchling kann kommen \u2013 und mit ihm eine sch\u00f6ne Tischdeko - Tafeldeko<\/title>\n<meta name=\"description\" content=\"Eine fr&#xFC;hlingsfrische und blumige Tischdeko erh&#xE4;lt man mit den neuen, trendigen Serien von Duni, die den Fr&#xFC;hling auf den Tisch bringen.\" \/>\n<meta name=\"robots\" content=\"index, follow, max-snippet:-1, max-image-preview:large, max-video-preview:-1\" \/>\n<link rel=\"canonical\" href=\"https:\/\/www.tafeldeko.de\/news\/der-fruehling-kann-kommen-und-mit-ihm-eine-schoene-tischdeko\/\" \/>\n<meta property=\"og:locale\" content=\"de_DE\" \/>\n<meta property=\"og:type\" content=\"article\" \/>\n<meta property=\"og:title\" content=\"Der Fr\u00fchling kann kommen \u2013 und mit ihm eine sch\u00f6ne Tischdeko - Tafeldeko\" \/>\n<meta property=\"og:description\" content=\"Eine fr&#xFC;hlingsfrische und blumige Tischdeko erh&#xE4;lt man mit den neuen, trendigen Serien von Duni, die den Fr&#xFC;hling auf den Tisch bringen.\" \/>\n<meta property=\"og:url\" content=\"https:\/\/www.tafeldeko.de\/news\/der-fruehling-kann-kommen-und-mit-ihm-eine-schoene-tischdeko\/\" \/>\n<meta property=\"og:site_name\" content=\"Tafeldeko\" \/>\n<meta property=\"article:publisher\" content=\"https:\/\/www.facebook.com\/pages\/Tafeldeko-einzigartige-Tischdekoration\/174202655894\" \/>\n<meta property=\"article:published_time\" content=\"2012-01-16T18:34:38+00:00\" \/>\n<meta property=\"og:image\" content=\"https:\/\/www.tafeldeko.de\/news\/wp-content\/uploads\/2014\/09\/arabella_champagne.jpg\" \/>\n\t<meta property=\"og:image:width\" content=\"250\" \/>\n\t<meta property=\"og:image:height\" content=\"170\" \/>\n\t<meta property=\"og:image:type\" content=\"image\/jpeg\" \/>\n<meta name=\"author\" content=\"Christiane Stein\" \/>\n<meta name=\"twitter:label1\" content=\"Verfasst von\" \/>\n\t<meta name=\"twitter:data1\" content=\"Christiane Stein\" \/>\n\t<meta name=\"twitter:label2\" content=\"Gesch\u00e4tzte Lesezeit\" \/>\n\t<meta name=\"twitter:data2\" content=\"2 Minuten\" \/>\n<script type=\"application\/ld+json\" class=\"yoast-schema-graph\">{\"@context\":\"https:\/\/schema.org\",\"@graph\":[{\"@type\":\"WebPage\",\"@id\":\"https:\/\/www.tafeldeko.de\/news\/der-fruehling-kann-kommen-und-mit-ihm-eine-schoene-tischdeko\/\",\"url\":\"https:\/\/www.tafeldeko.de\/news\/der-fruehling-kann-kommen-und-mit-ihm-eine-schoene-tischdeko\/\",\"name\":\"Der Fr\u00fchling kann kommen \u2013 und mit ihm eine sch\u00f6ne Tischdeko - Tafeldeko\",\"isPartOf\":{\"@id\":\"https:\/\/www.tafeldeko.de\/news\/#website\"},\"datePublished\":\"2012-01-16T18:34:38+00:00\",\"dateModified\":\"2012-01-16T18:34:38+00:00\",\"author\":{\"@id\":\"https:\/\/www.tafeldeko.de\/news\/#\/schema\/person\/d2acd86447ed0b6336089a8ba83164a0\"},\"description\":\"Eine fr&#xFC;hlingsfrische und blumige Tischdeko erh&#xE4;lt man mit den neuen, trendigen Serien von Duni, die den Fr&#xFC;hling auf den Tisch bringen.\",\"breadcrumb\":{\"@id\":\"https:\/\/www.tafeldeko.de\/news\/der-fruehling-kann-kommen-und-mit-ihm-eine-schoene-tischdeko\/#breadcrumb\"},\"inLanguage\":\"de-DE\",\"potentialAction\":[{\"@type\":\"ReadAction\",\"target\":[\"https:\/\/www.tafeldeko.de\/news\/der-fruehling-kann-kommen-und-mit-ihm-eine-schoene-tischdeko\/\"]}]},{\"@type\":\"BreadcrumbList\",\"@id\":\"https:\/\/www.tafeldeko.de\/news\/der-fruehling-kann-kommen-und-mit-ihm-eine-schoene-tischdeko\/#breadcrumb\",\"itemListElement\":[{\"@type\":\"ListItem\",\"position\":1,\"name\":\"Tafeldeko\",\"item\":\"https:\/\/www.tafeldeko.de\/news\/\"},{\"@type\":\"ListItem\",\"position\":2,\"name\":\"Alte Beitr\u00e4ge\",\"item\":\"https:\/\/www.tafeldeko.de\/news\/alte-beitraege\/\"},{\"@type\":\"ListItem\",\"position\":3,\"name\":\"Tischdeko - Blog\",\"item\":\"https:\/\/www.tafeldeko.de\/news\/alte-beitraege\/tischdeko-blog\/\"},{\"@type\":\"ListItem\",\"position\":4,\"name\":\"Der Fr\u00fchling kann kommen \u2013 und mit ihm eine sch\u00f6ne Tischdeko\"}]},{\"@type\":\"WebSite\",\"@id\":\"https:\/\/www.tafeldeko.de\/news\/#website\",\"url\":\"https:\/\/www.tafeldeko.de\/news\/\",\"name\":\"Tafeldeko\",\"description\":\"Blog mit Tischdeko und Tischdekoration Ideen\",\"potentialAction\":[{\"@type\":\"SearchAction\",\"target\":{\"@type\":\"EntryPoint\",\"urlTemplate\":\"https:\/\/www.tafeldeko.de\/news\/?s={search_term_string}\"},\"query-input\":\"required name=search_term_string\"}],\"inLanguage\":\"de-DE\"},{\"@type\":\"Person\",\"@id\":\"https:\/\/www.tafeldeko.de\/news\/#\/schema\/person\/d2acd86447ed0b6336089a8ba83164a0\",\"name\":\"Christiane Stein\",\"image\":{\"@type\":\"ImageObject\",\"inLanguage\":\"de-DE\",\"@id\":\"https:\/\/www.tafeldeko.de\/news\/#\/schema\/person\/image\/\",\"url\":\"https:\/\/secure.gravatar.com\/avatar\/2054729fbfd1ebc9d3cf1fd55361d0b6?s=96&d=mm&r=g\",\"contentUrl\":\"https:\/\/secure.gravatar.com\/avatar\/2054729fbfd1ebc9d3cf1fd55361d0b6?s=96&d=mm&r=g\",\"caption\":\"Christiane Stein\"}}]}<\/script>\n<!-- \/ Yoast SEO plugin. -->","yoast_head_json":{"title":"Der Fr\u00fchling kann kommen \u2013 und mit ihm eine sch\u00f6ne Tischdeko - Tafeldeko","description":"Eine fr&#xFC;hlingsfrische und blumige Tischdeko erh&#xE4;lt man mit den neuen, trendigen Serien von Duni, die den Fr&#xFC;hling auf den Tisch bringen.","robots":{"index":"index","follow":"follow","max-snippet":"max-snippet:-1","max-image-preview":"max-image-preview:large","max-video-preview":"max-video-preview:-1"},"canonical":"https:\/\/www.tafeldeko.de\/news\/der-fruehling-kann-kommen-und-mit-ihm-eine-schoene-tischdeko\/","og_locale":"de_DE","og_type":"article","og_title":"Der Fr\u00fchling kann kommen \u2013 und mit ihm eine sch\u00f6ne Tischdeko - Tafeldeko","og_description":"Eine fr&#xFC;hlingsfrische und blumige Tischdeko erh&#xE4;lt man mit den neuen, trendigen Serien von Duni, die den Fr&#xFC;hling auf den Tisch bringen.","og_url":"https:\/\/www.tafeldeko.de\/news\/der-fruehling-kann-kommen-und-mit-ihm-eine-schoene-tischdeko\/","og_site_name":"Tafeldeko","article_publisher":"https:\/\/www.facebook.com\/pages\/Tafeldeko-einzigartige-Tischdekoration\/174202655894","article_published_time":"2012-01-16T18:34:38+00:00","og_image":[{"width":250,"height":170,"url":"https:\/\/www.tafeldeko.de\/news\/wp-content\/uploads\/2014\/09\/arabella_champagne.jpg","type":"image\/jpeg"}],"author":"Christiane Stein","twitter_misc":{"Verfasst von":"Christiane Stein","Gesch\u00e4tzte Lesezeit":"2 Minuten"},"schema":{"@context":"https:\/\/schema.org","@graph":[{"@type":"WebPage","@id":"https:\/\/www.tafeldeko.de\/news\/der-fruehling-kann-kommen-und-mit-ihm-eine-schoene-tischdeko\/","url":"https:\/\/www.tafeldeko.de\/news\/der-fruehling-kann-kommen-und-mit-ihm-eine-schoene-tischdeko\/","name":"Der Fr\u00fchling kann kommen \u2013 und mit ihm eine sch\u00f6ne Tischdeko - Tafeldeko","isPartOf":{"@id":"https:\/\/www.tafeldeko.de\/news\/#website"},"datePublished":"2012-01-16T18:34:38+00:00","dateModified":"2012-01-16T18:34:38+00:00","author":{"@id":"https:\/\/www.tafeldeko.de\/news\/#\/schema\/person\/d2acd86447ed0b6336089a8ba83164a0"},"description":"Eine fr&#xFC;hlingsfrische und blumige Tischdeko erh&#xE4;lt man mit den neuen, trendigen Serien von Duni, die den Fr&#xFC;hling auf den Tisch bringen.","breadcrumb":{"@id":"https:\/\/www.tafeldeko.de\/news\/der-fruehling-kann-kommen-und-mit-ihm-eine-schoene-tischdeko\/#breadcrumb"},"inLanguage":"de-DE","potentialAction":[{"@type":"ReadAction","target":["https:\/\/www.tafeldeko.de\/news\/der-fruehling-kann-kommen-und-mit-ihm-eine-schoene-tischdeko\/"]}]},{"@type":"BreadcrumbList","@id":"https:\/\/www.tafeldeko.de\/news\/der-fruehling-kann-kommen-und-mit-ihm-eine-schoene-tischdeko\/#breadcrumb","itemListElement":[{"@type":"ListItem","position":1,"name":"Tafeldeko","item":"https:\/\/www.tafeldeko.de\/news\/"},{"@type":"ListItem","position":2,"name":"Alte Beitr\u00e4ge","item":"https:\/\/www.tafeldeko.de\/news\/alte-beitraege\/"},{"@type":"ListItem","position":3,"name":"Tischdeko - Blog","item":"https:\/\/www.tafeldeko.de\/news\/alte-beitraege\/tischdeko-blog\/"},{"@type":"ListItem","position":4,"name":"Der Fr\u00fchling kann kommen \u2013 und mit ihm eine sch\u00f6ne Tischdeko"}]},{"@type":"WebSite","@id":"https:\/\/www.tafeldeko.de\/news\/#website","url":"https:\/\/www.tafeldeko.de\/news\/","name":"Tafeldeko","description":"Blog mit Tischdeko und Tischdekoration Ideen","potentialAction":[{"@type":"SearchAction","target":{"@type":"EntryPoint","urlTemplate":"https:\/\/www.tafeldeko.de\/news\/?s={search_term_string}"},"query-input":"required name=search_term_string"}],"inLanguage":"de-DE"},{"@type":"Person","@id":"https:\/\/www.tafeldeko.de\/news\/#\/schema\/person\/d2acd86447ed0b6336089a8ba83164a0","name":"Christiane Stein","image":{"@type":"ImageObject","inLanguage":"de-DE","@id":"https:\/\/www.tafeldeko.de\/news\/#\/schema\/person\/image\/","url":"https:\/\/secure.gravatar.com\/avatar\/2054729fbfd1ebc9d3cf1fd55361d0b6?s=96&d=mm&r=g","contentUrl":"https:\/\/secure.gravatar.com\/avatar\/2054729fbfd1ebc9d3cf1fd55361d0b6?s=96&d=mm&r=g","caption":"Christiane Stein"}}]}},"_links":{"self":[{"href":"https:\/\/www.tafeldeko.de\/news\/wp-json\/wp\/v2\/posts\/2035"}],"collection":[{"href":"https:\/\/www.tafeldeko.de\/news\/wp-json\/wp\/v2\/posts"}],"about":[{"href":"https:\/\/www.tafeldeko.de\/news\/wp-json\/wp\/v2\/types\/post"}],"author":[{"embeddable":true,"href":"https:\/\/www.tafeldeko.de\/news\/wp-json\/wp\/v2\/users\/2"}],"replies":[{"embeddable":true,"href":"https:\/\/www.tafeldeko.de\/news\/wp-json\/wp\/v2\/comments?post=2035"}],"version-history":[{"count":0,"href":"https:\/\/www.tafeldeko.de\/news\/wp-json\/wp\/v2\/posts\/2035\/revisions"}],"wp:featuredmedia":[{"embeddable":true,"href":"https:\/\/www.tafeldeko.de\/news\/wp-json\/wp\/v2\/media\/2036"}],"wp:attachment":[{"href":"https:\/\/www.tafeldeko.de\/news\/wp-json\/wp\/v2\/media?parent=2035"}],"wp:term":[{"taxonomy":"category","embeddable":true,"href":"https:\/\/www.tafeldeko.de\/news\/wp-json\/wp\/v2\/categories?post=2035"},{"taxonomy":"post_tag","embeddable":true,"href":"https:\/\/www.tafeldeko.de\/news\/wp-json\/wp\/v2\/tags?post=2035"}],"curies":[{"name":"wp","href":"https:\/\/api.w.org\/{rel}","templated":true}]}}