{"id":1959,"date":"2013-12-06T11:09:06","date_gmt":"2013-12-06T09:09:06","guid":{"rendered":"http:\/\/www.tafeldeko.de\/news\/?p=1959"},"modified":"2023-02-20T11:58:26","modified_gmt":"2023-02-20T10:58:26","slug":"die-taufe-und-die-tischdekoration-ein-traum-in-tuerkis-und-orange","status":"publish","type":"post","link":"https:\/\/www.tafeldeko.de\/news\/die-taufe-und-die-tischdekoration-ein-traum-in-tuerkis-und-orange\/","title":{"rendered":"Die Taufe und die Tischdekoration &#8211; ein Traum in T\u00fcrkis und Orange"},"content":{"rendered":"<p>Tischdekoration zur Taufe in T\u00fcrkis und Orange. Die Besonderheit einer <b>Taufe<\/b> zeigt sich oftmals in der Gestaltung der Tauffeier in der Kirche und der Feier zu Hause oder in der Gastronomie. Eine wundersch\u00f6n gestaltete Tischdekoration ist dabei nur eines der Besonderheiten, die die gl\u00fccklichen Eltern pr\u00e4sentieren. Die Ausstattung der <b><a title=\"Tischdeko Taufe\" href=\"https:\/\/www.tafeldeko.de\/index.php\/cat\/c38_Tischdeko-Taufe.html\">Tischdekoration zur Taufe<\/a><\/b> kann nat\u00fcrlich sehr vielf\u00e4ltig sein, zum einen angelehnt an die Farben des Geschlechts des T\u00e4uflings, zum anderen mit einer neutralen Farbe ausgestattet.<\/p>\n<p><img decoding=\"async\" loading=\"lazy\" src=\"https:\/\/www.tafeldeko.de\/news\/wp-content\/uploads\/2014\/09\/taufe_orangetuerkis.jpg\" sizes=\"(max-width: 504px) 100vw, 504px\" srcset=\"https:\/\/www.tafeldeko.de\/news\/wp-content\/uploads\/2014\/09\/taufe_orangetuerkis.jpg 504w, https:\/\/www.tafeldeko.de\/news\/wp-content\/uploads\/2014\/09\/taufe_orangetuerkis-300x191.jpg 300w\" alt=\"Tischdekoration Taufe T\u00fcrkis Orange\" width=\"504\" height=\"322\" \/><\/p>\n<h2>Tischdekoration zur Taufe in T\u00fcrkis und Orange<\/h2>\n<p>Wie die Entscheidung auf die Tauftischdeko auch ausf\u00e4llt, es wird eine wundersch\u00f6ne Tischdekoration zur Taufe sein, vielleicht ja in T\u00fcrkis und Orange. In unserem <a href=\"http:\/\/www.tafeldeko.de\">Onlineshop<\/a> finden Sie tolle Beispiele f\u00fcr die Gestaltung von Tauftischen, wie dieser Mustertisch zur Taufe eindrucksvoll zeigt. Eine Kombination in T\u00fcrkis und Orange ist wohl nicht ganz so allt\u00e4glich, doch das Ergebnis kann sich sehen lassen. Ein Traum in Orange mit t\u00fcrkisfarbenen Akzenten und nat\u00fcrlich kleinen Dekofiguren, die zur Taufe passen.<br \/>\nAuf dem Mustertisch zeigt sich die Tischmitte im strahlenden Design. Ein Holztablett mit 3 Vierkantgl\u00e4sern erh\u00e4lt mit Raindrops in Orange, Kunstblumen Rosen in Orange und einer t\u00fcrkisfarbenen <b><a title=\"Stumpenkerze\" href=\"https:\/\/www.tafeldeko.de\/index.php\/cat\/c528_Runde-Stumpenkerzen.html\">Stumpenkerze<\/a><\/b> das gewisse Etwas. Eine orangefarbene Schleife kann das gesamte Arrangement mit einem weiteren <b>Akzent <\/b>versehen. Das Organzaband in T\u00fcrkis verleiht dem Tisch einen tollen, farbenfrohen Hingucker, lockert das Gesamtbild auf. Das T\u00fcrkis des Organzabandes wiederholt sich nochmals in den Servietten, was dem Tisch einen weiteren <b>Blickfang <\/b>beschert &#8211; vor allem dann, wenn diese Servietten mit orangefarbenen Servietten kombiniert werden.<br \/>\nMit wundersch\u00f6nen Accessoires geht es in der Tischmitte weiter. Rattan Kugeln in Orange, ein Babyengel und kleine Babys mit Schnuller sorgen f\u00fcr die sch\u00f6nen Akzente. Mit dieser Tischdekoration k\u00f6nnen Sie Ihre <b>Taufg\u00e4ste<\/b> garantiert begeistern.<\/p>\n<p><a role=\"button\" href=\"https:\/\/www.tafeldeko.de\/tischdeko-ideen\/taufe-tischdeko\/\"><br \/>\n&gt;&gt; Zu den Mustertischen &lt;&lt;<br \/>\n<\/a><\/p>\n<h2>Weitere Beitr\u00e4ge:<\/h2>\n<h2>Dekoartikel von A-Z<\/h2>\n<p><a href=\"https:\/\/www.tafeldeko.de\/tischdeko-artikel\/\"><br \/>\nJetzt entdecken <\/a><\/p>\n","protected":false},"excerpt":{"rendered":"<p>Die Besonderheit einer Taufe zeigt sich oftmals in der Gestaltung der Tauffeier in der Kirche und der Feier zu Hause oder in der Gastronomie. Eine wundersch\u00f6n gestaltete Tischdekoration ist dabei nur eines der Besonderheiten, die die gl\u00fccklichen Eltern pr\u00e4sentieren. Die Ausstattung der  kann nat\u00fcrlich sehr vielf\u00e4ltig sein, zum einen angelehnt an die Farben des Geschlechts des T\u00e4uflings, zum anderen mit einer neutralen Farbe ausgestattet.<\/p>\n","protected":false},"author":2,"featured_media":1958,"comment_status":"open","ping_status":"open","sticky":false,"template":"","format":"standard","meta":{"footnotes":""},"categories":[1],"tags":[],"yoast_head":"<!-- This site is optimized with the Yoast SEO plugin v20.4 - https:\/\/yoast.com\/wordpress\/plugins\/seo\/ -->\n<title>Die Taufe und die Tischdekoration - ein Traum in T\u00fcrkis und Orange - Tafeldeko<\/title>\n<meta name=\"description\" content=\"Tischdekoration zur Taufe in T\u00fcrkis und Orange als ein Traum f\u00fcr ein wundersch\u00f6nes Fest. Diese Tischdeko ist ein Highlight.\" \/>\n<meta name=\"robots\" content=\"index, follow, max-snippet:-1, max-image-preview:large, max-video-preview:-1\" \/>\n<link rel=\"canonical\" href=\"https:\/\/www.tafeldeko.de\/news\/die-taufe-und-die-tischdekoration-ein-traum-in-tuerkis-und-orange\/\" \/>\n<meta property=\"og:locale\" content=\"de_DE\" \/>\n<meta property=\"og:type\" content=\"article\" \/>\n<meta property=\"og:title\" content=\"Die Taufe und die Tischdekoration - ein Traum in T\u00fcrkis und Orange - Tafeldeko\" \/>\n<meta property=\"og:description\" content=\"Tischdekoration zur Taufe in T\u00fcrkis und Orange als ein Traum f\u00fcr ein wundersch\u00f6nes Fest. Diese Tischdeko ist ein Highlight.\" \/>\n<meta property=\"og:url\" content=\"https:\/\/www.tafeldeko.de\/news\/die-taufe-und-die-tischdekoration-ein-traum-in-tuerkis-und-orange\/\" \/>\n<meta property=\"og:site_name\" content=\"Tafeldeko\" \/>\n<meta property=\"article:publisher\" content=\"https:\/\/www.facebook.com\/pages\/Tafeldeko-einzigartige-Tischdekoration\/174202655894\" \/>\n<meta property=\"article:published_time\" content=\"2013-12-06T09:09:06+00:00\" \/>\n<meta property=\"article:modified_time\" content=\"2023-02-20T10:58:26+00:00\" \/>\n<meta property=\"og:image\" content=\"https:\/\/www.tafeldeko.de\/news\/wp-content\/uploads\/2014\/09\/taufe_orangetuerkis.jpg\" \/>\n\t<meta property=\"og:image:width\" content=\"504\" \/>\n\t<meta property=\"og:image:height\" content=\"322\" \/>\n\t<meta property=\"og:image:type\" content=\"image\/jpeg\" \/>\n<meta name=\"author\" content=\"Christiane Stein\" \/>\n<meta name=\"twitter:label1\" content=\"Verfasst von\" \/>\n\t<meta name=\"twitter:data1\" content=\"Christiane Stein\" \/>\n\t<meta name=\"twitter:label2\" content=\"Gesch\u00e4tzte Lesezeit\" \/>\n\t<meta name=\"twitter:data2\" content=\"2 Minuten\" \/>\n<script type=\"application\/ld+json\" class=\"yoast-schema-graph\">{\"@context\":\"https:\/\/schema.org\",\"@graph\":[{\"@type\":\"WebPage\",\"@id\":\"https:\/\/www.tafeldeko.de\/news\/die-taufe-und-die-tischdekoration-ein-traum-in-tuerkis-und-orange\/\",\"url\":\"https:\/\/www.tafeldeko.de\/news\/die-taufe-und-die-tischdekoration-ein-traum-in-tuerkis-und-orange\/\",\"name\":\"Die Taufe und die Tischdekoration - ein Traum in T\u00fcrkis und Orange - Tafeldeko\",\"isPartOf\":{\"@id\":\"https:\/\/www.tafeldeko.de\/news\/#website\"},\"datePublished\":\"2013-12-06T09:09:06+00:00\",\"dateModified\":\"2023-02-20T10:58:26+00:00\",\"author\":{\"@id\":\"https:\/\/www.tafeldeko.de\/news\/#\/schema\/person\/d2acd86447ed0b6336089a8ba83164a0\"},\"description\":\"Tischdekoration zur Taufe in T\u00fcrkis und Orange als ein Traum f\u00fcr ein wundersch\u00f6nes Fest. Diese Tischdeko ist ein Highlight.\",\"breadcrumb\":{\"@id\":\"https:\/\/www.tafeldeko.de\/news\/die-taufe-und-die-tischdekoration-ein-traum-in-tuerkis-und-orange\/#breadcrumb\"},\"inLanguage\":\"de-DE\",\"potentialAction\":[{\"@type\":\"ReadAction\",\"target\":[\"https:\/\/www.tafeldeko.de\/news\/die-taufe-und-die-tischdekoration-ein-traum-in-tuerkis-und-orange\/\"]}]},{\"@type\":\"BreadcrumbList\",\"@id\":\"https:\/\/www.tafeldeko.de\/news\/die-taufe-und-die-tischdekoration-ein-traum-in-tuerkis-und-orange\/#breadcrumb\",\"itemListElement\":[{\"@type\":\"ListItem\",\"position\":1,\"name\":\"Tafeldeko\",\"item\":\"https:\/\/www.tafeldeko.de\/news\/\"},{\"@type\":\"ListItem\",\"position\":2,\"name\":\"Alte Beitr\u00e4ge\",\"item\":\"https:\/\/www.tafeldeko.de\/news\/alte-beitraege\/\"},{\"@type\":\"ListItem\",\"position\":3,\"name\":\"Tischdeko - Blog\",\"item\":\"https:\/\/www.tafeldeko.de\/news\/alte-beitraege\/tischdeko-blog\/\"},{\"@type\":\"ListItem\",\"position\":4,\"name\":\"Die Taufe und die Tischdekoration &#8211; ein Traum in T\u00fcrkis und Orange\"}]},{\"@type\":\"WebSite\",\"@id\":\"https:\/\/www.tafeldeko.de\/news\/#website\",\"url\":\"https:\/\/www.tafeldeko.de\/news\/\",\"name\":\"Tafeldeko\",\"description\":\"Blog mit Tischdeko und Tischdekoration Ideen\",\"potentialAction\":[{\"@type\":\"SearchAction\",\"target\":{\"@type\":\"EntryPoint\",\"urlTemplate\":\"https:\/\/www.tafeldeko.de\/news\/?s={search_term_string}\"},\"query-input\":\"required name=search_term_string\"}],\"inLanguage\":\"de-DE\"},{\"@type\":\"Person\",\"@id\":\"https:\/\/www.tafeldeko.de\/news\/#\/schema\/person\/d2acd86447ed0b6336089a8ba83164a0\",\"name\":\"Christiane Stein\",\"image\":{\"@type\":\"ImageObject\",\"inLanguage\":\"de-DE\",\"@id\":\"https:\/\/www.tafeldeko.de\/news\/#\/schema\/person\/image\/\",\"url\":\"https:\/\/secure.gravatar.com\/avatar\/2054729fbfd1ebc9d3cf1fd55361d0b6?s=96&d=mm&r=g\",\"contentUrl\":\"https:\/\/secure.gravatar.com\/avatar\/2054729fbfd1ebc9d3cf1fd55361d0b6?s=96&d=mm&r=g\",\"caption\":\"Christiane Stein\"}}]}<\/script>\n<!-- \/ Yoast SEO plugin. -->","yoast_head_json":{"title":"Die Taufe und die Tischdekoration - ein Traum in T\u00fcrkis und Orange - Tafeldeko","description":"Tischdekoration zur Taufe in T\u00fcrkis und Orange als ein Traum f\u00fcr ein wundersch\u00f6nes Fest. Diese Tischdeko ist ein Highlight.","robots":{"index":"index","follow":"follow","max-snippet":"max-snippet:-1","max-image-preview":"max-image-preview:large","max-video-preview":"max-video-preview:-1"},"canonical":"https:\/\/www.tafeldeko.de\/news\/die-taufe-und-die-tischdekoration-ein-traum-in-tuerkis-und-orange\/","og_locale":"de_DE","og_type":"article","og_title":"Die Taufe und die Tischdekoration - ein Traum in T\u00fcrkis und Orange - Tafeldeko","og_description":"Tischdekoration zur Taufe in T\u00fcrkis und Orange als ein Traum f\u00fcr ein wundersch\u00f6nes Fest. Diese Tischdeko ist ein Highlight.","og_url":"https:\/\/www.tafeldeko.de\/news\/die-taufe-und-die-tischdekoration-ein-traum-in-tuerkis-und-orange\/","og_site_name":"Tafeldeko","article_publisher":"https:\/\/www.facebook.com\/pages\/Tafeldeko-einzigartige-Tischdekoration\/174202655894","article_published_time":"2013-12-06T09:09:06+00:00","article_modified_time":"2023-02-20T10:58:26+00:00","og_image":[{"width":504,"height":322,"url":"https:\/\/www.tafeldeko.de\/news\/wp-content\/uploads\/2014\/09\/taufe_orangetuerkis.jpg","type":"image\/jpeg"}],"author":"Christiane Stein","twitter_misc":{"Verfasst von":"Christiane Stein","Gesch\u00e4tzte Lesezeit":"2 Minuten"},"schema":{"@context":"https:\/\/schema.org","@graph":[{"@type":"WebPage","@id":"https:\/\/www.tafeldeko.de\/news\/die-taufe-und-die-tischdekoration-ein-traum-in-tuerkis-und-orange\/","url":"https:\/\/www.tafeldeko.de\/news\/die-taufe-und-die-tischdekoration-ein-traum-in-tuerkis-und-orange\/","name":"Die Taufe und die Tischdekoration - ein Traum in T\u00fcrkis und Orange - Tafeldeko","isPartOf":{"@id":"https:\/\/www.tafeldeko.de\/news\/#website"},"datePublished":"2013-12-06T09:09:06+00:00","dateModified":"2023-02-20T10:58:26+00:00","author":{"@id":"https:\/\/www.tafeldeko.de\/news\/#\/schema\/person\/d2acd86447ed0b6336089a8ba83164a0"},"description":"Tischdekoration zur Taufe in T\u00fcrkis und Orange als ein Traum f\u00fcr ein wundersch\u00f6nes Fest. Diese Tischdeko ist ein Highlight.","breadcrumb":{"@id":"https:\/\/www.tafeldeko.de\/news\/die-taufe-und-die-tischdekoration-ein-traum-in-tuerkis-und-orange\/#breadcrumb"},"inLanguage":"de-DE","potentialAction":[{"@type":"ReadAction","target":["https:\/\/www.tafeldeko.de\/news\/die-taufe-und-die-tischdekoration-ein-traum-in-tuerkis-und-orange\/"]}]},{"@type":"BreadcrumbList","@id":"https:\/\/www.tafeldeko.de\/news\/die-taufe-und-die-tischdekoration-ein-traum-in-tuerkis-und-orange\/#breadcrumb","itemListElement":[{"@type":"ListItem","position":1,"name":"Tafeldeko","item":"https:\/\/www.tafeldeko.de\/news\/"},{"@type":"ListItem","position":2,"name":"Alte Beitr\u00e4ge","item":"https:\/\/www.tafeldeko.de\/news\/alte-beitraege\/"},{"@type":"ListItem","position":3,"name":"Tischdeko - Blog","item":"https:\/\/www.tafeldeko.de\/news\/alte-beitraege\/tischdeko-blog\/"},{"@type":"ListItem","position":4,"name":"Die Taufe und die Tischdekoration &#8211; ein Traum in T\u00fcrkis und Orange"}]},{"@type":"WebSite","@id":"https:\/\/www.tafeldeko.de\/news\/#website","url":"https:\/\/www.tafeldeko.de\/news\/","name":"Tafeldeko","description":"Blog mit Tischdeko und Tischdekoration Ideen","potentialAction":[{"@type":"SearchAction","target":{"@type":"EntryPoint","urlTemplate":"https:\/\/www.tafeldeko.de\/news\/?s={search_term_string}"},"query-input":"required name=search_term_string"}],"inLanguage":"de-DE"},{"@type":"Person","@id":"https:\/\/www.tafeldeko.de\/news\/#\/schema\/person\/d2acd86447ed0b6336089a8ba83164a0","name":"Christiane Stein","image":{"@type":"ImageObject","inLanguage":"de-DE","@id":"https:\/\/www.tafeldeko.de\/news\/#\/schema\/person\/image\/","url":"https:\/\/secure.gravatar.com\/avatar\/2054729fbfd1ebc9d3cf1fd55361d0b6?s=96&d=mm&r=g","contentUrl":"https:\/\/secure.gravatar.com\/avatar\/2054729fbfd1ebc9d3cf1fd55361d0b6?s=96&d=mm&r=g","caption":"Christiane Stein"}}]}},"_links":{"self":[{"href":"https:\/\/www.tafeldeko.de\/news\/wp-json\/wp\/v2\/posts\/1959"}],"collection":[{"href":"https:\/\/www.tafeldeko.de\/news\/wp-json\/wp\/v2\/posts"}],"about":[{"href":"https:\/\/www.tafeldeko.de\/news\/wp-json\/wp\/v2\/types\/post"}],"author":[{"embeddable":true,"href":"https:\/\/www.tafeldeko.de\/news\/wp-json\/wp\/v2\/users\/2"}],"replies":[{"embeddable":true,"href":"https:\/\/www.tafeldeko.de\/news\/wp-json\/wp\/v2\/comments?post=1959"}],"version-history":[{"count":18,"href":"https:\/\/www.tafeldeko.de\/news\/wp-json\/wp\/v2\/posts\/1959\/revisions"}],"predecessor-version":[{"id":23939,"href":"https:\/\/www.tafeldeko.de\/news\/wp-json\/wp\/v2\/posts\/1959\/revisions\/23939"}],"wp:featuredmedia":[{"embeddable":true,"href":"https:\/\/www.tafeldeko.de\/news\/wp-json\/wp\/v2\/media\/1958"}],"wp:attachment":[{"href":"https:\/\/www.tafeldeko.de\/news\/wp-json\/wp\/v2\/media?parent=1959"}],"wp:term":[{"taxonomy":"category","embeddable":true,"href":"https:\/\/www.tafeldeko.de\/news\/wp-json\/wp\/v2\/categories?post=1959"},{"taxonomy":"post_tag","embeddable":true,"href":"https:\/\/www.tafeldeko.de\/news\/wp-json\/wp\/v2\/tags?post=1959"}],"curies":[{"name":"wp","href":"https:\/\/api.w.org\/{rel}","templated":true}]}}