{"id":1933,"date":"2012-05-11T19:07:59","date_gmt":"2012-05-11T17:07:59","guid":{"rendered":"http:\/\/www.tafeldeko.de\/news\/?p=1933"},"modified":"2012-05-11T19:07:59","modified_gmt":"2012-05-11T17:07:59","slug":"taufe-und-tischdeko-zwei-dinge-die-zusammengehoeren","status":"publish","type":"post","link":"https:\/\/www.tafeldeko.de\/news\/taufe-und-tischdeko-zwei-dinge-die-zusammengehoeren\/","title":{"rendered":"Taufe und Tischdeko \u2013 zwei Dinge, die zusammengeh\u00f6ren"},"content":{"rendered":"<div class=\"textumfliessenrechts\"><img decoding=\"async\" loading=\"lazy\" src=\"https:\/\/www.tafeldeko.de\/news\/media\/users\/schnurchristian\/Tischdekoration-taufe-blau-gelb.jpg\" alt=\"Tischdeko f\u00fcr die Taufe\" title=\"Tischdeko f\u00fcr die Taufe\" width=\"303\" height=\"225\" \/><br \/><a href=\"https:\/\/www.tafeldeko.de\/mustertische\/tischdeko-taufe\/Tisch-2.html\" title=\"Tischdeko f\u00fcr die Taufe\"><b>Tischdeko f\u00fcr die Taufe<\/b><\/a><\/div>\n<p> Ein <b>Baby ist geboren<\/b> und das bedeutet f\u00fcr die frisch gebackenen Eltern und Gro\u00dfeltern, viel Freude, schlaflose N\u00e4chte und auch weniger Zeit, die man f\u00fcr sich hat. Doch als Eltern und Gro\u00dfeltern nimmt man dies gerne in Kauf, vor allem, wenn man den kleinen Fratz sieht, wie er so hilflos in der Wiege oder im Bettchen liegt. Man m\u00f6chte sich rund um die Uhr mit dem kleinen Baby besch\u00e4ftigen, kann gar nicht genug vom Anblick bekommen.<br \/>\nIn der Regel werden die Babys innerhalb weniger Monate getauft, das hei\u00dft, ein gro\u00dfes Fest steht bevor. Die Eltern sind mit den Vorbereitungen zugange, Gespr\u00e4che mit dem Pfarrer werden gef\u00fchrt, wie der Gottesdienst anl\u00e4sslich der <b><a href=\"https:\/\/www.tafeldeko.de\/index.php\/cat\/c38_Tischdeko-Taufe.html\" title=\"Taufe\">Taufe<\/a> <\/b>gestaltet wird. Ein Taufspruch wird ausgesucht und ansonsten muss etliches organisiert werden. Ein Punkt, der bei der Taufe auf keinen Fall au\u00dfer Acht gelassen werden darf, ist die Deko.<br \/>\nKindlich und verspielt, das ist bei der Deko anl\u00e4sslich der Taufe meistens das Motto. Bei einem kleinen M\u00e4dchen noch mehr als bei einem Jungen.<br \/>\nAuch die Tische bei der Tauffeier sollen erstrahlen, genau wie die jungen Eltern. Doch wie kann man die Tischdeko zur Taufe gestalten?<br \/>\nEine ganz neue Tischdeko pr\u00e4sentiert Ihnen <b><a href=\"https:\/\/www.tafeldeko.de\" title=\"Tafeldeko\">Tafeldeko<\/a><\/b> mit diesem Mustertisch in hellblau, wei\u00df und gelb. Eine wundersch\u00f6ne Farbkombination, die von der Tischdeko in hellblau etwas abweicht und <b>besondere Akzente <\/b>setzt.<br \/>\nEine wei\u00dfe Tischdecke als Basis, darauf findet eine Kombination aus gelbem Organzastoff, Sizoweb Tischband und Tischband Baby Taufmotive in blau ihren Platz. Streudekoteile bringen die Lockerheit und Verspieltheit in die Tischdeko ein. Zu finden sind auf diesem Mustertisch Drahtblumen in silber, Streubl\u00fcmchen Di Fiori in creme marmoriert, Acrylbl\u00fcten in gelb, Acrylbl\u00fcten in eisblau und Babyschuhe in blau und weitere kindliche Accessoires. Auch bei der Tischdeko f\u00fcr die Taufe sollten Kerzen auf dem Tisch nicht fehlen, hier sind die Kerzengl\u00e4ser Bolzano zu sehen.<br \/>\nFarblich passend wurden auch die Servietten ausgew\u00e4hlt: Servietten Babys Friends hellblau in Kombination mit Servietten Modern Colors hellblau.<br \/>\nDieser dekorierte Tisch wird Ihre G\u00e4ste begeistern und eine <b>wundersch\u00f6ne Basis<\/b> f\u00fcr die Tauffeier bilden. Bilder sollten die Feier belegen. <\/p>\n","protected":false},"excerpt":{"rendered":"<p>Ein Baby ist geboren und das bedeutet f\u00fcr die frisch gebackenen Eltern und Gro\u00dfeltern, viel Freude, schlaflose N\u00e4chte und auch weniger Zeit, die man f\u00fcr sich hat. Doch als Eltern und Gro\u00dfeltern nimmt man dies gerne in Kauf, vor allem, wenn man den kleinen Fratz sieht, wie er so hilflos in der Wiege oder im Bettchen liegt. Man m\u00f6chte sich rund um die Uhr mit dem kleinen Baby besch\u00e4ftigen, kann gar nicht genug vom Anblick bekommen.<\/p>\n","protected":false},"author":2,"featured_media":1934,"comment_status":"open","ping_status":"open","sticky":false,"template":"","format":"standard","meta":{"footnotes":""},"categories":[1],"tags":[],"yoast_head":"<!-- This site is optimized with the Yoast SEO plugin v20.4 - https:\/\/yoast.com\/wordpress\/plugins\/seo\/ -->\n<title>Taufe und Tischdeko \u2013 zwei Dinge, die zusammengeh\u00f6ren - Tafeldeko<\/title>\n<meta name=\"description\" content=\"Kindlich und verspielt, das ist bei der Deko anl&#xE4;sslich der Taufe meistens das Motto. Bei einem kleinen M&#xE4;dchen noch mehr als bei einem Jungen. Hier die Ideen.\" \/>\n<meta name=\"robots\" content=\"index, follow, max-snippet:-1, max-image-preview:large, max-video-preview:-1\" \/>\n<link rel=\"canonical\" href=\"https:\/\/www.tafeldeko.de\/news\/taufe-und-tischdeko-zwei-dinge-die-zusammengehoeren\/\" \/>\n<meta property=\"og:locale\" content=\"de_DE\" \/>\n<meta property=\"og:type\" content=\"article\" \/>\n<meta property=\"og:title\" content=\"Taufe und Tischdeko \u2013 zwei Dinge, die zusammengeh\u00f6ren - Tafeldeko\" \/>\n<meta property=\"og:description\" content=\"Kindlich und verspielt, das ist bei der Deko anl&#xE4;sslich der Taufe meistens das Motto. Bei einem kleinen M&#xE4;dchen noch mehr als bei einem Jungen. Hier die Ideen.\" \/>\n<meta property=\"og:url\" content=\"https:\/\/www.tafeldeko.de\/news\/taufe-und-tischdeko-zwei-dinge-die-zusammengehoeren\/\" \/>\n<meta property=\"og:site_name\" content=\"Tafeldeko\" \/>\n<meta property=\"article:publisher\" content=\"https:\/\/www.facebook.com\/pages\/Tafeldeko-einzigartige-Tischdekoration\/174202655894\" \/>\n<meta property=\"article:published_time\" content=\"2012-05-11T17:07:59+00:00\" \/>\n<meta property=\"og:image\" content=\"https:\/\/www.tafeldeko.de\/news\/wp-content\/uploads\/2014\/09\/Tischdekoration-taufe-blau-gelb.jpg\" \/>\n\t<meta property=\"og:image:width\" content=\"403\" \/>\n\t<meta property=\"og:image:height\" content=\"255\" \/>\n\t<meta property=\"og:image:type\" content=\"image\/jpeg\" \/>\n<meta name=\"author\" content=\"Christiane Stein\" \/>\n<meta name=\"twitter:label1\" content=\"Verfasst von\" \/>\n\t<meta name=\"twitter:data1\" content=\"Christiane Stein\" \/>\n\t<meta name=\"twitter:label2\" content=\"Gesch\u00e4tzte Lesezeit\" \/>\n\t<meta name=\"twitter:data2\" content=\"2 Minuten\" \/>\n<script type=\"application\/ld+json\" class=\"yoast-schema-graph\">{\"@context\":\"https:\/\/schema.org\",\"@graph\":[{\"@type\":\"WebPage\",\"@id\":\"https:\/\/www.tafeldeko.de\/news\/taufe-und-tischdeko-zwei-dinge-die-zusammengehoeren\/\",\"url\":\"https:\/\/www.tafeldeko.de\/news\/taufe-und-tischdeko-zwei-dinge-die-zusammengehoeren\/\",\"name\":\"Taufe und Tischdeko \u2013 zwei Dinge, die zusammengeh\u00f6ren - Tafeldeko\",\"isPartOf\":{\"@id\":\"https:\/\/www.tafeldeko.de\/news\/#website\"},\"datePublished\":\"2012-05-11T17:07:59+00:00\",\"dateModified\":\"2012-05-11T17:07:59+00:00\",\"author\":{\"@id\":\"https:\/\/www.tafeldeko.de\/news\/#\/schema\/person\/d2acd86447ed0b6336089a8ba83164a0\"},\"description\":\"Kindlich und verspielt, das ist bei der Deko anl&#xE4;sslich der Taufe meistens das Motto. Bei einem kleinen M&#xE4;dchen noch mehr als bei einem Jungen. Hier die Ideen.\",\"breadcrumb\":{\"@id\":\"https:\/\/www.tafeldeko.de\/news\/taufe-und-tischdeko-zwei-dinge-die-zusammengehoeren\/#breadcrumb\"},\"inLanguage\":\"de-DE\",\"potentialAction\":[{\"@type\":\"ReadAction\",\"target\":[\"https:\/\/www.tafeldeko.de\/news\/taufe-und-tischdeko-zwei-dinge-die-zusammengehoeren\/\"]}]},{\"@type\":\"BreadcrumbList\",\"@id\":\"https:\/\/www.tafeldeko.de\/news\/taufe-und-tischdeko-zwei-dinge-die-zusammengehoeren\/#breadcrumb\",\"itemListElement\":[{\"@type\":\"ListItem\",\"position\":1,\"name\":\"Tafeldeko\",\"item\":\"https:\/\/www.tafeldeko.de\/news\/\"},{\"@type\":\"ListItem\",\"position\":2,\"name\":\"Alte Beitr\u00e4ge\",\"item\":\"https:\/\/www.tafeldeko.de\/news\/alte-beitraege\/\"},{\"@type\":\"ListItem\",\"position\":3,\"name\":\"Tischdeko - Blog\",\"item\":\"https:\/\/www.tafeldeko.de\/news\/alte-beitraege\/tischdeko-blog\/\"},{\"@type\":\"ListItem\",\"position\":4,\"name\":\"Taufe und Tischdeko \u2013 zwei Dinge, die zusammengeh\u00f6ren\"}]},{\"@type\":\"WebSite\",\"@id\":\"https:\/\/www.tafeldeko.de\/news\/#website\",\"url\":\"https:\/\/www.tafeldeko.de\/news\/\",\"name\":\"Tafeldeko\",\"description\":\"Blog mit Tischdeko und Tischdekoration Ideen\",\"potentialAction\":[{\"@type\":\"SearchAction\",\"target\":{\"@type\":\"EntryPoint\",\"urlTemplate\":\"https:\/\/www.tafeldeko.de\/news\/?s={search_term_string}\"},\"query-input\":\"required name=search_term_string\"}],\"inLanguage\":\"de-DE\"},{\"@type\":\"Person\",\"@id\":\"https:\/\/www.tafeldeko.de\/news\/#\/schema\/person\/d2acd86447ed0b6336089a8ba83164a0\",\"name\":\"Christiane Stein\",\"image\":{\"@type\":\"ImageObject\",\"inLanguage\":\"de-DE\",\"@id\":\"https:\/\/www.tafeldeko.de\/news\/#\/schema\/person\/image\/\",\"url\":\"https:\/\/secure.gravatar.com\/avatar\/2054729fbfd1ebc9d3cf1fd55361d0b6?s=96&d=mm&r=g\",\"contentUrl\":\"https:\/\/secure.gravatar.com\/avatar\/2054729fbfd1ebc9d3cf1fd55361d0b6?s=96&d=mm&r=g\",\"caption\":\"Christiane Stein\"}}]}<\/script>\n<!-- \/ Yoast SEO plugin. -->","yoast_head_json":{"title":"Taufe und Tischdeko \u2013 zwei Dinge, die zusammengeh\u00f6ren - Tafeldeko","description":"Kindlich und verspielt, das ist bei der Deko anl&#xE4;sslich der Taufe meistens das Motto. Bei einem kleinen M&#xE4;dchen noch mehr als bei einem Jungen. Hier die Ideen.","robots":{"index":"index","follow":"follow","max-snippet":"max-snippet:-1","max-image-preview":"max-image-preview:large","max-video-preview":"max-video-preview:-1"},"canonical":"https:\/\/www.tafeldeko.de\/news\/taufe-und-tischdeko-zwei-dinge-die-zusammengehoeren\/","og_locale":"de_DE","og_type":"article","og_title":"Taufe und Tischdeko \u2013 zwei Dinge, die zusammengeh\u00f6ren - Tafeldeko","og_description":"Kindlich und verspielt, das ist bei der Deko anl&#xE4;sslich der Taufe meistens das Motto. Bei einem kleinen M&#xE4;dchen noch mehr als bei einem Jungen. Hier die Ideen.","og_url":"https:\/\/www.tafeldeko.de\/news\/taufe-und-tischdeko-zwei-dinge-die-zusammengehoeren\/","og_site_name":"Tafeldeko","article_publisher":"https:\/\/www.facebook.com\/pages\/Tafeldeko-einzigartige-Tischdekoration\/174202655894","article_published_time":"2012-05-11T17:07:59+00:00","og_image":[{"width":403,"height":255,"url":"https:\/\/www.tafeldeko.de\/news\/wp-content\/uploads\/2014\/09\/Tischdekoration-taufe-blau-gelb.jpg","type":"image\/jpeg"}],"author":"Christiane Stein","twitter_misc":{"Verfasst von":"Christiane Stein","Gesch\u00e4tzte Lesezeit":"2 Minuten"},"schema":{"@context":"https:\/\/schema.org","@graph":[{"@type":"WebPage","@id":"https:\/\/www.tafeldeko.de\/news\/taufe-und-tischdeko-zwei-dinge-die-zusammengehoeren\/","url":"https:\/\/www.tafeldeko.de\/news\/taufe-und-tischdeko-zwei-dinge-die-zusammengehoeren\/","name":"Taufe und Tischdeko \u2013 zwei Dinge, die zusammengeh\u00f6ren - Tafeldeko","isPartOf":{"@id":"https:\/\/www.tafeldeko.de\/news\/#website"},"datePublished":"2012-05-11T17:07:59+00:00","dateModified":"2012-05-11T17:07:59+00:00","author":{"@id":"https:\/\/www.tafeldeko.de\/news\/#\/schema\/person\/d2acd86447ed0b6336089a8ba83164a0"},"description":"Kindlich und verspielt, das ist bei der Deko anl&#xE4;sslich der Taufe meistens das Motto. Bei einem kleinen M&#xE4;dchen noch mehr als bei einem Jungen. Hier die Ideen.","breadcrumb":{"@id":"https:\/\/www.tafeldeko.de\/news\/taufe-und-tischdeko-zwei-dinge-die-zusammengehoeren\/#breadcrumb"},"inLanguage":"de-DE","potentialAction":[{"@type":"ReadAction","target":["https:\/\/www.tafeldeko.de\/news\/taufe-und-tischdeko-zwei-dinge-die-zusammengehoeren\/"]}]},{"@type":"BreadcrumbList","@id":"https:\/\/www.tafeldeko.de\/news\/taufe-und-tischdeko-zwei-dinge-die-zusammengehoeren\/#breadcrumb","itemListElement":[{"@type":"ListItem","position":1,"name":"Tafeldeko","item":"https:\/\/www.tafeldeko.de\/news\/"},{"@type":"ListItem","position":2,"name":"Alte Beitr\u00e4ge","item":"https:\/\/www.tafeldeko.de\/news\/alte-beitraege\/"},{"@type":"ListItem","position":3,"name":"Tischdeko - Blog","item":"https:\/\/www.tafeldeko.de\/news\/alte-beitraege\/tischdeko-blog\/"},{"@type":"ListItem","position":4,"name":"Taufe und Tischdeko \u2013 zwei Dinge, die zusammengeh\u00f6ren"}]},{"@type":"WebSite","@id":"https:\/\/www.tafeldeko.de\/news\/#website","url":"https:\/\/www.tafeldeko.de\/news\/","name":"Tafeldeko","description":"Blog mit Tischdeko und Tischdekoration Ideen","potentialAction":[{"@type":"SearchAction","target":{"@type":"EntryPoint","urlTemplate":"https:\/\/www.tafeldeko.de\/news\/?s={search_term_string}"},"query-input":"required name=search_term_string"}],"inLanguage":"de-DE"},{"@type":"Person","@id":"https:\/\/www.tafeldeko.de\/news\/#\/schema\/person\/d2acd86447ed0b6336089a8ba83164a0","name":"Christiane Stein","image":{"@type":"ImageObject","inLanguage":"de-DE","@id":"https:\/\/www.tafeldeko.de\/news\/#\/schema\/person\/image\/","url":"https:\/\/secure.gravatar.com\/avatar\/2054729fbfd1ebc9d3cf1fd55361d0b6?s=96&d=mm&r=g","contentUrl":"https:\/\/secure.gravatar.com\/avatar\/2054729fbfd1ebc9d3cf1fd55361d0b6?s=96&d=mm&r=g","caption":"Christiane Stein"}}]}},"_links":{"self":[{"href":"https:\/\/www.tafeldeko.de\/news\/wp-json\/wp\/v2\/posts\/1933"}],"collection":[{"href":"https:\/\/www.tafeldeko.de\/news\/wp-json\/wp\/v2\/posts"}],"about":[{"href":"https:\/\/www.tafeldeko.de\/news\/wp-json\/wp\/v2\/types\/post"}],"author":[{"embeddable":true,"href":"https:\/\/www.tafeldeko.de\/news\/wp-json\/wp\/v2\/users\/2"}],"replies":[{"embeddable":true,"href":"https:\/\/www.tafeldeko.de\/news\/wp-json\/wp\/v2\/comments?post=1933"}],"version-history":[{"count":0,"href":"https:\/\/www.tafeldeko.de\/news\/wp-json\/wp\/v2\/posts\/1933\/revisions"}],"wp:featuredmedia":[{"embeddable":true,"href":"https:\/\/www.tafeldeko.de\/news\/wp-json\/wp\/v2\/media\/1934"}],"wp:attachment":[{"href":"https:\/\/www.tafeldeko.de\/news\/wp-json\/wp\/v2\/media?parent=1933"}],"wp:term":[{"taxonomy":"category","embeddable":true,"href":"https:\/\/www.tafeldeko.de\/news\/wp-json\/wp\/v2\/categories?post=1933"},{"taxonomy":"post_tag","embeddable":true,"href":"https:\/\/www.tafeldeko.de\/news\/wp-json\/wp\/v2\/tags?post=1933"}],"curies":[{"name":"wp","href":"https:\/\/api.w.org\/{rel}","templated":true}]}}