{"id":1816,"date":"2014-05-16T15:43:12","date_gmt":"2014-05-16T13:43:12","guid":{"rendered":"http:\/\/www.tafeldeko.de\/news\/?p=1816"},"modified":"2014-05-16T15:43:12","modified_gmt":"2014-05-16T13:43:12","slug":"hochzeit-dieser-tag-soll-in-ewiger-erinnerung-bleiben","status":"publish","type":"post","link":"https:\/\/www.tafeldeko.de\/news\/hochzeit-dieser-tag-soll-in-ewiger-erinnerung-bleiben\/","title":{"rendered":"Hochzeit &#8211; dieser Tag soll in ewiger Erinnerung bleiben"},"content":{"rendered":"<div class=\"textumfliessenrechts\"><img decoding=\"async\" loading=\"lazy\" src=\"https:\/\/www.tafeldeko.de\/news\/media\/users\/schnurchristian\/hochzeit_champagner2.jpg\" alt=\"Hochzeits Tischdeko\" title=\"Hochzeits Tischdeko\" width=\"321\" height=\"206\"\/><br \/><b><a href=\"https:\/\/www.tafeldeko.de\/mustertische\/tischdeko-hochzeit\/Tisch-0.html\" title=\"Tischdeko Hochzeit\">Tischdeko Hochzeit<\/a><\/b><\/div>\n<p> Eine <b>Hochzeit <\/b>soll zum sch\u00f6nsten Ereignis im Leben eines Paares werden und in ewiger Erinnerung bleiben. Damit dies auch wahr wird, ist eine durchdachte Vorbereitung das A und O. Es gibt allerhand zu tun und jede noch so kleine Kleinigkeit gewinnt an enormer Bedeutung. Schlie\u00dflich soll f\u00fcr diesen Tag alles perfekt sein und man wird nach einer gewissen Perfektion streben.<br \/>\nEin sehr wichtiger Punkt bei der Hochzeit ist die <b><a href=\"https:\/\/www.tafeldeko.de\/index.php\/cat\/c45_Tischdeko-Hochzeit.html\" title=\"Tischdekoration\">Tischdekoration<\/a><\/b>. Eine sch\u00f6n geschm\u00fcckte Festtagstafel hei\u00dft die G\u00e4ste auf eine besondere Art und Weise willkommen und schafft ein <b>sch\u00f6nes Ambiente<\/b>. Neben einem leckeren Men\u00fc ist die Tischdeko sozusagen das \u201ei-T\u00fcpfelchen\u201c und kann ein tolles Highlight darstellen.<br \/>\nDer Mustertisch ist in den Farben Creme und Gold gestaltet &#8211; eine sehr edle Farbkombination f\u00fcr die Hochzeit. Auf dem Tisch sind zum Beispiel Dekoherzen in Gold, Raindrops in Kristall, Namenskarten mit Satinband in Gold und vieles mehr drapiert. Das <b>Zusammenspiel der Farben <\/b>und der dekorativen Accessoires, die aufeinander abgestimmt sind, schaffen eine sch\u00f6ne Tischdekoration. Des Weiteren ist die Vase, die mittig platziert ist, ein sch\u00f6ner zentraler Punkt, der das Gesamtbild perfekt abrundet.<br \/>\nNat\u00fcrlich stellt der Mustertisch nur ein Beispiel von endlichen M\u00f6glichkeiten dar, die bei der Hochzeit in Frage kommen k\u00f6nnen. Wer dekoriert, sollte auch die Wirkung der unterschiedlichen Deko- Artikel nicht untersch\u00e4tzen und darauf achten, dass beispielsweise die <b><a href=\"https:\/\/www.tafeldeko.de\/index.php\/cat\/c62_Hochzeit-Servietten.html\" title=\"Servietten\">Servietten<\/a><\/b> zum Rest der Dekoration passt. Es ist zu empfehlen, dass man fr\u00fchzeitig mit der Vorbereitung bzw. Planung zu beginnen, damit man dem Stressfaktor aus dem Weg gehen kann. Stress ist n\u00e4mlich genau das, was man bei der Hochzeitsplanung nicht braucht.<\/p>\n","protected":false},"excerpt":{"rendered":"<p>Eine Hochzeit soll zum sch\u00f6nsten Ereignis im Leben eines Paares werden und in ewiger Erinnerung bleiben. Damit dies auch wahr wird, ist eine durchdachte Vorbereitung das A und O. Es gibt allerhand zu tun und jede noch so kleine Kleinigkeit gewinnt an enormer Bedeutung. Schlie\u00dflich soll f\u00fcr diesen Tag alles perfekt sein und man wird nach einer gewissen Perfektion streben.<\/p>\n","protected":false},"author":2,"featured_media":1804,"comment_status":"open","ping_status":"open","sticky":false,"template":"","format":"standard","meta":{"footnotes":""},"categories":[1],"tags":[],"yoast_head":"<!-- This site is optimized with the Yoast SEO plugin v20.4 - https:\/\/yoast.com\/wordpress\/plugins\/seo\/ -->\n<title>Hochzeit - dieser Tag soll in ewiger Erinnerung bleiben - Tafeldeko<\/title>\n<meta name=\"description\" content=\"Eine sch&#xF6;n geschm&#xFC;ckte Hochzeit-Festtagstafel hei&#xDF;t die G&#xE4;ste auf eine besondere Art und Weise willkommen und schafft ein sch&#xF6;nes Ambiente\" \/>\n<meta name=\"robots\" content=\"index, follow, max-snippet:-1, max-image-preview:large, max-video-preview:-1\" \/>\n<link rel=\"canonical\" href=\"https:\/\/www.tafeldeko.de\/news\/hochzeit-dieser-tag-soll-in-ewiger-erinnerung-bleiben\/\" \/>\n<meta property=\"og:locale\" content=\"de_DE\" \/>\n<meta property=\"og:type\" content=\"article\" \/>\n<meta property=\"og:title\" content=\"Hochzeit - dieser Tag soll in ewiger Erinnerung bleiben - Tafeldeko\" \/>\n<meta property=\"og:description\" content=\"Eine sch&#xF6;n geschm&#xFC;ckte Hochzeit-Festtagstafel hei&#xDF;t die G&#xE4;ste auf eine besondere Art und Weise willkommen und schafft ein sch&#xF6;nes Ambiente\" \/>\n<meta property=\"og:url\" content=\"https:\/\/www.tafeldeko.de\/news\/hochzeit-dieser-tag-soll-in-ewiger-erinnerung-bleiben\/\" \/>\n<meta property=\"og:site_name\" content=\"Tafeldeko\" \/>\n<meta property=\"article:publisher\" content=\"https:\/\/www.facebook.com\/pages\/Tafeldeko-einzigartige-Tischdekoration\/174202655894\" \/>\n<meta property=\"article:published_time\" content=\"2014-05-16T13:43:12+00:00\" \/>\n<meta property=\"og:image\" content=\"https:\/\/www.tafeldeko.de\/news\/wp-content\/uploads\/2014\/09\/hochzeit_champagner2.jpg\" \/>\n\t<meta property=\"og:image:width\" content=\"481\" \/>\n\t<meta property=\"og:image:height\" content=\"306\" \/>\n\t<meta property=\"og:image:type\" content=\"image\/jpeg\" \/>\n<meta name=\"author\" content=\"Christiane Stein\" \/>\n<meta name=\"twitter:label1\" content=\"Verfasst von\" \/>\n\t<meta name=\"twitter:data1\" content=\"Christiane Stein\" \/>\n\t<meta name=\"twitter:label2\" content=\"Gesch\u00e4tzte Lesezeit\" \/>\n\t<meta name=\"twitter:data2\" content=\"1 Minute\" \/>\n<script type=\"application\/ld+json\" class=\"yoast-schema-graph\">{\"@context\":\"https:\/\/schema.org\",\"@graph\":[{\"@type\":\"WebPage\",\"@id\":\"https:\/\/www.tafeldeko.de\/news\/hochzeit-dieser-tag-soll-in-ewiger-erinnerung-bleiben\/\",\"url\":\"https:\/\/www.tafeldeko.de\/news\/hochzeit-dieser-tag-soll-in-ewiger-erinnerung-bleiben\/\",\"name\":\"Hochzeit - dieser Tag soll in ewiger Erinnerung bleiben - Tafeldeko\",\"isPartOf\":{\"@id\":\"https:\/\/www.tafeldeko.de\/news\/#website\"},\"datePublished\":\"2014-05-16T13:43:12+00:00\",\"dateModified\":\"2014-05-16T13:43:12+00:00\",\"author\":{\"@id\":\"https:\/\/www.tafeldeko.de\/news\/#\/schema\/person\/d2acd86447ed0b6336089a8ba83164a0\"},\"description\":\"Eine sch&#xF6;n geschm&#xFC;ckte Hochzeit-Festtagstafel hei&#xDF;t die G&#xE4;ste auf eine besondere Art und Weise willkommen und schafft ein sch&#xF6;nes Ambiente\",\"breadcrumb\":{\"@id\":\"https:\/\/www.tafeldeko.de\/news\/hochzeit-dieser-tag-soll-in-ewiger-erinnerung-bleiben\/#breadcrumb\"},\"inLanguage\":\"de-DE\",\"potentialAction\":[{\"@type\":\"ReadAction\",\"target\":[\"https:\/\/www.tafeldeko.de\/news\/hochzeit-dieser-tag-soll-in-ewiger-erinnerung-bleiben\/\"]}]},{\"@type\":\"BreadcrumbList\",\"@id\":\"https:\/\/www.tafeldeko.de\/news\/hochzeit-dieser-tag-soll-in-ewiger-erinnerung-bleiben\/#breadcrumb\",\"itemListElement\":[{\"@type\":\"ListItem\",\"position\":1,\"name\":\"Tafeldeko\",\"item\":\"https:\/\/www.tafeldeko.de\/news\/\"},{\"@type\":\"ListItem\",\"position\":2,\"name\":\"Alte Beitr\u00e4ge\",\"item\":\"https:\/\/www.tafeldeko.de\/news\/alte-beitraege\/\"},{\"@type\":\"ListItem\",\"position\":3,\"name\":\"Tischdeko - Blog\",\"item\":\"https:\/\/www.tafeldeko.de\/news\/alte-beitraege\/tischdeko-blog\/\"},{\"@type\":\"ListItem\",\"position\":4,\"name\":\"Hochzeit &#8211; dieser Tag soll in ewiger Erinnerung bleiben\"}]},{\"@type\":\"WebSite\",\"@id\":\"https:\/\/www.tafeldeko.de\/news\/#website\",\"url\":\"https:\/\/www.tafeldeko.de\/news\/\",\"name\":\"Tafeldeko\",\"description\":\"Blog mit Tischdeko und Tischdekoration Ideen\",\"potentialAction\":[{\"@type\":\"SearchAction\",\"target\":{\"@type\":\"EntryPoint\",\"urlTemplate\":\"https:\/\/www.tafeldeko.de\/news\/?s={search_term_string}\"},\"query-input\":\"required name=search_term_string\"}],\"inLanguage\":\"de-DE\"},{\"@type\":\"Person\",\"@id\":\"https:\/\/www.tafeldeko.de\/news\/#\/schema\/person\/d2acd86447ed0b6336089a8ba83164a0\",\"name\":\"Christiane Stein\",\"image\":{\"@type\":\"ImageObject\",\"inLanguage\":\"de-DE\",\"@id\":\"https:\/\/www.tafeldeko.de\/news\/#\/schema\/person\/image\/\",\"url\":\"https:\/\/secure.gravatar.com\/avatar\/2054729fbfd1ebc9d3cf1fd55361d0b6?s=96&d=mm&r=g\",\"contentUrl\":\"https:\/\/secure.gravatar.com\/avatar\/2054729fbfd1ebc9d3cf1fd55361d0b6?s=96&d=mm&r=g\",\"caption\":\"Christiane Stein\"}}]}<\/script>\n<!-- \/ Yoast SEO plugin. -->","yoast_head_json":{"title":"Hochzeit - dieser Tag soll in ewiger Erinnerung bleiben - Tafeldeko","description":"Eine sch&#xF6;n geschm&#xFC;ckte Hochzeit-Festtagstafel hei&#xDF;t die G&#xE4;ste auf eine besondere Art und Weise willkommen und schafft ein sch&#xF6;nes Ambiente","robots":{"index":"index","follow":"follow","max-snippet":"max-snippet:-1","max-image-preview":"max-image-preview:large","max-video-preview":"max-video-preview:-1"},"canonical":"https:\/\/www.tafeldeko.de\/news\/hochzeit-dieser-tag-soll-in-ewiger-erinnerung-bleiben\/","og_locale":"de_DE","og_type":"article","og_title":"Hochzeit - dieser Tag soll in ewiger Erinnerung bleiben - Tafeldeko","og_description":"Eine sch&#xF6;n geschm&#xFC;ckte Hochzeit-Festtagstafel hei&#xDF;t die G&#xE4;ste auf eine besondere Art und Weise willkommen und schafft ein sch&#xF6;nes Ambiente","og_url":"https:\/\/www.tafeldeko.de\/news\/hochzeit-dieser-tag-soll-in-ewiger-erinnerung-bleiben\/","og_site_name":"Tafeldeko","article_publisher":"https:\/\/www.facebook.com\/pages\/Tafeldeko-einzigartige-Tischdekoration\/174202655894","article_published_time":"2014-05-16T13:43:12+00:00","og_image":[{"width":481,"height":306,"url":"https:\/\/www.tafeldeko.de\/news\/wp-content\/uploads\/2014\/09\/hochzeit_champagner2.jpg","type":"image\/jpeg"}],"author":"Christiane Stein","twitter_misc":{"Verfasst von":"Christiane Stein","Gesch\u00e4tzte Lesezeit":"1 Minute"},"schema":{"@context":"https:\/\/schema.org","@graph":[{"@type":"WebPage","@id":"https:\/\/www.tafeldeko.de\/news\/hochzeit-dieser-tag-soll-in-ewiger-erinnerung-bleiben\/","url":"https:\/\/www.tafeldeko.de\/news\/hochzeit-dieser-tag-soll-in-ewiger-erinnerung-bleiben\/","name":"Hochzeit - dieser Tag soll in ewiger Erinnerung bleiben - Tafeldeko","isPartOf":{"@id":"https:\/\/www.tafeldeko.de\/news\/#website"},"datePublished":"2014-05-16T13:43:12+00:00","dateModified":"2014-05-16T13:43:12+00:00","author":{"@id":"https:\/\/www.tafeldeko.de\/news\/#\/schema\/person\/d2acd86447ed0b6336089a8ba83164a0"},"description":"Eine sch&#xF6;n geschm&#xFC;ckte Hochzeit-Festtagstafel hei&#xDF;t die G&#xE4;ste auf eine besondere Art und Weise willkommen und schafft ein sch&#xF6;nes Ambiente","breadcrumb":{"@id":"https:\/\/www.tafeldeko.de\/news\/hochzeit-dieser-tag-soll-in-ewiger-erinnerung-bleiben\/#breadcrumb"},"inLanguage":"de-DE","potentialAction":[{"@type":"ReadAction","target":["https:\/\/www.tafeldeko.de\/news\/hochzeit-dieser-tag-soll-in-ewiger-erinnerung-bleiben\/"]}]},{"@type":"BreadcrumbList","@id":"https:\/\/www.tafeldeko.de\/news\/hochzeit-dieser-tag-soll-in-ewiger-erinnerung-bleiben\/#breadcrumb","itemListElement":[{"@type":"ListItem","position":1,"name":"Tafeldeko","item":"https:\/\/www.tafeldeko.de\/news\/"},{"@type":"ListItem","position":2,"name":"Alte Beitr\u00e4ge","item":"https:\/\/www.tafeldeko.de\/news\/alte-beitraege\/"},{"@type":"ListItem","position":3,"name":"Tischdeko - Blog","item":"https:\/\/www.tafeldeko.de\/news\/alte-beitraege\/tischdeko-blog\/"},{"@type":"ListItem","position":4,"name":"Hochzeit &#8211; dieser Tag soll in ewiger Erinnerung bleiben"}]},{"@type":"WebSite","@id":"https:\/\/www.tafeldeko.de\/news\/#website","url":"https:\/\/www.tafeldeko.de\/news\/","name":"Tafeldeko","description":"Blog mit Tischdeko und Tischdekoration Ideen","potentialAction":[{"@type":"SearchAction","target":{"@type":"EntryPoint","urlTemplate":"https:\/\/www.tafeldeko.de\/news\/?s={search_term_string}"},"query-input":"required name=search_term_string"}],"inLanguage":"de-DE"},{"@type":"Person","@id":"https:\/\/www.tafeldeko.de\/news\/#\/schema\/person\/d2acd86447ed0b6336089a8ba83164a0","name":"Christiane Stein","image":{"@type":"ImageObject","inLanguage":"de-DE","@id":"https:\/\/www.tafeldeko.de\/news\/#\/schema\/person\/image\/","url":"https:\/\/secure.gravatar.com\/avatar\/2054729fbfd1ebc9d3cf1fd55361d0b6?s=96&d=mm&r=g","contentUrl":"https:\/\/secure.gravatar.com\/avatar\/2054729fbfd1ebc9d3cf1fd55361d0b6?s=96&d=mm&r=g","caption":"Christiane Stein"}}]}},"_links":{"self":[{"href":"https:\/\/www.tafeldeko.de\/news\/wp-json\/wp\/v2\/posts\/1816"}],"collection":[{"href":"https:\/\/www.tafeldeko.de\/news\/wp-json\/wp\/v2\/posts"}],"about":[{"href":"https:\/\/www.tafeldeko.de\/news\/wp-json\/wp\/v2\/types\/post"}],"author":[{"embeddable":true,"href":"https:\/\/www.tafeldeko.de\/news\/wp-json\/wp\/v2\/users\/2"}],"replies":[{"embeddable":true,"href":"https:\/\/www.tafeldeko.de\/news\/wp-json\/wp\/v2\/comments?post=1816"}],"version-history":[{"count":0,"href":"https:\/\/www.tafeldeko.de\/news\/wp-json\/wp\/v2\/posts\/1816\/revisions"}],"wp:featuredmedia":[{"embeddable":true,"href":"https:\/\/www.tafeldeko.de\/news\/wp-json\/wp\/v2\/media\/1804"}],"wp:attachment":[{"href":"https:\/\/www.tafeldeko.de\/news\/wp-json\/wp\/v2\/media?parent=1816"}],"wp:term":[{"taxonomy":"category","embeddable":true,"href":"https:\/\/www.tafeldeko.de\/news\/wp-json\/wp\/v2\/categories?post=1816"},{"taxonomy":"post_tag","embeddable":true,"href":"https:\/\/www.tafeldeko.de\/news\/wp-json\/wp\/v2\/tags?post=1816"}],"curies":[{"name":"wp","href":"https:\/\/api.w.org\/{rel}","templated":true}]}}