{"id":1752,"date":"2012-11-15T21:05:40","date_gmt":"2012-11-15T19:05:40","guid":{"rendered":"http:\/\/www.tafeldeko.de\/news\/?p=1752"},"modified":"2012-11-15T21:05:40","modified_gmt":"2012-11-15T19:05:40","slug":"hochzeits-tischdeko-in-naturtoenen","status":"publish","type":"post","link":"https:\/\/www.tafeldeko.de\/news\/hochzeits-tischdeko-in-naturtoenen\/","title":{"rendered":"Hochzeits Tischdeko in Naturt\u00f6nen"},"content":{"rendered":"<div class=\"textumfliessenrechts\"><img decoding=\"async\" loading=\"lazy\" src=\"https:\/\/www.tafeldeko.de\/news\/media\/users\/schnurchristian\/hochzeit_natur.jpg\" alt=\"Hochzeits Tischdeko\" title=\"Hochzeits Tischdeko\" width=\"300\" height=\"200\"\/><br \/><a href=\"https:\/\/www.tafeldeko.de\/mustertische\/index2.php?t=11&#038;c=5&#038;lang=2\" title=\"Hochzeits Tischdeko\"><b>Hochzeits Tischdeko<\/b><\/a><\/div>\n<p> Hochzeiten sind zu jeder Jahreszeit ein besonders festlicher Anlass, der dem Brautpaar und den G\u00e4sten Grund zum Feiern gibt.<br \/>\n<b>Hochzeiten <\/b>werden auch im Winter gefeiert, zwar nicht so verst\u00e4rkt wie in den warmen Monaten, doch es gibt auch Paare, die sich das Ja-Wort in der kalten Jahreszeit geben.<br \/>\nGanz gleich, wann man heiratet, eine sch\u00f6ne Feier am Anschluss an die Trauung geh\u00f6rt auf gewisse Weise dazu. Mitunter auch deshalb, weil meist erst w\u00e4hrend der Hochzeitsfeier das Brautpaar realisiert, dass man nun verheiratet ist und zudem die gesamte Last der letzten Monate von ihnen abf\u00e4llt und man die Feier so richtig genie\u00dfen kann.<br \/>\nTraditionsgem\u00e4\u00df geh\u00f6ren zu einer Hochzeitsfeier einige Dinge, wie beispielsweise ein leckeres Essen, passende Getr\u00e4nke und auch eine sch\u00f6ne Deko, die der Feier den entsprechenden Rahmen verleiht. Zu dieser Deko, beispielsweise des Raumes, geh\u00f6rt eine passende Tischdekoration, die das Gesamtbild erg\u00e4nzt.<br \/>\nGerade in Bezug auf die Deko stellt sich im Vorfeld oftmals die Frage, in welcher Farbe die Tischdeko strahlen darf und welche Accessoires das gewisse Etwas verleihen. Wie w\u00e4re es mit einer Hochzeits Tischdeko in Naturt\u00f6nen \u2013 passt auch hervorragend in die Herbst- und Winterzeit, da Sie <b><a href=\"https:\/\/www.tafeldeko.de\/index.php\/cat\/c1329_Naturdeko.html\" title=\"Naturmaterialien\">Naturmaterialien<\/a> <\/b>in die Tischdeko einbringen k\u00f6nnen.<br \/>\nF\u00fcr die Tischdeko zur Hochzeit in Naturt\u00f6nen ben\u00f6tigen Sie: eine wei\u00dfe Tischdecke, einen Tischl\u00e4ufer in braun, Sizoflor Tischband in creme und ein Trendy Tischband Rosen in Creme\/Gold. F\u00fcr die weiteren <b>Akzente und Blickpunkte<\/b> dienen Heuherzen, Herzen aus Birkenrinde und cremefarbene Rosenbl\u00fcten. Diese Accessoires werden einfach auf dem Tisch verteilt und tragen zu dem wundersch\u00f6nen und feierlichen Gesamtbild bei.<br \/>\nF\u00fcr die gl\u00e4nzenden und leuchtenden Akzente sind Kerzengl\u00e4ser auf einem Fu\u00df zust\u00e4ndig, die mit Glaswachsperlen bef\u00fcllt und mit einer <b><a href=\"https:\/\/www.tafeldeko.de\/index.php\/cat\/c534_Schwimmkerzen.html\" title=\"Schwimmkerze\">Schwimmkerze<\/a><\/b> best\u00fcckt wurden.<br \/>\nAls kleiner und dennoch dekorativer Blickpunkt k\u00f6nnen Sie ein kleines Kerzenglas mit einer Rose in creme in Schilfunterlage best\u00fccken und in die Tischmitte stellen. Mit wenigen Accessoires haben Sie eine tolle Tischdeko f\u00fcr die Hochzeit geschaffen, die Ihre G\u00e4ste verzaubern wird.<\/p>\n","protected":false},"excerpt":{"rendered":"<p>Hochzeiten sind zu jeder Jahreszeit ein besonders festlicher Anlass, der dem Brautpaar und den G\u00e4sten Grund zum Feiern gibt.<br \/>\nHochzeiten werden auch im Winter gefeiert, zwar nicht so verst\u00e4rkt wie in den warmen Monaten, doch es gibt auch Paare, die sich das Ja-Wort in der kalten Jahreszeit geben.<\/p>\n","protected":false},"author":2,"featured_media":1753,"comment_status":"open","ping_status":"open","sticky":false,"template":"","format":"standard","meta":{"footnotes":""},"categories":[1],"tags":[],"yoast_head":"<!-- This site is optimized with the Yoast SEO plugin v20.4 - https:\/\/yoast.com\/wordpress\/plugins\/seo\/ -->\n<title>Hochzeits Tischdeko in Naturt\u00f6nen - Tafeldeko<\/title>\n<meta name=\"description\" content=\"Wie w&#xE4;re es mit einer Hochzeits Tischdeko in Naturt&#xF6;nen &#x2013; passt auch hervorragend in die Herbst- und Winterzeit\" \/>\n<meta name=\"robots\" content=\"index, follow, max-snippet:-1, max-image-preview:large, max-video-preview:-1\" \/>\n<link rel=\"canonical\" href=\"https:\/\/www.tafeldeko.de\/news\/hochzeits-tischdeko-in-naturtoenen\/\" \/>\n<meta property=\"og:locale\" content=\"de_DE\" \/>\n<meta property=\"og:type\" content=\"article\" \/>\n<meta property=\"og:title\" content=\"Hochzeits Tischdeko in Naturt\u00f6nen - Tafeldeko\" \/>\n<meta property=\"og:description\" content=\"Wie w&#xE4;re es mit einer Hochzeits Tischdeko in Naturt&#xF6;nen &#x2013; passt auch hervorragend in die Herbst- und Winterzeit\" \/>\n<meta property=\"og:url\" content=\"https:\/\/www.tafeldeko.de\/news\/hochzeits-tischdeko-in-naturtoenen\/\" \/>\n<meta property=\"og:site_name\" content=\"Tafeldeko\" \/>\n<meta property=\"article:publisher\" content=\"https:\/\/www.facebook.com\/pages\/Tafeldeko-einzigartige-Tischdekoration\/174202655894\" \/>\n<meta property=\"article:published_time\" content=\"2012-11-15T19:05:40+00:00\" \/>\n<meta property=\"og:image\" content=\"https:\/\/www.tafeldeko.de\/news\/wp-content\/uploads\/2014\/09\/hochzeit_natur.jpg\" \/>\n\t<meta property=\"og:image:width\" content=\"448\" \/>\n\t<meta property=\"og:image:height\" content=\"292\" \/>\n\t<meta property=\"og:image:type\" content=\"image\/jpeg\" \/>\n<meta name=\"author\" content=\"Christiane Stein\" \/>\n<meta name=\"twitter:label1\" content=\"Verfasst von\" \/>\n\t<meta name=\"twitter:data1\" content=\"Christiane Stein\" \/>\n\t<meta name=\"twitter:label2\" content=\"Gesch\u00e4tzte Lesezeit\" \/>\n\t<meta name=\"twitter:data2\" content=\"2 Minuten\" \/>\n<script type=\"application\/ld+json\" class=\"yoast-schema-graph\">{\"@context\":\"https:\/\/schema.org\",\"@graph\":[{\"@type\":\"WebPage\",\"@id\":\"https:\/\/www.tafeldeko.de\/news\/hochzeits-tischdeko-in-naturtoenen\/\",\"url\":\"https:\/\/www.tafeldeko.de\/news\/hochzeits-tischdeko-in-naturtoenen\/\",\"name\":\"Hochzeits Tischdeko in Naturt\u00f6nen - Tafeldeko\",\"isPartOf\":{\"@id\":\"https:\/\/www.tafeldeko.de\/news\/#website\"},\"datePublished\":\"2012-11-15T19:05:40+00:00\",\"dateModified\":\"2012-11-15T19:05:40+00:00\",\"author\":{\"@id\":\"https:\/\/www.tafeldeko.de\/news\/#\/schema\/person\/d2acd86447ed0b6336089a8ba83164a0\"},\"description\":\"Wie w&#xE4;re es mit einer Hochzeits Tischdeko in Naturt&#xF6;nen &#x2013; passt auch hervorragend in die Herbst- und Winterzeit\",\"breadcrumb\":{\"@id\":\"https:\/\/www.tafeldeko.de\/news\/hochzeits-tischdeko-in-naturtoenen\/#breadcrumb\"},\"inLanguage\":\"de-DE\",\"potentialAction\":[{\"@type\":\"ReadAction\",\"target\":[\"https:\/\/www.tafeldeko.de\/news\/hochzeits-tischdeko-in-naturtoenen\/\"]}]},{\"@type\":\"BreadcrumbList\",\"@id\":\"https:\/\/www.tafeldeko.de\/news\/hochzeits-tischdeko-in-naturtoenen\/#breadcrumb\",\"itemListElement\":[{\"@type\":\"ListItem\",\"position\":1,\"name\":\"Tafeldeko\",\"item\":\"https:\/\/www.tafeldeko.de\/news\/\"},{\"@type\":\"ListItem\",\"position\":2,\"name\":\"Alte Beitr\u00e4ge\",\"item\":\"https:\/\/www.tafeldeko.de\/news\/alte-beitraege\/\"},{\"@type\":\"ListItem\",\"position\":3,\"name\":\"Tischdeko - Blog\",\"item\":\"https:\/\/www.tafeldeko.de\/news\/alte-beitraege\/tischdeko-blog\/\"},{\"@type\":\"ListItem\",\"position\":4,\"name\":\"Hochzeits Tischdeko in Naturt\u00f6nen\"}]},{\"@type\":\"WebSite\",\"@id\":\"https:\/\/www.tafeldeko.de\/news\/#website\",\"url\":\"https:\/\/www.tafeldeko.de\/news\/\",\"name\":\"Tafeldeko\",\"description\":\"Blog mit Tischdeko und Tischdekoration Ideen\",\"potentialAction\":[{\"@type\":\"SearchAction\",\"target\":{\"@type\":\"EntryPoint\",\"urlTemplate\":\"https:\/\/www.tafeldeko.de\/news\/?s={search_term_string}\"},\"query-input\":\"required name=search_term_string\"}],\"inLanguage\":\"de-DE\"},{\"@type\":\"Person\",\"@id\":\"https:\/\/www.tafeldeko.de\/news\/#\/schema\/person\/d2acd86447ed0b6336089a8ba83164a0\",\"name\":\"Christiane Stein\",\"image\":{\"@type\":\"ImageObject\",\"inLanguage\":\"de-DE\",\"@id\":\"https:\/\/www.tafeldeko.de\/news\/#\/schema\/person\/image\/\",\"url\":\"https:\/\/secure.gravatar.com\/avatar\/2054729fbfd1ebc9d3cf1fd55361d0b6?s=96&d=mm&r=g\",\"contentUrl\":\"https:\/\/secure.gravatar.com\/avatar\/2054729fbfd1ebc9d3cf1fd55361d0b6?s=96&d=mm&r=g\",\"caption\":\"Christiane Stein\"}}]}<\/script>\n<!-- \/ Yoast SEO plugin. -->","yoast_head_json":{"title":"Hochzeits Tischdeko in Naturt\u00f6nen - Tafeldeko","description":"Wie w&#xE4;re es mit einer Hochzeits Tischdeko in Naturt&#xF6;nen &#x2013; passt auch hervorragend in die Herbst- und Winterzeit","robots":{"index":"index","follow":"follow","max-snippet":"max-snippet:-1","max-image-preview":"max-image-preview:large","max-video-preview":"max-video-preview:-1"},"canonical":"https:\/\/www.tafeldeko.de\/news\/hochzeits-tischdeko-in-naturtoenen\/","og_locale":"de_DE","og_type":"article","og_title":"Hochzeits Tischdeko in Naturt\u00f6nen - Tafeldeko","og_description":"Wie w&#xE4;re es mit einer Hochzeits Tischdeko in Naturt&#xF6;nen &#x2013; passt auch hervorragend in die Herbst- und Winterzeit","og_url":"https:\/\/www.tafeldeko.de\/news\/hochzeits-tischdeko-in-naturtoenen\/","og_site_name":"Tafeldeko","article_publisher":"https:\/\/www.facebook.com\/pages\/Tafeldeko-einzigartige-Tischdekoration\/174202655894","article_published_time":"2012-11-15T19:05:40+00:00","og_image":[{"width":448,"height":292,"url":"https:\/\/www.tafeldeko.de\/news\/wp-content\/uploads\/2014\/09\/hochzeit_natur.jpg","type":"image\/jpeg"}],"author":"Christiane Stein","twitter_misc":{"Verfasst von":"Christiane Stein","Gesch\u00e4tzte Lesezeit":"2 Minuten"},"schema":{"@context":"https:\/\/schema.org","@graph":[{"@type":"WebPage","@id":"https:\/\/www.tafeldeko.de\/news\/hochzeits-tischdeko-in-naturtoenen\/","url":"https:\/\/www.tafeldeko.de\/news\/hochzeits-tischdeko-in-naturtoenen\/","name":"Hochzeits Tischdeko in Naturt\u00f6nen - Tafeldeko","isPartOf":{"@id":"https:\/\/www.tafeldeko.de\/news\/#website"},"datePublished":"2012-11-15T19:05:40+00:00","dateModified":"2012-11-15T19:05:40+00:00","author":{"@id":"https:\/\/www.tafeldeko.de\/news\/#\/schema\/person\/d2acd86447ed0b6336089a8ba83164a0"},"description":"Wie w&#xE4;re es mit einer Hochzeits Tischdeko in Naturt&#xF6;nen &#x2013; passt auch hervorragend in die Herbst- und Winterzeit","breadcrumb":{"@id":"https:\/\/www.tafeldeko.de\/news\/hochzeits-tischdeko-in-naturtoenen\/#breadcrumb"},"inLanguage":"de-DE","potentialAction":[{"@type":"ReadAction","target":["https:\/\/www.tafeldeko.de\/news\/hochzeits-tischdeko-in-naturtoenen\/"]}]},{"@type":"BreadcrumbList","@id":"https:\/\/www.tafeldeko.de\/news\/hochzeits-tischdeko-in-naturtoenen\/#breadcrumb","itemListElement":[{"@type":"ListItem","position":1,"name":"Tafeldeko","item":"https:\/\/www.tafeldeko.de\/news\/"},{"@type":"ListItem","position":2,"name":"Alte Beitr\u00e4ge","item":"https:\/\/www.tafeldeko.de\/news\/alte-beitraege\/"},{"@type":"ListItem","position":3,"name":"Tischdeko - Blog","item":"https:\/\/www.tafeldeko.de\/news\/alte-beitraege\/tischdeko-blog\/"},{"@type":"ListItem","position":4,"name":"Hochzeits Tischdeko in Naturt\u00f6nen"}]},{"@type":"WebSite","@id":"https:\/\/www.tafeldeko.de\/news\/#website","url":"https:\/\/www.tafeldeko.de\/news\/","name":"Tafeldeko","description":"Blog mit Tischdeko und Tischdekoration Ideen","potentialAction":[{"@type":"SearchAction","target":{"@type":"EntryPoint","urlTemplate":"https:\/\/www.tafeldeko.de\/news\/?s={search_term_string}"},"query-input":"required name=search_term_string"}],"inLanguage":"de-DE"},{"@type":"Person","@id":"https:\/\/www.tafeldeko.de\/news\/#\/schema\/person\/d2acd86447ed0b6336089a8ba83164a0","name":"Christiane Stein","image":{"@type":"ImageObject","inLanguage":"de-DE","@id":"https:\/\/www.tafeldeko.de\/news\/#\/schema\/person\/image\/","url":"https:\/\/secure.gravatar.com\/avatar\/2054729fbfd1ebc9d3cf1fd55361d0b6?s=96&d=mm&r=g","contentUrl":"https:\/\/secure.gravatar.com\/avatar\/2054729fbfd1ebc9d3cf1fd55361d0b6?s=96&d=mm&r=g","caption":"Christiane Stein"}}]}},"_links":{"self":[{"href":"https:\/\/www.tafeldeko.de\/news\/wp-json\/wp\/v2\/posts\/1752"}],"collection":[{"href":"https:\/\/www.tafeldeko.de\/news\/wp-json\/wp\/v2\/posts"}],"about":[{"href":"https:\/\/www.tafeldeko.de\/news\/wp-json\/wp\/v2\/types\/post"}],"author":[{"embeddable":true,"href":"https:\/\/www.tafeldeko.de\/news\/wp-json\/wp\/v2\/users\/2"}],"replies":[{"embeddable":true,"href":"https:\/\/www.tafeldeko.de\/news\/wp-json\/wp\/v2\/comments?post=1752"}],"version-history":[{"count":0,"href":"https:\/\/www.tafeldeko.de\/news\/wp-json\/wp\/v2\/posts\/1752\/revisions"}],"wp:featuredmedia":[{"embeddable":true,"href":"https:\/\/www.tafeldeko.de\/news\/wp-json\/wp\/v2\/media\/1753"}],"wp:attachment":[{"href":"https:\/\/www.tafeldeko.de\/news\/wp-json\/wp\/v2\/media?parent=1752"}],"wp:term":[{"taxonomy":"category","embeddable":true,"href":"https:\/\/www.tafeldeko.de\/news\/wp-json\/wp\/v2\/categories?post=1752"},{"taxonomy":"post_tag","embeddable":true,"href":"https:\/\/www.tafeldeko.de\/news\/wp-json\/wp\/v2\/tags?post=1752"}],"curies":[{"name":"wp","href":"https:\/\/api.w.org\/{rel}","templated":true}]}}