{"id":1740,"date":"2012-06-21T20:58:56","date_gmt":"2012-06-21T18:58:56","guid":{"rendered":"http:\/\/www.tafeldeko.de\/news\/?p=1740"},"modified":"2012-06-21T20:58:56","modified_gmt":"2012-06-21T18:58:56","slug":"wunderschoene-tischdeko-fuer-die-hochzeit-im-garten","status":"publish","type":"post","link":"https:\/\/www.tafeldeko.de\/news\/wunderschoene-tischdeko-fuer-die-hochzeit-im-garten\/","title":{"rendered":"Wundersch\u00f6ne Tischdeko f\u00fcr die Hochzeit im Garten"},"content":{"rendered":"<div class=\"textumfliessenrechts\"><img decoding=\"async\" loading=\"lazy\" src=\"https:\/\/www.tafeldeko.de\/news\/media\/users\/schnurchristian\/hochzeit_weissgruen.jpg\" alt=\"Hochzeits Tischdeko\" title=\"Hochzeits Tischdeko\" width=\"309\" height=\"213\"\/><br \/><a href=\"https:\/\/www.tafeldeko.de\/mustertische\/index.php?t=8&#038;c=5&#038;lang=2\" title=\"Tischdeko f\u00fcr die Hochzeit\"><b>Tischdeko f\u00fcr die Hochzeit<\/b><\/a><\/div>\n<p> Die Hochzeit ist ein ganz besonderer Moment im Leben zweier Menschen. Mit der Hochzeit besiegelt man die lebenslange Liebe \u2013 \u201ebis dass der Tod euch scheidet\u201c \u2013 so schw\u00f6rt man sich auf dem Standesamt oder vor dem Traualtar in der Kirche.<br \/>\nUm diesen besonderen Tag zu untermalen, findet meist im Anschluss an die Trauung eine Hochzeitsfeier im Kreise der Familie, Freunden und Verwandten statt. Wie gefeiert wird, h\u00e4ngt von verschiedenen Faktoren ab. Zum einen von der Jahreszeit, zum anderen von der \u00d6rtlichkeit, wo man die <b>Hochzeit <\/b>feiert.<br \/>\nIn den Herbst- und Wintermonaten bleibt wohl nur die M\u00f6glichkeit, die Hochzeitsfeier im Innenbereich zu feiern, w\u00e4hrend in den Sommermonaten auch die M\u00f6glichkeit einer Gartenparty besteht.<br \/>\nDie Gartenparty zur Hochzeit kann entweder im eigenen Garten oder auch im Restaurant stattfinden, vorausgesetzt, das Wetter h\u00e4lt. Ausweichm\u00f6glichkeiten sind auf jeden Fall von Vorteil.<\/p>\n<p><b>Zu einer Hochzeit geh\u00f6rt auch eine sch\u00f6ne Tischdekoration. <\/b><br \/>\nBei der Gartenparty zur Hochzeit f\u00e4llt diese vielleicht etwas schlichter aus, da die gew\u00e4hlten Accessoires auch eventuellen Luftz\u00fcgen standhalten m\u00fcssen.<br \/>\nEine wundersch\u00f6ne Tischdeko sehen Sie auf dem Mustertisch.<br \/>\n\u201eGanz in Wei\u00df\u201c, wie das bekannte Lied von Roy Black hei\u00dft, pr\u00e4sentiert sich die Tischdekoration bei der Hochzeits-Gartenparty.<br \/>\nDie Basis bildet eine wei\u00dfe <b><a href=\"https:\/\/www.tafeldeko.de\/index.php\/cat\/c86_Duni-Tischdecken.html\" title=\"Tischdecke\">Tischdecke<\/a><\/b> von Duni, deren Tischmitte ein <i>silberfarbenes Sizoweb Tischband <\/i>ziert, welches wiederum mit einem <i>wei\u00dfen Organzaband <\/i>dekoriert ist. Die silberfarbenen Servietten werden von silbernen Serviettenringen an ihren Pl\u00e4tzen gehalten \u2013 nicht nur effektiv, sondern auch sehr stilvoll.<br \/>\nDekoherzen in silber, Drahtb\u00e4lle in silber, Herzen aus Holz in silber und Raindrops Deko Tautropfen erg\u00e4nzen die Tischdekoration zur Hochzeit. Als weiteres Highlight bei dieser Tischdeko sind die Rosenkugelkerzen in weiss gl\u00e4nzend auf Spiegeluntersetzern achteckig zu nennen. Sie sorgen f\u00fcr das romantische Licht \u2013 vorausgesetzt, es ist nicht zu windig. Ansonsten muss man auf Kerzengl\u00e4ser und <b><a href=\"https:\/\/www.tafeldeko.de\/index.php\/cat\/c958_Teelichter.html\" title=\"Teelichter\">Teelichter<\/a><\/b> oder Stumpenkerzen umschwenken.<br \/>\nAls kleiner optischer und farblicher Tupfer sind die Buchs Beeren Herzen zu sehen, die etwas <b>Natur in die Tischdeko <\/b>bringen.<br \/>\nDiese Tischdeko ist eine wundersch\u00f6ne Basis f\u00fcr die Hochzeitsfeier in Form einer Gartenparty. <\/p>\n","protected":false},"excerpt":{"rendered":"<p>Die Hochzeit ist ein ganz besonderer Moment im Leben zweier Menschen. Mit der Hochzeit besiegelt man die lebenslange Liebe \u2013 \u201ebis dass der Tod euch scheidet\u201c \u2013 so schw\u00f6rt man sich auf dem Standesamt oder vor dem Traualtar in der Kirche.<br \/>\nUm diesen besonderen Tag zu untermalen, findet meist im Anschluss an die Trauung eine Hochzeitsfeier im Kreise der Familie, Freunden und Verwandten statt. Wie gefeiert wird, h\u00e4ngt von verschiedenen Faktoren ab. Zum einen von der Jahreszeit, zum anderen von der \u00d6rtlichkeit, wo man die Hochzeit feiert.<\/p>\n","protected":false},"author":2,"featured_media":1705,"comment_status":"open","ping_status":"open","sticky":false,"template":"","format":"standard","meta":{"footnotes":""},"categories":[1],"tags":[],"yoast_head":"<!-- This site is optimized with the Yoast SEO plugin v20.4 - https:\/\/yoast.com\/wordpress\/plugins\/seo\/ -->\n<title>Wundersch\u00f6ne Tischdeko f\u00fcr die Hochzeit im Garten - Tafeldeko<\/title>\n<meta name=\"description\" content=\"&#x201E;Ganz in Wei&#xDF;&#x201C;, wie das bekannte Lied von Roy Black hei&#xDF;t, pr&#xE4;sentiert sich die Tischdekoration bei der Hochzeits-Gartenparty.\" \/>\n<meta name=\"robots\" content=\"index, follow, max-snippet:-1, max-image-preview:large, max-video-preview:-1\" \/>\n<link rel=\"canonical\" href=\"https:\/\/www.tafeldeko.de\/news\/wunderschoene-tischdeko-fuer-die-hochzeit-im-garten\/\" \/>\n<meta property=\"og:locale\" content=\"de_DE\" \/>\n<meta property=\"og:type\" content=\"article\" \/>\n<meta property=\"og:title\" content=\"Wundersch\u00f6ne Tischdeko f\u00fcr die Hochzeit im Garten - Tafeldeko\" \/>\n<meta property=\"og:description\" content=\"&#x201E;Ganz in Wei&#xDF;&#x201C;, wie das bekannte Lied von Roy Black hei&#xDF;t, pr&#xE4;sentiert sich die Tischdekoration bei der Hochzeits-Gartenparty.\" \/>\n<meta property=\"og:url\" content=\"https:\/\/www.tafeldeko.de\/news\/wunderschoene-tischdeko-fuer-die-hochzeit-im-garten\/\" \/>\n<meta property=\"og:site_name\" content=\"Tafeldeko\" \/>\n<meta property=\"article:publisher\" content=\"https:\/\/www.facebook.com\/pages\/Tafeldeko-einzigartige-Tischdekoration\/174202655894\" \/>\n<meta property=\"article:published_time\" content=\"2012-06-21T18:58:56+00:00\" \/>\n<meta property=\"og:image\" content=\"https:\/\/www.tafeldeko.de\/news\/wp-content\/uploads\/2014\/09\/hochzeit_weissgruen.jpg\" \/>\n\t<meta property=\"og:image:width\" content=\"609\" \/>\n\t<meta property=\"og:image:height\" content=\"413\" \/>\n\t<meta property=\"og:image:type\" content=\"image\/jpeg\" \/>\n<meta name=\"author\" content=\"Christiane Stein\" \/>\n<meta name=\"twitter:label1\" content=\"Verfasst von\" \/>\n\t<meta name=\"twitter:data1\" content=\"Christiane Stein\" \/>\n\t<meta name=\"twitter:label2\" content=\"Gesch\u00e4tzte Lesezeit\" \/>\n\t<meta name=\"twitter:data2\" content=\"2 Minuten\" \/>\n<script type=\"application\/ld+json\" class=\"yoast-schema-graph\">{\"@context\":\"https:\/\/schema.org\",\"@graph\":[{\"@type\":\"WebPage\",\"@id\":\"https:\/\/www.tafeldeko.de\/news\/wunderschoene-tischdeko-fuer-die-hochzeit-im-garten\/\",\"url\":\"https:\/\/www.tafeldeko.de\/news\/wunderschoene-tischdeko-fuer-die-hochzeit-im-garten\/\",\"name\":\"Wundersch\u00f6ne Tischdeko f\u00fcr die Hochzeit im Garten - Tafeldeko\",\"isPartOf\":{\"@id\":\"https:\/\/www.tafeldeko.de\/news\/#website\"},\"datePublished\":\"2012-06-21T18:58:56+00:00\",\"dateModified\":\"2012-06-21T18:58:56+00:00\",\"author\":{\"@id\":\"https:\/\/www.tafeldeko.de\/news\/#\/schema\/person\/d2acd86447ed0b6336089a8ba83164a0\"},\"description\":\"&#x201E;Ganz in Wei&#xDF;&#x201C;, wie das bekannte Lied von Roy Black hei&#xDF;t, pr&#xE4;sentiert sich die Tischdekoration bei der Hochzeits-Gartenparty.\",\"breadcrumb\":{\"@id\":\"https:\/\/www.tafeldeko.de\/news\/wunderschoene-tischdeko-fuer-die-hochzeit-im-garten\/#breadcrumb\"},\"inLanguage\":\"de-DE\",\"potentialAction\":[{\"@type\":\"ReadAction\",\"target\":[\"https:\/\/www.tafeldeko.de\/news\/wunderschoene-tischdeko-fuer-die-hochzeit-im-garten\/\"]}]},{\"@type\":\"BreadcrumbList\",\"@id\":\"https:\/\/www.tafeldeko.de\/news\/wunderschoene-tischdeko-fuer-die-hochzeit-im-garten\/#breadcrumb\",\"itemListElement\":[{\"@type\":\"ListItem\",\"position\":1,\"name\":\"Tafeldeko\",\"item\":\"https:\/\/www.tafeldeko.de\/news\/\"},{\"@type\":\"ListItem\",\"position\":2,\"name\":\"Alte Beitr\u00e4ge\",\"item\":\"https:\/\/www.tafeldeko.de\/news\/alte-beitraege\/\"},{\"@type\":\"ListItem\",\"position\":3,\"name\":\"Tischdeko - Blog\",\"item\":\"https:\/\/www.tafeldeko.de\/news\/alte-beitraege\/tischdeko-blog\/\"},{\"@type\":\"ListItem\",\"position\":4,\"name\":\"Wundersch\u00f6ne Tischdeko f\u00fcr die Hochzeit im Garten\"}]},{\"@type\":\"WebSite\",\"@id\":\"https:\/\/www.tafeldeko.de\/news\/#website\",\"url\":\"https:\/\/www.tafeldeko.de\/news\/\",\"name\":\"Tafeldeko\",\"description\":\"Blog mit Tischdeko und Tischdekoration Ideen\",\"potentialAction\":[{\"@type\":\"SearchAction\",\"target\":{\"@type\":\"EntryPoint\",\"urlTemplate\":\"https:\/\/www.tafeldeko.de\/news\/?s={search_term_string}\"},\"query-input\":\"required name=search_term_string\"}],\"inLanguage\":\"de-DE\"},{\"@type\":\"Person\",\"@id\":\"https:\/\/www.tafeldeko.de\/news\/#\/schema\/person\/d2acd86447ed0b6336089a8ba83164a0\",\"name\":\"Christiane Stein\",\"image\":{\"@type\":\"ImageObject\",\"inLanguage\":\"de-DE\",\"@id\":\"https:\/\/www.tafeldeko.de\/news\/#\/schema\/person\/image\/\",\"url\":\"https:\/\/secure.gravatar.com\/avatar\/2054729fbfd1ebc9d3cf1fd55361d0b6?s=96&d=mm&r=g\",\"contentUrl\":\"https:\/\/secure.gravatar.com\/avatar\/2054729fbfd1ebc9d3cf1fd55361d0b6?s=96&d=mm&r=g\",\"caption\":\"Christiane Stein\"}}]}<\/script>\n<!-- \/ Yoast SEO plugin. -->","yoast_head_json":{"title":"Wundersch\u00f6ne Tischdeko f\u00fcr die Hochzeit im Garten - Tafeldeko","description":"&#x201E;Ganz in Wei&#xDF;&#x201C;, wie das bekannte Lied von Roy Black hei&#xDF;t, pr&#xE4;sentiert sich die Tischdekoration bei der Hochzeits-Gartenparty.","robots":{"index":"index","follow":"follow","max-snippet":"max-snippet:-1","max-image-preview":"max-image-preview:large","max-video-preview":"max-video-preview:-1"},"canonical":"https:\/\/www.tafeldeko.de\/news\/wunderschoene-tischdeko-fuer-die-hochzeit-im-garten\/","og_locale":"de_DE","og_type":"article","og_title":"Wundersch\u00f6ne Tischdeko f\u00fcr die Hochzeit im Garten - Tafeldeko","og_description":"&#x201E;Ganz in Wei&#xDF;&#x201C;, wie das bekannte Lied von Roy Black hei&#xDF;t, pr&#xE4;sentiert sich die Tischdekoration bei der Hochzeits-Gartenparty.","og_url":"https:\/\/www.tafeldeko.de\/news\/wunderschoene-tischdeko-fuer-die-hochzeit-im-garten\/","og_site_name":"Tafeldeko","article_publisher":"https:\/\/www.facebook.com\/pages\/Tafeldeko-einzigartige-Tischdekoration\/174202655894","article_published_time":"2012-06-21T18:58:56+00:00","og_image":[{"width":609,"height":413,"url":"https:\/\/www.tafeldeko.de\/news\/wp-content\/uploads\/2014\/09\/hochzeit_weissgruen.jpg","type":"image\/jpeg"}],"author":"Christiane Stein","twitter_misc":{"Verfasst von":"Christiane Stein","Gesch\u00e4tzte Lesezeit":"2 Minuten"},"schema":{"@context":"https:\/\/schema.org","@graph":[{"@type":"WebPage","@id":"https:\/\/www.tafeldeko.de\/news\/wunderschoene-tischdeko-fuer-die-hochzeit-im-garten\/","url":"https:\/\/www.tafeldeko.de\/news\/wunderschoene-tischdeko-fuer-die-hochzeit-im-garten\/","name":"Wundersch\u00f6ne Tischdeko f\u00fcr die Hochzeit im Garten - Tafeldeko","isPartOf":{"@id":"https:\/\/www.tafeldeko.de\/news\/#website"},"datePublished":"2012-06-21T18:58:56+00:00","dateModified":"2012-06-21T18:58:56+00:00","author":{"@id":"https:\/\/www.tafeldeko.de\/news\/#\/schema\/person\/d2acd86447ed0b6336089a8ba83164a0"},"description":"&#x201E;Ganz in Wei&#xDF;&#x201C;, wie das bekannte Lied von Roy Black hei&#xDF;t, pr&#xE4;sentiert sich die Tischdekoration bei der Hochzeits-Gartenparty.","breadcrumb":{"@id":"https:\/\/www.tafeldeko.de\/news\/wunderschoene-tischdeko-fuer-die-hochzeit-im-garten\/#breadcrumb"},"inLanguage":"de-DE","potentialAction":[{"@type":"ReadAction","target":["https:\/\/www.tafeldeko.de\/news\/wunderschoene-tischdeko-fuer-die-hochzeit-im-garten\/"]}]},{"@type":"BreadcrumbList","@id":"https:\/\/www.tafeldeko.de\/news\/wunderschoene-tischdeko-fuer-die-hochzeit-im-garten\/#breadcrumb","itemListElement":[{"@type":"ListItem","position":1,"name":"Tafeldeko","item":"https:\/\/www.tafeldeko.de\/news\/"},{"@type":"ListItem","position":2,"name":"Alte Beitr\u00e4ge","item":"https:\/\/www.tafeldeko.de\/news\/alte-beitraege\/"},{"@type":"ListItem","position":3,"name":"Tischdeko - Blog","item":"https:\/\/www.tafeldeko.de\/news\/alte-beitraege\/tischdeko-blog\/"},{"@type":"ListItem","position":4,"name":"Wundersch\u00f6ne Tischdeko f\u00fcr die Hochzeit im Garten"}]},{"@type":"WebSite","@id":"https:\/\/www.tafeldeko.de\/news\/#website","url":"https:\/\/www.tafeldeko.de\/news\/","name":"Tafeldeko","description":"Blog mit Tischdeko und Tischdekoration Ideen","potentialAction":[{"@type":"SearchAction","target":{"@type":"EntryPoint","urlTemplate":"https:\/\/www.tafeldeko.de\/news\/?s={search_term_string}"},"query-input":"required name=search_term_string"}],"inLanguage":"de-DE"},{"@type":"Person","@id":"https:\/\/www.tafeldeko.de\/news\/#\/schema\/person\/d2acd86447ed0b6336089a8ba83164a0","name":"Christiane Stein","image":{"@type":"ImageObject","inLanguage":"de-DE","@id":"https:\/\/www.tafeldeko.de\/news\/#\/schema\/person\/image\/","url":"https:\/\/secure.gravatar.com\/avatar\/2054729fbfd1ebc9d3cf1fd55361d0b6?s=96&d=mm&r=g","contentUrl":"https:\/\/secure.gravatar.com\/avatar\/2054729fbfd1ebc9d3cf1fd55361d0b6?s=96&d=mm&r=g","caption":"Christiane Stein"}}]}},"_links":{"self":[{"href":"https:\/\/www.tafeldeko.de\/news\/wp-json\/wp\/v2\/posts\/1740"}],"collection":[{"href":"https:\/\/www.tafeldeko.de\/news\/wp-json\/wp\/v2\/posts"}],"about":[{"href":"https:\/\/www.tafeldeko.de\/news\/wp-json\/wp\/v2\/types\/post"}],"author":[{"embeddable":true,"href":"https:\/\/www.tafeldeko.de\/news\/wp-json\/wp\/v2\/users\/2"}],"replies":[{"embeddable":true,"href":"https:\/\/www.tafeldeko.de\/news\/wp-json\/wp\/v2\/comments?post=1740"}],"version-history":[{"count":0,"href":"https:\/\/www.tafeldeko.de\/news\/wp-json\/wp\/v2\/posts\/1740\/revisions"}],"wp:featuredmedia":[{"embeddable":true,"href":"https:\/\/www.tafeldeko.de\/news\/wp-json\/wp\/v2\/media\/1705"}],"wp:attachment":[{"href":"https:\/\/www.tafeldeko.de\/news\/wp-json\/wp\/v2\/media?parent=1740"}],"wp:term":[{"taxonomy":"category","embeddable":true,"href":"https:\/\/www.tafeldeko.de\/news\/wp-json\/wp\/v2\/categories?post=1740"},{"taxonomy":"post_tag","embeddable":true,"href":"https:\/\/www.tafeldeko.de\/news\/wp-json\/wp\/v2\/tags?post=1740"}],"curies":[{"name":"wp","href":"https:\/\/api.w.org\/{rel}","templated":true}]}}