{"id":1733,"date":"2012-05-02T20:27:10","date_gmt":"2012-05-02T18:27:10","guid":{"rendered":"http:\/\/www.tafeldeko.de\/news\/?p=1733"},"modified":"2012-05-02T20:27:10","modified_gmt":"2012-05-02T18:27:10","slug":"die-tischdeko-fuer-die-hochzeit-weiss-ade","status":"publish","type":"post","link":"https:\/\/www.tafeldeko.de\/news\/die-tischdeko-fuer-die-hochzeit-weiss-ade\/","title":{"rendered":"Die Tischdeko f\u00fcr die Hochzeit &#8211; wei\u00df ade"},"content":{"rendered":"<div class=\"textumfliessenrechts\"><img decoding=\"async\" loading=\"lazy\" src=\"https:\/\/www.tafeldeko.de\/news\/media\/users\/schnurchristian\/hochzeit_rosabraun.jpg\" alt=\"Hochzeits Tischdeko\" title=\"Hochzeits Tischdeko\" width=\"308\" height=\"207\" \/><br \/><a href=\"https:\/\/www.tafeldeko.de\/mustertische\/tischdeko-hochzeit\/Tisch-7.html\" title=\"Tischdeko f\u00fcr die Hochzeit\"><b>Tischdeko f\u00fcr die Hochzeit<\/b><\/a><\/div>\n<p> L\u00e4uten die Hochzeitsglocken, dann ist dies ein ganz besonderes Ereignis und auch ein Grund zum Feiern.<br \/>\nMit der <b>Hochzeit <\/b>wird das B\u00fcndnis der Ehe eingegangen und diesen Tag m\u00f6chte man der Familie, Freunden und Bekannten verbringen. Damit man einen unvergesslichen Tag erleben kann, muss eine l\u00fcckenlose Vorbereitung stattfinden. Bei der Planung sollte man an alle Kleinigkeiten denken und sich f\u00fcr alle Eventualit\u00e4ten wappnen. Hat man dies geschafft, steht einem unbeschwerten Feste kaum noch etwas im Wege.<br \/>\nEines ist jedoch sicher, dass neben einem leckeren Essen und einer leckeren Auswahl von Getr\u00e4nken auch eine passende Tischdekoration auf den Tisch muss. Die Tischdekoration f\u00fcr die Hochzeit kann in den unterschiedlichsten Farben und Ausf\u00fchrungen gehalten sein.<br \/>\nIn Punkto \u201eTischdeko\u201c gibt es eben keine Grenzen \u2013 nicht nur f\u00fcr die <b><a href=\"https:\/\/www.tafeldeko.de\/index.php\/cat\/c45_Tischdeko-Hochzeit.html\" title=\"Hochzeit\">Hochzeit<\/a><\/b>, sondern auch f\u00fcr viele andere Feste.<br \/>\nWer der Auffassung ist, dass die Tischdeko f\u00fcr die Hochzeit immer in wei\u00df oder rot gestaltet sein muss, der t\u00e4uscht sich. Die Farbpalette zieht sich durch alle Farben durch und man kann jede Farbe auf dem Tisch <b>in Szene setzen<\/b>. Wer m\u00f6chte, kann beispielsweise die Tischdeko in Rosa- und Braunt\u00f6nen kreieren.<br \/>\nHierf\u00fcr kann man alle dekorativen Utensilien in diesen Farben miteinander kombinieren und ins rechte Licht r\u00fccken. So kann man zu einem Windlichtglas greifen und mit Deko Marbles in rosa auslegen. Des Weiteren kann man eine Kerze in das Windlichtglas stellen und weitere Kerzen auf dem Tisch drapieren. Dar\u00fcber hinaus k\u00f6nnen folgende Deko-Accessoires auf dem Tisch ihren Platz finden: <b><a href=\"https:\/\/www.tafeldeko.de\/index.php\/cat\/c1359_Satin-Tischb%C3%A4nder.html\" title=\"Satin Tischband\">Satin Tischband<\/a><\/b>, Herzen aus Holz, Hochzeitspaar als Dekofigur, Men\u00fckarte, Einladungskarte oder Satinb\u00e4nder f\u00fcr eine Schlaufe auf dem Stuhl und nat\u00fcrlich noch vieles mehr. Wie man sehen kann, gibt es eine gro\u00dfe Auswahl und wichtig ist, dass man Utensilien w\u00e4hlt, die miteinander harmonisieren.<br \/>\nDie Tischdeko f\u00fcr die Hochzeit ist definitiv ein Punkt, dem man sich ausf\u00fchrlich widmen sollte.<\/p>\n","protected":false},"excerpt":{"rendered":"<p>L\u00e4uten die Hochzeitsglocken, dann ist dies ein ganz besonderes Ereignis und auch ein Grund zum Feiern.<br \/>\nMit der Hochzeit wird das B\u00fcndnis der Ehe eingegangen und diesen Tag m\u00f6chte man der Familie, Freunden und Bekannten verbringen. Damit man einen unvergesslichen Tag erleben kann, muss eine l\u00fcckenlose Vorbereitung stattfinden. Bei der Planung sollte man an alle Kleinigkeiten denken und sich f\u00fcr alle Eventualit\u00e4ten wappnen. Hat man dies geschafft, steht einem unbeschwerten Feste kaum noch etwas im Wege.<\/p>\n","protected":false},"author":2,"featured_media":1681,"comment_status":"open","ping_status":"open","sticky":false,"template":"","format":"standard","meta":{"footnotes":""},"categories":[1],"tags":[],"yoast_head":"<!-- This site is optimized with the Yoast SEO plugin v20.4 - https:\/\/yoast.com\/wordpress\/plugins\/seo\/ -->\n<title>Die Tischdeko f\u00fcr die Hochzeit - wei\u00df ade - Tafeldeko<\/title>\n<meta name=\"description\" content=\"Wer m&#xF6;chte, kann beispielsweise die Tischdeko zur Hochzeit in Rosa- und Braunt&#xF6;nen kreieren. Wundersch&#xF6;n und au&#xDF;ergew&#xF6;hnlich.\" \/>\n<meta name=\"robots\" content=\"index, follow, max-snippet:-1, max-image-preview:large, max-video-preview:-1\" \/>\n<link rel=\"canonical\" href=\"https:\/\/www.tafeldeko.de\/news\/die-tischdeko-fuer-die-hochzeit-weiss-ade\/\" \/>\n<meta property=\"og:locale\" content=\"de_DE\" \/>\n<meta property=\"og:type\" content=\"article\" \/>\n<meta property=\"og:title\" content=\"Die Tischdeko f\u00fcr die Hochzeit - wei\u00df ade - Tafeldeko\" \/>\n<meta property=\"og:description\" content=\"Wer m&#xF6;chte, kann beispielsweise die Tischdeko zur Hochzeit in Rosa- und Braunt&#xF6;nen kreieren. Wundersch&#xF6;n und au&#xDF;ergew&#xF6;hnlich.\" \/>\n<meta property=\"og:url\" content=\"https:\/\/www.tafeldeko.de\/news\/die-tischdeko-fuer-die-hochzeit-weiss-ade\/\" \/>\n<meta property=\"og:site_name\" content=\"Tafeldeko\" \/>\n<meta property=\"article:publisher\" content=\"https:\/\/www.facebook.com\/pages\/Tafeldeko-einzigartige-Tischdekoration\/174202655894\" \/>\n<meta property=\"article:published_time\" content=\"2012-05-02T18:27:10+00:00\" \/>\n<meta property=\"og:image\" content=\"https:\/\/www.tafeldeko.de\/news\/wp-content\/uploads\/2014\/09\/hochzeit_rosabraun.jpg\" \/>\n\t<meta property=\"og:image:width\" content=\"448\" \/>\n\t<meta property=\"og:image:height\" content=\"227\" \/>\n\t<meta property=\"og:image:type\" content=\"image\/jpeg\" \/>\n<meta name=\"author\" content=\"Christiane Stein\" \/>\n<meta name=\"twitter:label1\" content=\"Verfasst von\" \/>\n\t<meta name=\"twitter:data1\" content=\"Christiane Stein\" \/>\n\t<meta name=\"twitter:label2\" content=\"Gesch\u00e4tzte Lesezeit\" \/>\n\t<meta name=\"twitter:data2\" content=\"2 Minuten\" \/>\n<script type=\"application\/ld+json\" class=\"yoast-schema-graph\">{\"@context\":\"https:\/\/schema.org\",\"@graph\":[{\"@type\":\"WebPage\",\"@id\":\"https:\/\/www.tafeldeko.de\/news\/die-tischdeko-fuer-die-hochzeit-weiss-ade\/\",\"url\":\"https:\/\/www.tafeldeko.de\/news\/die-tischdeko-fuer-die-hochzeit-weiss-ade\/\",\"name\":\"Die Tischdeko f\u00fcr die Hochzeit - wei\u00df ade - Tafeldeko\",\"isPartOf\":{\"@id\":\"https:\/\/www.tafeldeko.de\/news\/#website\"},\"datePublished\":\"2012-05-02T18:27:10+00:00\",\"dateModified\":\"2012-05-02T18:27:10+00:00\",\"author\":{\"@id\":\"https:\/\/www.tafeldeko.de\/news\/#\/schema\/person\/d2acd86447ed0b6336089a8ba83164a0\"},\"description\":\"Wer m&#xF6;chte, kann beispielsweise die Tischdeko zur Hochzeit in Rosa- und Braunt&#xF6;nen kreieren. Wundersch&#xF6;n und au&#xDF;ergew&#xF6;hnlich.\",\"breadcrumb\":{\"@id\":\"https:\/\/www.tafeldeko.de\/news\/die-tischdeko-fuer-die-hochzeit-weiss-ade\/#breadcrumb\"},\"inLanguage\":\"de-DE\",\"potentialAction\":[{\"@type\":\"ReadAction\",\"target\":[\"https:\/\/www.tafeldeko.de\/news\/die-tischdeko-fuer-die-hochzeit-weiss-ade\/\"]}]},{\"@type\":\"BreadcrumbList\",\"@id\":\"https:\/\/www.tafeldeko.de\/news\/die-tischdeko-fuer-die-hochzeit-weiss-ade\/#breadcrumb\",\"itemListElement\":[{\"@type\":\"ListItem\",\"position\":1,\"name\":\"Tafeldeko\",\"item\":\"https:\/\/www.tafeldeko.de\/news\/\"},{\"@type\":\"ListItem\",\"position\":2,\"name\":\"Alte Beitr\u00e4ge\",\"item\":\"https:\/\/www.tafeldeko.de\/news\/alte-beitraege\/\"},{\"@type\":\"ListItem\",\"position\":3,\"name\":\"Tischdeko - Blog\",\"item\":\"https:\/\/www.tafeldeko.de\/news\/alte-beitraege\/tischdeko-blog\/\"},{\"@type\":\"ListItem\",\"position\":4,\"name\":\"Die Tischdeko f\u00fcr die Hochzeit &#8211; wei\u00df ade\"}]},{\"@type\":\"WebSite\",\"@id\":\"https:\/\/www.tafeldeko.de\/news\/#website\",\"url\":\"https:\/\/www.tafeldeko.de\/news\/\",\"name\":\"Tafeldeko\",\"description\":\"Blog mit Tischdeko und Tischdekoration Ideen\",\"potentialAction\":[{\"@type\":\"SearchAction\",\"target\":{\"@type\":\"EntryPoint\",\"urlTemplate\":\"https:\/\/www.tafeldeko.de\/news\/?s={search_term_string}\"},\"query-input\":\"required name=search_term_string\"}],\"inLanguage\":\"de-DE\"},{\"@type\":\"Person\",\"@id\":\"https:\/\/www.tafeldeko.de\/news\/#\/schema\/person\/d2acd86447ed0b6336089a8ba83164a0\",\"name\":\"Christiane Stein\",\"image\":{\"@type\":\"ImageObject\",\"inLanguage\":\"de-DE\",\"@id\":\"https:\/\/www.tafeldeko.de\/news\/#\/schema\/person\/image\/\",\"url\":\"https:\/\/secure.gravatar.com\/avatar\/2054729fbfd1ebc9d3cf1fd55361d0b6?s=96&d=mm&r=g\",\"contentUrl\":\"https:\/\/secure.gravatar.com\/avatar\/2054729fbfd1ebc9d3cf1fd55361d0b6?s=96&d=mm&r=g\",\"caption\":\"Christiane Stein\"}}]}<\/script>\n<!-- \/ Yoast SEO plugin. -->","yoast_head_json":{"title":"Die Tischdeko f\u00fcr die Hochzeit - wei\u00df ade - Tafeldeko","description":"Wer m&#xF6;chte, kann beispielsweise die Tischdeko zur Hochzeit in Rosa- und Braunt&#xF6;nen kreieren. Wundersch&#xF6;n und au&#xDF;ergew&#xF6;hnlich.","robots":{"index":"index","follow":"follow","max-snippet":"max-snippet:-1","max-image-preview":"max-image-preview:large","max-video-preview":"max-video-preview:-1"},"canonical":"https:\/\/www.tafeldeko.de\/news\/die-tischdeko-fuer-die-hochzeit-weiss-ade\/","og_locale":"de_DE","og_type":"article","og_title":"Die Tischdeko f\u00fcr die Hochzeit - wei\u00df ade - Tafeldeko","og_description":"Wer m&#xF6;chte, kann beispielsweise die Tischdeko zur Hochzeit in Rosa- und Braunt&#xF6;nen kreieren. Wundersch&#xF6;n und au&#xDF;ergew&#xF6;hnlich.","og_url":"https:\/\/www.tafeldeko.de\/news\/die-tischdeko-fuer-die-hochzeit-weiss-ade\/","og_site_name":"Tafeldeko","article_publisher":"https:\/\/www.facebook.com\/pages\/Tafeldeko-einzigartige-Tischdekoration\/174202655894","article_published_time":"2012-05-02T18:27:10+00:00","og_image":[{"width":448,"height":227,"url":"https:\/\/www.tafeldeko.de\/news\/wp-content\/uploads\/2014\/09\/hochzeit_rosabraun.jpg","type":"image\/jpeg"}],"author":"Christiane Stein","twitter_misc":{"Verfasst von":"Christiane Stein","Gesch\u00e4tzte Lesezeit":"2 Minuten"},"schema":{"@context":"https:\/\/schema.org","@graph":[{"@type":"WebPage","@id":"https:\/\/www.tafeldeko.de\/news\/die-tischdeko-fuer-die-hochzeit-weiss-ade\/","url":"https:\/\/www.tafeldeko.de\/news\/die-tischdeko-fuer-die-hochzeit-weiss-ade\/","name":"Die Tischdeko f\u00fcr die Hochzeit - wei\u00df ade - Tafeldeko","isPartOf":{"@id":"https:\/\/www.tafeldeko.de\/news\/#website"},"datePublished":"2012-05-02T18:27:10+00:00","dateModified":"2012-05-02T18:27:10+00:00","author":{"@id":"https:\/\/www.tafeldeko.de\/news\/#\/schema\/person\/d2acd86447ed0b6336089a8ba83164a0"},"description":"Wer m&#xF6;chte, kann beispielsweise die Tischdeko zur Hochzeit in Rosa- und Braunt&#xF6;nen kreieren. Wundersch&#xF6;n und au&#xDF;ergew&#xF6;hnlich.","breadcrumb":{"@id":"https:\/\/www.tafeldeko.de\/news\/die-tischdeko-fuer-die-hochzeit-weiss-ade\/#breadcrumb"},"inLanguage":"de-DE","potentialAction":[{"@type":"ReadAction","target":["https:\/\/www.tafeldeko.de\/news\/die-tischdeko-fuer-die-hochzeit-weiss-ade\/"]}]},{"@type":"BreadcrumbList","@id":"https:\/\/www.tafeldeko.de\/news\/die-tischdeko-fuer-die-hochzeit-weiss-ade\/#breadcrumb","itemListElement":[{"@type":"ListItem","position":1,"name":"Tafeldeko","item":"https:\/\/www.tafeldeko.de\/news\/"},{"@type":"ListItem","position":2,"name":"Alte Beitr\u00e4ge","item":"https:\/\/www.tafeldeko.de\/news\/alte-beitraege\/"},{"@type":"ListItem","position":3,"name":"Tischdeko - Blog","item":"https:\/\/www.tafeldeko.de\/news\/alte-beitraege\/tischdeko-blog\/"},{"@type":"ListItem","position":4,"name":"Die Tischdeko f\u00fcr die Hochzeit &#8211; wei\u00df ade"}]},{"@type":"WebSite","@id":"https:\/\/www.tafeldeko.de\/news\/#website","url":"https:\/\/www.tafeldeko.de\/news\/","name":"Tafeldeko","description":"Blog mit Tischdeko und Tischdekoration Ideen","potentialAction":[{"@type":"SearchAction","target":{"@type":"EntryPoint","urlTemplate":"https:\/\/www.tafeldeko.de\/news\/?s={search_term_string}"},"query-input":"required name=search_term_string"}],"inLanguage":"de-DE"},{"@type":"Person","@id":"https:\/\/www.tafeldeko.de\/news\/#\/schema\/person\/d2acd86447ed0b6336089a8ba83164a0","name":"Christiane Stein","image":{"@type":"ImageObject","inLanguage":"de-DE","@id":"https:\/\/www.tafeldeko.de\/news\/#\/schema\/person\/image\/","url":"https:\/\/secure.gravatar.com\/avatar\/2054729fbfd1ebc9d3cf1fd55361d0b6?s=96&d=mm&r=g","contentUrl":"https:\/\/secure.gravatar.com\/avatar\/2054729fbfd1ebc9d3cf1fd55361d0b6?s=96&d=mm&r=g","caption":"Christiane Stein"}}]}},"_links":{"self":[{"href":"https:\/\/www.tafeldeko.de\/news\/wp-json\/wp\/v2\/posts\/1733"}],"collection":[{"href":"https:\/\/www.tafeldeko.de\/news\/wp-json\/wp\/v2\/posts"}],"about":[{"href":"https:\/\/www.tafeldeko.de\/news\/wp-json\/wp\/v2\/types\/post"}],"author":[{"embeddable":true,"href":"https:\/\/www.tafeldeko.de\/news\/wp-json\/wp\/v2\/users\/2"}],"replies":[{"embeddable":true,"href":"https:\/\/www.tafeldeko.de\/news\/wp-json\/wp\/v2\/comments?post=1733"}],"version-history":[{"count":0,"href":"https:\/\/www.tafeldeko.de\/news\/wp-json\/wp\/v2\/posts\/1733\/revisions"}],"wp:featuredmedia":[{"embeddable":true,"href":"https:\/\/www.tafeldeko.de\/news\/wp-json\/wp\/v2\/media\/1681"}],"wp:attachment":[{"href":"https:\/\/www.tafeldeko.de\/news\/wp-json\/wp\/v2\/media?parent=1733"}],"wp:term":[{"taxonomy":"category","embeddable":true,"href":"https:\/\/www.tafeldeko.de\/news\/wp-json\/wp\/v2\/categories?post=1733"},{"taxonomy":"post_tag","embeddable":true,"href":"https:\/\/www.tafeldeko.de\/news\/wp-json\/wp\/v2\/tags?post=1733"}],"curies":[{"name":"wp","href":"https:\/\/api.w.org\/{rel}","templated":true}]}}