{"id":1472,"date":"2012-04-07T17:44:18","date_gmt":"2012-04-07T15:44:18","guid":{"rendered":"http:\/\/www.tafeldeko.de\/news\/?p=1472"},"modified":"2012-04-07T17:44:18","modified_gmt":"2012-04-07T15:44:18","slug":"die-goldene-hochzeit-muss-im-entsprechenden-rahmen-gefeiert-werden","status":"publish","type":"post","link":"https:\/\/www.tafeldeko.de\/news\/die-goldene-hochzeit-muss-im-entsprechenden-rahmen-gefeiert-werden\/","title":{"rendered":"Die Goldene Hochzeit muss im entsprechenden Rahmen gefeiert werden"},"content":{"rendered":"<div class=\"textumfliessenrechts\"><img decoding=\"async\" loading=\"lazy\" src=\"https:\/\/www.tafeldeko.de\/news\/media\/users\/schnurchristian\/goldene_hochzeit_neu.jpg\" alt=\"Goldene Hochzeit\" title=\"Goldene Hochzeit\" width=\"308\" height=\"214\" \/><br \/><a href=\"https:\/\/www.tafeldeko.de\/mustertische\/index.php?t=8&#038;c=8&#038;lang=2\" title=\"Tischdeko Goldene Hochzeit\"><b>Tischdeko Goldene Hochzeit<\/b><\/a><\/div>\n<p> Wer das Gl\u00fcck hat, 50 Jahre verheiratet zu sein, kommt in den Genuss, die <b>Goldene Hochzeit<\/b> zu feiern. Dies kann nicht jeder von sich behaupten, dass einem die Goldene Hochzeit bevorsteht und somit ist dies erst recht ein Grund mehr zum Feiern. Wie man die Goldene Hochzeit letztlich feiert, ist jedem selbst \u00fcberlassen und man kann sich entscheiden, ob man zusammen mit der Familie diesen Anlass feiert oder ob man zu einem gro\u00dfen Feste l\u00e4dt.<br \/>\nGleichg\u00fcltig, wie gro\u00df die Hochzeitsfeier anf\u00e4llt, auf die Tischdeko sollte unter keinen Bedingungen verzichtet werden. Die Tischdekoration tr\u00e4gt zu einem positiven Tag bei und die G\u00e4ste setzen sich gerne an einen liebevoll gedeckten Tisch.<br \/>\nF\u00fcr die Goldene Hochzeit kann man die Festtagstafel in den Farben Wei\u00df und Gold gestalten. Nimmt man den Beispieltisch n\u00e4her unter die Lupe, kann man wundersch\u00f6ne Ideen f\u00fcr sich und die Feier entdecken.<br \/>\nDie wei\u00dfe Tischdecke und das <b><a href=\"https:\/\/www.tafeldeko.de\/index.php\/cat\/c1358_Sizoflor---Sizoweb.html\" title=\"Sizoflor Tischband\">Sizoflor Tischband<\/a><\/b> stellen die Grundlage f\u00fcr die weiteren dekorativen Arbeiten dar. Die Servietten \u201eWhite Dreams\u201c und sind die perfekte Erg\u00e4nzung zur <b><a href=\"https:\/\/www.tafeldeko.de\/index.php\/cat\/c2028_Tischdecken.html\" title=\"Tischdecke\">Tischdecke<\/a><\/b> und mit einer Deko Perlenkette in Perlmutt hat man bereits <b>sch\u00f6ne Akzente <\/b>gesetzt. Dar\u00fcber hinaus sollte man Kerzen auf dem Tisch drapieren, dass Gem\u00fctlichkeit aufkommt und die G\u00e4ste sich auch wohlf\u00fchlen.<br \/>\nDes Weiteren k\u00f6nnen Herzen aus Gold, Raindrops Deko Tautropfen oder Papier Bl\u00fctenbl\u00e4tter zu einem sch\u00f6nen Auftakt beitragen. Der Beispieltisch zeigt dies hervorragend und die Deko-Gl\u00e4ser k\u00f6nnen beispielsweise mit Glaswachsperlen verziert werden. Gerade in Punkto \u201eTischdekoration\u201c kann man seine eigene Ideen miteinflie\u00dfen lassen und den jeweiligen Tisch nach eigenem Geschmack aufpeppen oder ver\u00e4ndern.<br \/>\nWichtig ist, dass man die Lokation, sprich die R\u00e4umlichkeit der Feierlichkeit, so gestaltet, dass man sich selbst wohlf\u00fchlt und der besonderen Feier nichts mehr im Wege steht. Letztendlich kann man nur noch viel Spa\u00df beim Feiern der Goldenen Hochzeit w\u00fcnschen.<\/p>\n","protected":false},"excerpt":{"rendered":"<p>Wer das Gl\u00fcck hat, 50 Jahre verheiratet zu sein, kommt in den Genuss, die Goldene Hochzeit zu feiern. Dies kann nicht jeder von sich behaupten, dass einem die Goldene Hochzeit bevorsteht und somit ist dies erst recht ein Grund mehr zum Feiern. Wie man die Goldene Hochzeit letztlich feiert, ist jedem selbst \u00fcberlassen und man kann sich entscheiden, ob man zusammen mit der Familie diesen Anlass feiert oder ob man zu einem gro\u00dfen Feste l\u00e4dt.<\/p>\n","protected":false},"author":2,"featured_media":1446,"comment_status":"open","ping_status":"open","sticky":false,"template":"","format":"standard","meta":{"footnotes":""},"categories":[1],"tags":[],"yoast_head":"<!-- This site is optimized with the Yoast SEO plugin v20.4 - https:\/\/yoast.com\/wordpress\/plugins\/seo\/ -->\n<title>Die Goldene Hochzeit muss im entsprechenden Rahmen gefeiert werden - Tafeldeko<\/title>\n<meta name=\"description\" content=\"F&#xFC;r die Goldene Hochzeit kann man die Festtagstafel in den Farben Wei&#xDF; und Gold gestalten.\" \/>\n<meta name=\"robots\" content=\"index, follow, max-snippet:-1, max-image-preview:large, max-video-preview:-1\" \/>\n<link rel=\"canonical\" href=\"https:\/\/www.tafeldeko.de\/news\/die-goldene-hochzeit-muss-im-entsprechenden-rahmen-gefeiert-werden\/\" \/>\n<meta property=\"og:locale\" content=\"de_DE\" \/>\n<meta property=\"og:type\" content=\"article\" \/>\n<meta property=\"og:title\" content=\"Die Goldene Hochzeit muss im entsprechenden Rahmen gefeiert werden - Tafeldeko\" \/>\n<meta property=\"og:description\" content=\"F&#xFC;r die Goldene Hochzeit kann man die Festtagstafel in den Farben Wei&#xDF; und Gold gestalten.\" \/>\n<meta property=\"og:url\" content=\"https:\/\/www.tafeldeko.de\/news\/die-goldene-hochzeit-muss-im-entsprechenden-rahmen-gefeiert-werden\/\" \/>\n<meta property=\"og:site_name\" content=\"Tafeldeko\" \/>\n<meta property=\"article:publisher\" content=\"https:\/\/www.facebook.com\/pages\/Tafeldeko-einzigartige-Tischdekoration\/174202655894\" \/>\n<meta property=\"article:published_time\" content=\"2012-04-07T15:44:18+00:00\" \/>\n<meta property=\"og:image\" content=\"https:\/\/www.tafeldeko.de\/news\/wp-content\/uploads\/2014\/09\/goldene_hochzeit_neu.jpg\" \/>\n\t<meta property=\"og:image:width\" content=\"448\" \/>\n\t<meta property=\"og:image:height\" content=\"314\" \/>\n\t<meta property=\"og:image:type\" content=\"image\/jpeg\" \/>\n<meta name=\"author\" content=\"Christiane Stein\" \/>\n<meta name=\"twitter:label1\" content=\"Verfasst von\" \/>\n\t<meta name=\"twitter:data1\" content=\"Christiane Stein\" \/>\n\t<meta name=\"twitter:label2\" content=\"Gesch\u00e4tzte Lesezeit\" \/>\n\t<meta name=\"twitter:data2\" content=\"2 Minuten\" \/>\n<script type=\"application\/ld+json\" class=\"yoast-schema-graph\">{\"@context\":\"https:\/\/schema.org\",\"@graph\":[{\"@type\":\"WebPage\",\"@id\":\"https:\/\/www.tafeldeko.de\/news\/die-goldene-hochzeit-muss-im-entsprechenden-rahmen-gefeiert-werden\/\",\"url\":\"https:\/\/www.tafeldeko.de\/news\/die-goldene-hochzeit-muss-im-entsprechenden-rahmen-gefeiert-werden\/\",\"name\":\"Die Goldene Hochzeit muss im entsprechenden Rahmen gefeiert werden - Tafeldeko\",\"isPartOf\":{\"@id\":\"https:\/\/www.tafeldeko.de\/news\/#website\"},\"datePublished\":\"2012-04-07T15:44:18+00:00\",\"dateModified\":\"2012-04-07T15:44:18+00:00\",\"author\":{\"@id\":\"https:\/\/www.tafeldeko.de\/news\/#\/schema\/person\/d2acd86447ed0b6336089a8ba83164a0\"},\"description\":\"F&#xFC;r die Goldene Hochzeit kann man die Festtagstafel in den Farben Wei&#xDF; und Gold gestalten.\",\"breadcrumb\":{\"@id\":\"https:\/\/www.tafeldeko.de\/news\/die-goldene-hochzeit-muss-im-entsprechenden-rahmen-gefeiert-werden\/#breadcrumb\"},\"inLanguage\":\"de-DE\",\"potentialAction\":[{\"@type\":\"ReadAction\",\"target\":[\"https:\/\/www.tafeldeko.de\/news\/die-goldene-hochzeit-muss-im-entsprechenden-rahmen-gefeiert-werden\/\"]}]},{\"@type\":\"BreadcrumbList\",\"@id\":\"https:\/\/www.tafeldeko.de\/news\/die-goldene-hochzeit-muss-im-entsprechenden-rahmen-gefeiert-werden\/#breadcrumb\",\"itemListElement\":[{\"@type\":\"ListItem\",\"position\":1,\"name\":\"Tafeldeko\",\"item\":\"https:\/\/www.tafeldeko.de\/news\/\"},{\"@type\":\"ListItem\",\"position\":2,\"name\":\"Alte Beitr\u00e4ge\",\"item\":\"https:\/\/www.tafeldeko.de\/news\/alte-beitraege\/\"},{\"@type\":\"ListItem\",\"position\":3,\"name\":\"Tischdeko - Blog\",\"item\":\"https:\/\/www.tafeldeko.de\/news\/alte-beitraege\/tischdeko-blog\/\"},{\"@type\":\"ListItem\",\"position\":4,\"name\":\"Die Goldene Hochzeit muss im entsprechenden Rahmen gefeiert werden\"}]},{\"@type\":\"WebSite\",\"@id\":\"https:\/\/www.tafeldeko.de\/news\/#website\",\"url\":\"https:\/\/www.tafeldeko.de\/news\/\",\"name\":\"Tafeldeko\",\"description\":\"Blog mit Tischdeko und Tischdekoration Ideen\",\"potentialAction\":[{\"@type\":\"SearchAction\",\"target\":{\"@type\":\"EntryPoint\",\"urlTemplate\":\"https:\/\/www.tafeldeko.de\/news\/?s={search_term_string}\"},\"query-input\":\"required name=search_term_string\"}],\"inLanguage\":\"de-DE\"},{\"@type\":\"Person\",\"@id\":\"https:\/\/www.tafeldeko.de\/news\/#\/schema\/person\/d2acd86447ed0b6336089a8ba83164a0\",\"name\":\"Christiane Stein\",\"image\":{\"@type\":\"ImageObject\",\"inLanguage\":\"de-DE\",\"@id\":\"https:\/\/www.tafeldeko.de\/news\/#\/schema\/person\/image\/\",\"url\":\"https:\/\/secure.gravatar.com\/avatar\/2054729fbfd1ebc9d3cf1fd55361d0b6?s=96&d=mm&r=g\",\"contentUrl\":\"https:\/\/secure.gravatar.com\/avatar\/2054729fbfd1ebc9d3cf1fd55361d0b6?s=96&d=mm&r=g\",\"caption\":\"Christiane Stein\"}}]}<\/script>\n<!-- \/ Yoast SEO plugin. -->","yoast_head_json":{"title":"Die Goldene Hochzeit muss im entsprechenden Rahmen gefeiert werden - Tafeldeko","description":"F&#xFC;r die Goldene Hochzeit kann man die Festtagstafel in den Farben Wei&#xDF; und Gold gestalten.","robots":{"index":"index","follow":"follow","max-snippet":"max-snippet:-1","max-image-preview":"max-image-preview:large","max-video-preview":"max-video-preview:-1"},"canonical":"https:\/\/www.tafeldeko.de\/news\/die-goldene-hochzeit-muss-im-entsprechenden-rahmen-gefeiert-werden\/","og_locale":"de_DE","og_type":"article","og_title":"Die Goldene Hochzeit muss im entsprechenden Rahmen gefeiert werden - Tafeldeko","og_description":"F&#xFC;r die Goldene Hochzeit kann man die Festtagstafel in den Farben Wei&#xDF; und Gold gestalten.","og_url":"https:\/\/www.tafeldeko.de\/news\/die-goldene-hochzeit-muss-im-entsprechenden-rahmen-gefeiert-werden\/","og_site_name":"Tafeldeko","article_publisher":"https:\/\/www.facebook.com\/pages\/Tafeldeko-einzigartige-Tischdekoration\/174202655894","article_published_time":"2012-04-07T15:44:18+00:00","og_image":[{"width":448,"height":314,"url":"https:\/\/www.tafeldeko.de\/news\/wp-content\/uploads\/2014\/09\/goldene_hochzeit_neu.jpg","type":"image\/jpeg"}],"author":"Christiane Stein","twitter_misc":{"Verfasst von":"Christiane Stein","Gesch\u00e4tzte Lesezeit":"2 Minuten"},"schema":{"@context":"https:\/\/schema.org","@graph":[{"@type":"WebPage","@id":"https:\/\/www.tafeldeko.de\/news\/die-goldene-hochzeit-muss-im-entsprechenden-rahmen-gefeiert-werden\/","url":"https:\/\/www.tafeldeko.de\/news\/die-goldene-hochzeit-muss-im-entsprechenden-rahmen-gefeiert-werden\/","name":"Die Goldene Hochzeit muss im entsprechenden Rahmen gefeiert werden - Tafeldeko","isPartOf":{"@id":"https:\/\/www.tafeldeko.de\/news\/#website"},"datePublished":"2012-04-07T15:44:18+00:00","dateModified":"2012-04-07T15:44:18+00:00","author":{"@id":"https:\/\/www.tafeldeko.de\/news\/#\/schema\/person\/d2acd86447ed0b6336089a8ba83164a0"},"description":"F&#xFC;r die Goldene Hochzeit kann man die Festtagstafel in den Farben Wei&#xDF; und Gold gestalten.","breadcrumb":{"@id":"https:\/\/www.tafeldeko.de\/news\/die-goldene-hochzeit-muss-im-entsprechenden-rahmen-gefeiert-werden\/#breadcrumb"},"inLanguage":"de-DE","potentialAction":[{"@type":"ReadAction","target":["https:\/\/www.tafeldeko.de\/news\/die-goldene-hochzeit-muss-im-entsprechenden-rahmen-gefeiert-werden\/"]}]},{"@type":"BreadcrumbList","@id":"https:\/\/www.tafeldeko.de\/news\/die-goldene-hochzeit-muss-im-entsprechenden-rahmen-gefeiert-werden\/#breadcrumb","itemListElement":[{"@type":"ListItem","position":1,"name":"Tafeldeko","item":"https:\/\/www.tafeldeko.de\/news\/"},{"@type":"ListItem","position":2,"name":"Alte Beitr\u00e4ge","item":"https:\/\/www.tafeldeko.de\/news\/alte-beitraege\/"},{"@type":"ListItem","position":3,"name":"Tischdeko - Blog","item":"https:\/\/www.tafeldeko.de\/news\/alte-beitraege\/tischdeko-blog\/"},{"@type":"ListItem","position":4,"name":"Die Goldene Hochzeit muss im entsprechenden Rahmen gefeiert werden"}]},{"@type":"WebSite","@id":"https:\/\/www.tafeldeko.de\/news\/#website","url":"https:\/\/www.tafeldeko.de\/news\/","name":"Tafeldeko","description":"Blog mit Tischdeko und Tischdekoration Ideen","potentialAction":[{"@type":"SearchAction","target":{"@type":"EntryPoint","urlTemplate":"https:\/\/www.tafeldeko.de\/news\/?s={search_term_string}"},"query-input":"required name=search_term_string"}],"inLanguage":"de-DE"},{"@type":"Person","@id":"https:\/\/www.tafeldeko.de\/news\/#\/schema\/person\/d2acd86447ed0b6336089a8ba83164a0","name":"Christiane Stein","image":{"@type":"ImageObject","inLanguage":"de-DE","@id":"https:\/\/www.tafeldeko.de\/news\/#\/schema\/person\/image\/","url":"https:\/\/secure.gravatar.com\/avatar\/2054729fbfd1ebc9d3cf1fd55361d0b6?s=96&d=mm&r=g","contentUrl":"https:\/\/secure.gravatar.com\/avatar\/2054729fbfd1ebc9d3cf1fd55361d0b6?s=96&d=mm&r=g","caption":"Christiane Stein"}}]}},"_links":{"self":[{"href":"https:\/\/www.tafeldeko.de\/news\/wp-json\/wp\/v2\/posts\/1472"}],"collection":[{"href":"https:\/\/www.tafeldeko.de\/news\/wp-json\/wp\/v2\/posts"}],"about":[{"href":"https:\/\/www.tafeldeko.de\/news\/wp-json\/wp\/v2\/types\/post"}],"author":[{"embeddable":true,"href":"https:\/\/www.tafeldeko.de\/news\/wp-json\/wp\/v2\/users\/2"}],"replies":[{"embeddable":true,"href":"https:\/\/www.tafeldeko.de\/news\/wp-json\/wp\/v2\/comments?post=1472"}],"version-history":[{"count":0,"href":"https:\/\/www.tafeldeko.de\/news\/wp-json\/wp\/v2\/posts\/1472\/revisions"}],"wp:featuredmedia":[{"embeddable":true,"href":"https:\/\/www.tafeldeko.de\/news\/wp-json\/wp\/v2\/media\/1446"}],"wp:attachment":[{"href":"https:\/\/www.tafeldeko.de\/news\/wp-json\/wp\/v2\/media?parent=1472"}],"wp:term":[{"taxonomy":"category","embeddable":true,"href":"https:\/\/www.tafeldeko.de\/news\/wp-json\/wp\/v2\/categories?post=1472"},{"taxonomy":"post_tag","embeddable":true,"href":"https:\/\/www.tafeldeko.de\/news\/wp-json\/wp\/v2\/tags?post=1472"}],"curies":[{"name":"wp","href":"https:\/\/api.w.org\/{rel}","templated":true}]}}