{"id":1407,"date":"2014-02-28T09:50:06","date_gmt":"2014-02-28T07:50:06","guid":{"rendered":"http:\/\/www.tafeldeko.de\/news\/?p=1407"},"modified":"2023-02-20T10:22:33","modified_gmt":"2023-02-20T09:22:33","slug":"edle-accessoires-schmuecken-die-tischdeko-zur-kommunion","status":"publish","type":"post","link":"https:\/\/www.tafeldeko.de\/news\/edle-accessoires-schmuecken-die-tischdeko-zur-kommunion\/","title":{"rendered":"Edle Accessoires schm\u00fccken die Tischdeko zur Kommunion"},"content":{"rendered":"<p>Edle Accessoires f\u00fcr die Tischdeko. In nur wenigen Wochen steht etlichen Kindern ein gro\u00dfer Tag bevor: die Kommunion. Dieser Tag, dieser Anlass ist schon etwas Besonderes und wird in der Regel auch entsprechend gefeiert. Im Kreise der Familie, mit den Paten und Verwandten folgt im Anschluss an den Gottesdienst in der Kirche die Kommunionsfeier. Diese findet entweder zu Hause, im Restaurant oder in anderen Lokalit\u00e4ten statt. Ganz gleich, wo man feiert, eines sollte auf jeden Fall Ber\u00fccksichtigung finden &#8211; die <b>Tischdeko zur Kommunion<\/b>.<\/p>\n<p><img decoding=\"async\" loading=\"lazy\" src=\"https:\/\/www.tafeldeko.de\/news\/wp-content\/uploads\/2014\/09\/kommunion_neu_violet.jpg\" sizes=\"(max-width: 448px) 100vw, 448px\" srcset=\"https:\/\/www.tafeldeko.de\/news\/wp-content\/uploads\/2014\/09\/kommunion_neu_violet.jpg 448w, https:\/\/www.tafeldeko.de\/news\/wp-content\/uploads\/2014\/09\/kommunion_neu_violet-300x194.jpg 300w\" alt=\"Edle Accessoires Tischdeko\" width=\"448\" height=\"290\" \/><\/p>\n<h2>Edle Accessoires f\u00fcr die Tischdeko<\/h2>\n<p>Bei der Tischdeko bieten sich nat\u00fcrlich viele Varianten &#8211; von schlicht, einfach bis hin zu poppig, peppig und pomp\u00f6s kann alles vertreten sein. Bei der Auswahl der edlen Accessoires f\u00fcr die Tischdeko und der Farbe kommt es nat\u00fcrlich darauf an, wer seine Kommunion feiert &#8211; ein Junge oder ein M\u00e4dchen.<br \/>\nFragt man einen Jungen, wie er sich die Tischdeko zu seiner Kommunion vorstellt, lautet die Antwort wahrscheinlich: &#8220;Wei\u00df ich nicht, mir egal, ich brauche eigentlich gar keine&#8221;. M\u00e4dchen dagegen werden direkt begeistert sein und ihre Vorstellungen in Sachen Farbe zum Besten geben. F\u00fcr Ideen, wie die Tischdeko Kommunion aussehen kann, bietet Ihnen Tafeldeko <b><a title=\"wundervolle Mustertische\" href=\"https:\/\/www.tafeldeko.de\/kommunion-tischdeko\/\">wundervolle Mustertische<\/a><\/b> f\u00fcr die Kommunion und auch Konfirmation.<\/p>\n<h2>Edle Accessoires schm\u00fccken den Tisch<\/h2>\n<p>M\u00e4dchen werden von dem Tisch in Violett begeistert sein. Wei\u00dfe und violette Elemente machen den Tisch zu einem Hingucker. F\u00fcr die <b>gl\u00e4nzenden Effekte<\/b> sorgen Accessoires in Silber, wie zum Beispiel die Dekovase in Silber geb\u00fcrstet in verschiedenen H\u00f6hen. Gerade in der Tischmitte bringen die Dekovasen, best\u00fcckt mit Kunstblumen Magnolie in Lachsrosa einen edlen und glanzvollen Blickpunkt, ein. Auch das 3er Set Teelichthalter in Silber geb\u00fcrstet, einfach zwischen die verschiedenen Accessoires gestellt, verleihen der Tafel ihren besonderen Charme und Glanz. Tischb\u00e4nder in Wei\u00df und in verschiedenen Materialien, im Kontrast zu dem violetten Duni Tischl\u00e4ufer, machen die Sch\u00f6nheit der Tischdeko aus.<\/p>\n<p>Alle Accessoires, die Sie auf dem Mustertisch in Violett zur Kommunion sehen, erhalten Sie im Onlineshop von <b><a title=\"Tafeldeko\" href=\"https:\/\/www.tafeldeko.de\">Tafeldeko<\/a><\/b>. Wir w\u00fcnschen eine wundersch\u00f6ne Kommunion.<\/p>\n<p><a role=\"button\" href=\"https:\/\/www.tafeldeko.de\/tischdeko-ideen\/\"><br \/>\n&gt;&gt; Zu den Mustertischen &lt;&lt;<br \/>\n<\/a><\/p>\n<h2>Weitere Beitr\u00e4ge:<\/h2>\n<h2>Dekoartikel von A-Z<\/h2>\n<p><a href=\"https:\/\/www.tafeldeko.de\/tischdeko-artikel\/\"><br \/>\nJetzt entdecken <\/a><\/p>\n","protected":false},"excerpt":{"rendered":"<p>In nur wenigen Wochen steht etlichen Kindern ein gro\u00dfer Tag bevor: die Kommunion. Dieser Tag, dieser Anlass ist schon etwas Besonderes und wird in der Regel auch entsprechend gefeiert. Im Kreise der Familie, mit den Paten und Verwandten folgt im Anschluss an den Gottesdienst in der Kirche die Kommunionsfeier. Diese findet entweder zu Hause, im Restaurant oder in anderen Lokalit\u00e4ten statt. Ganz gleich, wo man feiert, eines sollte auf jeden Fall Ber\u00fccksichtigung finden &#8211; die Tischdeko zur Kommunion.<\/p>\n","protected":false},"author":2,"featured_media":1408,"comment_status":"open","ping_status":"open","sticky":false,"template":"","format":"standard","meta":{"footnotes":""},"categories":[1],"tags":[],"yoast_head":"<!-- This site is optimized with the Yoast SEO plugin v20.4 - https:\/\/yoast.com\/wordpress\/plugins\/seo\/ -->\n<title>Edle Accessoires schm\u00fccken die Tischdeko zur Kommunion - Tafeldeko<\/title>\n<meta name=\"description\" content=\"Edle Accessoires f\u00fcr die Tischdeko. Die Tischdeko zur Kommunion in Violett, best\u00fcckt mit gl\u00e4nzenden, silbernen Accessoires, ist der...\" \/>\n<meta name=\"robots\" content=\"index, follow, max-snippet:-1, max-image-preview:large, max-video-preview:-1\" \/>\n<link rel=\"canonical\" href=\"https:\/\/www.tafeldeko.de\/news\/edle-accessoires-schmuecken-die-tischdeko-zur-kommunion\/\" \/>\n<meta property=\"og:locale\" content=\"de_DE\" \/>\n<meta property=\"og:type\" content=\"article\" \/>\n<meta property=\"og:title\" content=\"Edle Accessoires schm\u00fccken die Tischdeko zur Kommunion - Tafeldeko\" \/>\n<meta property=\"og:description\" content=\"Edle Accessoires f\u00fcr die Tischdeko. Die Tischdeko zur Kommunion in Violett, best\u00fcckt mit gl\u00e4nzenden, silbernen Accessoires, ist der...\" \/>\n<meta property=\"og:url\" content=\"https:\/\/www.tafeldeko.de\/news\/edle-accessoires-schmuecken-die-tischdeko-zur-kommunion\/\" \/>\n<meta property=\"og:site_name\" content=\"Tafeldeko\" \/>\n<meta property=\"article:publisher\" content=\"https:\/\/www.facebook.com\/pages\/Tafeldeko-einzigartige-Tischdekoration\/174202655894\" \/>\n<meta property=\"article:published_time\" content=\"2014-02-28T07:50:06+00:00\" \/>\n<meta property=\"article:modified_time\" content=\"2023-02-20T09:22:33+00:00\" \/>\n<meta property=\"og:image\" content=\"https:\/\/www.tafeldeko.de\/news\/wp-content\/uploads\/2014\/09\/kommunion_neu_violet.jpg\" \/>\n\t<meta property=\"og:image:width\" content=\"448\" \/>\n\t<meta property=\"og:image:height\" content=\"290\" \/>\n\t<meta property=\"og:image:type\" content=\"image\/jpeg\" \/>\n<meta name=\"author\" content=\"Christiane Stein\" \/>\n<meta name=\"twitter:label1\" content=\"Verfasst von\" \/>\n\t<meta name=\"twitter:data1\" content=\"Christiane Stein\" \/>\n\t<meta name=\"twitter:label2\" content=\"Gesch\u00e4tzte Lesezeit\" \/>\n\t<meta name=\"twitter:data2\" content=\"3 Minuten\" \/>\n<script type=\"application\/ld+json\" class=\"yoast-schema-graph\">{\"@context\":\"https:\/\/schema.org\",\"@graph\":[{\"@type\":\"WebPage\",\"@id\":\"https:\/\/www.tafeldeko.de\/news\/edle-accessoires-schmuecken-die-tischdeko-zur-kommunion\/\",\"url\":\"https:\/\/www.tafeldeko.de\/news\/edle-accessoires-schmuecken-die-tischdeko-zur-kommunion\/\",\"name\":\"Edle Accessoires schm\u00fccken die Tischdeko zur Kommunion - Tafeldeko\",\"isPartOf\":{\"@id\":\"https:\/\/www.tafeldeko.de\/news\/#website\"},\"datePublished\":\"2014-02-28T07:50:06+00:00\",\"dateModified\":\"2023-02-20T09:22:33+00:00\",\"author\":{\"@id\":\"https:\/\/www.tafeldeko.de\/news\/#\/schema\/person\/d2acd86447ed0b6336089a8ba83164a0\"},\"description\":\"Edle Accessoires f\u00fcr die Tischdeko. Die Tischdeko zur Kommunion in Violett, best\u00fcckt mit gl\u00e4nzenden, silbernen Accessoires, ist der...\",\"breadcrumb\":{\"@id\":\"https:\/\/www.tafeldeko.de\/news\/edle-accessoires-schmuecken-die-tischdeko-zur-kommunion\/#breadcrumb\"},\"inLanguage\":\"de-DE\",\"potentialAction\":[{\"@type\":\"ReadAction\",\"target\":[\"https:\/\/www.tafeldeko.de\/news\/edle-accessoires-schmuecken-die-tischdeko-zur-kommunion\/\"]}]},{\"@type\":\"BreadcrumbList\",\"@id\":\"https:\/\/www.tafeldeko.de\/news\/edle-accessoires-schmuecken-die-tischdeko-zur-kommunion\/#breadcrumb\",\"itemListElement\":[{\"@type\":\"ListItem\",\"position\":1,\"name\":\"Tafeldeko\",\"item\":\"https:\/\/www.tafeldeko.de\/news\/\"},{\"@type\":\"ListItem\",\"position\":2,\"name\":\"Alte Beitr\u00e4ge\",\"item\":\"https:\/\/www.tafeldeko.de\/news\/alte-beitraege\/\"},{\"@type\":\"ListItem\",\"position\":3,\"name\":\"Tischdeko - Blog\",\"item\":\"https:\/\/www.tafeldeko.de\/news\/alte-beitraege\/tischdeko-blog\/\"},{\"@type\":\"ListItem\",\"position\":4,\"name\":\"Edle Accessoires schm\u00fccken die Tischdeko zur Kommunion\"}]},{\"@type\":\"WebSite\",\"@id\":\"https:\/\/www.tafeldeko.de\/news\/#website\",\"url\":\"https:\/\/www.tafeldeko.de\/news\/\",\"name\":\"Tafeldeko\",\"description\":\"Blog mit Tischdeko und Tischdekoration Ideen\",\"potentialAction\":[{\"@type\":\"SearchAction\",\"target\":{\"@type\":\"EntryPoint\",\"urlTemplate\":\"https:\/\/www.tafeldeko.de\/news\/?s={search_term_string}\"},\"query-input\":\"required name=search_term_string\"}],\"inLanguage\":\"de-DE\"},{\"@type\":\"Person\",\"@id\":\"https:\/\/www.tafeldeko.de\/news\/#\/schema\/person\/d2acd86447ed0b6336089a8ba83164a0\",\"name\":\"Christiane Stein\",\"image\":{\"@type\":\"ImageObject\",\"inLanguage\":\"de-DE\",\"@id\":\"https:\/\/www.tafeldeko.de\/news\/#\/schema\/person\/image\/\",\"url\":\"https:\/\/secure.gravatar.com\/avatar\/2054729fbfd1ebc9d3cf1fd55361d0b6?s=96&d=mm&r=g\",\"contentUrl\":\"https:\/\/secure.gravatar.com\/avatar\/2054729fbfd1ebc9d3cf1fd55361d0b6?s=96&d=mm&r=g\",\"caption\":\"Christiane Stein\"}}]}<\/script>\n<!-- \/ Yoast SEO plugin. -->","yoast_head_json":{"title":"Edle Accessoires schm\u00fccken die Tischdeko zur Kommunion - Tafeldeko","description":"Edle Accessoires f\u00fcr die Tischdeko. Die Tischdeko zur Kommunion in Violett, best\u00fcckt mit gl\u00e4nzenden, silbernen Accessoires, ist der...","robots":{"index":"index","follow":"follow","max-snippet":"max-snippet:-1","max-image-preview":"max-image-preview:large","max-video-preview":"max-video-preview:-1"},"canonical":"https:\/\/www.tafeldeko.de\/news\/edle-accessoires-schmuecken-die-tischdeko-zur-kommunion\/","og_locale":"de_DE","og_type":"article","og_title":"Edle Accessoires schm\u00fccken die Tischdeko zur Kommunion - Tafeldeko","og_description":"Edle Accessoires f\u00fcr die Tischdeko. Die Tischdeko zur Kommunion in Violett, best\u00fcckt mit gl\u00e4nzenden, silbernen Accessoires, ist der...","og_url":"https:\/\/www.tafeldeko.de\/news\/edle-accessoires-schmuecken-die-tischdeko-zur-kommunion\/","og_site_name":"Tafeldeko","article_publisher":"https:\/\/www.facebook.com\/pages\/Tafeldeko-einzigartige-Tischdekoration\/174202655894","article_published_time":"2014-02-28T07:50:06+00:00","article_modified_time":"2023-02-20T09:22:33+00:00","og_image":[{"width":448,"height":290,"url":"https:\/\/www.tafeldeko.de\/news\/wp-content\/uploads\/2014\/09\/kommunion_neu_violet.jpg","type":"image\/jpeg"}],"author":"Christiane Stein","twitter_misc":{"Verfasst von":"Christiane Stein","Gesch\u00e4tzte Lesezeit":"3 Minuten"},"schema":{"@context":"https:\/\/schema.org","@graph":[{"@type":"WebPage","@id":"https:\/\/www.tafeldeko.de\/news\/edle-accessoires-schmuecken-die-tischdeko-zur-kommunion\/","url":"https:\/\/www.tafeldeko.de\/news\/edle-accessoires-schmuecken-die-tischdeko-zur-kommunion\/","name":"Edle Accessoires schm\u00fccken die Tischdeko zur Kommunion - Tafeldeko","isPartOf":{"@id":"https:\/\/www.tafeldeko.de\/news\/#website"},"datePublished":"2014-02-28T07:50:06+00:00","dateModified":"2023-02-20T09:22:33+00:00","author":{"@id":"https:\/\/www.tafeldeko.de\/news\/#\/schema\/person\/d2acd86447ed0b6336089a8ba83164a0"},"description":"Edle Accessoires f\u00fcr die Tischdeko. Die Tischdeko zur Kommunion in Violett, best\u00fcckt mit gl\u00e4nzenden, silbernen Accessoires, ist der...","breadcrumb":{"@id":"https:\/\/www.tafeldeko.de\/news\/edle-accessoires-schmuecken-die-tischdeko-zur-kommunion\/#breadcrumb"},"inLanguage":"de-DE","potentialAction":[{"@type":"ReadAction","target":["https:\/\/www.tafeldeko.de\/news\/edle-accessoires-schmuecken-die-tischdeko-zur-kommunion\/"]}]},{"@type":"BreadcrumbList","@id":"https:\/\/www.tafeldeko.de\/news\/edle-accessoires-schmuecken-die-tischdeko-zur-kommunion\/#breadcrumb","itemListElement":[{"@type":"ListItem","position":1,"name":"Tafeldeko","item":"https:\/\/www.tafeldeko.de\/news\/"},{"@type":"ListItem","position":2,"name":"Alte Beitr\u00e4ge","item":"https:\/\/www.tafeldeko.de\/news\/alte-beitraege\/"},{"@type":"ListItem","position":3,"name":"Tischdeko - Blog","item":"https:\/\/www.tafeldeko.de\/news\/alte-beitraege\/tischdeko-blog\/"},{"@type":"ListItem","position":4,"name":"Edle Accessoires schm\u00fccken die Tischdeko zur Kommunion"}]},{"@type":"WebSite","@id":"https:\/\/www.tafeldeko.de\/news\/#website","url":"https:\/\/www.tafeldeko.de\/news\/","name":"Tafeldeko","description":"Blog mit Tischdeko und Tischdekoration Ideen","potentialAction":[{"@type":"SearchAction","target":{"@type":"EntryPoint","urlTemplate":"https:\/\/www.tafeldeko.de\/news\/?s={search_term_string}"},"query-input":"required name=search_term_string"}],"inLanguage":"de-DE"},{"@type":"Person","@id":"https:\/\/www.tafeldeko.de\/news\/#\/schema\/person\/d2acd86447ed0b6336089a8ba83164a0","name":"Christiane Stein","image":{"@type":"ImageObject","inLanguage":"de-DE","@id":"https:\/\/www.tafeldeko.de\/news\/#\/schema\/person\/image\/","url":"https:\/\/secure.gravatar.com\/avatar\/2054729fbfd1ebc9d3cf1fd55361d0b6?s=96&d=mm&r=g","contentUrl":"https:\/\/secure.gravatar.com\/avatar\/2054729fbfd1ebc9d3cf1fd55361d0b6?s=96&d=mm&r=g","caption":"Christiane Stein"}}]}},"_links":{"self":[{"href":"https:\/\/www.tafeldeko.de\/news\/wp-json\/wp\/v2\/posts\/1407"}],"collection":[{"href":"https:\/\/www.tafeldeko.de\/news\/wp-json\/wp\/v2\/posts"}],"about":[{"href":"https:\/\/www.tafeldeko.de\/news\/wp-json\/wp\/v2\/types\/post"}],"author":[{"embeddable":true,"href":"https:\/\/www.tafeldeko.de\/news\/wp-json\/wp\/v2\/users\/2"}],"replies":[{"embeddable":true,"href":"https:\/\/www.tafeldeko.de\/news\/wp-json\/wp\/v2\/comments?post=1407"}],"version-history":[{"count":11,"href":"https:\/\/www.tafeldeko.de\/news\/wp-json\/wp\/v2\/posts\/1407\/revisions"}],"predecessor-version":[{"id":23837,"href":"https:\/\/www.tafeldeko.de\/news\/wp-json\/wp\/v2\/posts\/1407\/revisions\/23837"}],"wp:featuredmedia":[{"embeddable":true,"href":"https:\/\/www.tafeldeko.de\/news\/wp-json\/wp\/v2\/media\/1408"}],"wp:attachment":[{"href":"https:\/\/www.tafeldeko.de\/news\/wp-json\/wp\/v2\/media?parent=1407"}],"wp:term":[{"taxonomy":"category","embeddable":true,"href":"https:\/\/www.tafeldeko.de\/news\/wp-json\/wp\/v2\/categories?post=1407"},{"taxonomy":"post_tag","embeddable":true,"href":"https:\/\/www.tafeldeko.de\/news\/wp-json\/wp\/v2\/tags?post=1407"}],"curies":[{"name":"wp","href":"https:\/\/api.w.org\/{rel}","templated":true}]}}