{"id":1405,"date":"2014-02-22T18:34:31","date_gmt":"2014-02-22T16:34:31","guid":{"rendered":"http:\/\/www.tafeldeko.de\/news\/?p=1405"},"modified":"2023-02-20T10:46:23","modified_gmt":"2023-02-20T09:46:23","slug":"kommunion-und-die-tischdeko","status":"publish","type":"post","link":"https:\/\/www.tafeldeko.de\/news\/kommunion-und-die-tischdeko\/","title":{"rendered":"Kommunion und die Tischdeko"},"content":{"rendered":"<p>Auch in diesem Jahr werden viele Kinder zur Heiligen Kommunion gehen. Die Vorbereitungen f\u00fcr den Kommunions-Gottesdienst sind schon in vollem Gange und auch zu Hause werden die ersten Vorbereitungen getroffen.<br \/>\nEinladungen wurden bereits verschickt, das Restaurant f\u00fcr die Feier oder der Party-Service sind bereits geordert und die Tischdekoration ist bei einigen bereits gekl\u00e4rt.<br \/>\nWenn es um die <b>Tischdeko zur Kommunion <\/b>geht, wird man feststellen, dass es gar nicht so einfach ist, sich f\u00fcr eine Art zu entscheiden.<\/p>\n<p><img decoding=\"async\" loading=\"lazy\" src=\"https:\/\/www.tafeldeko.de\/news\/wp-content\/uploads\/2014\/09\/kommunion_neu_blau.jpg\" sizes=\"(max-width: 448px) 100vw, 448px\" srcset=\"https:\/\/www.tafeldeko.de\/news\/wp-content\/uploads\/2014\/09\/kommunion_neu_blau.jpg 448w, https:\/\/www.tafeldeko.de\/news\/wp-content\/uploads\/2014\/09\/kommunion_neu_blau-300x192.jpg 300w\" alt=\"Kommunion und die Tischdeko\" width=\"448\" height=\"287\" \/><\/p>\n<p>In welcher Farbe sieht die Tischdeko sch\u00f6n und ansprechend aus? Mit welchen Accessoires k\u00f6nnen besondere Blickf\u00e4nge gesetzt werden?<br \/>\nTafeldeko bietet Ihnen wundervolle <b><a title=\"Kommunion Mustertische\" href=\"https:\/\/www.tafeldeko.de\/kommunion-tischdeko\/\">Kommunion Mustertische<\/a><\/b>, die als Anregung dienen oder die 1:1 \u00fcbernommen werden k\u00f6nnen. Die jeweiligen Accessoires k\u00f6nnen Sie im Onlineshop bequem bestellen.<\/p>\n<h2>Kommunion und die Tischdeko &#8211; tolle Momente<\/h2>\n<p>Kommunionstische in Blau, Gold, Gr\u00fcn und Orange, Silber, Rot und Aubergine oder im maritimen Look k\u00f6nnen das heilige Fest untermalen und das entsprechend sch\u00f6ne Ambiente verleihen. Auf den Tischen leuchten Drahtkugeln, Kommunionsymbole, Bl\u00fcten und <b><a title=\"Blumen\" href=\"https:\/\/www.tafeldeko.de\/index.php\/cat\/c1918_Rosen.html\">Blumen<\/a><\/b>, Kerzen auf Spiegeluntersetzern, Satin-Tischb\u00e4nder, Glaslinsen und vieles mehr. Jeder Kommuniontisch verk\u00f6rpert den ganz eigenen Stil und es f\u00e4llt schwer, sich f\u00fcr einen Tisch zu entscheiden.<br \/>\nUnd bevor man sich festlegt, die Hauptperson, sprich das Kommunionkind, sollte nat\u00fcrlich mit involviert werden, wenn es um Farbe und Accessoires bei der Tischdeko geht. Denn hier steht das Kind im Vordergrund, so dass auch das Kind bestimmen kann, wie der Tisch zu seinem Ehrenfest aussehen soll.<br \/>\nDieser <b>Kommunionstisch in Blau<\/b> leuchtet und strahlt in edlem Glanz. Eine tolle Basis f\u00fcr ein wundersch\u00f6nes Fest anl\u00e4sslich der Kommunion. Edle Accessoires wie die Dekovase in Silber geb\u00fcrstet, dekoriert mit wei\u00dfen Rosen verleiht der Tischmitte einen <b>Hingucker<\/b>. Baby-Engel sitzend bringen den kindlichen Touch auf den Tisch.<br \/>\nVon dieser Tischdeko wird nicht nur das Kommunionkind begeistert sein, sondern auch die G\u00e4ste.<\/p>\n<p><a role=\"button\" href=\"https:\/\/www.tafeldeko.de\/tischdeko-ideen\/kommunion-tischdeko\/\"><br \/>\n&gt;&gt; Zu den Mustertischen &lt;&lt;<br \/>\n<\/a><\/p>\n<h2>Weitere Beitr\u00e4ge:<\/h2>\n<h2>Dekoartikel von A-Z<\/h2>\n<p><a href=\"https:\/\/www.tafeldeko.de\/tischdeko-artikel\/\"><br \/>\nJetzt entdecken <\/a><\/p>\n","protected":false},"excerpt":{"rendered":"<p>Auch in diesem Jahr werden viele Kinder zur Heiligen Kommunion gehen. Die Vorbereitungen f\u00fcr den Kommunions-Gottesdienst sind schon in vollem Gange und auch zu Hause werden die ersten Vorbereitungen getroffen.<br \/>\nEinladungen wurden bereits verschickt, das Restaurant f\u00fcr die Feier oder der Party-Service sind bereits geordert und die Tischdekoration ist bei einigen bereits gekl\u00e4rt.<\/p>\n","protected":false},"author":2,"featured_media":1406,"comment_status":"open","ping_status":"open","sticky":false,"template":"","format":"standard","meta":{"footnotes":""},"categories":[1],"tags":[],"yoast_head":"<!-- This site is optimized with the Yoast SEO plugin v20.4 - https:\/\/yoast.com\/wordpress\/plugins\/seo\/ -->\n<title>Kommunion und die Tischdeko - Tafeldeko<\/title>\n<meta name=\"description\" content=\"Mit der Kommunion Tischdeko in Blau, gespickt mit wundersch\u00f6nen, leuchtenden und gl\u00e4nzenden Elementen werden Sie die G\u00e4ste begeistern.\" \/>\n<meta name=\"robots\" content=\"index, follow, max-snippet:-1, max-image-preview:large, max-video-preview:-1\" \/>\n<link rel=\"canonical\" href=\"https:\/\/www.tafeldeko.de\/news\/kommunion-und-die-tischdeko\/\" \/>\n<meta property=\"og:locale\" content=\"de_DE\" \/>\n<meta property=\"og:type\" content=\"article\" \/>\n<meta property=\"og:title\" content=\"Kommunion und die Tischdeko - Tafeldeko\" \/>\n<meta property=\"og:description\" content=\"Mit der Kommunion Tischdeko in Blau, gespickt mit wundersch\u00f6nen, leuchtenden und gl\u00e4nzenden Elementen werden Sie die G\u00e4ste begeistern.\" \/>\n<meta property=\"og:url\" content=\"https:\/\/www.tafeldeko.de\/news\/kommunion-und-die-tischdeko\/\" \/>\n<meta property=\"og:site_name\" content=\"Tafeldeko\" \/>\n<meta property=\"article:publisher\" content=\"https:\/\/www.facebook.com\/pages\/Tafeldeko-einzigartige-Tischdekoration\/174202655894\" \/>\n<meta property=\"article:published_time\" content=\"2014-02-22T16:34:31+00:00\" \/>\n<meta property=\"article:modified_time\" content=\"2023-02-20T09:46:23+00:00\" \/>\n<meta property=\"og:image\" content=\"https:\/\/www.tafeldeko.de\/news\/wp-content\/uploads\/2014\/09\/kommunion_neu_blau.jpg\" \/>\n\t<meta property=\"og:image:width\" content=\"448\" \/>\n\t<meta property=\"og:image:height\" content=\"287\" \/>\n\t<meta property=\"og:image:type\" content=\"image\/jpeg\" \/>\n<meta name=\"author\" content=\"Christiane Stein\" \/>\n<meta name=\"twitter:label1\" content=\"Verfasst von\" \/>\n\t<meta name=\"twitter:data1\" content=\"Christiane Stein\" \/>\n\t<meta name=\"twitter:label2\" content=\"Gesch\u00e4tzte Lesezeit\" \/>\n\t<meta name=\"twitter:data2\" content=\"2 Minuten\" \/>\n<script type=\"application\/ld+json\" class=\"yoast-schema-graph\">{\"@context\":\"https:\/\/schema.org\",\"@graph\":[{\"@type\":\"WebPage\",\"@id\":\"https:\/\/www.tafeldeko.de\/news\/kommunion-und-die-tischdeko\/\",\"url\":\"https:\/\/www.tafeldeko.de\/news\/kommunion-und-die-tischdeko\/\",\"name\":\"Kommunion und die Tischdeko - Tafeldeko\",\"isPartOf\":{\"@id\":\"https:\/\/www.tafeldeko.de\/news\/#website\"},\"datePublished\":\"2014-02-22T16:34:31+00:00\",\"dateModified\":\"2023-02-20T09:46:23+00:00\",\"author\":{\"@id\":\"https:\/\/www.tafeldeko.de\/news\/#\/schema\/person\/d2acd86447ed0b6336089a8ba83164a0\"},\"description\":\"Mit der Kommunion Tischdeko in Blau, gespickt mit wundersch\u00f6nen, leuchtenden und gl\u00e4nzenden Elementen werden Sie die G\u00e4ste begeistern.\",\"breadcrumb\":{\"@id\":\"https:\/\/www.tafeldeko.de\/news\/kommunion-und-die-tischdeko\/#breadcrumb\"},\"inLanguage\":\"de-DE\",\"potentialAction\":[{\"@type\":\"ReadAction\",\"target\":[\"https:\/\/www.tafeldeko.de\/news\/kommunion-und-die-tischdeko\/\"]}]},{\"@type\":\"BreadcrumbList\",\"@id\":\"https:\/\/www.tafeldeko.de\/news\/kommunion-und-die-tischdeko\/#breadcrumb\",\"itemListElement\":[{\"@type\":\"ListItem\",\"position\":1,\"name\":\"Tafeldeko\",\"item\":\"https:\/\/www.tafeldeko.de\/news\/\"},{\"@type\":\"ListItem\",\"position\":2,\"name\":\"Alte Beitr\u00e4ge\",\"item\":\"https:\/\/www.tafeldeko.de\/news\/alte-beitraege\/\"},{\"@type\":\"ListItem\",\"position\":3,\"name\":\"Tischdeko - Blog\",\"item\":\"https:\/\/www.tafeldeko.de\/news\/alte-beitraege\/tischdeko-blog\/\"},{\"@type\":\"ListItem\",\"position\":4,\"name\":\"Kommunion und die Tischdeko\"}]},{\"@type\":\"WebSite\",\"@id\":\"https:\/\/www.tafeldeko.de\/news\/#website\",\"url\":\"https:\/\/www.tafeldeko.de\/news\/\",\"name\":\"Tafeldeko\",\"description\":\"Blog mit Tischdeko und Tischdekoration Ideen\",\"potentialAction\":[{\"@type\":\"SearchAction\",\"target\":{\"@type\":\"EntryPoint\",\"urlTemplate\":\"https:\/\/www.tafeldeko.de\/news\/?s={search_term_string}\"},\"query-input\":\"required name=search_term_string\"}],\"inLanguage\":\"de-DE\"},{\"@type\":\"Person\",\"@id\":\"https:\/\/www.tafeldeko.de\/news\/#\/schema\/person\/d2acd86447ed0b6336089a8ba83164a0\",\"name\":\"Christiane Stein\",\"image\":{\"@type\":\"ImageObject\",\"inLanguage\":\"de-DE\",\"@id\":\"https:\/\/www.tafeldeko.de\/news\/#\/schema\/person\/image\/\",\"url\":\"https:\/\/secure.gravatar.com\/avatar\/2054729fbfd1ebc9d3cf1fd55361d0b6?s=96&d=mm&r=g\",\"contentUrl\":\"https:\/\/secure.gravatar.com\/avatar\/2054729fbfd1ebc9d3cf1fd55361d0b6?s=96&d=mm&r=g\",\"caption\":\"Christiane Stein\"}}]}<\/script>\n<!-- \/ Yoast SEO plugin. -->","yoast_head_json":{"title":"Kommunion und die Tischdeko - Tafeldeko","description":"Mit der Kommunion Tischdeko in Blau, gespickt mit wundersch\u00f6nen, leuchtenden und gl\u00e4nzenden Elementen werden Sie die G\u00e4ste begeistern.","robots":{"index":"index","follow":"follow","max-snippet":"max-snippet:-1","max-image-preview":"max-image-preview:large","max-video-preview":"max-video-preview:-1"},"canonical":"https:\/\/www.tafeldeko.de\/news\/kommunion-und-die-tischdeko\/","og_locale":"de_DE","og_type":"article","og_title":"Kommunion und die Tischdeko - Tafeldeko","og_description":"Mit der Kommunion Tischdeko in Blau, gespickt mit wundersch\u00f6nen, leuchtenden und gl\u00e4nzenden Elementen werden Sie die G\u00e4ste begeistern.","og_url":"https:\/\/www.tafeldeko.de\/news\/kommunion-und-die-tischdeko\/","og_site_name":"Tafeldeko","article_publisher":"https:\/\/www.facebook.com\/pages\/Tafeldeko-einzigartige-Tischdekoration\/174202655894","article_published_time":"2014-02-22T16:34:31+00:00","article_modified_time":"2023-02-20T09:46:23+00:00","og_image":[{"width":448,"height":287,"url":"https:\/\/www.tafeldeko.de\/news\/wp-content\/uploads\/2014\/09\/kommunion_neu_blau.jpg","type":"image\/jpeg"}],"author":"Christiane Stein","twitter_misc":{"Verfasst von":"Christiane Stein","Gesch\u00e4tzte Lesezeit":"2 Minuten"},"schema":{"@context":"https:\/\/schema.org","@graph":[{"@type":"WebPage","@id":"https:\/\/www.tafeldeko.de\/news\/kommunion-und-die-tischdeko\/","url":"https:\/\/www.tafeldeko.de\/news\/kommunion-und-die-tischdeko\/","name":"Kommunion und die Tischdeko - Tafeldeko","isPartOf":{"@id":"https:\/\/www.tafeldeko.de\/news\/#website"},"datePublished":"2014-02-22T16:34:31+00:00","dateModified":"2023-02-20T09:46:23+00:00","author":{"@id":"https:\/\/www.tafeldeko.de\/news\/#\/schema\/person\/d2acd86447ed0b6336089a8ba83164a0"},"description":"Mit der Kommunion Tischdeko in Blau, gespickt mit wundersch\u00f6nen, leuchtenden und gl\u00e4nzenden Elementen werden Sie die G\u00e4ste begeistern.","breadcrumb":{"@id":"https:\/\/www.tafeldeko.de\/news\/kommunion-und-die-tischdeko\/#breadcrumb"},"inLanguage":"de-DE","potentialAction":[{"@type":"ReadAction","target":["https:\/\/www.tafeldeko.de\/news\/kommunion-und-die-tischdeko\/"]}]},{"@type":"BreadcrumbList","@id":"https:\/\/www.tafeldeko.de\/news\/kommunion-und-die-tischdeko\/#breadcrumb","itemListElement":[{"@type":"ListItem","position":1,"name":"Tafeldeko","item":"https:\/\/www.tafeldeko.de\/news\/"},{"@type":"ListItem","position":2,"name":"Alte Beitr\u00e4ge","item":"https:\/\/www.tafeldeko.de\/news\/alte-beitraege\/"},{"@type":"ListItem","position":3,"name":"Tischdeko - Blog","item":"https:\/\/www.tafeldeko.de\/news\/alte-beitraege\/tischdeko-blog\/"},{"@type":"ListItem","position":4,"name":"Kommunion und die Tischdeko"}]},{"@type":"WebSite","@id":"https:\/\/www.tafeldeko.de\/news\/#website","url":"https:\/\/www.tafeldeko.de\/news\/","name":"Tafeldeko","description":"Blog mit Tischdeko und Tischdekoration Ideen","potentialAction":[{"@type":"SearchAction","target":{"@type":"EntryPoint","urlTemplate":"https:\/\/www.tafeldeko.de\/news\/?s={search_term_string}"},"query-input":"required name=search_term_string"}],"inLanguage":"de-DE"},{"@type":"Person","@id":"https:\/\/www.tafeldeko.de\/news\/#\/schema\/person\/d2acd86447ed0b6336089a8ba83164a0","name":"Christiane Stein","image":{"@type":"ImageObject","inLanguage":"de-DE","@id":"https:\/\/www.tafeldeko.de\/news\/#\/schema\/person\/image\/","url":"https:\/\/secure.gravatar.com\/avatar\/2054729fbfd1ebc9d3cf1fd55361d0b6?s=96&d=mm&r=g","contentUrl":"https:\/\/secure.gravatar.com\/avatar\/2054729fbfd1ebc9d3cf1fd55361d0b6?s=96&d=mm&r=g","caption":"Christiane Stein"}}]}},"_links":{"self":[{"href":"https:\/\/www.tafeldeko.de\/news\/wp-json\/wp\/v2\/posts\/1405"}],"collection":[{"href":"https:\/\/www.tafeldeko.de\/news\/wp-json\/wp\/v2\/posts"}],"about":[{"href":"https:\/\/www.tafeldeko.de\/news\/wp-json\/wp\/v2\/types\/post"}],"author":[{"embeddable":true,"href":"https:\/\/www.tafeldeko.de\/news\/wp-json\/wp\/v2\/users\/2"}],"replies":[{"embeddable":true,"href":"https:\/\/www.tafeldeko.de\/news\/wp-json\/wp\/v2\/comments?post=1405"}],"version-history":[{"count":8,"href":"https:\/\/www.tafeldeko.de\/news\/wp-json\/wp\/v2\/posts\/1405\/revisions"}],"predecessor-version":[{"id":23863,"href":"https:\/\/www.tafeldeko.de\/news\/wp-json\/wp\/v2\/posts\/1405\/revisions\/23863"}],"wp:featuredmedia":[{"embeddable":true,"href":"https:\/\/www.tafeldeko.de\/news\/wp-json\/wp\/v2\/media\/1406"}],"wp:attachment":[{"href":"https:\/\/www.tafeldeko.de\/news\/wp-json\/wp\/v2\/media?parent=1405"}],"wp:term":[{"taxonomy":"category","embeddable":true,"href":"https:\/\/www.tafeldeko.de\/news\/wp-json\/wp\/v2\/categories?post=1405"},{"taxonomy":"post_tag","embeddable":true,"href":"https:\/\/www.tafeldeko.de\/news\/wp-json\/wp\/v2\/tags?post=1405"}],"curies":[{"name":"wp","href":"https:\/\/api.w.org\/{rel}","templated":true}]}}