{"id":1387,"date":"2012-11-19T16:33:31","date_gmt":"2012-11-19T14:33:31","guid":{"rendered":"http:\/\/www.tafeldeko.de\/news\/?p=1387"},"modified":"2012-11-19T16:33:31","modified_gmt":"2012-11-19T14:33:31","slug":"tischdeko-fuer-die-kommunion","status":"publish","type":"post","link":"https:\/\/www.tafeldeko.de\/news\/tischdeko-fuer-die-kommunion\/","title":{"rendered":"Tischdeko f\u00fcr die Kommunion"},"content":{"rendered":"<div class=\"textumfliessenrechts\"><img decoding=\"async\" loading=\"lazy\" src=\"https:\/\/www.tafeldeko.de\/news\/media\/users\/schnurchristian\/kommunion_blau2.jpg\" alt=\"Tischdeko Kommunion\" title=\"Tischdeko Kommunion\" width=\"318\" height=\"239\"\/><br \/><a href=\"https:\/\/www.tafeldeko.de\/mustertische\/tischdeko-kommunion\/Tisch-5.html\" title=\"Kommunion Tischdeko in Blau\" ><b>Kommunion Tischdeko in Blau<\/b><\/a><\/div>\n<p> Auch wenn es noch etliche Monate bis zur<b> Heiligen Kommunion <\/b>sind, mit der Planung kann man sozusagen nicht fr\u00fch genug beginnen.<br \/>\nWer als Elternpaar im n\u00e4chsten Jahr f\u00fcr die Tochter oder den Sohn die Kommunion und die \u2013feier ausrichten d\u00fcrfen, bedeutet dies, sich rechtzeitig um alles k\u00fcmmern zu m\u00fcssen. Die G\u00e4ste, vor allen die Familienmitglieder und Paten m\u00fcssen von dem Termin in Kenntnis gesetzt werden und vor allen Dingen muss die R\u00e4umlichkeit, wenn nicht zu Hause gefeiert wird, reserviert werden.<br \/>\nAllein dieser letztere Punkt ist teilweise schon Jahre vor dem eigentlichen Termin der Kommunion in Angriff zu nehmen, vor allen Dingen in st\u00e4dtischen Gegenden.<br \/>\nEin wichtiger Punkt f\u00fcr die Feier der Kommunion ist die Tischdekoration. Sie soll der Feier <b>das gewisse Etwas<\/b> verleihen, den G\u00e4sten einen sch\u00f6nen Rahmen bieten. <\/p>\n<p>Die Kommunion des Sohnes und die Tischdeko in blau<br \/>\nJungs lieben bei der Tischdeko wohl eher die gedeckten Farben wie Blau, Gr\u00fcn oder dezente Farben, M\u00e4dchen werden die Tischdeko zur Kommunion eher in kr\u00e4ftigen und auffallenden Farben ausw\u00e4hlen.<br \/>\nDie Tischdeko zur Kommunion des Sohnes pr\u00e4sentiert sich also in blau.<br \/>\nEine cremefarbene Tischdecke bildet die Grundlage, ein blauer Duni Tischl\u00e4ufer bringt den ersten <b>blauen Effekt<\/b> in die Tischdeko ein. Damit die Tischmitte ein gl\u00e4nzender Mittelpunkt darstellt, werden blauer <b><a href=\"https:\/\/www.tafeldeko.de\/index.php\/cat\/c441_Organza-Stoffe.html\" title=\"Organzastoff\">Organzastoff<\/a><\/b>, wei\u00dfes Sizoweb Tischband, Crea Pop Fripe Tischband in creme und Deko-Perlen Tischband in creme miteinander kombiniert. Als Zeichen des Anlasses ziert ein Kommunionjunge den Tisch, dazu finden sich Kommunion Fische in Silber oder Gold in der Tischdeko wieder.<br \/>\nDiese Symbole sind auch Motive auf den Tischkarten, der Men\u00fckarte und k\u00f6nnen auch die Einladungskarten zur Kommunion auf ansprechende Weise zieren.<br \/>\nUm den blau-cremefarbenen Touch in der <b><a href=\"https:\/\/www.tafeldeko.de\/kommunion-tischdeko\/\" title=\"Tischdeko zur Kommunion\">Tischdeko zur Kommunion<\/a><\/b> des Jungen weiter zu verfolgen, werden cremefarbene und blaue Servietten von Duni miteinander gefaltet und an den Sitzpl\u00e4tzen der G\u00e4ste aufgestellt.<br \/>\nUm den feierlichen Anlass zu untermalen, sollten nat\u00fcrlich auch Kerzen in die Tischdeko integriert werden.<br \/>\nEin wundersch\u00f6n gedeckter Tisch, der genau die richtige Basis f\u00fcr die Kommunion darstellt. <\/p>\n","protected":false},"excerpt":{"rendered":"<p>Auch wenn es noch etliche Monate bis zur Heiligen Kommunion sind, mit der Planung kann man sozusagen nicht fr\u00fch genug beginnen.<br \/>\nWer als Elternpaar im n\u00e4chsten Jahr f\u00fcr die Tochter oder den Sohn die Kommunion und die \u2013feier ausrichten d\u00fcrfen, bedeutet dies, sich rechtzeitig um alles k\u00fcmmern zu m\u00fcssen. Die G\u00e4ste, vor allen die Familienmitglieder und Paten m\u00fcssen von dem Termin in Kenntnis gesetzt werden und vor allen Dingen muss die R\u00e4umlichkeit, wenn nicht zu Hause gefeiert wird, reserviert werden.<\/p>\n","protected":false},"author":2,"featured_media":1388,"comment_status":"open","ping_status":"open","sticky":false,"template":"","format":"standard","meta":{"footnotes":""},"categories":[1],"tags":[],"yoast_head":"<!-- This site is optimized with the Yoast SEO plugin v20.4 - https:\/\/yoast.com\/wordpress\/plugins\/seo\/ -->\n<title>Tischdeko f\u00fcr die Kommunion - Tafeldeko<\/title>\n<meta name=\"description\" content=\"Ein wichtiger Punkt f&#xFC;r die Feier der Kommunion ist die Tischdekoration. Sie soll der Feier das gewisse Etwas verleihen, den G&#xE4;sten einen sch&#xF6;nen Rahmen bieten.\" \/>\n<meta name=\"robots\" content=\"index, follow, max-snippet:-1, max-image-preview:large, max-video-preview:-1\" \/>\n<link rel=\"canonical\" href=\"https:\/\/www.tafeldeko.de\/news\/tischdeko-fuer-die-kommunion\/\" \/>\n<meta property=\"og:locale\" content=\"de_DE\" \/>\n<meta property=\"og:type\" content=\"article\" \/>\n<meta property=\"og:title\" content=\"Tischdeko f\u00fcr die Kommunion - Tafeldeko\" \/>\n<meta property=\"og:description\" content=\"Ein wichtiger Punkt f&#xFC;r die Feier der Kommunion ist die Tischdekoration. Sie soll der Feier das gewisse Etwas verleihen, den G&#xE4;sten einen sch&#xF6;nen Rahmen bieten.\" \/>\n<meta property=\"og:url\" content=\"https:\/\/www.tafeldeko.de\/news\/tischdeko-fuer-die-kommunion\/\" \/>\n<meta property=\"og:site_name\" content=\"Tafeldeko\" \/>\n<meta property=\"article:publisher\" content=\"https:\/\/www.facebook.com\/pages\/Tafeldeko-einzigartige-Tischdekoration\/174202655894\" \/>\n<meta property=\"article:published_time\" content=\"2012-11-19T14:33:31+00:00\" \/>\n<meta property=\"og:image\" content=\"https:\/\/www.tafeldeko.de\/news\/wp-content\/uploads\/2014\/09\/kommunion_blau2.jpg\" \/>\n\t<meta property=\"og:image:width\" content=\"448\" \/>\n\t<meta property=\"og:image:height\" content=\"269\" \/>\n\t<meta property=\"og:image:type\" content=\"image\/jpeg\" \/>\n<meta name=\"author\" content=\"Christiane Stein\" \/>\n<meta name=\"twitter:label1\" content=\"Verfasst von\" \/>\n\t<meta name=\"twitter:data1\" content=\"Christiane Stein\" \/>\n\t<meta name=\"twitter:label2\" content=\"Gesch\u00e4tzte Lesezeit\" \/>\n\t<meta name=\"twitter:data2\" content=\"2 Minuten\" \/>\n<script type=\"application\/ld+json\" class=\"yoast-schema-graph\">{\"@context\":\"https:\/\/schema.org\",\"@graph\":[{\"@type\":\"WebPage\",\"@id\":\"https:\/\/www.tafeldeko.de\/news\/tischdeko-fuer-die-kommunion\/\",\"url\":\"https:\/\/www.tafeldeko.de\/news\/tischdeko-fuer-die-kommunion\/\",\"name\":\"Tischdeko f\u00fcr die Kommunion - Tafeldeko\",\"isPartOf\":{\"@id\":\"https:\/\/www.tafeldeko.de\/news\/#website\"},\"datePublished\":\"2012-11-19T14:33:31+00:00\",\"dateModified\":\"2012-11-19T14:33:31+00:00\",\"author\":{\"@id\":\"https:\/\/www.tafeldeko.de\/news\/#\/schema\/person\/d2acd86447ed0b6336089a8ba83164a0\"},\"description\":\"Ein wichtiger Punkt f&#xFC;r die Feier der Kommunion ist die Tischdekoration. Sie soll der Feier das gewisse Etwas verleihen, den G&#xE4;sten einen sch&#xF6;nen Rahmen bieten.\",\"breadcrumb\":{\"@id\":\"https:\/\/www.tafeldeko.de\/news\/tischdeko-fuer-die-kommunion\/#breadcrumb\"},\"inLanguage\":\"de-DE\",\"potentialAction\":[{\"@type\":\"ReadAction\",\"target\":[\"https:\/\/www.tafeldeko.de\/news\/tischdeko-fuer-die-kommunion\/\"]}]},{\"@type\":\"BreadcrumbList\",\"@id\":\"https:\/\/www.tafeldeko.de\/news\/tischdeko-fuer-die-kommunion\/#breadcrumb\",\"itemListElement\":[{\"@type\":\"ListItem\",\"position\":1,\"name\":\"Tafeldeko\",\"item\":\"https:\/\/www.tafeldeko.de\/news\/\"},{\"@type\":\"ListItem\",\"position\":2,\"name\":\"Alte Beitr\u00e4ge\",\"item\":\"https:\/\/www.tafeldeko.de\/news\/alte-beitraege\/\"},{\"@type\":\"ListItem\",\"position\":3,\"name\":\"Tischdeko - Blog\",\"item\":\"https:\/\/www.tafeldeko.de\/news\/alte-beitraege\/tischdeko-blog\/\"},{\"@type\":\"ListItem\",\"position\":4,\"name\":\"Tischdeko f\u00fcr die Kommunion\"}]},{\"@type\":\"WebSite\",\"@id\":\"https:\/\/www.tafeldeko.de\/news\/#website\",\"url\":\"https:\/\/www.tafeldeko.de\/news\/\",\"name\":\"Tafeldeko\",\"description\":\"Blog mit Tischdeko und Tischdekoration Ideen\",\"potentialAction\":[{\"@type\":\"SearchAction\",\"target\":{\"@type\":\"EntryPoint\",\"urlTemplate\":\"https:\/\/www.tafeldeko.de\/news\/?s={search_term_string}\"},\"query-input\":\"required name=search_term_string\"}],\"inLanguage\":\"de-DE\"},{\"@type\":\"Person\",\"@id\":\"https:\/\/www.tafeldeko.de\/news\/#\/schema\/person\/d2acd86447ed0b6336089a8ba83164a0\",\"name\":\"Christiane Stein\",\"image\":{\"@type\":\"ImageObject\",\"inLanguage\":\"de-DE\",\"@id\":\"https:\/\/www.tafeldeko.de\/news\/#\/schema\/person\/image\/\",\"url\":\"https:\/\/secure.gravatar.com\/avatar\/2054729fbfd1ebc9d3cf1fd55361d0b6?s=96&d=mm&r=g\",\"contentUrl\":\"https:\/\/secure.gravatar.com\/avatar\/2054729fbfd1ebc9d3cf1fd55361d0b6?s=96&d=mm&r=g\",\"caption\":\"Christiane Stein\"}}]}<\/script>\n<!-- \/ Yoast SEO plugin. -->","yoast_head_json":{"title":"Tischdeko f\u00fcr die Kommunion - Tafeldeko","description":"Ein wichtiger Punkt f&#xFC;r die Feier der Kommunion ist die Tischdekoration. Sie soll der Feier das gewisse Etwas verleihen, den G&#xE4;sten einen sch&#xF6;nen Rahmen bieten.","robots":{"index":"index","follow":"follow","max-snippet":"max-snippet:-1","max-image-preview":"max-image-preview:large","max-video-preview":"max-video-preview:-1"},"canonical":"https:\/\/www.tafeldeko.de\/news\/tischdeko-fuer-die-kommunion\/","og_locale":"de_DE","og_type":"article","og_title":"Tischdeko f\u00fcr die Kommunion - Tafeldeko","og_description":"Ein wichtiger Punkt f&#xFC;r die Feier der Kommunion ist die Tischdekoration. Sie soll der Feier das gewisse Etwas verleihen, den G&#xE4;sten einen sch&#xF6;nen Rahmen bieten.","og_url":"https:\/\/www.tafeldeko.de\/news\/tischdeko-fuer-die-kommunion\/","og_site_name":"Tafeldeko","article_publisher":"https:\/\/www.facebook.com\/pages\/Tafeldeko-einzigartige-Tischdekoration\/174202655894","article_published_time":"2012-11-19T14:33:31+00:00","og_image":[{"width":448,"height":269,"url":"https:\/\/www.tafeldeko.de\/news\/wp-content\/uploads\/2014\/09\/kommunion_blau2.jpg","type":"image\/jpeg"}],"author":"Christiane Stein","twitter_misc":{"Verfasst von":"Christiane Stein","Gesch\u00e4tzte Lesezeit":"2 Minuten"},"schema":{"@context":"https:\/\/schema.org","@graph":[{"@type":"WebPage","@id":"https:\/\/www.tafeldeko.de\/news\/tischdeko-fuer-die-kommunion\/","url":"https:\/\/www.tafeldeko.de\/news\/tischdeko-fuer-die-kommunion\/","name":"Tischdeko f\u00fcr die Kommunion - Tafeldeko","isPartOf":{"@id":"https:\/\/www.tafeldeko.de\/news\/#website"},"datePublished":"2012-11-19T14:33:31+00:00","dateModified":"2012-11-19T14:33:31+00:00","author":{"@id":"https:\/\/www.tafeldeko.de\/news\/#\/schema\/person\/d2acd86447ed0b6336089a8ba83164a0"},"description":"Ein wichtiger Punkt f&#xFC;r die Feier der Kommunion ist die Tischdekoration. Sie soll der Feier das gewisse Etwas verleihen, den G&#xE4;sten einen sch&#xF6;nen Rahmen bieten.","breadcrumb":{"@id":"https:\/\/www.tafeldeko.de\/news\/tischdeko-fuer-die-kommunion\/#breadcrumb"},"inLanguage":"de-DE","potentialAction":[{"@type":"ReadAction","target":["https:\/\/www.tafeldeko.de\/news\/tischdeko-fuer-die-kommunion\/"]}]},{"@type":"BreadcrumbList","@id":"https:\/\/www.tafeldeko.de\/news\/tischdeko-fuer-die-kommunion\/#breadcrumb","itemListElement":[{"@type":"ListItem","position":1,"name":"Tafeldeko","item":"https:\/\/www.tafeldeko.de\/news\/"},{"@type":"ListItem","position":2,"name":"Alte Beitr\u00e4ge","item":"https:\/\/www.tafeldeko.de\/news\/alte-beitraege\/"},{"@type":"ListItem","position":3,"name":"Tischdeko - Blog","item":"https:\/\/www.tafeldeko.de\/news\/alte-beitraege\/tischdeko-blog\/"},{"@type":"ListItem","position":4,"name":"Tischdeko f\u00fcr die Kommunion"}]},{"@type":"WebSite","@id":"https:\/\/www.tafeldeko.de\/news\/#website","url":"https:\/\/www.tafeldeko.de\/news\/","name":"Tafeldeko","description":"Blog mit Tischdeko und Tischdekoration Ideen","potentialAction":[{"@type":"SearchAction","target":{"@type":"EntryPoint","urlTemplate":"https:\/\/www.tafeldeko.de\/news\/?s={search_term_string}"},"query-input":"required name=search_term_string"}],"inLanguage":"de-DE"},{"@type":"Person","@id":"https:\/\/www.tafeldeko.de\/news\/#\/schema\/person\/d2acd86447ed0b6336089a8ba83164a0","name":"Christiane Stein","image":{"@type":"ImageObject","inLanguage":"de-DE","@id":"https:\/\/www.tafeldeko.de\/news\/#\/schema\/person\/image\/","url":"https:\/\/secure.gravatar.com\/avatar\/2054729fbfd1ebc9d3cf1fd55361d0b6?s=96&d=mm&r=g","contentUrl":"https:\/\/secure.gravatar.com\/avatar\/2054729fbfd1ebc9d3cf1fd55361d0b6?s=96&d=mm&r=g","caption":"Christiane Stein"}}]}},"_links":{"self":[{"href":"https:\/\/www.tafeldeko.de\/news\/wp-json\/wp\/v2\/posts\/1387"}],"collection":[{"href":"https:\/\/www.tafeldeko.de\/news\/wp-json\/wp\/v2\/posts"}],"about":[{"href":"https:\/\/www.tafeldeko.de\/news\/wp-json\/wp\/v2\/types\/post"}],"author":[{"embeddable":true,"href":"https:\/\/www.tafeldeko.de\/news\/wp-json\/wp\/v2\/users\/2"}],"replies":[{"embeddable":true,"href":"https:\/\/www.tafeldeko.de\/news\/wp-json\/wp\/v2\/comments?post=1387"}],"version-history":[{"count":0,"href":"https:\/\/www.tafeldeko.de\/news\/wp-json\/wp\/v2\/posts\/1387\/revisions"}],"wp:featuredmedia":[{"embeddable":true,"href":"https:\/\/www.tafeldeko.de\/news\/wp-json\/wp\/v2\/media\/1388"}],"wp:attachment":[{"href":"https:\/\/www.tafeldeko.de\/news\/wp-json\/wp\/v2\/media?parent=1387"}],"wp:term":[{"taxonomy":"category","embeddable":true,"href":"https:\/\/www.tafeldeko.de\/news\/wp-json\/wp\/v2\/categories?post=1387"},{"taxonomy":"post_tag","embeddable":true,"href":"https:\/\/www.tafeldeko.de\/news\/wp-json\/wp\/v2\/tags?post=1387"}],"curies":[{"name":"wp","href":"https:\/\/api.w.org\/{rel}","templated":true}]}}