{"id":1382,"date":"2012-03-09T17:00:41","date_gmt":"2012-03-09T15:00:41","guid":{"rendered":"http:\/\/www.tafeldeko.de\/news\/?p=1382"},"modified":"2012-03-09T17:00:41","modified_gmt":"2012-03-09T15:00:41","slug":"die-tischdeko-fuer-die-kommunion-eines-jungen-ein-maritimer-hauch-liegt-in-der-luft","status":"publish","type":"post","link":"https:\/\/www.tafeldeko.de\/news\/die-tischdeko-fuer-die-kommunion-eines-jungen-ein-maritimer-hauch-liegt-in-der-luft\/","title":{"rendered":"Die Tischdeko f\u00fcr die Kommunion eines Jungen \u2013 ein maritimer Hauch liegt in der Luft"},"content":{"rendered":"<div class=\"textumfliessenrechts\"><img decoding=\"async\" loading=\"lazy\" src=\"https:\/\/www.tafeldeko.de\/news\/media\/users\/schnurchristian\/kommunion_junge_blau.jpg\" alt=\"Tischdeko Kommunion, Konfirmation\" title=\"Tischdeko Kommunion, Konfirmation\" width=\"298\" height=\"204\" \/><br \/><a href=\"https:\/\/www.tafeldeko.de\/mustertische\/tischdeko-kommunion\/Tisch-5.html\" title=\"Tischdeko Kommunion\"><b>Tischdeko Kommunion<\/b><\/a><\/div>\n<p> Die Kommunion, beziehungsweise die Komfirmation r\u00fcckt immer n\u00e4her. So langsam steigt die Aufregung und die Vorfreude, die Kinder besuchen den Kommunions- oder Konfirmationsunterricht, werden auf den gro\u00dfen Tag vorbereitet.<br \/>\nAuch die Eltern machen sich \u00fcber die Gestaltung dieses besonderen Tages ihre Gedanken, \u00fcberlegen, wie sie eine sch\u00f6ne Feier anl\u00e4sslich der Kommunion oder der Konfirmation ausrichten k\u00f6nnen.<br \/>\nEin Bestandteil dieser sch\u00f6nen Feier dreht sich nat\u00fcrlich um das leibliche Wohl der G\u00e4ste. Bei der Kommunion oder Konfirmation werden in der Regel die Paten und die Familienmitglieder eingeladen, um mit dem Kind diesen Tag zu feiern.<br \/>\nDamit das Essen und die Getr\u00e4nke auch im ansprechenden Rahmen pr\u00e4sentiert werden, geh\u00f6rt eine gewisse Tischdeko dazu.<br \/>\nM\u00e4dchen haben meist ihre eigene Vorstellung, wie die Tischdeko zur Kommunion oder Konfirmation aussehen soll, den Jungs ist es meist egal und \u00fcberlassen die Tischdeko der Mutter. <\/p>\n<p>Wie kann die Tischdeko f\u00fcr Jungens aussehen?<br \/>\nWelche Farben passen und welcher Stil gef\u00e4llt dem Hauptakteur und den G\u00e4sten? Diese und einige Fragen mehr gilt es im Vorfeld zu beantworten. <\/p>\n<p><b>Wie w\u00e4re es mit einer blauen Tischdeko mit einem maritimen Hauch?<\/b><br \/>\nUnd gerade dieser \u201emaritime Hauch\u201c passt hervorragend zu den Symbolen der Kommunion \u2013 den Fischen. Durch diese Kombination wirken die Symbole nicht zu religi\u00f6s, sondern f\u00fcgen sich wunderbar in die Tischdeko ein und sind die perfekte Basis f\u00fcr die <b><a href=\"https:\/\/www.tafeldeko.de\/index.php\/cat\/c926_Einladungskarten.html\" title=\"Einladungen\">Einladungen<\/a><\/b> zur Kommunion.<br \/>\nF\u00fcr die blaue Tischdeko zur Kommunion bildet eine wei\u00dfe Tischdecke die Basis, obenauf liegt ein dunkelblauer Duni Tete a Tete Tischl\u00e4ufer, verziert mit einem wei\u00dfen <b><a href=\"https:\/\/www.tafeldeko.de\/index.php\/cat\/c1807_Sizoweb-.html\" title=\"Sizoweb Tischband\">Sizoweb Tischband<\/a><\/b>. Zudem sorgt ein blaues Organza Tischband f\u00fcr den n\u00f6tigen Schick und Charme innerhalb der Tischdeko. Kleine Kommunionkinder und blaue Draht-Kugeln verleihen der Tischdeko etwas Heiteres. Nat\u00fcrlich d\u00fcrfen die Symbole der Kommunion oder Konfirmation nicht fehlen. Kommunion Fische in silber, Deko-Glassteinchen in blau und blaue Acrylbl\u00fcten komplettieren das Bild der Kommunions-Tischdeko.<br \/>\nUnd last but not least: eine Kombination aus wei\u00dfen und blauen Servietten machen die Tischdeko perfekt, die Feier kann beginnen. <\/p>\n","protected":false},"excerpt":{"rendered":"<p>Die Kommunion, beziehungsweise die Komfirmation r\u00fcckt immer n\u00e4her. So langsam steigt die Aufregung und die Vorfreude, die Kinder besuchen den Kommunions- oder Konfirmationsunterricht, werden auf den gro\u00dfen Tag vorbereitet.<br \/>\nAuch die Eltern machen sich \u00fcber die Gestaltung dieses besonderen Tages ihre Gedanken, \u00fcberlegen, wie sie eine sch\u00f6ne Feier anl\u00e4sslich der Kommunion oder der Konfirmation ausrichten k\u00f6nnen.<\/p>\n","protected":false},"author":2,"featured_media":1383,"comment_status":"open","ping_status":"open","sticky":false,"template":"","format":"standard","meta":{"footnotes":""},"categories":[1],"tags":[],"yoast_head":"<!-- This site is optimized with the Yoast SEO plugin v20.4 - https:\/\/yoast.com\/wordpress\/plugins\/seo\/ -->\n<title>Die Tischdeko f\u00fcr die Kommunion eines Jungen \u2013 ein maritimer Hauch liegt in der Luft - Tafeldeko<\/title>\n<meta name=\"description\" content=\"Wie w&#xE4;re es mit einer blauen Tischdeko zur Kommunion oder Konfirmation mit einem maritimen Hauch?\" \/>\n<meta name=\"robots\" content=\"index, follow, max-snippet:-1, max-image-preview:large, max-video-preview:-1\" \/>\n<link rel=\"canonical\" href=\"https:\/\/www.tafeldeko.de\/news\/die-tischdeko-fuer-die-kommunion-eines-jungen-ein-maritimer-hauch-liegt-in-der-luft\/\" \/>\n<meta property=\"og:locale\" content=\"de_DE\" \/>\n<meta property=\"og:type\" content=\"article\" \/>\n<meta property=\"og:title\" content=\"Die Tischdeko f\u00fcr die Kommunion eines Jungen \u2013 ein maritimer Hauch liegt in der Luft - Tafeldeko\" \/>\n<meta property=\"og:description\" content=\"Wie w&#xE4;re es mit einer blauen Tischdeko zur Kommunion oder Konfirmation mit einem maritimen Hauch?\" \/>\n<meta property=\"og:url\" content=\"https:\/\/www.tafeldeko.de\/news\/die-tischdeko-fuer-die-kommunion-eines-jungen-ein-maritimer-hauch-liegt-in-der-luft\/\" \/>\n<meta property=\"og:site_name\" content=\"Tafeldeko\" \/>\n<meta property=\"article:publisher\" content=\"https:\/\/www.facebook.com\/pages\/Tafeldeko-einzigartige-Tischdekoration\/174202655894\" \/>\n<meta property=\"article:published_time\" content=\"2012-03-09T15:00:41+00:00\" \/>\n<meta property=\"og:image\" content=\"https:\/\/www.tafeldeko.de\/news\/wp-content\/uploads\/2014\/09\/kommunion_junge_blau.jpg\" \/>\n\t<meta property=\"og:image:width\" content=\"448\" \/>\n\t<meta property=\"og:image:height\" content=\"314\" \/>\n\t<meta property=\"og:image:type\" content=\"image\/jpeg\" \/>\n<meta name=\"author\" content=\"Christiane Stein\" \/>\n<meta name=\"twitter:label1\" content=\"Verfasst von\" \/>\n\t<meta name=\"twitter:data1\" content=\"Christiane Stein\" \/>\n\t<meta name=\"twitter:label2\" content=\"Gesch\u00e4tzte Lesezeit\" \/>\n\t<meta name=\"twitter:data2\" content=\"2 Minuten\" \/>\n<script type=\"application\/ld+json\" class=\"yoast-schema-graph\">{\"@context\":\"https:\/\/schema.org\",\"@graph\":[{\"@type\":\"WebPage\",\"@id\":\"https:\/\/www.tafeldeko.de\/news\/die-tischdeko-fuer-die-kommunion-eines-jungen-ein-maritimer-hauch-liegt-in-der-luft\/\",\"url\":\"https:\/\/www.tafeldeko.de\/news\/die-tischdeko-fuer-die-kommunion-eines-jungen-ein-maritimer-hauch-liegt-in-der-luft\/\",\"name\":\"Die Tischdeko f\u00fcr die Kommunion eines Jungen \u2013 ein maritimer Hauch liegt in der Luft - Tafeldeko\",\"isPartOf\":{\"@id\":\"https:\/\/www.tafeldeko.de\/news\/#website\"},\"datePublished\":\"2012-03-09T15:00:41+00:00\",\"dateModified\":\"2012-03-09T15:00:41+00:00\",\"author\":{\"@id\":\"https:\/\/www.tafeldeko.de\/news\/#\/schema\/person\/d2acd86447ed0b6336089a8ba83164a0\"},\"description\":\"Wie w&#xE4;re es mit einer blauen Tischdeko zur Kommunion oder Konfirmation mit einem maritimen Hauch?\",\"breadcrumb\":{\"@id\":\"https:\/\/www.tafeldeko.de\/news\/die-tischdeko-fuer-die-kommunion-eines-jungen-ein-maritimer-hauch-liegt-in-der-luft\/#breadcrumb\"},\"inLanguage\":\"de-DE\",\"potentialAction\":[{\"@type\":\"ReadAction\",\"target\":[\"https:\/\/www.tafeldeko.de\/news\/die-tischdeko-fuer-die-kommunion-eines-jungen-ein-maritimer-hauch-liegt-in-der-luft\/\"]}]},{\"@type\":\"BreadcrumbList\",\"@id\":\"https:\/\/www.tafeldeko.de\/news\/die-tischdeko-fuer-die-kommunion-eines-jungen-ein-maritimer-hauch-liegt-in-der-luft\/#breadcrumb\",\"itemListElement\":[{\"@type\":\"ListItem\",\"position\":1,\"name\":\"Tafeldeko\",\"item\":\"https:\/\/www.tafeldeko.de\/news\/\"},{\"@type\":\"ListItem\",\"position\":2,\"name\":\"Alte Beitr\u00e4ge\",\"item\":\"https:\/\/www.tafeldeko.de\/news\/alte-beitraege\/\"},{\"@type\":\"ListItem\",\"position\":3,\"name\":\"Tischdeko - Blog\",\"item\":\"https:\/\/www.tafeldeko.de\/news\/alte-beitraege\/tischdeko-blog\/\"},{\"@type\":\"ListItem\",\"position\":4,\"name\":\"Die Tischdeko f\u00fcr die Kommunion eines Jungen \u2013 ein maritimer Hauch liegt in der Luft\"}]},{\"@type\":\"WebSite\",\"@id\":\"https:\/\/www.tafeldeko.de\/news\/#website\",\"url\":\"https:\/\/www.tafeldeko.de\/news\/\",\"name\":\"Tafeldeko\",\"description\":\"Blog mit Tischdeko und Tischdekoration Ideen\",\"potentialAction\":[{\"@type\":\"SearchAction\",\"target\":{\"@type\":\"EntryPoint\",\"urlTemplate\":\"https:\/\/www.tafeldeko.de\/news\/?s={search_term_string}\"},\"query-input\":\"required name=search_term_string\"}],\"inLanguage\":\"de-DE\"},{\"@type\":\"Person\",\"@id\":\"https:\/\/www.tafeldeko.de\/news\/#\/schema\/person\/d2acd86447ed0b6336089a8ba83164a0\",\"name\":\"Christiane Stein\",\"image\":{\"@type\":\"ImageObject\",\"inLanguage\":\"de-DE\",\"@id\":\"https:\/\/www.tafeldeko.de\/news\/#\/schema\/person\/image\/\",\"url\":\"https:\/\/secure.gravatar.com\/avatar\/2054729fbfd1ebc9d3cf1fd55361d0b6?s=96&d=mm&r=g\",\"contentUrl\":\"https:\/\/secure.gravatar.com\/avatar\/2054729fbfd1ebc9d3cf1fd55361d0b6?s=96&d=mm&r=g\",\"caption\":\"Christiane Stein\"}}]}<\/script>\n<!-- \/ Yoast SEO plugin. -->","yoast_head_json":{"title":"Die Tischdeko f\u00fcr die Kommunion eines Jungen \u2013 ein maritimer Hauch liegt in der Luft - Tafeldeko","description":"Wie w&#xE4;re es mit einer blauen Tischdeko zur Kommunion oder Konfirmation mit einem maritimen Hauch?","robots":{"index":"index","follow":"follow","max-snippet":"max-snippet:-1","max-image-preview":"max-image-preview:large","max-video-preview":"max-video-preview:-1"},"canonical":"https:\/\/www.tafeldeko.de\/news\/die-tischdeko-fuer-die-kommunion-eines-jungen-ein-maritimer-hauch-liegt-in-der-luft\/","og_locale":"de_DE","og_type":"article","og_title":"Die Tischdeko f\u00fcr die Kommunion eines Jungen \u2013 ein maritimer Hauch liegt in der Luft - Tafeldeko","og_description":"Wie w&#xE4;re es mit einer blauen Tischdeko zur Kommunion oder Konfirmation mit einem maritimen Hauch?","og_url":"https:\/\/www.tafeldeko.de\/news\/die-tischdeko-fuer-die-kommunion-eines-jungen-ein-maritimer-hauch-liegt-in-der-luft\/","og_site_name":"Tafeldeko","article_publisher":"https:\/\/www.facebook.com\/pages\/Tafeldeko-einzigartige-Tischdekoration\/174202655894","article_published_time":"2012-03-09T15:00:41+00:00","og_image":[{"width":448,"height":314,"url":"https:\/\/www.tafeldeko.de\/news\/wp-content\/uploads\/2014\/09\/kommunion_junge_blau.jpg","type":"image\/jpeg"}],"author":"Christiane Stein","twitter_misc":{"Verfasst von":"Christiane Stein","Gesch\u00e4tzte Lesezeit":"2 Minuten"},"schema":{"@context":"https:\/\/schema.org","@graph":[{"@type":"WebPage","@id":"https:\/\/www.tafeldeko.de\/news\/die-tischdeko-fuer-die-kommunion-eines-jungen-ein-maritimer-hauch-liegt-in-der-luft\/","url":"https:\/\/www.tafeldeko.de\/news\/die-tischdeko-fuer-die-kommunion-eines-jungen-ein-maritimer-hauch-liegt-in-der-luft\/","name":"Die Tischdeko f\u00fcr die Kommunion eines Jungen \u2013 ein maritimer Hauch liegt in der Luft - Tafeldeko","isPartOf":{"@id":"https:\/\/www.tafeldeko.de\/news\/#website"},"datePublished":"2012-03-09T15:00:41+00:00","dateModified":"2012-03-09T15:00:41+00:00","author":{"@id":"https:\/\/www.tafeldeko.de\/news\/#\/schema\/person\/d2acd86447ed0b6336089a8ba83164a0"},"description":"Wie w&#xE4;re es mit einer blauen Tischdeko zur Kommunion oder Konfirmation mit einem maritimen Hauch?","breadcrumb":{"@id":"https:\/\/www.tafeldeko.de\/news\/die-tischdeko-fuer-die-kommunion-eines-jungen-ein-maritimer-hauch-liegt-in-der-luft\/#breadcrumb"},"inLanguage":"de-DE","potentialAction":[{"@type":"ReadAction","target":["https:\/\/www.tafeldeko.de\/news\/die-tischdeko-fuer-die-kommunion-eines-jungen-ein-maritimer-hauch-liegt-in-der-luft\/"]}]},{"@type":"BreadcrumbList","@id":"https:\/\/www.tafeldeko.de\/news\/die-tischdeko-fuer-die-kommunion-eines-jungen-ein-maritimer-hauch-liegt-in-der-luft\/#breadcrumb","itemListElement":[{"@type":"ListItem","position":1,"name":"Tafeldeko","item":"https:\/\/www.tafeldeko.de\/news\/"},{"@type":"ListItem","position":2,"name":"Alte Beitr\u00e4ge","item":"https:\/\/www.tafeldeko.de\/news\/alte-beitraege\/"},{"@type":"ListItem","position":3,"name":"Tischdeko - Blog","item":"https:\/\/www.tafeldeko.de\/news\/alte-beitraege\/tischdeko-blog\/"},{"@type":"ListItem","position":4,"name":"Die Tischdeko f\u00fcr die Kommunion eines Jungen \u2013 ein maritimer Hauch liegt in der Luft"}]},{"@type":"WebSite","@id":"https:\/\/www.tafeldeko.de\/news\/#website","url":"https:\/\/www.tafeldeko.de\/news\/","name":"Tafeldeko","description":"Blog mit Tischdeko und Tischdekoration Ideen","potentialAction":[{"@type":"SearchAction","target":{"@type":"EntryPoint","urlTemplate":"https:\/\/www.tafeldeko.de\/news\/?s={search_term_string}"},"query-input":"required name=search_term_string"}],"inLanguage":"de-DE"},{"@type":"Person","@id":"https:\/\/www.tafeldeko.de\/news\/#\/schema\/person\/d2acd86447ed0b6336089a8ba83164a0","name":"Christiane Stein","image":{"@type":"ImageObject","inLanguage":"de-DE","@id":"https:\/\/www.tafeldeko.de\/news\/#\/schema\/person\/image\/","url":"https:\/\/secure.gravatar.com\/avatar\/2054729fbfd1ebc9d3cf1fd55361d0b6?s=96&d=mm&r=g","contentUrl":"https:\/\/secure.gravatar.com\/avatar\/2054729fbfd1ebc9d3cf1fd55361d0b6?s=96&d=mm&r=g","caption":"Christiane Stein"}}]}},"_links":{"self":[{"href":"https:\/\/www.tafeldeko.de\/news\/wp-json\/wp\/v2\/posts\/1382"}],"collection":[{"href":"https:\/\/www.tafeldeko.de\/news\/wp-json\/wp\/v2\/posts"}],"about":[{"href":"https:\/\/www.tafeldeko.de\/news\/wp-json\/wp\/v2\/types\/post"}],"author":[{"embeddable":true,"href":"https:\/\/www.tafeldeko.de\/news\/wp-json\/wp\/v2\/users\/2"}],"replies":[{"embeddable":true,"href":"https:\/\/www.tafeldeko.de\/news\/wp-json\/wp\/v2\/comments?post=1382"}],"version-history":[{"count":0,"href":"https:\/\/www.tafeldeko.de\/news\/wp-json\/wp\/v2\/posts\/1382\/revisions"}],"wp:featuredmedia":[{"embeddable":true,"href":"https:\/\/www.tafeldeko.de\/news\/wp-json\/wp\/v2\/media\/1383"}],"wp:attachment":[{"href":"https:\/\/www.tafeldeko.de\/news\/wp-json\/wp\/v2\/media?parent=1382"}],"wp:term":[{"taxonomy":"category","embeddable":true,"href":"https:\/\/www.tafeldeko.de\/news\/wp-json\/wp\/v2\/categories?post=1382"},{"taxonomy":"post_tag","embeddable":true,"href":"https:\/\/www.tafeldeko.de\/news\/wp-json\/wp\/v2\/tags?post=1382"}],"curies":[{"name":"wp","href":"https:\/\/api.w.org\/{rel}","templated":true}]}}