{"id":1380,"date":"2012-02-25T14:58:27","date_gmt":"2012-02-25T12:58:27","guid":{"rendered":"http:\/\/www.tafeldeko.de\/news\/?p=1380"},"modified":"2012-02-25T14:58:27","modified_gmt":"2012-02-25T12:58:27","slug":"tischdeko-in-pink-fuer-die-kommunion","status":"publish","type":"post","link":"https:\/\/www.tafeldeko.de\/news\/tischdeko-in-pink-fuer-die-kommunion\/","title":{"rendered":"Tischdeko in pink f\u00fcr die Kommunion"},"content":{"rendered":"<div class=\"textumfliessenrechts\"><img decoding=\"async\" loading=\"lazy\" src=\"https:\/\/www.tafeldeko.de\/news\/media\/users\/schnurchristian\/kommunion_pink_neu.jpg\" alt=\"Tischdeko Kommunion\" title=\"Tischdeko Kommunion\" width=\"328\" height=\"214\" \/><br \/><a href=\"https:\/\/www.tafeldeko.de\/mustertische\/index.php?t=12&#038;c=4&#038;lang=2\" title=\"Hier Kommunions Tischdeko\"><b>Hier Kommunions Tischdeko<\/b><\/a><\/div>\n<p> Die heilige Kommunion \u2013 bald ist es wieder f\u00fcr etliche Kinder so weit und sie d\u00fcrfen ihre Kommunion feiern.<br \/>\nEin ganz besonderer und aufregender Tag ist es f\u00fcr die Kinder und auch die Eltern und Gro\u00dfeltern, schlie\u00dflich merkt man an solchen Anl\u00e4ssen, wie schnell die Kinder gro\u00df geworden sind. Man hat das Gef\u00fchl, dass man gerade erst die Taufe gefeiert hat und nun stehen die Kinder vor dem Altar in der Kirche und feiern die Kommunion.<br \/>\nF\u00fcr diesen gro\u00dfen Tag wurde viel vorbereitet.<br \/>\nDie Kinder besuchten im Vorfeld den Vorbereitungsunterricht f\u00fcr die Kommunion, die Eltern haben die Feier inklusive des Essens und der Getr\u00e4nke geplant und haben auch daf\u00fcr gesorgt, dass die Feier an einem ansprechenden Ort gefeiert wird. Zur Feier anl\u00e4sslich der Kommunion geh\u00f6rt nat\u00fcrlich auch eine sch\u00f6ne Tischdekoration.<br \/>\nDie Tischdeko zur <b><a href=\"https:\/\/www.tafeldeko.de\/index.php\/cat\/c47_Tischdeko-Kommunion.html\" title=\"Kommunion\">Kommunion<\/a><\/b> richtet sich zum einen nach dem Geschlecht des Kommunionskindes, nach den pers\u00f6nlichen Vorstellungen und eventuell auch nach der Lieblingsfarbe.<br \/>\nDa am Tag der Kommunion die Kinder die Hauptdarsteller sind, d\u00fcrfen sie sich in aller Regel auch vor der Kommunion die Tischdeko aussuchen.<br \/>\nM\u00e4dchen tendieren oftmals zu kr\u00e4ftigen Farben, beispielsweise Pink.<br \/>\nEine Tischdeko zur Kommunion in pink sieht wirklich sehr sch\u00f6n aus, sie ist farbenfroh und verspr\u00fcht Lebensfreude.<br \/>\nWie kann die Tischdeko f\u00fcr die Kommunion in pink aussehen, welche Accessoires k\u00f6nnen auf dem Tisch Verwendung finden?<br \/>\nDie Basis der Tischdeko f\u00fcr die Kommunion bildet eine wei\u00dfe <b><a href=\"https:\/\/www.tafeldeko.de\/index.php\/cat\/c86_Duni-Tischdecken.html\" title=\"Duni Tischdecke\">Duni Tischdecke<\/a><\/b> \u2013 sie muss nicht gereinigt werden und gerade an solch gro\u00dfen Feiern eine Alternative zu Stoff-Tischdecken.<br \/>\nEin pinkfarbenes Sizoweb-Tischband und ein pinkfarbenes Satin-Tischband Adria bilden den Blickpunkt in der Tischmitte, l\u00e4ngs aufgelegt.<br \/>\nAls Accessoires kommt vieles in Frage: silberne und pinkfarbene Drahtb\u00e4lle, Mini Buchs Beeren Herzen und Kr\u00e4nze, als Symbole der Kommunion silberne Kommunion Acryl Kreuze und Fische und Dekoherzen in silber.<br \/>\nWas letztendlich auf dem Tisch platziert wird, h\u00e4ngt mitunter von der Gr\u00f6\u00dfe des Tisches ab und nat\u00fcrlich vom Geschmack. Nicht jeder m\u00f6chte einen Tisch mit der Deko \u00fcberf\u00fcllen, manchmal ist auch weniger mehr.<br \/>\nAuf Kerzen sollte man auch bei der Tischdeko zur Kommunion nicht verzichten. Entweder zieren eckige Stumpenkerzen in pink auf quadratischen Glaskerzentellern die Tischmitte oder pinkfarbene Laternen.<br \/>\nDie Tischdeko in Pink zur Kommunion \u2013 sie wird nicht nur die Hauptperson begeistern. <\/p>\n","protected":false},"excerpt":{"rendered":"<p>Die heilige Kommunion \u2013 bald ist es wieder f\u00fcr etliche Kinder so weit und sie d\u00fcrfen ihre Kommunion feiern.<br \/>\nEin ganz besonderer und aufregender Tag ist es f\u00fcr die Kinder und auch die Eltern und Gro\u00dfeltern, schlie\u00dflich merkt man an solchen Anl\u00e4ssen, wie schnell die Kinder gro\u00df geworden sind. Man hat das Gef\u00fchl, dass man gerade erst die Taufe gefeiert hat und nun stehen die Kinder vor dem Altar in der Kirche und feiern die Kommunion.<br \/>\nF\u00fcr diesen gro\u00dfen Tag wurde viel vorbereitet.<\/p>\n","protected":false},"author":2,"featured_media":1381,"comment_status":"open","ping_status":"open","sticky":false,"template":"","format":"standard","meta":{"footnotes":""},"categories":[1],"tags":[],"yoast_head":"<!-- This site is optimized with the Yoast SEO plugin v20.4 - https:\/\/yoast.com\/wordpress\/plugins\/seo\/ -->\n<title>Tischdeko in pink f\u00fcr die Kommunion - Tafeldeko<\/title>\n<meta name=\"description\" content=\"Eine Tischdeko zur Kommunion in pink sieht wirklich sehr sch&#xF6;n aus, sie ist farbenfroh und verspr&#xFC;ht Lebensfreude - ideal f&#xFC;r ein tolles Fest.\" \/>\n<meta name=\"robots\" content=\"index, follow, max-snippet:-1, max-image-preview:large, max-video-preview:-1\" \/>\n<link rel=\"canonical\" href=\"https:\/\/www.tafeldeko.de\/news\/tischdeko-in-pink-fuer-die-kommunion\/\" \/>\n<meta property=\"og:locale\" content=\"de_DE\" \/>\n<meta property=\"og:type\" content=\"article\" \/>\n<meta property=\"og:title\" content=\"Tischdeko in pink f\u00fcr die Kommunion - Tafeldeko\" \/>\n<meta property=\"og:description\" content=\"Eine Tischdeko zur Kommunion in pink sieht wirklich sehr sch&#xF6;n aus, sie ist farbenfroh und verspr&#xFC;ht Lebensfreude - ideal f&#xFC;r ein tolles Fest.\" \/>\n<meta property=\"og:url\" content=\"https:\/\/www.tafeldeko.de\/news\/tischdeko-in-pink-fuer-die-kommunion\/\" \/>\n<meta property=\"og:site_name\" content=\"Tafeldeko\" \/>\n<meta property=\"article:publisher\" content=\"https:\/\/www.facebook.com\/pages\/Tafeldeko-einzigartige-Tischdekoration\/174202655894\" \/>\n<meta property=\"article:published_time\" content=\"2012-02-25T12:58:27+00:00\" \/>\n<meta property=\"og:image\" content=\"https:\/\/www.tafeldeko.de\/news\/wp-content\/uploads\/2014\/09\/kommunion_pink_neu.jpg\" \/>\n\t<meta property=\"og:image:width\" content=\"448\" \/>\n\t<meta property=\"og:image:height\" content=\"314\" \/>\n\t<meta property=\"og:image:type\" content=\"image\/jpeg\" \/>\n<meta name=\"author\" content=\"Christiane Stein\" \/>\n<meta name=\"twitter:label1\" content=\"Verfasst von\" \/>\n\t<meta name=\"twitter:data1\" content=\"Christiane Stein\" \/>\n\t<meta name=\"twitter:label2\" content=\"Gesch\u00e4tzte Lesezeit\" \/>\n\t<meta name=\"twitter:data2\" content=\"2 Minuten\" \/>\n<script type=\"application\/ld+json\" class=\"yoast-schema-graph\">{\"@context\":\"https:\/\/schema.org\",\"@graph\":[{\"@type\":\"WebPage\",\"@id\":\"https:\/\/www.tafeldeko.de\/news\/tischdeko-in-pink-fuer-die-kommunion\/\",\"url\":\"https:\/\/www.tafeldeko.de\/news\/tischdeko-in-pink-fuer-die-kommunion\/\",\"name\":\"Tischdeko in pink f\u00fcr die Kommunion - Tafeldeko\",\"isPartOf\":{\"@id\":\"https:\/\/www.tafeldeko.de\/news\/#website\"},\"datePublished\":\"2012-02-25T12:58:27+00:00\",\"dateModified\":\"2012-02-25T12:58:27+00:00\",\"author\":{\"@id\":\"https:\/\/www.tafeldeko.de\/news\/#\/schema\/person\/d2acd86447ed0b6336089a8ba83164a0\"},\"description\":\"Eine Tischdeko zur Kommunion in pink sieht wirklich sehr sch&#xF6;n aus, sie ist farbenfroh und verspr&#xFC;ht Lebensfreude - ideal f&#xFC;r ein tolles Fest.\",\"breadcrumb\":{\"@id\":\"https:\/\/www.tafeldeko.de\/news\/tischdeko-in-pink-fuer-die-kommunion\/#breadcrumb\"},\"inLanguage\":\"de-DE\",\"potentialAction\":[{\"@type\":\"ReadAction\",\"target\":[\"https:\/\/www.tafeldeko.de\/news\/tischdeko-in-pink-fuer-die-kommunion\/\"]}]},{\"@type\":\"BreadcrumbList\",\"@id\":\"https:\/\/www.tafeldeko.de\/news\/tischdeko-in-pink-fuer-die-kommunion\/#breadcrumb\",\"itemListElement\":[{\"@type\":\"ListItem\",\"position\":1,\"name\":\"Tafeldeko\",\"item\":\"https:\/\/www.tafeldeko.de\/news\/\"},{\"@type\":\"ListItem\",\"position\":2,\"name\":\"Alte Beitr\u00e4ge\",\"item\":\"https:\/\/www.tafeldeko.de\/news\/alte-beitraege\/\"},{\"@type\":\"ListItem\",\"position\":3,\"name\":\"Tischdeko - Blog\",\"item\":\"https:\/\/www.tafeldeko.de\/news\/alte-beitraege\/tischdeko-blog\/\"},{\"@type\":\"ListItem\",\"position\":4,\"name\":\"Tischdeko in pink f\u00fcr die Kommunion\"}]},{\"@type\":\"WebSite\",\"@id\":\"https:\/\/www.tafeldeko.de\/news\/#website\",\"url\":\"https:\/\/www.tafeldeko.de\/news\/\",\"name\":\"Tafeldeko\",\"description\":\"Blog mit Tischdeko und Tischdekoration Ideen\",\"potentialAction\":[{\"@type\":\"SearchAction\",\"target\":{\"@type\":\"EntryPoint\",\"urlTemplate\":\"https:\/\/www.tafeldeko.de\/news\/?s={search_term_string}\"},\"query-input\":\"required name=search_term_string\"}],\"inLanguage\":\"de-DE\"},{\"@type\":\"Person\",\"@id\":\"https:\/\/www.tafeldeko.de\/news\/#\/schema\/person\/d2acd86447ed0b6336089a8ba83164a0\",\"name\":\"Christiane Stein\",\"image\":{\"@type\":\"ImageObject\",\"inLanguage\":\"de-DE\",\"@id\":\"https:\/\/www.tafeldeko.de\/news\/#\/schema\/person\/image\/\",\"url\":\"https:\/\/secure.gravatar.com\/avatar\/2054729fbfd1ebc9d3cf1fd55361d0b6?s=96&d=mm&r=g\",\"contentUrl\":\"https:\/\/secure.gravatar.com\/avatar\/2054729fbfd1ebc9d3cf1fd55361d0b6?s=96&d=mm&r=g\",\"caption\":\"Christiane Stein\"}}]}<\/script>\n<!-- \/ Yoast SEO plugin. -->","yoast_head_json":{"title":"Tischdeko in pink f\u00fcr die Kommunion - Tafeldeko","description":"Eine Tischdeko zur Kommunion in pink sieht wirklich sehr sch&#xF6;n aus, sie ist farbenfroh und verspr&#xFC;ht Lebensfreude - ideal f&#xFC;r ein tolles Fest.","robots":{"index":"index","follow":"follow","max-snippet":"max-snippet:-1","max-image-preview":"max-image-preview:large","max-video-preview":"max-video-preview:-1"},"canonical":"https:\/\/www.tafeldeko.de\/news\/tischdeko-in-pink-fuer-die-kommunion\/","og_locale":"de_DE","og_type":"article","og_title":"Tischdeko in pink f\u00fcr die Kommunion - Tafeldeko","og_description":"Eine Tischdeko zur Kommunion in pink sieht wirklich sehr sch&#xF6;n aus, sie ist farbenfroh und verspr&#xFC;ht Lebensfreude - ideal f&#xFC;r ein tolles Fest.","og_url":"https:\/\/www.tafeldeko.de\/news\/tischdeko-in-pink-fuer-die-kommunion\/","og_site_name":"Tafeldeko","article_publisher":"https:\/\/www.facebook.com\/pages\/Tafeldeko-einzigartige-Tischdekoration\/174202655894","article_published_time":"2012-02-25T12:58:27+00:00","og_image":[{"width":448,"height":314,"url":"https:\/\/www.tafeldeko.de\/news\/wp-content\/uploads\/2014\/09\/kommunion_pink_neu.jpg","type":"image\/jpeg"}],"author":"Christiane Stein","twitter_misc":{"Verfasst von":"Christiane Stein","Gesch\u00e4tzte Lesezeit":"2 Minuten"},"schema":{"@context":"https:\/\/schema.org","@graph":[{"@type":"WebPage","@id":"https:\/\/www.tafeldeko.de\/news\/tischdeko-in-pink-fuer-die-kommunion\/","url":"https:\/\/www.tafeldeko.de\/news\/tischdeko-in-pink-fuer-die-kommunion\/","name":"Tischdeko in pink f\u00fcr die Kommunion - Tafeldeko","isPartOf":{"@id":"https:\/\/www.tafeldeko.de\/news\/#website"},"datePublished":"2012-02-25T12:58:27+00:00","dateModified":"2012-02-25T12:58:27+00:00","author":{"@id":"https:\/\/www.tafeldeko.de\/news\/#\/schema\/person\/d2acd86447ed0b6336089a8ba83164a0"},"description":"Eine Tischdeko zur Kommunion in pink sieht wirklich sehr sch&#xF6;n aus, sie ist farbenfroh und verspr&#xFC;ht Lebensfreude - ideal f&#xFC;r ein tolles Fest.","breadcrumb":{"@id":"https:\/\/www.tafeldeko.de\/news\/tischdeko-in-pink-fuer-die-kommunion\/#breadcrumb"},"inLanguage":"de-DE","potentialAction":[{"@type":"ReadAction","target":["https:\/\/www.tafeldeko.de\/news\/tischdeko-in-pink-fuer-die-kommunion\/"]}]},{"@type":"BreadcrumbList","@id":"https:\/\/www.tafeldeko.de\/news\/tischdeko-in-pink-fuer-die-kommunion\/#breadcrumb","itemListElement":[{"@type":"ListItem","position":1,"name":"Tafeldeko","item":"https:\/\/www.tafeldeko.de\/news\/"},{"@type":"ListItem","position":2,"name":"Alte Beitr\u00e4ge","item":"https:\/\/www.tafeldeko.de\/news\/alte-beitraege\/"},{"@type":"ListItem","position":3,"name":"Tischdeko - Blog","item":"https:\/\/www.tafeldeko.de\/news\/alte-beitraege\/tischdeko-blog\/"},{"@type":"ListItem","position":4,"name":"Tischdeko in pink f\u00fcr die Kommunion"}]},{"@type":"WebSite","@id":"https:\/\/www.tafeldeko.de\/news\/#website","url":"https:\/\/www.tafeldeko.de\/news\/","name":"Tafeldeko","description":"Blog mit Tischdeko und Tischdekoration Ideen","potentialAction":[{"@type":"SearchAction","target":{"@type":"EntryPoint","urlTemplate":"https:\/\/www.tafeldeko.de\/news\/?s={search_term_string}"},"query-input":"required name=search_term_string"}],"inLanguage":"de-DE"},{"@type":"Person","@id":"https:\/\/www.tafeldeko.de\/news\/#\/schema\/person\/d2acd86447ed0b6336089a8ba83164a0","name":"Christiane Stein","image":{"@type":"ImageObject","inLanguage":"de-DE","@id":"https:\/\/www.tafeldeko.de\/news\/#\/schema\/person\/image\/","url":"https:\/\/secure.gravatar.com\/avatar\/2054729fbfd1ebc9d3cf1fd55361d0b6?s=96&d=mm&r=g","contentUrl":"https:\/\/secure.gravatar.com\/avatar\/2054729fbfd1ebc9d3cf1fd55361d0b6?s=96&d=mm&r=g","caption":"Christiane Stein"}}]}},"_links":{"self":[{"href":"https:\/\/www.tafeldeko.de\/news\/wp-json\/wp\/v2\/posts\/1380"}],"collection":[{"href":"https:\/\/www.tafeldeko.de\/news\/wp-json\/wp\/v2\/posts"}],"about":[{"href":"https:\/\/www.tafeldeko.de\/news\/wp-json\/wp\/v2\/types\/post"}],"author":[{"embeddable":true,"href":"https:\/\/www.tafeldeko.de\/news\/wp-json\/wp\/v2\/users\/2"}],"replies":[{"embeddable":true,"href":"https:\/\/www.tafeldeko.de\/news\/wp-json\/wp\/v2\/comments?post=1380"}],"version-history":[{"count":0,"href":"https:\/\/www.tafeldeko.de\/news\/wp-json\/wp\/v2\/posts\/1380\/revisions"}],"wp:featuredmedia":[{"embeddable":true,"href":"https:\/\/www.tafeldeko.de\/news\/wp-json\/wp\/v2\/media\/1381"}],"wp:attachment":[{"href":"https:\/\/www.tafeldeko.de\/news\/wp-json\/wp\/v2\/media?parent=1380"}],"wp:term":[{"taxonomy":"category","embeddable":true,"href":"https:\/\/www.tafeldeko.de\/news\/wp-json\/wp\/v2\/categories?post=1380"},{"taxonomy":"post_tag","embeddable":true,"href":"https:\/\/www.tafeldeko.de\/news\/wp-json\/wp\/v2\/tags?post=1380"}],"curies":[{"name":"wp","href":"https:\/\/api.w.org\/{rel}","templated":true}]}}