{"id":1250,"date":"2013-09-27T16:25:14","date_gmt":"2013-09-27T14:25:14","guid":{"rendered":"http:\/\/www.tafeldeko.de\/news\/?p=1250"},"modified":"2023-03-10T08:27:14","modified_gmt":"2023-03-10T07:27:14","slug":"geburtstag-mit-dekobaeumchen-fuer-die-tollen-akzente-sorgen","status":"publish","type":"post","link":"https:\/\/www.tafeldeko.de\/news\/geburtstag-mit-dekobaeumchen-fuer-die-tollen-akzente-sorgen\/","title":{"rendered":"Geburtstag \u2013 mit Dekob\u00e4umchen f\u00fcr die tollen Akzente sorgen"},"content":{"rendered":"<p>Die Deko mit dem Dekob\u00e4umchen. Jahr f\u00fcr Jahr j\u00e4hrt sich unser <b>Geburtstag <\/b>\u2013 f\u00fcr viele unter uns ein Grund zum Feiern. Wenn die Feier auch nicht gro\u00df ausf\u00e4llt, ist es sch\u00f6n, mit der Familie und Freunden zu feiern. Runde Geburtstage feiert man gerne im gr\u00f6\u00dferen Rahmen, oftmals auch in einem Restaurant, um den Tag auch vollends genie\u00dfen zu k\u00f6nnen.<br \/>\nOb man nun klein oder gro\u00df feiert, eine Tischdekoration geh\u00f6rt auf gewisse Weise zu einem sch\u00f6nen Geburtstag. Und auch hierbei gilt: es muss nichts \u00dcppiges sein, um f\u00fcr die Basis zu sorgen. Oftmals sind es die kleinen, aber feinen Dekorationen, die f\u00fcr eine ganz besondere Basis sorgen.<br \/>\nFarben, Accessoires und ein Motto sind f\u00fcr die Wirkung des Tisches ausschlaggebend.<\/p>\n<p><img decoding=\"async\" loading=\"lazy\" src=\"https:\/\/www.tafeldeko.de\/news\/wp-content\/uploads\/2014\/09\/deko_orangenbaeumchen.JPG\" sizes=\"(max-width: 217px) 100vw, 217px\" srcset=\"https:\/\/www.tafeldeko.de\/news\/wp-content\/uploads\/2014\/09\/deko_orangenbaeumchen.JPG 217w, https:\/\/www.tafeldeko.de\/news\/wp-content\/uploads\/2014\/09\/deko_orangenbaeumchen-150x150.jpg 150w\" alt=\"Dekob\u00e4umchen\" width=\"217\" height=\"217\" \/><\/p>\n<h2>Dekob\u00e4umchen zum Geburtstag<\/h2>\n<p>Bei der Auswahl eines Themas f\u00fcr die Tischdekoration am <i>Geburtstag <\/i>kann unter anderem auch das Essen verantwortlich sein. Liebt man beispielsweise italienisches Essen und m\u00f6chte die G\u00e4ste mit eben solchen Gerichten verw\u00f6hnen, dann bietet sich eine Tischdekoration im italienischen Stil an. Dass sich diese nicht in den Landesfarben pr\u00e4sentieren muss, sondern ganz au\u00dfergew\u00f6hnlich, vielleicht <b>im mediterranen Stil<\/b>, versteht sich.<br \/>\nF\u00fcr die mediterranen Akzente kann das Deko Orangenb\u00e4umchen sorgen, das Sie zum Beispiel in der Tischmitte arrangieren k\u00f6nnen. Passend zur Farbe des Orangenb\u00e4umchens w\u00e4hlen sie die weiteren Accessoires aus.<br \/>\nWundersch\u00f6n sieht ein gr\u00fcner Tischl\u00e4ufer aus, der jeweils links und rechts mit einem Satin <b><a title=\"Tischband\" href=\"https:\/\/www.tafeldeko.de\/index.php\/cat\/c470_Tischb%C3%A4nder.html\">Tischband<\/a><\/b> Orangen Motiv versch\u00f6nert wird. Wer es noch etwas \u00fcppiger haben m\u00f6chte, kann mit einem Organzaband in Orange lockere Akzente setzen. Gr\u00fcne und orangene <a title=\"Kerzengl\u00e4ser\" href=\"https:\/\/www.tafeldeko.de\/index.php\/cat\/c527_Kerzengl-ser.html\"><b>Kerzengl\u00e4ser<\/b><\/a> oder Teelichthalter erg\u00e4nzen das Bild, setzen die Farbauswahl fort.<br \/>\nSelbst bei den Servietten k\u00f6nnen Sie mit einem Orangenmotiv f\u00fcr besondere Effekte sorgen, beispielsweise mit den Fresh Orange Servietten. Oder kombinieren Sie unifarbene gr\u00fcne und orangene Servietten miteinander, legen Sie sie an den Sitzpl\u00e4tzen der G\u00e4ste auf.<br \/>\nMit solch einer mediterran angehauchten Tischdekoration wird der Geburtstag garantiert zu einem Erlebnis &#8211; f\u00fcr Geburtstagskind und G\u00e4ste.<\/p>\n<p><a role=\"button\" href=\"https:\/\/www.tafeldeko.de\/tischdeko-ideen\/\"><br \/>\n&gt;&gt; Zu den Mustertischen &lt;&lt;<br \/>\n<\/a><\/p>\n<h2>Weitere Beitr\u00e4ge:<\/h2>\n<h2>Dekoartikel von A-Z<\/h2>\n<p><a href=\"https:\/\/www.tafeldeko.de\/tischdeko-artikel\/\"><br \/>\nJetzt entdecken <\/a><\/p>\n","protected":false},"excerpt":{"rendered":"<p>Jahr f\u00fcr Jahr j\u00e4hrt sich unser Geburtstag \u2013 f\u00fcr viele unter uns ein Grund zum Feiern. Wenn die Feier auch nicht gro\u00df ausf\u00e4llt, ist es sch\u00f6n, mit der Familie und Freunden zu feiern. Runde Geburtstage feiert man gerne im gr\u00f6\u00dferen Rahmen, oftmals auch in einem Restaurant, um den Tag auch vollends genie\u00dfen zu k\u00f6nnen.<br \/>\nOb man nun klein oder gro\u00df feiert, eine Tischdekoration geh\u00f6rt auf gewisse Weise zu einem sch\u00f6nen Geburtstag. Und auch hierbei gilt: es muss nichts \u00dcppiges sein, um f\u00fcr die Basis zu sorgen. Oftmals sind es die kleinen, aber feinen Dekorationen, die f\u00fcr eine ganz besondere Basis sorgen.<\/p>\n","protected":false},"author":2,"featured_media":1251,"comment_status":"open","ping_status":"open","sticky":false,"template":"","format":"standard","meta":{"footnotes":""},"categories":[1],"tags":[],"yoast_head":"<!-- This site is optimized with the Yoast SEO plugin v20.4 - https:\/\/yoast.com\/wordpress\/plugins\/seo\/ -->\n<title>Geburtstag \u2013 mit Dekob\u00e4umchen f\u00fcr die tollen Akzente sorgen - Tafeldeko<\/title>\n<meta name=\"description\" content=\"Eine mediterran angehauchte Tischdeko zum Geburtstag mit Dekob\u00e4umchen sorgt f\u00fcr eine tolle Basis. Mit dem Orangenb\u00e4umchen k\u00f6nnen Sie...\" \/>\n<meta name=\"robots\" content=\"index, follow, max-snippet:-1, max-image-preview:large, max-video-preview:-1\" \/>\n<link rel=\"canonical\" href=\"https:\/\/www.tafeldeko.de\/news\/geburtstag-mit-dekobaeumchen-fuer-die-tollen-akzente-sorgen\/\" \/>\n<meta property=\"og:locale\" content=\"de_DE\" \/>\n<meta property=\"og:type\" content=\"article\" \/>\n<meta property=\"og:title\" content=\"Geburtstag \u2013 mit Dekob\u00e4umchen f\u00fcr die tollen Akzente sorgen - Tafeldeko\" \/>\n<meta property=\"og:description\" content=\"Eine mediterran angehauchte Tischdeko zum Geburtstag mit Dekob\u00e4umchen sorgt f\u00fcr eine tolle Basis. Mit dem Orangenb\u00e4umchen k\u00f6nnen Sie...\" \/>\n<meta property=\"og:url\" content=\"https:\/\/www.tafeldeko.de\/news\/geburtstag-mit-dekobaeumchen-fuer-die-tollen-akzente-sorgen\/\" \/>\n<meta property=\"og:site_name\" content=\"Tafeldeko\" \/>\n<meta property=\"article:publisher\" content=\"https:\/\/www.facebook.com\/pages\/Tafeldeko-einzigartige-Tischdekoration\/174202655894\" \/>\n<meta property=\"article:published_time\" content=\"2013-09-27T14:25:14+00:00\" \/>\n<meta property=\"article:modified_time\" content=\"2023-03-10T07:27:14+00:00\" \/>\n<meta property=\"og:image\" content=\"https:\/\/www.tafeldeko.de\/news\/wp-content\/uploads\/2014\/09\/deko_orangenbaeumchen.JPG\" \/>\n\t<meta property=\"og:image:width\" content=\"217\" \/>\n\t<meta property=\"og:image:height\" content=\"217\" \/>\n\t<meta property=\"og:image:type\" content=\"image\/jpeg\" \/>\n<meta name=\"author\" content=\"Christiane Stein\" \/>\n<meta name=\"twitter:label1\" content=\"Verfasst von\" \/>\n\t<meta name=\"twitter:data1\" content=\"Christiane Stein\" \/>\n\t<meta name=\"twitter:label2\" content=\"Gesch\u00e4tzte Lesezeit\" \/>\n\t<meta name=\"twitter:data2\" content=\"2 Minuten\" \/>\n<script type=\"application\/ld+json\" class=\"yoast-schema-graph\">{\"@context\":\"https:\/\/schema.org\",\"@graph\":[{\"@type\":\"WebPage\",\"@id\":\"https:\/\/www.tafeldeko.de\/news\/geburtstag-mit-dekobaeumchen-fuer-die-tollen-akzente-sorgen\/\",\"url\":\"https:\/\/www.tafeldeko.de\/news\/geburtstag-mit-dekobaeumchen-fuer-die-tollen-akzente-sorgen\/\",\"name\":\"Geburtstag \u2013 mit Dekob\u00e4umchen f\u00fcr die tollen Akzente sorgen - Tafeldeko\",\"isPartOf\":{\"@id\":\"https:\/\/www.tafeldeko.de\/news\/#website\"},\"datePublished\":\"2013-09-27T14:25:14+00:00\",\"dateModified\":\"2023-03-10T07:27:14+00:00\",\"author\":{\"@id\":\"https:\/\/www.tafeldeko.de\/news\/#\/schema\/person\/d2acd86447ed0b6336089a8ba83164a0\"},\"description\":\"Eine mediterran angehauchte Tischdeko zum Geburtstag mit Dekob\u00e4umchen sorgt f\u00fcr eine tolle Basis. Mit dem Orangenb\u00e4umchen k\u00f6nnen Sie...\",\"breadcrumb\":{\"@id\":\"https:\/\/www.tafeldeko.de\/news\/geburtstag-mit-dekobaeumchen-fuer-die-tollen-akzente-sorgen\/#breadcrumb\"},\"inLanguage\":\"de-DE\",\"potentialAction\":[{\"@type\":\"ReadAction\",\"target\":[\"https:\/\/www.tafeldeko.de\/news\/geburtstag-mit-dekobaeumchen-fuer-die-tollen-akzente-sorgen\/\"]}]},{\"@type\":\"BreadcrumbList\",\"@id\":\"https:\/\/www.tafeldeko.de\/news\/geburtstag-mit-dekobaeumchen-fuer-die-tollen-akzente-sorgen\/#breadcrumb\",\"itemListElement\":[{\"@type\":\"ListItem\",\"position\":1,\"name\":\"Tafeldeko\",\"item\":\"https:\/\/www.tafeldeko.de\/news\/\"},{\"@type\":\"ListItem\",\"position\":2,\"name\":\"Alte Beitr\u00e4ge\",\"item\":\"https:\/\/www.tafeldeko.de\/news\/alte-beitraege\/\"},{\"@type\":\"ListItem\",\"position\":3,\"name\":\"Tischdeko - Blog\",\"item\":\"https:\/\/www.tafeldeko.de\/news\/alte-beitraege\/tischdeko-blog\/\"},{\"@type\":\"ListItem\",\"position\":4,\"name\":\"Geburtstag \u2013 mit Dekob\u00e4umchen f\u00fcr die tollen Akzente sorgen\"}]},{\"@type\":\"WebSite\",\"@id\":\"https:\/\/www.tafeldeko.de\/news\/#website\",\"url\":\"https:\/\/www.tafeldeko.de\/news\/\",\"name\":\"Tafeldeko\",\"description\":\"Blog mit Tischdeko und Tischdekoration Ideen\",\"potentialAction\":[{\"@type\":\"SearchAction\",\"target\":{\"@type\":\"EntryPoint\",\"urlTemplate\":\"https:\/\/www.tafeldeko.de\/news\/?s={search_term_string}\"},\"query-input\":\"required name=search_term_string\"}],\"inLanguage\":\"de-DE\"},{\"@type\":\"Person\",\"@id\":\"https:\/\/www.tafeldeko.de\/news\/#\/schema\/person\/d2acd86447ed0b6336089a8ba83164a0\",\"name\":\"Christiane Stein\",\"image\":{\"@type\":\"ImageObject\",\"inLanguage\":\"de-DE\",\"@id\":\"https:\/\/www.tafeldeko.de\/news\/#\/schema\/person\/image\/\",\"url\":\"https:\/\/secure.gravatar.com\/avatar\/2054729fbfd1ebc9d3cf1fd55361d0b6?s=96&d=mm&r=g\",\"contentUrl\":\"https:\/\/secure.gravatar.com\/avatar\/2054729fbfd1ebc9d3cf1fd55361d0b6?s=96&d=mm&r=g\",\"caption\":\"Christiane Stein\"}}]}<\/script>\n<!-- \/ Yoast SEO plugin. -->","yoast_head_json":{"title":"Geburtstag \u2013 mit Dekob\u00e4umchen f\u00fcr die tollen Akzente sorgen - Tafeldeko","description":"Eine mediterran angehauchte Tischdeko zum Geburtstag mit Dekob\u00e4umchen sorgt f\u00fcr eine tolle Basis. Mit dem Orangenb\u00e4umchen k\u00f6nnen Sie...","robots":{"index":"index","follow":"follow","max-snippet":"max-snippet:-1","max-image-preview":"max-image-preview:large","max-video-preview":"max-video-preview:-1"},"canonical":"https:\/\/www.tafeldeko.de\/news\/geburtstag-mit-dekobaeumchen-fuer-die-tollen-akzente-sorgen\/","og_locale":"de_DE","og_type":"article","og_title":"Geburtstag \u2013 mit Dekob\u00e4umchen f\u00fcr die tollen Akzente sorgen - Tafeldeko","og_description":"Eine mediterran angehauchte Tischdeko zum Geburtstag mit Dekob\u00e4umchen sorgt f\u00fcr eine tolle Basis. Mit dem Orangenb\u00e4umchen k\u00f6nnen Sie...","og_url":"https:\/\/www.tafeldeko.de\/news\/geburtstag-mit-dekobaeumchen-fuer-die-tollen-akzente-sorgen\/","og_site_name":"Tafeldeko","article_publisher":"https:\/\/www.facebook.com\/pages\/Tafeldeko-einzigartige-Tischdekoration\/174202655894","article_published_time":"2013-09-27T14:25:14+00:00","article_modified_time":"2023-03-10T07:27:14+00:00","og_image":[{"width":217,"height":217,"url":"https:\/\/www.tafeldeko.de\/news\/wp-content\/uploads\/2014\/09\/deko_orangenbaeumchen.JPG","type":"image\/jpeg"}],"author":"Christiane Stein","twitter_misc":{"Verfasst von":"Christiane Stein","Gesch\u00e4tzte Lesezeit":"2 Minuten"},"schema":{"@context":"https:\/\/schema.org","@graph":[{"@type":"WebPage","@id":"https:\/\/www.tafeldeko.de\/news\/geburtstag-mit-dekobaeumchen-fuer-die-tollen-akzente-sorgen\/","url":"https:\/\/www.tafeldeko.de\/news\/geburtstag-mit-dekobaeumchen-fuer-die-tollen-akzente-sorgen\/","name":"Geburtstag \u2013 mit Dekob\u00e4umchen f\u00fcr die tollen Akzente sorgen - Tafeldeko","isPartOf":{"@id":"https:\/\/www.tafeldeko.de\/news\/#website"},"datePublished":"2013-09-27T14:25:14+00:00","dateModified":"2023-03-10T07:27:14+00:00","author":{"@id":"https:\/\/www.tafeldeko.de\/news\/#\/schema\/person\/d2acd86447ed0b6336089a8ba83164a0"},"description":"Eine mediterran angehauchte Tischdeko zum Geburtstag mit Dekob\u00e4umchen sorgt f\u00fcr eine tolle Basis. Mit dem Orangenb\u00e4umchen k\u00f6nnen Sie...","breadcrumb":{"@id":"https:\/\/www.tafeldeko.de\/news\/geburtstag-mit-dekobaeumchen-fuer-die-tollen-akzente-sorgen\/#breadcrumb"},"inLanguage":"de-DE","potentialAction":[{"@type":"ReadAction","target":["https:\/\/www.tafeldeko.de\/news\/geburtstag-mit-dekobaeumchen-fuer-die-tollen-akzente-sorgen\/"]}]},{"@type":"BreadcrumbList","@id":"https:\/\/www.tafeldeko.de\/news\/geburtstag-mit-dekobaeumchen-fuer-die-tollen-akzente-sorgen\/#breadcrumb","itemListElement":[{"@type":"ListItem","position":1,"name":"Tafeldeko","item":"https:\/\/www.tafeldeko.de\/news\/"},{"@type":"ListItem","position":2,"name":"Alte Beitr\u00e4ge","item":"https:\/\/www.tafeldeko.de\/news\/alte-beitraege\/"},{"@type":"ListItem","position":3,"name":"Tischdeko - Blog","item":"https:\/\/www.tafeldeko.de\/news\/alte-beitraege\/tischdeko-blog\/"},{"@type":"ListItem","position":4,"name":"Geburtstag \u2013 mit Dekob\u00e4umchen f\u00fcr die tollen Akzente sorgen"}]},{"@type":"WebSite","@id":"https:\/\/www.tafeldeko.de\/news\/#website","url":"https:\/\/www.tafeldeko.de\/news\/","name":"Tafeldeko","description":"Blog mit Tischdeko und Tischdekoration Ideen","potentialAction":[{"@type":"SearchAction","target":{"@type":"EntryPoint","urlTemplate":"https:\/\/www.tafeldeko.de\/news\/?s={search_term_string}"},"query-input":"required name=search_term_string"}],"inLanguage":"de-DE"},{"@type":"Person","@id":"https:\/\/www.tafeldeko.de\/news\/#\/schema\/person\/d2acd86447ed0b6336089a8ba83164a0","name":"Christiane Stein","image":{"@type":"ImageObject","inLanguage":"de-DE","@id":"https:\/\/www.tafeldeko.de\/news\/#\/schema\/person\/image\/","url":"https:\/\/secure.gravatar.com\/avatar\/2054729fbfd1ebc9d3cf1fd55361d0b6?s=96&d=mm&r=g","contentUrl":"https:\/\/secure.gravatar.com\/avatar\/2054729fbfd1ebc9d3cf1fd55361d0b6?s=96&d=mm&r=g","caption":"Christiane Stein"}}]}},"_links":{"self":[{"href":"https:\/\/www.tafeldeko.de\/news\/wp-json\/wp\/v2\/posts\/1250"}],"collection":[{"href":"https:\/\/www.tafeldeko.de\/news\/wp-json\/wp\/v2\/posts"}],"about":[{"href":"https:\/\/www.tafeldeko.de\/news\/wp-json\/wp\/v2\/types\/post"}],"author":[{"embeddable":true,"href":"https:\/\/www.tafeldeko.de\/news\/wp-json\/wp\/v2\/users\/2"}],"replies":[{"embeddable":true,"href":"https:\/\/www.tafeldeko.de\/news\/wp-json\/wp\/v2\/comments?post=1250"}],"version-history":[{"count":8,"href":"https:\/\/www.tafeldeko.de\/news\/wp-json\/wp\/v2\/posts\/1250\/revisions"}],"predecessor-version":[{"id":24653,"href":"https:\/\/www.tafeldeko.de\/news\/wp-json\/wp\/v2\/posts\/1250\/revisions\/24653"}],"wp:featuredmedia":[{"embeddable":true,"href":"https:\/\/www.tafeldeko.de\/news\/wp-json\/wp\/v2\/media\/1251"}],"wp:attachment":[{"href":"https:\/\/www.tafeldeko.de\/news\/wp-json\/wp\/v2\/media?parent=1250"}],"wp:term":[{"taxonomy":"category","embeddable":true,"href":"https:\/\/www.tafeldeko.de\/news\/wp-json\/wp\/v2\/categories?post=1250"},{"taxonomy":"post_tag","embeddable":true,"href":"https:\/\/www.tafeldeko.de\/news\/wp-json\/wp\/v2\/tags?post=1250"}],"curies":[{"name":"wp","href":"https:\/\/api.w.org\/{rel}","templated":true}]}}