{"id":1248,"date":"2013-09-27T15:11:16","date_gmt":"2013-09-27T13:11:16","guid":{"rendered":"http:\/\/www.tafeldeko.de\/news\/?p=1248"},"modified":"2023-03-10T08:34:04","modified_gmt":"2023-03-10T07:34:04","slug":"schoen-ausgestattete-tische-im-herbst-sorgen-fuer-gute-laune","status":"publish","type":"post","link":"https:\/\/www.tafeldeko.de\/news\/schoen-ausgestattete-tische-im-herbst-sorgen-fuer-gute-laune\/","title":{"rendered":"Sch\u00f6n ausgestattete Tische im Herbst sorgen f\u00fcr gute Laune"},"content":{"rendered":"<p>Tische im Herbst dekorieren. Herbstlich ist es drau\u00dfen, das erste Laub f\u00e4llt von den B\u00e4umen und die Tage werden k\u00fcrzer. Zum Gl\u00fcck k\u00f6nnen wir es uns in unseren vier W\u00e4nden so richtig gem\u00fctlich machen und die Tage genie\u00dfen.<br \/>\nSteht ein Fest bevor, dann hat man mit einer sch\u00f6nen Tischdekoration die M\u00f6glichkeit, dem <b>Herbst <\/b>mit bunten Farben und edlen Accessoires zu trotzen.<\/p>\n<p><img decoding=\"async\" loading=\"lazy\" src=\"https:\/\/www.tafeldeko.de\/news\/wp-content\/uploads\/2014\/09\/servietten_harvest.jpg\" alt=\"Tische im Herbst\" width=\"200\" height=\"140\" \/><\/p>\n<h2>Tische im Herbst &#8211; so einfach geht&#8217;s<\/h2>\n<p>Eine wundersch\u00f6ne Basis f\u00fcr sch\u00f6n ausgestattete Tische im Herbst, beispielsweise f\u00fcr den <b>Geburtstag<\/b>, verschafft die Duni-Serie Harvest. Bordeauxfarbene Accessoires sorgen f\u00fcr eine tolle Optik auf dem Tisch. Und wer das gewisse Etwas liebt, kann die Tischdeko mit den Harvest Champagne Dunilin Servietten 40 x 40 cm perfekt in Szene setzen. Ein wundersch\u00f6ner, ausdrucksstarker Kontrast, der sich mit der Serie ergibt.<br \/>\nAls Accessoires f\u00fcr die Tischdeko zum Geburtstag stehen Ihnen zur Verf\u00fcgung:<br \/>\nMitteldecken, Servietten in verschiedenen Gr\u00f6\u00dfen und Qualit\u00e4ten, Tischl\u00e4ufer und Tischsets. Je nach Tischgr\u00f6\u00dfe und Aufstellung k\u00f6nnen Tischl\u00e4ufer, Tischsets oder Mitteldecken f\u00fcr eine sch\u00f6ne Basis sorgen.<br \/>\nMitteldecken kommen wunderbar zur Geltung, wenn sie wie auf dem Mustertisch arrangiert werden. Modern wirkt dagegen der Tisch, wenn Sie Tischsets an den Sitzpl\u00e4tzen der G\u00e4ste auflegen. Tischl\u00e4ufer eignen sich f\u00fcr lange Tische hervorragend.<br \/>\nGanz gleich, wie Sie sich entscheiden, den ersten tollen Kontrast k\u00f6nnen Sie mit der Harvest Serviette Champagne erzielen. An den Sitzpl\u00e4tzen der G\u00e4ste aufgestellt oder aufgelegt, hat die Tischdeko schon einen <b>au\u00dfergew\u00f6hnlichen Akzent<\/b>.<br \/>\nUnd da wir drau\u00dfen Herbst haben, sollten herbstliche Elemente die Tischdeko zum Geburtstag erg\u00e4nzen. K\u00fcrbisse oder <b><a title=\"herbstliche Streudeko\" href=\"https:\/\/www.tafeldeko.de\/index.php\/cat\/c443_Herbst-Streudeko.html\">herbstliche Streudeko<\/a><\/b> werden auf dem Tisch arrangiert oder k\u00f6nnen in Schalen oder Etageren zu kleineren Arrangements angeordnet werden. <b><a title=\"Kerzengl\u00e4ser\" href=\"https:\/\/www.tafeldeko.de\/index.php\/cat\/c139_Kerzengl%C3%A4ser.html\">Kerzengl\u00e4ser<\/a><\/b> von Duni in Bordeaux sehen nicht nur sch\u00f6n auf dem Tisch aus, sondern bringen die feierliche Stimmung mit <b>Kerzenscheinromantik <\/b>auf den Tisch.<br \/>\nMit dieser Tischdekoration k\u00f6nnen Sie Ihre Geburtstagsg\u00e4ste beeindrucken und vor allen Dingen: sie ist schnell hergerichtet.<\/p>\n<p><a role=\"button\" href=\"https:\/\/www.tafeldeko.de\/tischdeko-ideen\/\"><br \/>\n&gt;&gt; Zu den Mustertischen &lt;&lt;<br \/>\n<\/a><\/p>\n<h2>Weitere Beitr\u00e4ge:<\/h2>\n<h2>Dekoartikel von A-Z<\/h2>\n<p><a href=\"https:\/\/www.tafeldeko.de\/tischdeko-artikel\/\"><br \/>\nJetzt entdecken <\/a><\/p>\n","protected":false},"excerpt":{"rendered":"<p>Herbstlich ist es drau\u00dfen, das erste Laub f\u00e4llt von den B\u00e4umen und die Tage werden k\u00fcrzer. Zum Gl\u00fcck k\u00f6nnen wir es uns in unseren vier W\u00e4nden so richtig gem\u00fctlich machen und die Tage genie\u00dfen.<br \/>\nSteht ein Fest bevor, dann hat man mit einer sch\u00f6nen Tischdekoration die M\u00f6glichkeit, dem Herbst mit bunten Farben und edlen Accessoires zu trotzen.<br \/>\nEine wundersch\u00f6ne Basis f\u00fcr sch\u00f6n ausgestattete Tische im Herbst, beispielsweise f\u00fcr den Geburtstag, verschafft die Duni-Serie Harvest.<\/p>\n","protected":false},"author":2,"featured_media":1249,"comment_status":"open","ping_status":"open","sticky":false,"template":"","format":"standard","meta":{"footnotes":""},"categories":[1],"tags":[],"yoast_head":"<!-- This site is optimized with the Yoast SEO plugin v20.4 - https:\/\/yoast.com\/wordpress\/plugins\/seo\/ -->\n<title>Sch\u00f6n ausgestattete Tische im Herbst sorgen f\u00fcr gute Laune - Tafeldeko<\/title>\n<meta name=\"description\" content=\"Tische im Herbst. Ein toll arrangierter Tisch sorgt im tristen Herbst f\u00fcr die farbenfrohen Akzente. Dieser Tisch ist ein echtes Erlebnis...\" \/>\n<meta name=\"robots\" content=\"index, follow, max-snippet:-1, max-image-preview:large, max-video-preview:-1\" \/>\n<link rel=\"canonical\" href=\"https:\/\/www.tafeldeko.de\/news\/schoen-ausgestattete-tische-im-herbst-sorgen-fuer-gute-laune\/\" \/>\n<meta property=\"og:locale\" content=\"de_DE\" \/>\n<meta property=\"og:type\" content=\"article\" \/>\n<meta property=\"og:title\" content=\"Sch\u00f6n ausgestattete Tische im Herbst sorgen f\u00fcr gute Laune - Tafeldeko\" \/>\n<meta property=\"og:description\" content=\"Tische im Herbst. Ein toll arrangierter Tisch sorgt im tristen Herbst f\u00fcr die farbenfrohen Akzente. Dieser Tisch ist ein echtes Erlebnis...\" \/>\n<meta property=\"og:url\" content=\"https:\/\/www.tafeldeko.de\/news\/schoen-ausgestattete-tische-im-herbst-sorgen-fuer-gute-laune\/\" \/>\n<meta property=\"og:site_name\" content=\"Tafeldeko\" \/>\n<meta property=\"article:publisher\" content=\"https:\/\/www.facebook.com\/pages\/Tafeldeko-einzigartige-Tischdekoration\/174202655894\" \/>\n<meta property=\"article:published_time\" content=\"2013-09-27T13:11:16+00:00\" \/>\n<meta property=\"article:modified_time\" content=\"2023-03-10T07:34:04+00:00\" \/>\n<meta property=\"og:image\" content=\"https:\/\/www.tafeldeko.de\/news\/wp-content\/uploads\/2014\/09\/servietten_harvest.jpg\" \/>\n\t<meta property=\"og:image:width\" content=\"200\" \/>\n\t<meta property=\"og:image:height\" content=\"140\" \/>\n\t<meta property=\"og:image:type\" content=\"image\/jpeg\" \/>\n<meta name=\"author\" content=\"Christiane Stein\" \/>\n<meta name=\"twitter:label1\" content=\"Verfasst von\" \/>\n\t<meta name=\"twitter:data1\" content=\"Christiane Stein\" \/>\n\t<meta name=\"twitter:label2\" content=\"Gesch\u00e4tzte Lesezeit\" \/>\n\t<meta name=\"twitter:data2\" content=\"2 Minuten\" \/>\n<script type=\"application\/ld+json\" class=\"yoast-schema-graph\">{\"@context\":\"https:\/\/schema.org\",\"@graph\":[{\"@type\":\"WebPage\",\"@id\":\"https:\/\/www.tafeldeko.de\/news\/schoen-ausgestattete-tische-im-herbst-sorgen-fuer-gute-laune\/\",\"url\":\"https:\/\/www.tafeldeko.de\/news\/schoen-ausgestattete-tische-im-herbst-sorgen-fuer-gute-laune\/\",\"name\":\"Sch\u00f6n ausgestattete Tische im Herbst sorgen f\u00fcr gute Laune - Tafeldeko\",\"isPartOf\":{\"@id\":\"https:\/\/www.tafeldeko.de\/news\/#website\"},\"datePublished\":\"2013-09-27T13:11:16+00:00\",\"dateModified\":\"2023-03-10T07:34:04+00:00\",\"author\":{\"@id\":\"https:\/\/www.tafeldeko.de\/news\/#\/schema\/person\/d2acd86447ed0b6336089a8ba83164a0\"},\"description\":\"Tische im Herbst. Ein toll arrangierter Tisch sorgt im tristen Herbst f\u00fcr die farbenfrohen Akzente. Dieser Tisch ist ein echtes Erlebnis...\",\"breadcrumb\":{\"@id\":\"https:\/\/www.tafeldeko.de\/news\/schoen-ausgestattete-tische-im-herbst-sorgen-fuer-gute-laune\/#breadcrumb\"},\"inLanguage\":\"de-DE\",\"potentialAction\":[{\"@type\":\"ReadAction\",\"target\":[\"https:\/\/www.tafeldeko.de\/news\/schoen-ausgestattete-tische-im-herbst-sorgen-fuer-gute-laune\/\"]}]},{\"@type\":\"BreadcrumbList\",\"@id\":\"https:\/\/www.tafeldeko.de\/news\/schoen-ausgestattete-tische-im-herbst-sorgen-fuer-gute-laune\/#breadcrumb\",\"itemListElement\":[{\"@type\":\"ListItem\",\"position\":1,\"name\":\"Tafeldeko\",\"item\":\"https:\/\/www.tafeldeko.de\/news\/\"},{\"@type\":\"ListItem\",\"position\":2,\"name\":\"Alte Beitr\u00e4ge\",\"item\":\"https:\/\/www.tafeldeko.de\/news\/alte-beitraege\/\"},{\"@type\":\"ListItem\",\"position\":3,\"name\":\"Tischdeko - Blog\",\"item\":\"https:\/\/www.tafeldeko.de\/news\/alte-beitraege\/tischdeko-blog\/\"},{\"@type\":\"ListItem\",\"position\":4,\"name\":\"Sch\u00f6n ausgestattete Tische im Herbst sorgen f\u00fcr gute Laune\"}]},{\"@type\":\"WebSite\",\"@id\":\"https:\/\/www.tafeldeko.de\/news\/#website\",\"url\":\"https:\/\/www.tafeldeko.de\/news\/\",\"name\":\"Tafeldeko\",\"description\":\"Blog mit Tischdeko und Tischdekoration Ideen\",\"potentialAction\":[{\"@type\":\"SearchAction\",\"target\":{\"@type\":\"EntryPoint\",\"urlTemplate\":\"https:\/\/www.tafeldeko.de\/news\/?s={search_term_string}\"},\"query-input\":\"required name=search_term_string\"}],\"inLanguage\":\"de-DE\"},{\"@type\":\"Person\",\"@id\":\"https:\/\/www.tafeldeko.de\/news\/#\/schema\/person\/d2acd86447ed0b6336089a8ba83164a0\",\"name\":\"Christiane Stein\",\"image\":{\"@type\":\"ImageObject\",\"inLanguage\":\"de-DE\",\"@id\":\"https:\/\/www.tafeldeko.de\/news\/#\/schema\/person\/image\/\",\"url\":\"https:\/\/secure.gravatar.com\/avatar\/2054729fbfd1ebc9d3cf1fd55361d0b6?s=96&d=mm&r=g\",\"contentUrl\":\"https:\/\/secure.gravatar.com\/avatar\/2054729fbfd1ebc9d3cf1fd55361d0b6?s=96&d=mm&r=g\",\"caption\":\"Christiane Stein\"}}]}<\/script>\n<!-- \/ Yoast SEO plugin. -->","yoast_head_json":{"title":"Sch\u00f6n ausgestattete Tische im Herbst sorgen f\u00fcr gute Laune - Tafeldeko","description":"Tische im Herbst. Ein toll arrangierter Tisch sorgt im tristen Herbst f\u00fcr die farbenfrohen Akzente. Dieser Tisch ist ein echtes Erlebnis...","robots":{"index":"index","follow":"follow","max-snippet":"max-snippet:-1","max-image-preview":"max-image-preview:large","max-video-preview":"max-video-preview:-1"},"canonical":"https:\/\/www.tafeldeko.de\/news\/schoen-ausgestattete-tische-im-herbst-sorgen-fuer-gute-laune\/","og_locale":"de_DE","og_type":"article","og_title":"Sch\u00f6n ausgestattete Tische im Herbst sorgen f\u00fcr gute Laune - Tafeldeko","og_description":"Tische im Herbst. Ein toll arrangierter Tisch sorgt im tristen Herbst f\u00fcr die farbenfrohen Akzente. Dieser Tisch ist ein echtes Erlebnis...","og_url":"https:\/\/www.tafeldeko.de\/news\/schoen-ausgestattete-tische-im-herbst-sorgen-fuer-gute-laune\/","og_site_name":"Tafeldeko","article_publisher":"https:\/\/www.facebook.com\/pages\/Tafeldeko-einzigartige-Tischdekoration\/174202655894","article_published_time":"2013-09-27T13:11:16+00:00","article_modified_time":"2023-03-10T07:34:04+00:00","og_image":[{"width":200,"height":140,"url":"https:\/\/www.tafeldeko.de\/news\/wp-content\/uploads\/2014\/09\/servietten_harvest.jpg","type":"image\/jpeg"}],"author":"Christiane Stein","twitter_misc":{"Verfasst von":"Christiane Stein","Gesch\u00e4tzte Lesezeit":"2 Minuten"},"schema":{"@context":"https:\/\/schema.org","@graph":[{"@type":"WebPage","@id":"https:\/\/www.tafeldeko.de\/news\/schoen-ausgestattete-tische-im-herbst-sorgen-fuer-gute-laune\/","url":"https:\/\/www.tafeldeko.de\/news\/schoen-ausgestattete-tische-im-herbst-sorgen-fuer-gute-laune\/","name":"Sch\u00f6n ausgestattete Tische im Herbst sorgen f\u00fcr gute Laune - Tafeldeko","isPartOf":{"@id":"https:\/\/www.tafeldeko.de\/news\/#website"},"datePublished":"2013-09-27T13:11:16+00:00","dateModified":"2023-03-10T07:34:04+00:00","author":{"@id":"https:\/\/www.tafeldeko.de\/news\/#\/schema\/person\/d2acd86447ed0b6336089a8ba83164a0"},"description":"Tische im Herbst. Ein toll arrangierter Tisch sorgt im tristen Herbst f\u00fcr die farbenfrohen Akzente. Dieser Tisch ist ein echtes Erlebnis...","breadcrumb":{"@id":"https:\/\/www.tafeldeko.de\/news\/schoen-ausgestattete-tische-im-herbst-sorgen-fuer-gute-laune\/#breadcrumb"},"inLanguage":"de-DE","potentialAction":[{"@type":"ReadAction","target":["https:\/\/www.tafeldeko.de\/news\/schoen-ausgestattete-tische-im-herbst-sorgen-fuer-gute-laune\/"]}]},{"@type":"BreadcrumbList","@id":"https:\/\/www.tafeldeko.de\/news\/schoen-ausgestattete-tische-im-herbst-sorgen-fuer-gute-laune\/#breadcrumb","itemListElement":[{"@type":"ListItem","position":1,"name":"Tafeldeko","item":"https:\/\/www.tafeldeko.de\/news\/"},{"@type":"ListItem","position":2,"name":"Alte Beitr\u00e4ge","item":"https:\/\/www.tafeldeko.de\/news\/alte-beitraege\/"},{"@type":"ListItem","position":3,"name":"Tischdeko - Blog","item":"https:\/\/www.tafeldeko.de\/news\/alte-beitraege\/tischdeko-blog\/"},{"@type":"ListItem","position":4,"name":"Sch\u00f6n ausgestattete Tische im Herbst sorgen f\u00fcr gute Laune"}]},{"@type":"WebSite","@id":"https:\/\/www.tafeldeko.de\/news\/#website","url":"https:\/\/www.tafeldeko.de\/news\/","name":"Tafeldeko","description":"Blog mit Tischdeko und Tischdekoration Ideen","potentialAction":[{"@type":"SearchAction","target":{"@type":"EntryPoint","urlTemplate":"https:\/\/www.tafeldeko.de\/news\/?s={search_term_string}"},"query-input":"required name=search_term_string"}],"inLanguage":"de-DE"},{"@type":"Person","@id":"https:\/\/www.tafeldeko.de\/news\/#\/schema\/person\/d2acd86447ed0b6336089a8ba83164a0","name":"Christiane Stein","image":{"@type":"ImageObject","inLanguage":"de-DE","@id":"https:\/\/www.tafeldeko.de\/news\/#\/schema\/person\/image\/","url":"https:\/\/secure.gravatar.com\/avatar\/2054729fbfd1ebc9d3cf1fd55361d0b6?s=96&d=mm&r=g","contentUrl":"https:\/\/secure.gravatar.com\/avatar\/2054729fbfd1ebc9d3cf1fd55361d0b6?s=96&d=mm&r=g","caption":"Christiane Stein"}}]}},"_links":{"self":[{"href":"https:\/\/www.tafeldeko.de\/news\/wp-json\/wp\/v2\/posts\/1248"}],"collection":[{"href":"https:\/\/www.tafeldeko.de\/news\/wp-json\/wp\/v2\/posts"}],"about":[{"href":"https:\/\/www.tafeldeko.de\/news\/wp-json\/wp\/v2\/types\/post"}],"author":[{"embeddable":true,"href":"https:\/\/www.tafeldeko.de\/news\/wp-json\/wp\/v2\/users\/2"}],"replies":[{"embeddable":true,"href":"https:\/\/www.tafeldeko.de\/news\/wp-json\/wp\/v2\/comments?post=1248"}],"version-history":[{"count":8,"href":"https:\/\/www.tafeldeko.de\/news\/wp-json\/wp\/v2\/posts\/1248\/revisions"}],"predecessor-version":[{"id":24661,"href":"https:\/\/www.tafeldeko.de\/news\/wp-json\/wp\/v2\/posts\/1248\/revisions\/24661"}],"wp:featuredmedia":[{"embeddable":true,"href":"https:\/\/www.tafeldeko.de\/news\/wp-json\/wp\/v2\/media\/1249"}],"wp:attachment":[{"href":"https:\/\/www.tafeldeko.de\/news\/wp-json\/wp\/v2\/media?parent=1248"}],"wp:term":[{"taxonomy":"category","embeddable":true,"href":"https:\/\/www.tafeldeko.de\/news\/wp-json\/wp\/v2\/categories?post=1248"},{"taxonomy":"post_tag","embeddable":true,"href":"https:\/\/www.tafeldeko.de\/news\/wp-json\/wp\/v2\/tags?post=1248"}],"curies":[{"name":"wp","href":"https:\/\/api.w.org\/{rel}","templated":true}]}}