{"id":1228,"date":"2013-08-07T11:14:33","date_gmt":"2013-08-07T09:14:33","guid":{"rendered":"http:\/\/www.tafeldeko.de\/news\/?p=1228"},"modified":"2013-08-07T11:14:33","modified_gmt":"2013-08-07T09:14:33","slug":"tischdekoration-zum-60-geburtstag-rot-und-gruen-strahlt-die-tafel","status":"publish","type":"post","link":"https:\/\/www.tafeldeko.de\/news\/tischdekoration-zum-60-geburtstag-rot-und-gruen-strahlt-die-tafel\/","title":{"rendered":"Tischdekoration zum 60. Geburtstag \u2013 Rot und Gr\u00fcn strahlt die Tafel"},"content":{"rendered":"<div class=\"textumfliessenrechts\"><img decoding=\"async\" loading=\"lazy\" src=\"https:\/\/www.tafeldeko.de\/news\/media\/users\/schnurchristian\/gebu_rot_gruen.jpg\" alt=\"Tischdeko zum Geburtstag\" title=\"Tischdeko zum Geburtstag\" width=\"320\" height=\"200\"\/><br \/><a href=\"https:\/\/www.tafeldeko.de\/mustertische\/index2.php?t=13&#038;c=7\" title=\"Zum Mustertisch Geburtstag Rot\/Gr\u00fcn\"><b>Zum Mustertisch Geburtstag Rot\/Gr\u00fcn<\/b><\/a><\/div>\n<p> Sie m\u00f6chten die Tischdeko f\u00fcr den <b>60. Geburtstag<\/b> ganz au\u00dfergew\u00f6hnlich und stilvoll ausstatten? Sch\u00f6ne Accessoires in tollen Farben sollen die Tischdeko erg\u00e4nzen und sie zu einem echten Hingucker machen?<br \/>\nKein Problem mit den <a href=\"https:\/\/www.tafeldeko.de\/geburtstag-tischdeko\/\" title=\"Mustertischen zum Geburtstag\"><b>Mustertischen zum Geburtstag<\/b><\/a> von Tafeldeko.<br \/>\nEine wundersch\u00f6ne Basis f\u00fcr den 60. Geburtstag ist der Geburtstagstisch in Rot und Gr\u00fcn. Zum einen machen die Farben diesen Tisch zu einem Augenschmaus und zum anderen nat\u00fcrlich die Accessoires in ihrer Farbenpracht und den Formen. Dekofiguren sorgen zum Beispiel f\u00fcr sch\u00f6ne Akzente auf dem Tisch, verleihen dem Tisch Pepp, Fr\u00f6hlichkeit und das gewisse Etwas.<br \/>\nDoch der Reihe nach. F\u00fcr diese Tischdekoration ben\u00f6tigen Sie eine wei\u00dfe Duni Tischdecke, einen Duni Tischl\u00e4ufer in Rot, Karo Tischband in Hellgr\u00fcn, Organza Rolle in Hellgr\u00fcn, Dekowolle \u2013 Filzkordel in Rot und Sizoweb Tischband in Gr\u00fcn. Mit diesen Accessoires best\u00fccken Sie die Tischmitte, so dass diese der Tischdeko den ersten<b> tollen Effekt<\/b> verleiht.<br \/>\nWenn Sie es gerne \u00fcppig m\u00f6chten, dann bietet es sich nat\u00fcrlich auch an, das Highlight dieses Mustertisches zu \u00fcbernehmen. Basis ist das Glaswindlicht zur Raumdeko mit Jutestreifen in Rot. In diesem Glas werden Kunstblumen Mohn und ein Kunstgras Wedel in Creme, Braun arrangiert und fertig ist der Blickfang f\u00fcr die Tischmitte.<br \/>\nF\u00fcr die kleinen Akzente auf dem Tisch sorgen dann die verschiedenen Streuteile und Dekofiguren. Kleine Gl\u00fccksbringer wie die Marienk\u00e4fer auf Blatt, die kleinen Marienk\u00e4fer und die Teelichter Marienk\u00e4fer sind tolle Erg\u00e4nzungen bei dieser Tischdekoration. Fr\u00f6sche mit <a href=\"https:\/\/www.tafeldeko.de\/index.php\/cat\/c2037_Tiere.html\" title=\"Marienk\u00e4fer\"><b>Marienk\u00e4fer<\/b><\/a>, Dekofiguren Zwerg mit Blume und mit Schaufel erg\u00e4nzen den fr\u00f6hlichen Touch dieses Tisches.<br \/>\nZum 60. Geburtstag wird meist gro\u00df gefeiert, das hei\u00dft, Men\u00fckarten sind sinnvoll, um die G\u00e4ste \u00fcber das Essen zu informieren. Allein die Men\u00fckarte Geburtstag in Rot\/Gr\u00fcn ist ein Hingucker, wird diese jedoch noch auf der Staffelei pr\u00e4sentiert, ist die Wirkung nochmals so sch\u00f6n.<br \/>\nMit dieser Tischdekoration in Rot und Gr\u00fcn k\u00f6nnen Sie Ihre G\u00e4ste beeindrucken und einen tollen Rahmen f\u00fcr die Geburtstagsfeier zum 60. pr\u00e4sentieren. <\/p>\n","protected":false},"excerpt":{"rendered":"<p>Sie m\u00f6chten die Tischdeko f\u00fcr den 60. Geburtstag ganz au\u00dfergew\u00f6hnlich und stilvoll ausstatten? Sch\u00f6ne Accessoires in tollen Farben sollen die Tischdeko erg\u00e4nzen und sie zu einem echten Hingucker machen?<br \/>\nKein Problem mit den  von Tafeldeko.<\/p>\n","protected":false},"author":2,"featured_media":1204,"comment_status":"open","ping_status":"open","sticky":false,"template":"","format":"standard","meta":{"footnotes":""},"categories":[1],"tags":[],"yoast_head":"<!-- This site is optimized with the Yoast SEO plugin v20.4 - https:\/\/yoast.com\/wordpress\/plugins\/seo\/ -->\n<title>Tischdekoration zum 60. Geburtstag \u2013 Rot und Gr\u00fcn strahlt die Tafel - Tafeldeko<\/title>\n<meta name=\"description\" content=\"Sie m&#xF6;chten die Tischdeko f&#xFC;r den 60. Geburtstag ganz au&#xDF;ergew&#xF6;hnlich und stilvoll ausstatten? Wir haben die Ideen\" \/>\n<meta name=\"robots\" content=\"index, follow, max-snippet:-1, max-image-preview:large, max-video-preview:-1\" \/>\n<link rel=\"canonical\" href=\"https:\/\/www.tafeldeko.de\/news\/tischdekoration-zum-60-geburtstag-rot-und-gruen-strahlt-die-tafel\/\" \/>\n<meta property=\"og:locale\" content=\"de_DE\" \/>\n<meta property=\"og:type\" content=\"article\" \/>\n<meta property=\"og:title\" content=\"Tischdekoration zum 60. Geburtstag \u2013 Rot und Gr\u00fcn strahlt die Tafel - Tafeldeko\" \/>\n<meta property=\"og:description\" content=\"Sie m&#xF6;chten die Tischdeko f&#xFC;r den 60. Geburtstag ganz au&#xDF;ergew&#xF6;hnlich und stilvoll ausstatten? Wir haben die Ideen\" \/>\n<meta property=\"og:url\" content=\"https:\/\/www.tafeldeko.de\/news\/tischdekoration-zum-60-geburtstag-rot-und-gruen-strahlt-die-tafel\/\" \/>\n<meta property=\"og:site_name\" content=\"Tafeldeko\" \/>\n<meta property=\"article:publisher\" content=\"https:\/\/www.facebook.com\/pages\/Tafeldeko-einzigartige-Tischdekoration\/174202655894\" \/>\n<meta property=\"article:published_time\" content=\"2013-08-07T09:14:33+00:00\" \/>\n<meta property=\"og:image\" content=\"https:\/\/www.tafeldeko.de\/news\/wp-content\/uploads\/2014\/09\/gebu_rot_gruen.jpg\" \/>\n\t<meta property=\"og:image:width\" content=\"490\" \/>\n\t<meta property=\"og:image:height\" content=\"310\" \/>\n\t<meta property=\"og:image:type\" content=\"image\/jpeg\" \/>\n<meta name=\"author\" content=\"Christiane Stein\" \/>\n<meta name=\"twitter:label1\" content=\"Verfasst von\" \/>\n\t<meta name=\"twitter:data1\" content=\"Christiane Stein\" \/>\n\t<meta name=\"twitter:label2\" content=\"Gesch\u00e4tzte Lesezeit\" \/>\n\t<meta name=\"twitter:data2\" content=\"2 Minuten\" \/>\n<script type=\"application\/ld+json\" class=\"yoast-schema-graph\">{\"@context\":\"https:\/\/schema.org\",\"@graph\":[{\"@type\":\"WebPage\",\"@id\":\"https:\/\/www.tafeldeko.de\/news\/tischdekoration-zum-60-geburtstag-rot-und-gruen-strahlt-die-tafel\/\",\"url\":\"https:\/\/www.tafeldeko.de\/news\/tischdekoration-zum-60-geburtstag-rot-und-gruen-strahlt-die-tafel\/\",\"name\":\"Tischdekoration zum 60. Geburtstag \u2013 Rot und Gr\u00fcn strahlt die Tafel - Tafeldeko\",\"isPartOf\":{\"@id\":\"https:\/\/www.tafeldeko.de\/news\/#website\"},\"datePublished\":\"2013-08-07T09:14:33+00:00\",\"dateModified\":\"2013-08-07T09:14:33+00:00\",\"author\":{\"@id\":\"https:\/\/www.tafeldeko.de\/news\/#\/schema\/person\/d2acd86447ed0b6336089a8ba83164a0\"},\"description\":\"Sie m&#xF6;chten die Tischdeko f&#xFC;r den 60. Geburtstag ganz au&#xDF;ergew&#xF6;hnlich und stilvoll ausstatten? Wir haben die Ideen\",\"breadcrumb\":{\"@id\":\"https:\/\/www.tafeldeko.de\/news\/tischdekoration-zum-60-geburtstag-rot-und-gruen-strahlt-die-tafel\/#breadcrumb\"},\"inLanguage\":\"de-DE\",\"potentialAction\":[{\"@type\":\"ReadAction\",\"target\":[\"https:\/\/www.tafeldeko.de\/news\/tischdekoration-zum-60-geburtstag-rot-und-gruen-strahlt-die-tafel\/\"]}]},{\"@type\":\"BreadcrumbList\",\"@id\":\"https:\/\/www.tafeldeko.de\/news\/tischdekoration-zum-60-geburtstag-rot-und-gruen-strahlt-die-tafel\/#breadcrumb\",\"itemListElement\":[{\"@type\":\"ListItem\",\"position\":1,\"name\":\"Tafeldeko\",\"item\":\"https:\/\/www.tafeldeko.de\/news\/\"},{\"@type\":\"ListItem\",\"position\":2,\"name\":\"Alte Beitr\u00e4ge\",\"item\":\"https:\/\/www.tafeldeko.de\/news\/alte-beitraege\/\"},{\"@type\":\"ListItem\",\"position\":3,\"name\":\"Tischdeko - Blog\",\"item\":\"https:\/\/www.tafeldeko.de\/news\/alte-beitraege\/tischdeko-blog\/\"},{\"@type\":\"ListItem\",\"position\":4,\"name\":\"Tischdekoration zum 60. Geburtstag \u2013 Rot und Gr\u00fcn strahlt die Tafel\"}]},{\"@type\":\"WebSite\",\"@id\":\"https:\/\/www.tafeldeko.de\/news\/#website\",\"url\":\"https:\/\/www.tafeldeko.de\/news\/\",\"name\":\"Tafeldeko\",\"description\":\"Blog mit Tischdeko und Tischdekoration Ideen\",\"potentialAction\":[{\"@type\":\"SearchAction\",\"target\":{\"@type\":\"EntryPoint\",\"urlTemplate\":\"https:\/\/www.tafeldeko.de\/news\/?s={search_term_string}\"},\"query-input\":\"required name=search_term_string\"}],\"inLanguage\":\"de-DE\"},{\"@type\":\"Person\",\"@id\":\"https:\/\/www.tafeldeko.de\/news\/#\/schema\/person\/d2acd86447ed0b6336089a8ba83164a0\",\"name\":\"Christiane Stein\",\"image\":{\"@type\":\"ImageObject\",\"inLanguage\":\"de-DE\",\"@id\":\"https:\/\/www.tafeldeko.de\/news\/#\/schema\/person\/image\/\",\"url\":\"https:\/\/secure.gravatar.com\/avatar\/2054729fbfd1ebc9d3cf1fd55361d0b6?s=96&d=mm&r=g\",\"contentUrl\":\"https:\/\/secure.gravatar.com\/avatar\/2054729fbfd1ebc9d3cf1fd55361d0b6?s=96&d=mm&r=g\",\"caption\":\"Christiane Stein\"}}]}<\/script>\n<!-- \/ Yoast SEO plugin. -->","yoast_head_json":{"title":"Tischdekoration zum 60. Geburtstag \u2013 Rot und Gr\u00fcn strahlt die Tafel - Tafeldeko","description":"Sie m&#xF6;chten die Tischdeko f&#xFC;r den 60. Geburtstag ganz au&#xDF;ergew&#xF6;hnlich und stilvoll ausstatten? Wir haben die Ideen","robots":{"index":"index","follow":"follow","max-snippet":"max-snippet:-1","max-image-preview":"max-image-preview:large","max-video-preview":"max-video-preview:-1"},"canonical":"https:\/\/www.tafeldeko.de\/news\/tischdekoration-zum-60-geburtstag-rot-und-gruen-strahlt-die-tafel\/","og_locale":"de_DE","og_type":"article","og_title":"Tischdekoration zum 60. Geburtstag \u2013 Rot und Gr\u00fcn strahlt die Tafel - Tafeldeko","og_description":"Sie m&#xF6;chten die Tischdeko f&#xFC;r den 60. Geburtstag ganz au&#xDF;ergew&#xF6;hnlich und stilvoll ausstatten? Wir haben die Ideen","og_url":"https:\/\/www.tafeldeko.de\/news\/tischdekoration-zum-60-geburtstag-rot-und-gruen-strahlt-die-tafel\/","og_site_name":"Tafeldeko","article_publisher":"https:\/\/www.facebook.com\/pages\/Tafeldeko-einzigartige-Tischdekoration\/174202655894","article_published_time":"2013-08-07T09:14:33+00:00","og_image":[{"width":490,"height":310,"url":"https:\/\/www.tafeldeko.de\/news\/wp-content\/uploads\/2014\/09\/gebu_rot_gruen.jpg","type":"image\/jpeg"}],"author":"Christiane Stein","twitter_misc":{"Verfasst von":"Christiane Stein","Gesch\u00e4tzte Lesezeit":"2 Minuten"},"schema":{"@context":"https:\/\/schema.org","@graph":[{"@type":"WebPage","@id":"https:\/\/www.tafeldeko.de\/news\/tischdekoration-zum-60-geburtstag-rot-und-gruen-strahlt-die-tafel\/","url":"https:\/\/www.tafeldeko.de\/news\/tischdekoration-zum-60-geburtstag-rot-und-gruen-strahlt-die-tafel\/","name":"Tischdekoration zum 60. Geburtstag \u2013 Rot und Gr\u00fcn strahlt die Tafel - Tafeldeko","isPartOf":{"@id":"https:\/\/www.tafeldeko.de\/news\/#website"},"datePublished":"2013-08-07T09:14:33+00:00","dateModified":"2013-08-07T09:14:33+00:00","author":{"@id":"https:\/\/www.tafeldeko.de\/news\/#\/schema\/person\/d2acd86447ed0b6336089a8ba83164a0"},"description":"Sie m&#xF6;chten die Tischdeko f&#xFC;r den 60. Geburtstag ganz au&#xDF;ergew&#xF6;hnlich und stilvoll ausstatten? Wir haben die Ideen","breadcrumb":{"@id":"https:\/\/www.tafeldeko.de\/news\/tischdekoration-zum-60-geburtstag-rot-und-gruen-strahlt-die-tafel\/#breadcrumb"},"inLanguage":"de-DE","potentialAction":[{"@type":"ReadAction","target":["https:\/\/www.tafeldeko.de\/news\/tischdekoration-zum-60-geburtstag-rot-und-gruen-strahlt-die-tafel\/"]}]},{"@type":"BreadcrumbList","@id":"https:\/\/www.tafeldeko.de\/news\/tischdekoration-zum-60-geburtstag-rot-und-gruen-strahlt-die-tafel\/#breadcrumb","itemListElement":[{"@type":"ListItem","position":1,"name":"Tafeldeko","item":"https:\/\/www.tafeldeko.de\/news\/"},{"@type":"ListItem","position":2,"name":"Alte Beitr\u00e4ge","item":"https:\/\/www.tafeldeko.de\/news\/alte-beitraege\/"},{"@type":"ListItem","position":3,"name":"Tischdeko - Blog","item":"https:\/\/www.tafeldeko.de\/news\/alte-beitraege\/tischdeko-blog\/"},{"@type":"ListItem","position":4,"name":"Tischdekoration zum 60. Geburtstag \u2013 Rot und Gr\u00fcn strahlt die Tafel"}]},{"@type":"WebSite","@id":"https:\/\/www.tafeldeko.de\/news\/#website","url":"https:\/\/www.tafeldeko.de\/news\/","name":"Tafeldeko","description":"Blog mit Tischdeko und Tischdekoration Ideen","potentialAction":[{"@type":"SearchAction","target":{"@type":"EntryPoint","urlTemplate":"https:\/\/www.tafeldeko.de\/news\/?s={search_term_string}"},"query-input":"required name=search_term_string"}],"inLanguage":"de-DE"},{"@type":"Person","@id":"https:\/\/www.tafeldeko.de\/news\/#\/schema\/person\/d2acd86447ed0b6336089a8ba83164a0","name":"Christiane Stein","image":{"@type":"ImageObject","inLanguage":"de-DE","@id":"https:\/\/www.tafeldeko.de\/news\/#\/schema\/person\/image\/","url":"https:\/\/secure.gravatar.com\/avatar\/2054729fbfd1ebc9d3cf1fd55361d0b6?s=96&d=mm&r=g","contentUrl":"https:\/\/secure.gravatar.com\/avatar\/2054729fbfd1ebc9d3cf1fd55361d0b6?s=96&d=mm&r=g","caption":"Christiane Stein"}}]}},"_links":{"self":[{"href":"https:\/\/www.tafeldeko.de\/news\/wp-json\/wp\/v2\/posts\/1228"}],"collection":[{"href":"https:\/\/www.tafeldeko.de\/news\/wp-json\/wp\/v2\/posts"}],"about":[{"href":"https:\/\/www.tafeldeko.de\/news\/wp-json\/wp\/v2\/types\/post"}],"author":[{"embeddable":true,"href":"https:\/\/www.tafeldeko.de\/news\/wp-json\/wp\/v2\/users\/2"}],"replies":[{"embeddable":true,"href":"https:\/\/www.tafeldeko.de\/news\/wp-json\/wp\/v2\/comments?post=1228"}],"version-history":[{"count":0,"href":"https:\/\/www.tafeldeko.de\/news\/wp-json\/wp\/v2\/posts\/1228\/revisions"}],"wp:featuredmedia":[{"embeddable":true,"href":"https:\/\/www.tafeldeko.de\/news\/wp-json\/wp\/v2\/media\/1204"}],"wp:attachment":[{"href":"https:\/\/www.tafeldeko.de\/news\/wp-json\/wp\/v2\/media?parent=1228"}],"wp:term":[{"taxonomy":"category","embeddable":true,"href":"https:\/\/www.tafeldeko.de\/news\/wp-json\/wp\/v2\/categories?post=1228"},{"taxonomy":"post_tag","embeddable":true,"href":"https:\/\/www.tafeldeko.de\/news\/wp-json\/wp\/v2\/tags?post=1228"}],"curies":[{"name":"wp","href":"https:\/\/api.w.org\/{rel}","templated":true}]}}