{"id":1140,"date":"2012-11-12T20:44:59","date_gmt":"2012-11-12T18:44:59","guid":{"rendered":"http:\/\/www.tafeldeko.de\/news\/?p=1140"},"modified":"2012-11-12T20:44:59","modified_gmt":"2012-11-12T18:44:59","slug":"tischdeko-fuer-den-50-geburtstag","status":"publish","type":"post","link":"https:\/\/www.tafeldeko.de\/news\/tischdeko-fuer-den-50-geburtstag\/","title":{"rendered":"Tischdeko f\u00fcr den 50. Geburtstag"},"content":{"rendered":"<div class=\"textumfliessenrechts\"><img decoding=\"async\" loading=\"lazy\" src=\"https:\/\/www.tafeldeko.de\/news\/media\/users\/schnurchristian\/gebu_braun_tuerkis.jpg\" alt=\"Tischdeko Geburtstag\" title=\"Tischdeko Geburtstag\" width=\"328\" height=\"210\"\/><br \/><a href=\"https:\/\/www.tafeldeko.de\/mustertische\/index2.php?t=1&#038;c=7\" title=\"Tischdeko zum 50. Geburtstag\"><b>Tischdeko zum 50. Geburtstag<\/b><\/a><\/div>\n<p> Der 50. Geburtstag naht, sozusagen schreitet man dem halben Jahrhundert entgegen.<br \/>\nEin Anlass, der das Geburtstagkind vielleicht schon so leicht ins Gr\u00fcbeln bringt, wohin die Zeit so schnell verflogen ist.<br \/>\nWie schnell waren diese 50 Jahre vor\u00fcber? Was hat man in dieser Zeit alles erlebt?<br \/>\nMan kann sich noch an Erlebnisse erinnern, als man vielleicht gerade 20 war, an die Heirat, an die Geburt des Kindes und an viele Dinge mehr. Und man hat als Gast den einen oder anderen 50. Geburtstag schon erleben d\u00fcrfen, doch nun ist man selbst an der Reihe. Doch kein Grund zum Traurig sein, der <b>50. Geburtstag<\/b> muss gefeiert werden.<br \/>\nMit der Familie und Freunden diesen Tag verbringen, ist auf jeden Fall etwas Sch\u00f6nes. Vor allen Dingen freuen sich die Menschen um einen herum, m\u00f6chten diesen besonderen Tag mit dem Geburtstagskind feiern.<br \/>\nWas geh\u00f6rt alles zu einem 50. <b><a href=\"https:\/\/www.tafeldeko.de\/index.php\/cat\/c50_Tischdeko-Geburtstag.html\" title=\"Geburtstag\">Geburtstag<\/a><\/b>?<br \/>\nDie R\u00e4umlichkeit sollte von der Gr\u00f6\u00dfe so gew\u00e4hlt werden, dass alle G\u00e4ste ausreichend Platz haben, Essen und Getr\u00e4nke werden nach den Vorstellungen des Geburtstagskindes ausgew\u00e4hlt und auch die Tischdeko sollte nicht vergessen werden.<br \/>\nSchlie\u00dflich soll die Feier durch sch\u00f6n eingedeckte Tische entsprechend feierlich bei den G\u00e4sten ankommen.<br \/>\nEine eindrucksvolle Tischdeko zum 50. Geburtstag stellt sozusagen schon die halbe Miete dar und tr\u00e4gt zum Erfolg der Feier bei.<br \/>\nEine farbenfrohe und moderne Tischdeko darf es bei dem Festtag auf jeden Fall sein. T\u00fcrkis und braun \u2013 eine Farbkombination, die <b>wundervolle Effekte und Akzente<\/b> setzt.<br \/>\nEin Traum aus t\u00fcrkisfarbenen und braunen Elementen pr\u00e4sentiert sich den G\u00e4sten.<br \/>\nAllein die Tischmitte ist ein echter <b>Eyecatcher<\/b>.<br \/>\nEin Duni Tischl\u00e4ufer Cietta Stripe, Organza Dekostoff in t\u00fcrkis, Crea Pop Fripe Tischband in Nougat bilden die Auflage in der Tischmitte. Hierauf werden <b><a href=\"https:\/\/www.tafeldeko.de\/index.php\/cat\/c533_Teelichthalter.html\" title=\"Teelichthalter\">Teelichthalter<\/a><\/b> mit Einsatz und Kieselsteinen in grau drapiert, Reben-Herzen mit Schweif, Baumscheibenstreu, Holzbl\u00fctenstreu in t\u00fcrkis und Dekokiesel natur erg\u00e4nzen das Bild perfekt. Wie die Tischmitte verziert wird, welche Elemente diese zieren, ist Ermessenssache.<br \/>\nUm ein stimmiges Gesamtbild zu erhalten, fiel die Auswahl auf die Duni Cietta Stripe Servietten, die mit braunen Duni-Servietten eindrucksvoll gefaltet wurde.<\/p>\n","protected":false},"excerpt":{"rendered":"<p>Der 50. Geburtstag naht, sozusagen schreitet man dem halben Jahrhundert entgegen.<br \/>\nEin Anlass, der das Geburtstagkind vielleicht schon so leicht ins Gr\u00fcbeln bringt, wohin die Zeit so schnell verflogen ist.<br \/>\nWie schnell waren diese 50 Jahre vor\u00fcber? Was hat man in dieser Zeit alles erlebt?<\/p>\n","protected":false},"author":2,"featured_media":1141,"comment_status":"open","ping_status":"open","sticky":false,"template":"","format":"standard","meta":{"footnotes":""},"categories":[1],"tags":[],"yoast_head":"<!-- This site is optimized with the Yoast SEO plugin v20.4 - https:\/\/yoast.com\/wordpress\/plugins\/seo\/ -->\n<title>Tischdeko f\u00fcr den 50. Geburtstag - Tafeldeko<\/title>\n<meta name=\"description\" content=\"Eine farbenfrohe und moderne Tischdeko darf es bei dem Festtag auf jeden Fall sein. T&#xFC;rkis und braun &#x2013; eine Farbkombination, die wundervolle Effekte und Akzente\" \/>\n<meta name=\"robots\" content=\"index, follow, max-snippet:-1, max-image-preview:large, max-video-preview:-1\" \/>\n<link rel=\"canonical\" href=\"https:\/\/www.tafeldeko.de\/news\/tischdeko-fuer-den-50-geburtstag\/\" \/>\n<meta property=\"og:locale\" content=\"de_DE\" \/>\n<meta property=\"og:type\" content=\"article\" \/>\n<meta property=\"og:title\" content=\"Tischdeko f\u00fcr den 50. Geburtstag - Tafeldeko\" \/>\n<meta property=\"og:description\" content=\"Eine farbenfrohe und moderne Tischdeko darf es bei dem Festtag auf jeden Fall sein. T&#xFC;rkis und braun &#x2013; eine Farbkombination, die wundervolle Effekte und Akzente\" \/>\n<meta property=\"og:url\" content=\"https:\/\/www.tafeldeko.de\/news\/tischdeko-fuer-den-50-geburtstag\/\" \/>\n<meta property=\"og:site_name\" content=\"Tafeldeko\" \/>\n<meta property=\"article:publisher\" content=\"https:\/\/www.facebook.com\/pages\/Tafeldeko-einzigartige-Tischdekoration\/174202655894\" \/>\n<meta property=\"article:published_time\" content=\"2012-11-12T18:44:59+00:00\" \/>\n<meta property=\"og:image\" content=\"https:\/\/www.tafeldeko.de\/news\/wp-content\/uploads\/2014\/09\/gebu_braun_tuerkis.jpg\" \/>\n\t<meta property=\"og:image:width\" content=\"448\" \/>\n\t<meta property=\"og:image:height\" content=\"270\" \/>\n\t<meta property=\"og:image:type\" content=\"image\/jpeg\" \/>\n<meta name=\"author\" content=\"Christiane Stein\" \/>\n<meta name=\"twitter:label1\" content=\"Verfasst von\" \/>\n\t<meta name=\"twitter:data1\" content=\"Christiane Stein\" \/>\n\t<meta name=\"twitter:label2\" content=\"Gesch\u00e4tzte Lesezeit\" \/>\n\t<meta name=\"twitter:data2\" content=\"2 Minuten\" \/>\n<script type=\"application\/ld+json\" class=\"yoast-schema-graph\">{\"@context\":\"https:\/\/schema.org\",\"@graph\":[{\"@type\":\"WebPage\",\"@id\":\"https:\/\/www.tafeldeko.de\/news\/tischdeko-fuer-den-50-geburtstag\/\",\"url\":\"https:\/\/www.tafeldeko.de\/news\/tischdeko-fuer-den-50-geburtstag\/\",\"name\":\"Tischdeko f\u00fcr den 50. Geburtstag - Tafeldeko\",\"isPartOf\":{\"@id\":\"https:\/\/www.tafeldeko.de\/news\/#website\"},\"datePublished\":\"2012-11-12T18:44:59+00:00\",\"dateModified\":\"2012-11-12T18:44:59+00:00\",\"author\":{\"@id\":\"https:\/\/www.tafeldeko.de\/news\/#\/schema\/person\/d2acd86447ed0b6336089a8ba83164a0\"},\"description\":\"Eine farbenfrohe und moderne Tischdeko darf es bei dem Festtag auf jeden Fall sein. T&#xFC;rkis und braun &#x2013; eine Farbkombination, die wundervolle Effekte und Akzente\",\"breadcrumb\":{\"@id\":\"https:\/\/www.tafeldeko.de\/news\/tischdeko-fuer-den-50-geburtstag\/#breadcrumb\"},\"inLanguage\":\"de-DE\",\"potentialAction\":[{\"@type\":\"ReadAction\",\"target\":[\"https:\/\/www.tafeldeko.de\/news\/tischdeko-fuer-den-50-geburtstag\/\"]}]},{\"@type\":\"BreadcrumbList\",\"@id\":\"https:\/\/www.tafeldeko.de\/news\/tischdeko-fuer-den-50-geburtstag\/#breadcrumb\",\"itemListElement\":[{\"@type\":\"ListItem\",\"position\":1,\"name\":\"Tafeldeko\",\"item\":\"https:\/\/www.tafeldeko.de\/news\/\"},{\"@type\":\"ListItem\",\"position\":2,\"name\":\"Alte Beitr\u00e4ge\",\"item\":\"https:\/\/www.tafeldeko.de\/news\/alte-beitraege\/\"},{\"@type\":\"ListItem\",\"position\":3,\"name\":\"Tischdeko - Blog\",\"item\":\"https:\/\/www.tafeldeko.de\/news\/alte-beitraege\/tischdeko-blog\/\"},{\"@type\":\"ListItem\",\"position\":4,\"name\":\"Tischdeko f\u00fcr den 50. Geburtstag\"}]},{\"@type\":\"WebSite\",\"@id\":\"https:\/\/www.tafeldeko.de\/news\/#website\",\"url\":\"https:\/\/www.tafeldeko.de\/news\/\",\"name\":\"Tafeldeko\",\"description\":\"Blog mit Tischdeko und Tischdekoration Ideen\",\"potentialAction\":[{\"@type\":\"SearchAction\",\"target\":{\"@type\":\"EntryPoint\",\"urlTemplate\":\"https:\/\/www.tafeldeko.de\/news\/?s={search_term_string}\"},\"query-input\":\"required name=search_term_string\"}],\"inLanguage\":\"de-DE\"},{\"@type\":\"Person\",\"@id\":\"https:\/\/www.tafeldeko.de\/news\/#\/schema\/person\/d2acd86447ed0b6336089a8ba83164a0\",\"name\":\"Christiane Stein\",\"image\":{\"@type\":\"ImageObject\",\"inLanguage\":\"de-DE\",\"@id\":\"https:\/\/www.tafeldeko.de\/news\/#\/schema\/person\/image\/\",\"url\":\"https:\/\/secure.gravatar.com\/avatar\/2054729fbfd1ebc9d3cf1fd55361d0b6?s=96&d=mm&r=g\",\"contentUrl\":\"https:\/\/secure.gravatar.com\/avatar\/2054729fbfd1ebc9d3cf1fd55361d0b6?s=96&d=mm&r=g\",\"caption\":\"Christiane Stein\"}}]}<\/script>\n<!-- \/ Yoast SEO plugin. -->","yoast_head_json":{"title":"Tischdeko f\u00fcr den 50. Geburtstag - Tafeldeko","description":"Eine farbenfrohe und moderne Tischdeko darf es bei dem Festtag auf jeden Fall sein. T&#xFC;rkis und braun &#x2013; eine Farbkombination, die wundervolle Effekte und Akzente","robots":{"index":"index","follow":"follow","max-snippet":"max-snippet:-1","max-image-preview":"max-image-preview:large","max-video-preview":"max-video-preview:-1"},"canonical":"https:\/\/www.tafeldeko.de\/news\/tischdeko-fuer-den-50-geburtstag\/","og_locale":"de_DE","og_type":"article","og_title":"Tischdeko f\u00fcr den 50. Geburtstag - Tafeldeko","og_description":"Eine farbenfrohe und moderne Tischdeko darf es bei dem Festtag auf jeden Fall sein. T&#xFC;rkis und braun &#x2013; eine Farbkombination, die wundervolle Effekte und Akzente","og_url":"https:\/\/www.tafeldeko.de\/news\/tischdeko-fuer-den-50-geburtstag\/","og_site_name":"Tafeldeko","article_publisher":"https:\/\/www.facebook.com\/pages\/Tafeldeko-einzigartige-Tischdekoration\/174202655894","article_published_time":"2012-11-12T18:44:59+00:00","og_image":[{"width":448,"height":270,"url":"https:\/\/www.tafeldeko.de\/news\/wp-content\/uploads\/2014\/09\/gebu_braun_tuerkis.jpg","type":"image\/jpeg"}],"author":"Christiane Stein","twitter_misc":{"Verfasst von":"Christiane Stein","Gesch\u00e4tzte Lesezeit":"2 Minuten"},"schema":{"@context":"https:\/\/schema.org","@graph":[{"@type":"WebPage","@id":"https:\/\/www.tafeldeko.de\/news\/tischdeko-fuer-den-50-geburtstag\/","url":"https:\/\/www.tafeldeko.de\/news\/tischdeko-fuer-den-50-geburtstag\/","name":"Tischdeko f\u00fcr den 50. Geburtstag - Tafeldeko","isPartOf":{"@id":"https:\/\/www.tafeldeko.de\/news\/#website"},"datePublished":"2012-11-12T18:44:59+00:00","dateModified":"2012-11-12T18:44:59+00:00","author":{"@id":"https:\/\/www.tafeldeko.de\/news\/#\/schema\/person\/d2acd86447ed0b6336089a8ba83164a0"},"description":"Eine farbenfrohe und moderne Tischdeko darf es bei dem Festtag auf jeden Fall sein. T&#xFC;rkis und braun &#x2013; eine Farbkombination, die wundervolle Effekte und Akzente","breadcrumb":{"@id":"https:\/\/www.tafeldeko.de\/news\/tischdeko-fuer-den-50-geburtstag\/#breadcrumb"},"inLanguage":"de-DE","potentialAction":[{"@type":"ReadAction","target":["https:\/\/www.tafeldeko.de\/news\/tischdeko-fuer-den-50-geburtstag\/"]}]},{"@type":"BreadcrumbList","@id":"https:\/\/www.tafeldeko.de\/news\/tischdeko-fuer-den-50-geburtstag\/#breadcrumb","itemListElement":[{"@type":"ListItem","position":1,"name":"Tafeldeko","item":"https:\/\/www.tafeldeko.de\/news\/"},{"@type":"ListItem","position":2,"name":"Alte Beitr\u00e4ge","item":"https:\/\/www.tafeldeko.de\/news\/alte-beitraege\/"},{"@type":"ListItem","position":3,"name":"Tischdeko - Blog","item":"https:\/\/www.tafeldeko.de\/news\/alte-beitraege\/tischdeko-blog\/"},{"@type":"ListItem","position":4,"name":"Tischdeko f\u00fcr den 50. Geburtstag"}]},{"@type":"WebSite","@id":"https:\/\/www.tafeldeko.de\/news\/#website","url":"https:\/\/www.tafeldeko.de\/news\/","name":"Tafeldeko","description":"Blog mit Tischdeko und Tischdekoration Ideen","potentialAction":[{"@type":"SearchAction","target":{"@type":"EntryPoint","urlTemplate":"https:\/\/www.tafeldeko.de\/news\/?s={search_term_string}"},"query-input":"required name=search_term_string"}],"inLanguage":"de-DE"},{"@type":"Person","@id":"https:\/\/www.tafeldeko.de\/news\/#\/schema\/person\/d2acd86447ed0b6336089a8ba83164a0","name":"Christiane Stein","image":{"@type":"ImageObject","inLanguage":"de-DE","@id":"https:\/\/www.tafeldeko.de\/news\/#\/schema\/person\/image\/","url":"https:\/\/secure.gravatar.com\/avatar\/2054729fbfd1ebc9d3cf1fd55361d0b6?s=96&d=mm&r=g","contentUrl":"https:\/\/secure.gravatar.com\/avatar\/2054729fbfd1ebc9d3cf1fd55361d0b6?s=96&d=mm&r=g","caption":"Christiane Stein"}}]}},"_links":{"self":[{"href":"https:\/\/www.tafeldeko.de\/news\/wp-json\/wp\/v2\/posts\/1140"}],"collection":[{"href":"https:\/\/www.tafeldeko.de\/news\/wp-json\/wp\/v2\/posts"}],"about":[{"href":"https:\/\/www.tafeldeko.de\/news\/wp-json\/wp\/v2\/types\/post"}],"author":[{"embeddable":true,"href":"https:\/\/www.tafeldeko.de\/news\/wp-json\/wp\/v2\/users\/2"}],"replies":[{"embeddable":true,"href":"https:\/\/www.tafeldeko.de\/news\/wp-json\/wp\/v2\/comments?post=1140"}],"version-history":[{"count":0,"href":"https:\/\/www.tafeldeko.de\/news\/wp-json\/wp\/v2\/posts\/1140\/revisions"}],"wp:featuredmedia":[{"embeddable":true,"href":"https:\/\/www.tafeldeko.de\/news\/wp-json\/wp\/v2\/media\/1141"}],"wp:attachment":[{"href":"https:\/\/www.tafeldeko.de\/news\/wp-json\/wp\/v2\/media?parent=1140"}],"wp:term":[{"taxonomy":"category","embeddable":true,"href":"https:\/\/www.tafeldeko.de\/news\/wp-json\/wp\/v2\/categories?post=1140"},{"taxonomy":"post_tag","embeddable":true,"href":"https:\/\/www.tafeldeko.de\/news\/wp-json\/wp\/v2\/tags?post=1140"}],"curies":[{"name":"wp","href":"https:\/\/api.w.org\/{rel}","templated":true}]}}